{"id":90,"date":"2013-04-29T12:12:00","date_gmt":"2013-04-29T12:12:00","guid":{"rendered":"http:\/\/blogs.granada.escolapiosemaus.org\/biblioteca\/2013\/04\/29\/biblioteca-activa\/"},"modified":"2016-04-11T08:16:19","modified_gmt":"2016-04-11T08:16:19","slug":"biblioteca-activa","status":"publish","type":"post","link":"https:\/\/blogs.granada.escolapiosemaus.org\/biblioteca\/2013\/04\/29\/biblioteca-activa\/","title":{"rendered":"BIBLIOTECA ACTIVA"},"content":{"rendered":"<p>\u00a1Gracias a todos por colaborar en la Semana del libro!<\/p>\n<p><\/p>\n<div style=\"clear: both;text-align: center\"><a href=\"https:\/\/i0.wp.com\/blogs.granada.escolapiosemaus.org\/biblioteca\/wp-content\/uploads\/sites\/18\/2013\/04\/23-de-Abril-d-C3-ADa-del-libro-2.png?ssl=1\" style=\"margin-left: 1em;margin-right: 1em\"><img data-recalc-dims=\"1\" decoding=\"async\" border=\"0\" src=\"https:\/\/i0.wp.com\/blogs.granada.escolapiosemaus.org\/biblioteca\/wp-content\/uploads\/sites\/18\/2013\/04\/23-de-Abril-d-C3-ADa-del-libro-2.png?w=600&#038;ssl=1\" \/><\/a><\/div>\n<div style=\"clear: both;text-align: center\">&nbsp;<\/div>\n<div style=\"clear: both;text-align: center\"><em><span style=\"color: #cc0000\">14 PALABRAS AL AZAR...<\/span><\/em><\/div>\n<div style=\"clear: both;text-align: center\">&nbsp;<\/div>\n<div style=\"clear: both;text-align: center\">EL LIBRITO<\/div>\n<div style=\"clear: both;text-align: center\">Hab\u00eda una vez un librito que nadie quer\u00eda jugar con \u00e9l porque com\u00eda muchos d\u00e1tiles y los d\u00e1tiles le hac\u00edan ser &nbsp;m\u00e1s feo y menos interesante.En la clase de matem\u00e1ticas los dem\u00e1s libros no se sentaban con \u00e9l y cuando la <u>monj<\/u>a le preguntaba la tabla del <u>cinco<\/u> se re\u00edan .&nbsp; En la&nbsp; asignatura de lengua la profe era un libro <u>retr\u00e1ctil <\/u>y muy mandona.<\/div>\n<div style=\"clear: both;text-align: center\">Al d\u00eda siguiente (que era s\u00e1bado) estaban jugando a&nbsp;<u> golpear<\/u> el bal\u00f3n con las p\u00e1ginas y ellos golearon varias veces. El librito estaba <u>descalzo<\/u> y con una <u>verruga<\/u> en las p\u00e1ginas.Ahora&nbsp; el pobre <u>ente<\/u> ya no era nadie ni &nbsp;en el cole, ni en la calle...Los ni\u00f1os le tiraban <u>dardos<\/u> y<u> prism\u00e1ticos<\/u>.El pobre librito sali\u00f3 del mundo de los libros y asi pudo <u>satisfacer<\/u> su vida.<\/div>\n<div style=\"clear: both;text-align: center\">El peque\u00f1o pas\u00f3 por un <u>puente<\/u> y como hacia fr\u00edo y no ten\u00eda <u>chaqueta<\/u> fue a ver si le hac\u00edan un arreglo y un <u>taladro<\/u> que se encontr\u00f3 lo pudo arreglar .Se fue de nuevo de vuelta a la biblioteca y alli hizo nuevos amigos.<\/div>\n<div style=\"clear: both;text-align: center\">&nbsp;<\/div>\n<div style=\"clear: both;text-align: center\">Pedro Ortega Rodr\u00edguez&nbsp; 4\u00ba C Primaria<\/div>\n<div style=\"clear: both;text-align: center\">&nbsp;<\/div>\n<div style=\"clear: both;text-align: center\">&nbsp;<\/div>\n<div style=\"clear: both;text-align: center\">&nbsp;<\/div>\n<div style=\"clear: both;text-align: center\">EL NARIZOTAS<\/div>\n<div style=\"clear: both;text-align: center\">Una vez un <u>primog\u00e9nito<\/u> <u>narizotas<\/u> de una familia de <u>monja<\/u>s se tom\u00f3 unas <u>pastillas<\/u> para no ponerse <u>volc\u00e1nico <\/u>cada vez que ve\u00eda un <u>monumento<\/u>.Pero aquellas pastillas lo volv\u00edan <u>traicionero<\/u> y loco asi que se com\u00eda todo lo que encontraba a su paso incluso hasta se lleg\u00f3 a comer una <u>incubadora.<\/u><\/div>\n<div style=\"clear: both;text-align: center\">Tambi\u00e9n se <u>enamoraba<\/u> de lo mas increible.Comenz\u00f3 a <u>halagar<\/u> a una<u> lavadora<\/u> de la que se enamor\u00f3.De tanto&nbsp;morder &nbsp;cosas&nbsp; le di\u00f3 <u>apendicitis.<\/u><\/div>\n<div style=\"clear: both;text-align: center\">&nbsp;<\/div>\n<div style=\"clear: both;text-align: center\">Samuel Genaro&nbsp; 3\u00ba&nbsp;A &nbsp;Primaria<\/div>\n","protected":false},"excerpt":{"rendered":"<p>\u00a1Gracias a todos por colaborar en la Semana del libro! &nbsp; 14 PALABRAS AL AZAR... &nbsp; EL LIBRITO Hab\u00eda una vez un librito que nadie quer\u00eda jugar con \u00e9l porque com\u00eda muchos d\u00e1tiles y los d\u00e1tiles le hac\u00edan ser &nbsp;m\u00e1s feo y menos interesante.En la clase de matem\u00e1ticas los dem\u00e1s libros no se sentaban con [&hellip;]<\/p>\n","protected":false},"author":18,"featured_media":316,"comment_status":"open","ping_status":"open","sticky":false,"template":"","format":"standard","meta":{"_monsterinsights_skip_tracking":false,"_monsterinsights_sitenote_active":false,"_monsterinsights_sitenote_note":"","_monsterinsights_sitenote_category":0,"jetpack_post_was_ever_published":false,"_jetpack_newsletter_access":"","_jetpack_dont_email_post_to_subs":false,"_jetpack_newsletter_tier_id":0,"_jetpack_memberships_contains_paywalled_content":false,"_jetpack_memberships_contains_paid_content":false,"footnotes":"","jetpack_publicize_message":"","jetpack_publicize_feature_enabled":true,"jetpack_social_post_already_shared":false,"jetpack_social_options":{"image_generator_settings":{"template":"highway","default_image_id":0,"font":"","enabled":false},"version":2}},"categories":[3,32],"tags":[],"class_list":["post-90","post","type-post","status-publish","format-standard","has-post-thumbnail","hentry","category-ninos-autores","category-gianni-rodari-taller-escritura"],"yoast_head":"<!-- This site is optimized with the Yoast SEO plugin v26.8 - https:\/\/yoast.com\/product\/yoast-seo-wordpress\/ -->\n<title>BIBLIOTECA ACTIVA - Biblioteca Escolar - Escolapios Granada<\/title>\n<meta name=\"robots\" content=\"index, follow, max-snippet:-1, max-image-preview:large, max-video-preview:-1\" \/>\n<link rel=\"canonical\" href=\"https:\/\/blogs.granada.escolapiosemaus.org\/biblioteca\/2013\/04\/29\/biblioteca-activa\/\" \/>\n<meta property=\"og:locale\" content=\"es_ES\" \/>\n<meta property=\"og:type\" content=\"article\" \/>\n<meta property=\"og:title\" content=\"BIBLIOTECA ACTIVA - Biblioteca Escolar - Escolapios Granada\" \/>\n<meta property=\"og:description\" content=\"\u00a1Gracias a todos por colaborar en la Semana del libro! &nbsp; 14 PALABRAS AL AZAR... &nbsp; EL LIBRITO Hab\u00eda una vez un librito que nadie quer\u00eda jugar con \u00e9l porque com\u00eda muchos d\u00e1tiles y los d\u00e1tiles le hac\u00edan ser &nbsp;m\u00e1s feo y menos interesante.En la clase de matem\u00e1ticas los dem\u00e1s libros no se sentaban con [&hellip;]\" \/>\n<meta property=\"og:url\" content=\"https:\/\/blogs.granada.escolapiosemaus.org\/biblioteca\/2013\/04\/29\/biblioteca-activa\/\" \/>\n<meta property=\"og:site_name\" content=\"Biblioteca Escolar - Escolapios Granada\" \/>\n<meta property=\"article:published_time\" content=\"2013-04-29T12:12:00+00:00\" \/>\n<meta property=\"article:modified_time\" content=\"2016-04-11T08:16:19+00:00\" \/>\n<meta property=\"og:image\" content=\"https:\/\/i0.wp.com\/blogs.granada.escolapiosemaus.org\/biblioteca\/wp-content\/uploads\/sites\/18\/2013\/04\/23-de-Abril-d-C3-ADa-del-libro-2.png?fit=236%2C214&ssl=1\" \/>\n\t<meta property=\"og:image:width\" content=\"236\" \/>\n\t<meta property=\"og:image:height\" content=\"214\" \/>\n\t<meta property=\"og:image:type\" content=\"image\/png\" \/>\n<meta name=\"author\" content=\"Lino Ferrer Serrano\" \/>\n<meta name=\"twitter:card\" content=\"summary_large_image\" \/>\n<meta name=\"twitter:label1\" content=\"Escrito por\" \/>\n\t<meta name=\"twitter:data1\" content=\"Lino Ferrer Serrano\" \/>\n\t<meta name=\"twitter:label2\" content=\"Tiempo de lectura\" \/>\n\t<meta name=\"twitter:data2\" content=\"2 minutos\" \/>\n<script type=\"application\/ld+json\" class=\"yoast-schema-graph\">{\"@context\":\"https:\/\/schema.org\",\"@graph\":[{\"@type\":\"Article\",\"@id\":\"https:\/\/blogs.granada.escolapiosemaus.org\/biblioteca\/2013\/04\/29\/biblioteca-activa\/#article\",\"isPartOf\":{\"@id\":\"https:\/\/blogs.granada.escolapiosemaus.org\/biblioteca\/2013\/04\/29\/biblioteca-activa\/\"},\"author\":{\"name\":\"Lino Ferrer Serrano\",\"@id\":\"https:\/\/blogs.granada.escolapiosemaus.org\/biblioteca\/#\/schema\/person\/a56e73b66a08403bfcdb824ba61754c1\"},\"headline\":\"BIBLIOTECA ACTIVA\",\"datePublished\":\"2013-04-29T12:12:00+00:00\",\"dateModified\":\"2016-04-11T08:16:19+00:00\",\"mainEntityOfPage\":{\"@id\":\"https:\/\/blogs.granada.escolapiosemaus.org\/biblioteca\/2013\/04\/29\/biblioteca-activa\/\"},\"wordCount\":332,\"commentCount\":0,\"image\":{\"@id\":\"https:\/\/blogs.granada.escolapiosemaus.org\/biblioteca\/2013\/04\/29\/biblioteca-activa\/#primaryimage\"},\"thumbnailUrl\":\"https:\/\/i0.wp.com\/blogs.granada.escolapiosemaus.org\/biblioteca\/wp-content\/uploads\/sites\/18\/2013\/04\/23-de-Abril-d-C3-ADa-del-libro-2.png?fit=236%2C214&ssl=1\",\"articleSection\":[\"Ni\u00f1os autores\",\"Semana del libro\"],\"inLanguage\":\"es\",\"potentialAction\":[{\"@type\":\"CommentAction\",\"name\":\"Comment\",\"target\":[\"https:\/\/blogs.granada.escolapiosemaus.org\/biblioteca\/2013\/04\/29\/biblioteca-activa\/#respond\"]}]},{\"@type\":\"WebPage\",\"@id\":\"https:\/\/blogs.granada.escolapiosemaus.org\/biblioteca\/2013\/04\/29\/biblioteca-activa\/\",\"url\":\"https:\/\/blogs.granada.escolapiosemaus.org\/biblioteca\/2013\/04\/29\/biblioteca-activa\/\",\"name\":\"BIBLIOTECA ACTIVA - Biblioteca Escolar - Escolapios Granada\",\"isPartOf\":{\"@id\":\"https:\/\/blogs.granada.escolapiosemaus.org\/biblioteca\/#website\"},\"primaryImageOfPage\":{\"@id\":\"https:\/\/blogs.granada.escolapiosemaus.org\/biblioteca\/2013\/04\/29\/biblioteca-activa\/#primaryimage\"},\"image\":{\"@id\":\"https:\/\/blogs.granada.escolapiosemaus.org\/biblioteca\/2013\/04\/29\/biblioteca-activa\/#primaryimage\"},\"thumbnailUrl\":\"https:\/\/i0.wp.com\/blogs.granada.escolapiosemaus.org\/biblioteca\/wp-content\/uploads\/sites\/18\/2013\/04\/23-de-Abril-d-C3-ADa-del-libro-2.png?fit=236%2C214&ssl=1\",\"datePublished\":\"2013-04-29T12:12:00+00:00\",\"dateModified\":\"2016-04-11T08:16:19+00:00\",\"author\":{\"@id\":\"https:\/\/blogs.granada.escolapiosemaus.org\/biblioteca\/#\/schema\/person\/a56e73b66a08403bfcdb824ba61754c1\"},\"breadcrumb\":{\"@id\":\"https:\/\/blogs.granada.escolapiosemaus.org\/biblioteca\/2013\/04\/29\/biblioteca-activa\/#breadcrumb\"},\"inLanguage\":\"es\",\"potentialAction\":[{\"@type\":\"ReadAction\",\"target\":[\"https:\/\/blogs.granada.escolapiosemaus.org\/biblioteca\/2013\/04\/29\/biblioteca-activa\/\"]}]},{\"@type\":\"ImageObject\",\"inLanguage\":\"es\",\"@id\":\"https:\/\/blogs.granada.escolapiosemaus.org\/biblioteca\/2013\/04\/29\/biblioteca-activa\/#primaryimage\",\"url\":\"https:\/\/i0.wp.com\/blogs.granada.escolapiosemaus.org\/biblioteca\/wp-content\/uploads\/sites\/18\/2013\/04\/23-de-Abril-d-C3-ADa-del-libro-2.png?fit=236%2C214&ssl=1\",\"contentUrl\":\"https:\/\/i0.wp.com\/blogs.granada.escolapiosemaus.org\/biblioteca\/wp-content\/uploads\/sites\/18\/2013\/04\/23-de-Abril-d-C3-ADa-del-libro-2.png?fit=236%2C214&ssl=1\",\"width\":236,\"height\":214},{\"@type\":\"BreadcrumbList\",\"@id\":\"https:\/\/blogs.granada.escolapiosemaus.org\/biblioteca\/2013\/04\/29\/biblioteca-activa\/#breadcrumb\",\"itemListElement\":[{\"@type\":\"ListItem\",\"position\":1,\"name\":\"Portada\",\"item\":\"https:\/\/blogs.granada.escolapiosemaus.org\/biblioteca\/\"},{\"@type\":\"ListItem\",\"position\":2,\"name\":\"BIBLIOTECA ACTIVA\"}]},{\"@type\":\"WebSite\",\"@id\":\"https:\/\/blogs.granada.escolapiosemaus.org\/biblioteca\/#website\",\"url\":\"https:\/\/blogs.granada.escolapiosemaus.org\/biblioteca\/\",\"name\":\"Biblioteca Escolar - Escolapios Granada\",\"description\":\"Colegio Dulce Nombre de Mar\u00eda -PP.Escolapios- Granada\",\"potentialAction\":[{\"@type\":\"SearchAction\",\"target\":{\"@type\":\"EntryPoint\",\"urlTemplate\":\"https:\/\/blogs.granada.escolapiosemaus.org\/biblioteca\/?s={search_term_string}\"},\"query-input\":{\"@type\":\"PropertyValueSpecification\",\"valueRequired\":true,\"valueName\":\"search_term_string\"}}],\"inLanguage\":\"es\"},{\"@type\":\"Person\",\"@id\":\"https:\/\/blogs.granada.escolapiosemaus.org\/biblioteca\/#\/schema\/person\/a56e73b66a08403bfcdb824ba61754c1\",\"name\":\"Lino Ferrer Serrano\",\"image\":{\"@type\":\"ImageObject\",\"inLanguage\":\"es\",\"@id\":\"https:\/\/blogs.granada.escolapiosemaus.org\/biblioteca\/#\/schema\/person\/image\/\",\"url\":\"https:\/\/secure.gravatar.com\/avatar\/c9b9e1ab5615162d9a58c8a59099ac51?s=96&d=mm&r=g\",\"contentUrl\":\"https:\/\/secure.gravatar.com\/avatar\/c9b9e1ab5615162d9a58c8a59099ac51?s=96&d=mm&r=g\",\"caption\":\"Lino Ferrer Serrano\"},\"sameAs\":[\"https:\/\/blogs.granada.escolapiosemaus.org\"],\"url\":\"https:\/\/blogs.granada.escolapiosemaus.org\/biblioteca\/author\/linoferrer\/\"}]}<\/script>\n<!-- \/ Yoast SEO plugin. -->","yoast_head_json":{"title":"BIBLIOTECA ACTIVA - Biblioteca Escolar - Escolapios Granada","robots":{"index":"index","follow":"follow","max-snippet":"max-snippet:-1","max-image-preview":"max-image-preview:large","max-video-preview":"max-video-preview:-1"},"canonical":"https:\/\/blogs.granada.escolapiosemaus.org\/biblioteca\/2013\/04\/29\/biblioteca-activa\/","og_locale":"es_ES","og_type":"article","og_title":"BIBLIOTECA ACTIVA - Biblioteca Escolar - Escolapios Granada","og_description":"\u00a1Gracias a todos por colaborar en la Semana del libro! &nbsp; 14 PALABRAS AL AZAR... &nbsp; EL LIBRITO Hab\u00eda una vez un librito que nadie quer\u00eda jugar con \u00e9l porque com\u00eda muchos d\u00e1tiles y los d\u00e1tiles le hac\u00edan ser &nbsp;m\u00e1s feo y menos interesante.En la clase de matem\u00e1ticas los dem\u00e1s libros no se sentaban con [&hellip;]","og_url":"https:\/\/blogs.granada.escolapiosemaus.org\/biblioteca\/2013\/04\/29\/biblioteca-activa\/","og_site_name":"Biblioteca Escolar - Escolapios Granada","article_published_time":"2013-04-29T12:12:00+00:00","article_modified_time":"2016-04-11T08:16:19+00:00","og_image":[{"width":236,"height":214,"url":"https:\/\/i0.wp.com\/blogs.granada.escolapiosemaus.org\/biblioteca\/wp-content\/uploads\/sites\/18\/2013\/04\/23-de-Abril-d-C3-ADa-del-libro-2.png?fit=236%2C214&ssl=1","type":"image\/png"}],"author":"Lino Ferrer Serrano","twitter_card":"summary_large_image","twitter_misc":{"Escrito por":"Lino Ferrer Serrano","Tiempo de lectura":"2 minutos"},"schema":{"@context":"https:\/\/schema.org","@graph":[{"@type":"Article","@id":"https:\/\/blogs.granada.escolapiosemaus.org\/biblioteca\/2013\/04\/29\/biblioteca-activa\/#article","isPartOf":{"@id":"https:\/\/blogs.granada.escolapiosemaus.org\/biblioteca\/2013\/04\/29\/biblioteca-activa\/"},"author":{"name":"Lino Ferrer Serrano","@id":"https:\/\/blogs.granada.escolapiosemaus.org\/biblioteca\/#\/schema\/person\/a56e73b66a08403bfcdb824ba61754c1"},"headline":"BIBLIOTECA ACTIVA","datePublished":"2013-04-29T12:12:00+00:00","dateModified":"2016-04-11T08:16:19+00:00","mainEntityOfPage":{"@id":"https:\/\/blogs.granada.escolapiosemaus.org\/biblioteca\/2013\/04\/29\/biblioteca-activa\/"},"wordCount":332,"commentCount":0,"image":{"@id":"https:\/\/blogs.granada.escolapiosemaus.org\/biblioteca\/2013\/04\/29\/biblioteca-activa\/#primaryimage"},"thumbnailUrl":"https:\/\/i0.wp.com\/blogs.granada.escolapiosemaus.org\/biblioteca\/wp-content\/uploads\/sites\/18\/2013\/04\/23-de-Abril-d-C3-ADa-del-libro-2.png?fit=236%2C214&ssl=1","articleSection":["Ni\u00f1os autores","Semana del libro"],"inLanguage":"es","potentialAction":[{"@type":"CommentAction","name":"Comment","target":["https:\/\/blogs.granada.escolapiosemaus.org\/biblioteca\/2013\/04\/29\/biblioteca-activa\/#respond"]}]},{"@type":"WebPage","@id":"https:\/\/blogs.granada.escolapiosemaus.org\/biblioteca\/2013\/04\/29\/biblioteca-activa\/","url":"https:\/\/blogs.granada.escolapiosemaus.org\/biblioteca\/2013\/04\/29\/biblioteca-activa\/","name":"BIBLIOTECA ACTIVA - Biblioteca Escolar - Escolapios Granada","isPartOf":{"@id":"https:\/\/blogs.granada.escolapiosemaus.org\/biblioteca\/#website"},"primaryImageOfPage":{"@id":"https:\/\/blogs.granada.escolapiosemaus.org\/biblioteca\/2013\/04\/29\/biblioteca-activa\/#primaryimage"},"image":{"@id":"https:\/\/blogs.granada.escolapiosemaus.org\/biblioteca\/2013\/04\/29\/biblioteca-activa\/#primaryimage"},"thumbnailUrl":"https:\/\/i0.wp.com\/blogs.granada.escolapiosemaus.org\/biblioteca\/wp-content\/uploads\/sites\/18\/2013\/04\/23-de-Abril-d-C3-ADa-del-libro-2.png?fit=236%2C214&ssl=1","datePublished":"2013-04-29T12:12:00+00:00","dateModified":"2016-04-11T08:16:19+00:00","author":{"@id":"https:\/\/blogs.granada.escolapiosemaus.org\/biblioteca\/#\/schema\/person\/a56e73b66a08403bfcdb824ba61754c1"},"breadcrumb":{"@id":"https:\/\/blogs.granada.escolapiosemaus.org\/biblioteca\/2013\/04\/29\/biblioteca-activa\/#breadcrumb"},"inLanguage":"es","potentialAction":[{"@type":"ReadAction","target":["https:\/\/blogs.granada.escolapiosemaus.org\/biblioteca\/2013\/04\/29\/biblioteca-activa\/"]}]},{"@type":"ImageObject","inLanguage":"es","@id":"https:\/\/blogs.granada.escolapiosemaus.org\/biblioteca\/2013\/04\/29\/biblioteca-activa\/#primaryimage","url":"https:\/\/i0.wp.com\/blogs.granada.escolapiosemaus.org\/biblioteca\/wp-content\/uploads\/sites\/18\/2013\/04\/23-de-Abril-d-C3-ADa-del-libro-2.png?fit=236%2C214&ssl=1","contentUrl":"https:\/\/i0.wp.com\/blogs.granada.escolapiosemaus.org\/biblioteca\/wp-content\/uploads\/sites\/18\/2013\/04\/23-de-Abril-d-C3-ADa-del-libro-2.png?fit=236%2C214&ssl=1","width":236,"height":214},{"@type":"BreadcrumbList","@id":"https:\/\/blogs.granada.escolapiosemaus.org\/biblioteca\/2013\/04\/29\/biblioteca-activa\/#breadcrumb","itemListElement":[{"@type":"ListItem","position":1,"name":"Portada","item":"https:\/\/blogs.granada.escolapiosemaus.org\/biblioteca\/"},{"@type":"ListItem","position":2,"name":"BIBLIOTECA ACTIVA"}]},{"@type":"WebSite","@id":"https:\/\/blogs.granada.escolapiosemaus.org\/biblioteca\/#website","url":"https:\/\/blogs.granada.escolapiosemaus.org\/biblioteca\/","name":"Biblioteca Escolar - Escolapios Granada","description":"Colegio Dulce Nombre de Mar\u00eda -PP.Escolapios- Granada","potentialAction":[{"@type":"SearchAction","target":{"@type":"EntryPoint","urlTemplate":"https:\/\/blogs.granada.escolapiosemaus.org\/biblioteca\/?s={search_term_string}"},"query-input":{"@type":"PropertyValueSpecification","valueRequired":true,"valueName":"search_term_string"}}],"inLanguage":"es"},{"@type":"Person","@id":"https:\/\/blogs.granada.escolapiosemaus.org\/biblioteca\/#\/schema\/person\/a56e73b66a08403bfcdb824ba61754c1","name":"Lino Ferrer Serrano","image":{"@type":"ImageObject","inLanguage":"es","@id":"https:\/\/blogs.granada.escolapiosemaus.org\/biblioteca\/#\/schema\/person\/image\/","url":"https:\/\/secure.gravatar.com\/avatar\/c9b9e1ab5615162d9a58c8a59099ac51?s=96&d=mm&r=g","contentUrl":"https:\/\/secure.gravatar.com\/avatar\/c9b9e1ab5615162d9a58c8a59099ac51?s=96&d=mm&r=g","caption":"Lino Ferrer Serrano"},"sameAs":["https:\/\/blogs.granada.escolapiosemaus.org"],"url":"https:\/\/blogs.granada.escolapiosemaus.org\/biblioteca\/author\/linoferrer\/"}]}},"jetpack_publicize_connections":[],"jetpack_featured_media_url":"https:\/\/i0.wp.com\/blogs.granada.escolapiosemaus.org\/biblioteca\/wp-content\/uploads\/sites\/18\/2013\/04\/23-de-Abril-d-C3-ADa-del-libro-2.png?fit=236%2C214&ssl=1","jetpack_sharing_enabled":true,"jetpack_shortlink":"https:\/\/wp.me\/p8qkgn-1s","jetpack-related-posts":[],"_links":{"self":[{"href":"https:\/\/blogs.granada.escolapiosemaus.org\/biblioteca\/wp-json\/wp\/v2\/posts\/90","targetHints":{"allow":["GET"]}}],"collection":[{"href":"https:\/\/blogs.granada.escolapiosemaus.org\/biblioteca\/wp-json\/wp\/v2\/posts"}],"about":[{"href":"https:\/\/blogs.granada.escolapiosemaus.org\/biblioteca\/wp-json\/wp\/v2\/types\/post"}],"author":[{"embeddable":true,"href":"https:\/\/blogs.granada.escolapiosemaus.org\/biblioteca\/wp-json\/wp\/v2\/users\/18"}],"replies":[{"embeddable":true,"href":"https:\/\/blogs.granada.escolapiosemaus.org\/biblioteca\/wp-json\/wp\/v2\/comments?post=90"}],"version-history":[{"count":1,"href":"https:\/\/blogs.granada.escolapiosemaus.org\/biblioteca\/wp-json\/wp\/v2\/posts\/90\/revisions"}],"predecessor-version":[{"id":770,"href":"https:\/\/blogs.granada.escolapiosemaus.org\/biblioteca\/wp-json\/wp\/v2\/posts\/90\/revisions\/770"}],"wp:featuredmedia":[{"embeddable":true,"href":"https:\/\/blogs.granada.escolapiosemaus.org\/biblioteca\/wp-json\/wp\/v2\/media\/316"}],"wp:attachment":[{"href":"https:\/\/blogs.granada.escolapiosemaus.org\/biblioteca\/wp-json\/wp\/v2\/media?parent=90"}],"wp:term":[{"taxonomy":"category","embeddable":true,"href":"https:\/\/blogs.granada.escolapiosemaus.org\/biblioteca\/wp-json\/wp\/v2\/categories?post=90"},{"taxonomy":"post_tag","embeddable":true,"href":"https:\/\/blogs.granada.escolapiosemaus.org\/biblioteca\/wp-json\/wp\/v2\/tags?post=90"}],"curies":[{"name":"wp","href":"https:\/\/api.w.org\/{rel}","templated":true}]}}