{"id":89,"date":"2013-04-29T14:40:00","date_gmt":"2013-04-29T14:40:00","guid":{"rendered":"http:\/\/blogs.granada.escolapiosemaus.org\/biblioteca\/2013\/04\/29\/leemos-el-quijote\/"},"modified":"2016-04-11T14:11:57","modified_gmt":"2016-04-11T14:11:57","slug":"leemos-el-quijote","status":"publish","type":"post","link":"https:\/\/blogs.granada.escolapiosemaus.org\/biblioteca\/2013\/04\/29\/leemos-el-quijote\/","title":{"rendered":"LEEMOS EL QUIJOTE"},"content":{"rendered":"<p>Los alumnos y alumnas de 5\u00ba de primaria han leido y comentado\u00a0 una adaptaci\u00f3n de Don\u00a0\u00a0Quijote de la Mancha con motivo del d\u00eda del libro (23 abril).Gracias a esto hemos podido conocer un poco m\u00e1s\u00a0las andanzas de Don Alonso Quijano asi como darlo a conocer\u00a0a los que a\u00fan no hab\u00edan leido nada de \u00e9l.<\/p>\n<div style=\"clear: both;text-align: center\"><a style=\"margin-left: 1em;margin-right: 1em\" href=\"https:\/\/i0.wp.com\/blogs.granada.escolapiosemaus.org\/biblioteca\/wp-content\/uploads\/sites\/18\/2013\/04\/P1040908.jpg?ssl=1\"><img data-recalc-dims=\"1\" loading=\"lazy\" decoding=\"async\" src=\"https:\/\/i0.wp.com\/blogs.granada.escolapiosemaus.org\/biblioteca\/wp-content\/uploads\/sites\/18\/2013\/04\/P1040908.jpg?resize=320%2C240&#038;ssl=1\" alt=\"\" width=\"320\" height=\"240\" border=\"0\" \/><\/a><\/div>\n<p>&nbsp;<\/p>\n<div style=\"clear: both;text-align: center\"><a style=\"margin-left: 1em;margin-right: 1em\" href=\"https:\/\/i0.wp.com\/blogs.granada.escolapiosemaus.org\/biblioteca\/wp-content\/uploads\/sites\/18\/2013\/04\/P1040910.jpg?ssl=1\"><img data-recalc-dims=\"1\" loading=\"lazy\" decoding=\"async\" src=\"https:\/\/i0.wp.com\/blogs.granada.escolapiosemaus.org\/biblioteca\/wp-content\/uploads\/sites\/18\/2013\/04\/P1040910.jpg?resize=320%2C240&#038;ssl=1\" alt=\"\" width=\"320\" height=\"240\" border=\"0\" \/><\/a><\/div>\n<p>&nbsp;<\/p>\n<div style=\"clear: both;text-align: center\"><a style=\"margin-left: 1em;margin-right: 1em\" href=\"https:\/\/i0.wp.com\/blogs.granada.escolapiosemaus.org\/biblioteca\/wp-content\/uploads\/sites\/18\/2013\/04\/P1040915.jpg?ssl=1\"><img data-recalc-dims=\"1\" loading=\"lazy\" decoding=\"async\" src=\"https:\/\/i0.wp.com\/blogs.granada.escolapiosemaus.org\/biblioteca\/wp-content\/uploads\/sites\/18\/2013\/04\/P1040915.jpg?resize=320%2C240&#038;ssl=1\" alt=\"\" width=\"320\" height=\"240\" border=\"0\" \/><\/a><\/div>\n","protected":false},"excerpt":{"rendered":"<p>Los alumnos y alumnas de 5\u00ba de primaria han leido y comentado\u00a0 una adaptaci\u00f3n de Don\u00a0\u00a0Quijote de la Mancha con motivo del d\u00eda del libro (23 abril).Gracias a esto hemos podido conocer un poco m\u00e1s\u00a0las andanzas de Don Alonso Quijano asi como darlo a conocer\u00a0a los que a\u00fan no hab\u00edan leido nada de \u00e9l. &nbsp; [&hellip;]<\/p>\n","protected":false},"author":18,"featured_media":313,"comment_status":"open","ping_status":"open","sticky":false,"template":"","format":"standard","meta":{"_monsterinsights_skip_tracking":false,"_monsterinsights_sitenote_active":false,"_monsterinsights_sitenote_note":"","_monsterinsights_sitenote_category":0,"jetpack_post_was_ever_published":false,"_jetpack_newsletter_access":"","_jetpack_dont_email_post_to_subs":false,"_jetpack_newsletter_tier_id":0,"_jetpack_memberships_contains_paywalled_content":false,"_jetpack_memberships_contains_paid_content":false,"footnotes":"","jetpack_publicize_message":"","jetpack_publicize_feature_enabled":true,"jetpack_social_post_already_shared":false,"jetpack_social_options":{"image_generator_settings":{"template":"highway","default_image_id":0,"font":"","enabled":false},"version":2}},"categories":[23,32],"tags":[],"class_list":["post-89","post","type-post","status-publish","format-standard","has-post-thumbnail","hentry","category-fotos","category-gianni-rodari-taller-escritura"],"yoast_head":"<!-- This site is optimized with the Yoast SEO plugin v26.8 - https:\/\/yoast.com\/product\/yoast-seo-wordpress\/ -->\n<title>LEEMOS EL QUIJOTE - Biblioteca Escolar - Escolapios Granada<\/title>\n<meta name=\"robots\" content=\"index, follow, max-snippet:-1, max-image-preview:large, max-video-preview:-1\" \/>\n<link rel=\"canonical\" href=\"https:\/\/blogs.granada.escolapiosemaus.org\/biblioteca\/2013\/04\/29\/leemos-el-quijote\/\" \/>\n<meta property=\"og:locale\" content=\"es_ES\" \/>\n<meta property=\"og:type\" content=\"article\" \/>\n<meta property=\"og:title\" content=\"LEEMOS EL QUIJOTE - Biblioteca Escolar - Escolapios Granada\" \/>\n<meta property=\"og:description\" content=\"Los alumnos y alumnas de 5\u00ba de primaria han leido y comentado\u00a0 una adaptaci\u00f3n de Don\u00a0\u00a0Quijote de la Mancha con motivo del d\u00eda del libro (23 abril).Gracias a esto hemos podido conocer un poco m\u00e1s\u00a0las andanzas de Don Alonso Quijano asi como darlo a conocer\u00a0a los que a\u00fan no hab\u00edan leido nada de \u00e9l. &nbsp; [&hellip;]\" \/>\n<meta property=\"og:url\" content=\"https:\/\/blogs.granada.escolapiosemaus.org\/biblioteca\/2013\/04\/29\/leemos-el-quijote\/\" \/>\n<meta property=\"og:site_name\" content=\"Biblioteca Escolar - Escolapios Granada\" \/>\n<meta property=\"article:published_time\" content=\"2013-04-29T14:40:00+00:00\" \/>\n<meta property=\"article:modified_time\" content=\"2016-04-11T14:11:57+00:00\" \/>\n<meta property=\"og:image\" content=\"https:\/\/i0.wp.com\/blogs.granada.escolapiosemaus.org\/biblioteca\/wp-content\/uploads\/sites\/18\/2013\/04\/P1040908.jpg?fit=1024%2C768&ssl=1\" \/>\n\t<meta property=\"og:image:width\" content=\"1024\" \/>\n\t<meta property=\"og:image:height\" content=\"768\" \/>\n\t<meta property=\"og:image:type\" content=\"image\/jpeg\" \/>\n<meta name=\"author\" content=\"Lino Ferrer Serrano\" \/>\n<meta name=\"twitter:card\" content=\"summary_large_image\" \/>\n<meta name=\"twitter:label1\" content=\"Escrito por\" \/>\n\t<meta name=\"twitter:data1\" content=\"Lino Ferrer Serrano\" \/>\n<script type=\"application\/ld+json\" class=\"yoast-schema-graph\">{\"@context\":\"https:\/\/schema.org\",\"@graph\":[{\"@type\":\"Article\",\"@id\":\"https:\/\/blogs.granada.escolapiosemaus.org\/biblioteca\/2013\/04\/29\/leemos-el-quijote\/#article\",\"isPartOf\":{\"@id\":\"https:\/\/blogs.granada.escolapiosemaus.org\/biblioteca\/2013\/04\/29\/leemos-el-quijote\/\"},\"author\":{\"name\":\"Lino Ferrer Serrano\",\"@id\":\"https:\/\/blogs.granada.escolapiosemaus.org\/biblioteca\/#\/schema\/person\/a56e73b66a08403bfcdb824ba61754c1\"},\"headline\":\"LEEMOS EL QUIJOTE\",\"datePublished\":\"2013-04-29T14:40:00+00:00\",\"dateModified\":\"2016-04-11T14:11:57+00:00\",\"mainEntityOfPage\":{\"@id\":\"https:\/\/blogs.granada.escolapiosemaus.org\/biblioteca\/2013\/04\/29\/leemos-el-quijote\/\"},\"wordCount\":66,\"commentCount\":0,\"image\":{\"@id\":\"https:\/\/blogs.granada.escolapiosemaus.org\/biblioteca\/2013\/04\/29\/leemos-el-quijote\/#primaryimage\"},\"thumbnailUrl\":\"https:\/\/i0.wp.com\/blogs.granada.escolapiosemaus.org\/biblioteca\/wp-content\/uploads\/sites\/18\/2013\/04\/P1040908.jpg?fit=1024%2C768&ssl=1\",\"articleSection\":[\"Fotos\",\"Semana del libro\"],\"inLanguage\":\"es\",\"potentialAction\":[{\"@type\":\"CommentAction\",\"name\":\"Comment\",\"target\":[\"https:\/\/blogs.granada.escolapiosemaus.org\/biblioteca\/2013\/04\/29\/leemos-el-quijote\/#respond\"]}]},{\"@type\":\"WebPage\",\"@id\":\"https:\/\/blogs.granada.escolapiosemaus.org\/biblioteca\/2013\/04\/29\/leemos-el-quijote\/\",\"url\":\"https:\/\/blogs.granada.escolapiosemaus.org\/biblioteca\/2013\/04\/29\/leemos-el-quijote\/\",\"name\":\"LEEMOS EL QUIJOTE - Biblioteca Escolar - Escolapios Granada\",\"isPartOf\":{\"@id\":\"https:\/\/blogs.granada.escolapiosemaus.org\/biblioteca\/#website\"},\"primaryImageOfPage\":{\"@id\":\"https:\/\/blogs.granada.escolapiosemaus.org\/biblioteca\/2013\/04\/29\/leemos-el-quijote\/#primaryimage\"},\"image\":{\"@id\":\"https:\/\/blogs.granada.escolapiosemaus.org\/biblioteca\/2013\/04\/29\/leemos-el-quijote\/#primaryimage\"},\"thumbnailUrl\":\"https:\/\/i0.wp.com\/blogs.granada.escolapiosemaus.org\/biblioteca\/wp-content\/uploads\/sites\/18\/2013\/04\/P1040908.jpg?fit=1024%2C768&ssl=1\",\"datePublished\":\"2013-04-29T14:40:00+00:00\",\"dateModified\":\"2016-04-11T14:11:57+00:00\",\"author\":{\"@id\":\"https:\/\/blogs.granada.escolapiosemaus.org\/biblioteca\/#\/schema\/person\/a56e73b66a08403bfcdb824ba61754c1\"},\"breadcrumb\":{\"@id\":\"https:\/\/blogs.granada.escolapiosemaus.org\/biblioteca\/2013\/04\/29\/leemos-el-quijote\/#breadcrumb\"},\"inLanguage\":\"es\",\"potentialAction\":[{\"@type\":\"ReadAction\",\"target\":[\"https:\/\/blogs.granada.escolapiosemaus.org\/biblioteca\/2013\/04\/29\/leemos-el-quijote\/\"]}]},{\"@type\":\"ImageObject\",\"inLanguage\":\"es\",\"@id\":\"https:\/\/blogs.granada.escolapiosemaus.org\/biblioteca\/2013\/04\/29\/leemos-el-quijote\/#primaryimage\",\"url\":\"https:\/\/i0.wp.com\/blogs.granada.escolapiosemaus.org\/biblioteca\/wp-content\/uploads\/sites\/18\/2013\/04\/P1040908.jpg?fit=1024%2C768&ssl=1\",\"contentUrl\":\"https:\/\/i0.wp.com\/blogs.granada.escolapiosemaus.org\/biblioteca\/wp-content\/uploads\/sites\/18\/2013\/04\/P1040908.jpg?fit=1024%2C768&ssl=1\",\"width\":1024,\"height\":768},{\"@type\":\"BreadcrumbList\",\"@id\":\"https:\/\/blogs.granada.escolapiosemaus.org\/biblioteca\/2013\/04\/29\/leemos-el-quijote\/#breadcrumb\",\"itemListElement\":[{\"@type\":\"ListItem\",\"position\":1,\"name\":\"Portada\",\"item\":\"https:\/\/blogs.granada.escolapiosemaus.org\/biblioteca\/\"},{\"@type\":\"ListItem\",\"position\":2,\"name\":\"LEEMOS EL QUIJOTE\"}]},{\"@type\":\"WebSite\",\"@id\":\"https:\/\/blogs.granada.escolapiosemaus.org\/biblioteca\/#website\",\"url\":\"https:\/\/blogs.granada.escolapiosemaus.org\/biblioteca\/\",\"name\":\"Biblioteca Escolar - Escolapios Granada\",\"description\":\"Colegio Dulce Nombre de Mar\u00eda -PP.Escolapios- Granada\",\"potentialAction\":[{\"@type\":\"SearchAction\",\"target\":{\"@type\":\"EntryPoint\",\"urlTemplate\":\"https:\/\/blogs.granada.escolapiosemaus.org\/biblioteca\/?s={search_term_string}\"},\"query-input\":{\"@type\":\"PropertyValueSpecification\",\"valueRequired\":true,\"valueName\":\"search_term_string\"}}],\"inLanguage\":\"es\"},{\"@type\":\"Person\",\"@id\":\"https:\/\/blogs.granada.escolapiosemaus.org\/biblioteca\/#\/schema\/person\/a56e73b66a08403bfcdb824ba61754c1\",\"name\":\"Lino Ferrer Serrano\",\"image\":{\"@type\":\"ImageObject\",\"inLanguage\":\"es\",\"@id\":\"https:\/\/blogs.granada.escolapiosemaus.org\/biblioteca\/#\/schema\/person\/image\/\",\"url\":\"https:\/\/secure.gravatar.com\/avatar\/c9b9e1ab5615162d9a58c8a59099ac51?s=96&d=mm&r=g\",\"contentUrl\":\"https:\/\/secure.gravatar.com\/avatar\/c9b9e1ab5615162d9a58c8a59099ac51?s=96&d=mm&r=g\",\"caption\":\"Lino Ferrer Serrano\"},\"sameAs\":[\"https:\/\/blogs.granada.escolapiosemaus.org\"],\"url\":\"https:\/\/blogs.granada.escolapiosemaus.org\/biblioteca\/author\/linoferrer\/\"}]}<\/script>\n<!-- \/ Yoast SEO plugin. -->","yoast_head_json":{"title":"LEEMOS EL QUIJOTE - Biblioteca Escolar - Escolapios Granada","robots":{"index":"index","follow":"follow","max-snippet":"max-snippet:-1","max-image-preview":"max-image-preview:large","max-video-preview":"max-video-preview:-1"},"canonical":"https:\/\/blogs.granada.escolapiosemaus.org\/biblioteca\/2013\/04\/29\/leemos-el-quijote\/","og_locale":"es_ES","og_type":"article","og_title":"LEEMOS EL QUIJOTE - Biblioteca Escolar - Escolapios Granada","og_description":"Los alumnos y alumnas de 5\u00ba de primaria han leido y comentado\u00a0 una adaptaci\u00f3n de Don\u00a0\u00a0Quijote de la Mancha con motivo del d\u00eda del libro (23 abril).Gracias a esto hemos podido conocer un poco m\u00e1s\u00a0las andanzas de Don Alonso Quijano asi como darlo a conocer\u00a0a los que a\u00fan no hab\u00edan leido nada de \u00e9l. &nbsp; [&hellip;]","og_url":"https:\/\/blogs.granada.escolapiosemaus.org\/biblioteca\/2013\/04\/29\/leemos-el-quijote\/","og_site_name":"Biblioteca Escolar - Escolapios Granada","article_published_time":"2013-04-29T14:40:00+00:00","article_modified_time":"2016-04-11T14:11:57+00:00","og_image":[{"width":1024,"height":768,"url":"https:\/\/i0.wp.com\/blogs.granada.escolapiosemaus.org\/biblioteca\/wp-content\/uploads\/sites\/18\/2013\/04\/P1040908.jpg?fit=1024%2C768&ssl=1","type":"image\/jpeg"}],"author":"Lino Ferrer Serrano","twitter_card":"summary_large_image","twitter_misc":{"Escrito por":"Lino Ferrer Serrano"},"schema":{"@context":"https:\/\/schema.org","@graph":[{"@type":"Article","@id":"https:\/\/blogs.granada.escolapiosemaus.org\/biblioteca\/2013\/04\/29\/leemos-el-quijote\/#article","isPartOf":{"@id":"https:\/\/blogs.granada.escolapiosemaus.org\/biblioteca\/2013\/04\/29\/leemos-el-quijote\/"},"author":{"name":"Lino Ferrer Serrano","@id":"https:\/\/blogs.granada.escolapiosemaus.org\/biblioteca\/#\/schema\/person\/a56e73b66a08403bfcdb824ba61754c1"},"headline":"LEEMOS EL QUIJOTE","datePublished":"2013-04-29T14:40:00+00:00","dateModified":"2016-04-11T14:11:57+00:00","mainEntityOfPage":{"@id":"https:\/\/blogs.granada.escolapiosemaus.org\/biblioteca\/2013\/04\/29\/leemos-el-quijote\/"},"wordCount":66,"commentCount":0,"image":{"@id":"https:\/\/blogs.granada.escolapiosemaus.org\/biblioteca\/2013\/04\/29\/leemos-el-quijote\/#primaryimage"},"thumbnailUrl":"https:\/\/i0.wp.com\/blogs.granada.escolapiosemaus.org\/biblioteca\/wp-content\/uploads\/sites\/18\/2013\/04\/P1040908.jpg?fit=1024%2C768&ssl=1","articleSection":["Fotos","Semana del libro"],"inLanguage":"es","potentialAction":[{"@type":"CommentAction","name":"Comment","target":["https:\/\/blogs.granada.escolapiosemaus.org\/biblioteca\/2013\/04\/29\/leemos-el-quijote\/#respond"]}]},{"@type":"WebPage","@id":"https:\/\/blogs.granada.escolapiosemaus.org\/biblioteca\/2013\/04\/29\/leemos-el-quijote\/","url":"https:\/\/blogs.granada.escolapiosemaus.org\/biblioteca\/2013\/04\/29\/leemos-el-quijote\/","name":"LEEMOS EL QUIJOTE - Biblioteca Escolar - Escolapios Granada","isPartOf":{"@id":"https:\/\/blogs.granada.escolapiosemaus.org\/biblioteca\/#website"},"primaryImageOfPage":{"@id":"https:\/\/blogs.granada.escolapiosemaus.org\/biblioteca\/2013\/04\/29\/leemos-el-quijote\/#primaryimage"},"image":{"@id":"https:\/\/blogs.granada.escolapiosemaus.org\/biblioteca\/2013\/04\/29\/leemos-el-quijote\/#primaryimage"},"thumbnailUrl":"https:\/\/i0.wp.com\/blogs.granada.escolapiosemaus.org\/biblioteca\/wp-content\/uploads\/sites\/18\/2013\/04\/P1040908.jpg?fit=1024%2C768&ssl=1","datePublished":"2013-04-29T14:40:00+00:00","dateModified":"2016-04-11T14:11:57+00:00","author":{"@id":"https:\/\/blogs.granada.escolapiosemaus.org\/biblioteca\/#\/schema\/person\/a56e73b66a08403bfcdb824ba61754c1"},"breadcrumb":{"@id":"https:\/\/blogs.granada.escolapiosemaus.org\/biblioteca\/2013\/04\/29\/leemos-el-quijote\/#breadcrumb"},"inLanguage":"es","potentialAction":[{"@type":"ReadAction","target":["https:\/\/blogs.granada.escolapiosemaus.org\/biblioteca\/2013\/04\/29\/leemos-el-quijote\/"]}]},{"@type":"ImageObject","inLanguage":"es","@id":"https:\/\/blogs.granada.escolapiosemaus.org\/biblioteca\/2013\/04\/29\/leemos-el-quijote\/#primaryimage","url":"https:\/\/i0.wp.com\/blogs.granada.escolapiosemaus.org\/biblioteca\/wp-content\/uploads\/sites\/18\/2013\/04\/P1040908.jpg?fit=1024%2C768&ssl=1","contentUrl":"https:\/\/i0.wp.com\/blogs.granada.escolapiosemaus.org\/biblioteca\/wp-content\/uploads\/sites\/18\/2013\/04\/P1040908.jpg?fit=1024%2C768&ssl=1","width":1024,"height":768},{"@type":"BreadcrumbList","@id":"https:\/\/blogs.granada.escolapiosemaus.org\/biblioteca\/2013\/04\/29\/leemos-el-quijote\/#breadcrumb","itemListElement":[{"@type":"ListItem","position":1,"name":"Portada","item":"https:\/\/blogs.granada.escolapiosemaus.org\/biblioteca\/"},{"@type":"ListItem","position":2,"name":"LEEMOS EL QUIJOTE"}]},{"@type":"WebSite","@id":"https:\/\/blogs.granada.escolapiosemaus.org\/biblioteca\/#website","url":"https:\/\/blogs.granada.escolapiosemaus.org\/biblioteca\/","name":"Biblioteca Escolar - Escolapios Granada","description":"Colegio Dulce Nombre de Mar\u00eda -PP.Escolapios- Granada","potentialAction":[{"@type":"SearchAction","target":{"@type":"EntryPoint","urlTemplate":"https:\/\/blogs.granada.escolapiosemaus.org\/biblioteca\/?s={search_term_string}"},"query-input":{"@type":"PropertyValueSpecification","valueRequired":true,"valueName":"search_term_string"}}],"inLanguage":"es"},{"@type":"Person","@id":"https:\/\/blogs.granada.escolapiosemaus.org\/biblioteca\/#\/schema\/person\/a56e73b66a08403bfcdb824ba61754c1","name":"Lino Ferrer Serrano","image":{"@type":"ImageObject","inLanguage":"es","@id":"https:\/\/blogs.granada.escolapiosemaus.org\/biblioteca\/#\/schema\/person\/image\/","url":"https:\/\/secure.gravatar.com\/avatar\/c9b9e1ab5615162d9a58c8a59099ac51?s=96&d=mm&r=g","contentUrl":"https:\/\/secure.gravatar.com\/avatar\/c9b9e1ab5615162d9a58c8a59099ac51?s=96&d=mm&r=g","caption":"Lino Ferrer Serrano"},"sameAs":["https:\/\/blogs.granada.escolapiosemaus.org"],"url":"https:\/\/blogs.granada.escolapiosemaus.org\/biblioteca\/author\/linoferrer\/"}]}},"jetpack_publicize_connections":[],"jetpack_featured_media_url":"https:\/\/i0.wp.com\/blogs.granada.escolapiosemaus.org\/biblioteca\/wp-content\/uploads\/sites\/18\/2013\/04\/P1040908.jpg?fit=1024%2C768&ssl=1","jetpack_sharing_enabled":true,"jetpack_shortlink":"https:\/\/wp.me\/p8qkgn-1r","jetpack-related-posts":[],"_links":{"self":[{"href":"https:\/\/blogs.granada.escolapiosemaus.org\/biblioteca\/wp-json\/wp\/v2\/posts\/89","targetHints":{"allow":["GET"]}}],"collection":[{"href":"https:\/\/blogs.granada.escolapiosemaus.org\/biblioteca\/wp-json\/wp\/v2\/posts"}],"about":[{"href":"https:\/\/blogs.granada.escolapiosemaus.org\/biblioteca\/wp-json\/wp\/v2\/types\/post"}],"author":[{"embeddable":true,"href":"https:\/\/blogs.granada.escolapiosemaus.org\/biblioteca\/wp-json\/wp\/v2\/users\/18"}],"replies":[{"embeddable":true,"href":"https:\/\/blogs.granada.escolapiosemaus.org\/biblioteca\/wp-json\/wp\/v2\/comments?post=89"}],"version-history":[{"count":2,"href":"https:\/\/blogs.granada.escolapiosemaus.org\/biblioteca\/wp-json\/wp\/v2\/posts\/89\/revisions"}],"predecessor-version":[{"id":784,"href":"https:\/\/blogs.granada.escolapiosemaus.org\/biblioteca\/wp-json\/wp\/v2\/posts\/89\/revisions\/784"}],"wp:featuredmedia":[{"embeddable":true,"href":"https:\/\/blogs.granada.escolapiosemaus.org\/biblioteca\/wp-json\/wp\/v2\/media\/313"}],"wp:attachment":[{"href":"https:\/\/blogs.granada.escolapiosemaus.org\/biblioteca\/wp-json\/wp\/v2\/media?parent=89"}],"wp:term":[{"taxonomy":"category","embeddable":true,"href":"https:\/\/blogs.granada.escolapiosemaus.org\/biblioteca\/wp-json\/wp\/v2\/categories?post=89"},{"taxonomy":"post_tag","embeddable":true,"href":"https:\/\/blogs.granada.escolapiosemaus.org\/biblioteca\/wp-json\/wp\/v2\/tags?post=89"}],"curies":[{"name":"wp","href":"https:\/\/api.w.org\/{rel}","templated":true}]}}