{"id":6109,"date":"2026-04-23T16:27:28","date_gmt":"2026-04-23T15:27:28","guid":{"rendered":"https:\/\/blogs.granada.escolapiosemaus.org\/biblioteca\/?p=6109"},"modified":"2026-04-23T17:06:32","modified_gmt":"2026-04-23T16:06:32","slug":"dia-del-libro-cuentacuentos-con-infantil","status":"publish","type":"post","link":"https:\/\/blogs.granada.escolapiosemaus.org\/biblioteca\/2026\/04\/23\/dia-del-libro-cuentacuentos-con-infantil\/","title":{"rendered":"D\u00eda del libro Cuentacuentos con infantil"},"content":{"rendered":"<p>La jornada de hoy comenzado cubierta de cuentos e historias divertidas y entra\u00f1ables para los m\u00e1s peque\u00f1os del cole. Nos han visitado por cursos desde los tres a\u00f1itos hasta los cinco y que mejor forma de celebrar el D\u00eda del libro que con lecturas fant\u00e1sticas. En esta ocasi\u00f3n hemos tenido unos narradores de primer orden: Adriana, Javi y Marta de 2\u00ba de primaria , Elvira de 3\u00ba de ESO y Esther y Alba de 4\u00ba de ESO.<\/p>\n<p>El libro de los cerdos, Frederick, Guyi Guyi, El oso que amaba los libros, La gallina Cocorina, El trincalibros y Eres como... para cerrar las lecturas , como homenaje a los maestros y maestras que son la ra\u00edz y el alma de la escuela y que con su cari\u00f1o y dedicaci\u00f3n construyen hombres y mujeres felices.<\/p>\n<p>Hemos repartido un marcap\u00e1ginas para todos .<\/p>\n<p>Queremos agradecer a los peques\u00a0 lo bien que se han portado y lo atentos que han escuchado los cuentos y a las se\u00f1os por su paciencia y colaboraci\u00f3n.<\/p>\n<p>\u00a1Feliz D\u00eda del libro!<\/p>\n<p><a href=\"https:\/\/i0.wp.com\/blogs.granada.escolapiosemaus.org\/biblioteca\/wp-content\/uploads\/sites\/18\/2026\/04\/Multimedia-8.jpg?ssl=1\"><img data-recalc-dims=\"1\" loading=\"lazy\" decoding=\"async\" data-attachment-id=\"6177\" data-permalink=\"https:\/\/blogs.granada.escolapiosemaus.org\/biblioteca\/2026\/04\/23\/dia-del-libro-cuentacuentos-con-infantil\/multimedia-8-2\/\" data-orig-file=\"https:\/\/i0.wp.com\/blogs.granada.escolapiosemaus.org\/biblioteca\/wp-content\/uploads\/sites\/18\/2026\/04\/Multimedia-8.jpg?fit=1919%2C1081&amp;ssl=1\" data-orig-size=\"1919,1081\" data-comments-opened=\"1\" data-image-meta=\"{&quot;aperture&quot;:&quot;0&quot;,&quot;credit&quot;:&quot;&quot;,&quot;camera&quot;:&quot;&quot;,&quot;caption&quot;:&quot;&quot;,&quot;created_timestamp&quot;:&quot;0&quot;,&quot;copyright&quot;:&quot;&quot;,&quot;focal_length&quot;:&quot;0&quot;,&quot;iso&quot;:&quot;0&quot;,&quot;shutter_speed&quot;:&quot;0&quot;,&quot;title&quot;:&quot;&quot;,&quot;orientation&quot;:&quot;0&quot;}\" data-image-title=\"Multimedia (8)\" data-image-description=\"\" data-image-caption=\"\" data-medium-file=\"https:\/\/i0.wp.com\/blogs.granada.escolapiosemaus.org\/biblioteca\/wp-content\/uploads\/sites\/18\/2026\/04\/Multimedia-8.jpg?fit=300%2C169&amp;ssl=1\" data-large-file=\"https:\/\/i0.wp.com\/blogs.granada.escolapiosemaus.org\/biblioteca\/wp-content\/uploads\/sites\/18\/2026\/04\/Multimedia-8.jpg?fit=600%2C338&amp;ssl=1\" class=\"alignnone size-full wp-image-6177\" src=\"https:\/\/i0.wp.com\/blogs.granada.escolapiosemaus.org\/biblioteca\/wp-content\/uploads\/sites\/18\/2026\/04\/Multimedia-8.jpg?resize=600%2C338&#038;ssl=1\" alt=\"\" width=\"600\" height=\"338\" srcset=\"https:\/\/i0.wp.com\/blogs.granada.escolapiosemaus.org\/biblioteca\/wp-content\/uploads\/sites\/18\/2026\/04\/Multimedia-8.jpg?w=1919&amp;ssl=1 1919w, https:\/\/i0.wp.com\/blogs.granada.escolapiosemaus.org\/biblioteca\/wp-content\/uploads\/sites\/18\/2026\/04\/Multimedia-8.jpg?resize=300%2C169&amp;ssl=1 300w, https:\/\/i0.wp.com\/blogs.granada.escolapiosemaus.org\/biblioteca\/wp-content\/uploads\/sites\/18\/2026\/04\/Multimedia-8.jpg?resize=1024%2C577&amp;ssl=1 1024w, https:\/\/i0.wp.com\/blogs.granada.escolapiosemaus.org\/biblioteca\/wp-content\/uploads\/sites\/18\/2026\/04\/Multimedia-8.jpg?resize=768%2C433&amp;ssl=1 768w, https:\/\/i0.wp.com\/blogs.granada.escolapiosemaus.org\/biblioteca\/wp-content\/uploads\/sites\/18\/2026\/04\/Multimedia-8.jpg?resize=200%2C113&amp;ssl=1 200w, https:\/\/i0.wp.com\/blogs.granada.escolapiosemaus.org\/biblioteca\/wp-content\/uploads\/sites\/18\/2026\/04\/Multimedia-8.jpg?resize=1536%2C865&amp;ssl=1 1536w, https:\/\/i0.wp.com\/blogs.granada.escolapiosemaus.org\/biblioteca\/wp-content\/uploads\/sites\/18\/2026\/04\/Multimedia-8.jpg?w=1200&amp;ssl=1 1200w, https:\/\/i0.wp.com\/blogs.granada.escolapiosemaus.org\/biblioteca\/wp-content\/uploads\/sites\/18\/2026\/04\/Multimedia-8.jpg?w=1800&amp;ssl=1 1800w\" sizes=\"auto, (max-width: 600px) 100vw, 600px\" \/><\/a> <a href=\"https:\/\/i0.wp.com\/blogs.granada.escolapiosemaus.org\/biblioteca\/wp-content\/uploads\/sites\/18\/2026\/04\/Multimedia-7.jpg?ssl=1\"><img data-recalc-dims=\"1\" loading=\"lazy\" decoding=\"async\" data-attachment-id=\"6178\" data-permalink=\"https:\/\/blogs.granada.escolapiosemaus.org\/biblioteca\/2026\/04\/23\/dia-del-libro-cuentacuentos-con-infantil\/multimedia-7-2\/\" data-orig-file=\"https:\/\/i0.wp.com\/blogs.granada.escolapiosemaus.org\/biblioteca\/wp-content\/uploads\/sites\/18\/2026\/04\/Multimedia-7.jpg?fit=1919%2C1081&amp;ssl=1\" data-orig-size=\"1919,1081\" data-comments-opened=\"1\" data-image-meta=\"{&quot;aperture&quot;:&quot;0&quot;,&quot;credit&quot;:&quot;&quot;,&quot;camera&quot;:&quot;&quot;,&quot;caption&quot;:&quot;&quot;,&quot;created_timestamp&quot;:&quot;0&quot;,&quot;copyright&quot;:&quot;&quot;,&quot;focal_length&quot;:&quot;0&quot;,&quot;iso&quot;:&quot;0&quot;,&quot;shutter_speed&quot;:&quot;0&quot;,&quot;title&quot;:&quot;&quot;,&quot;orientation&quot;:&quot;0&quot;}\" data-image-title=\"Multimedia (7)\" data-image-description=\"\" data-image-caption=\"\" data-medium-file=\"https:\/\/i0.wp.com\/blogs.granada.escolapiosemaus.org\/biblioteca\/wp-content\/uploads\/sites\/18\/2026\/04\/Multimedia-7.jpg?fit=300%2C169&amp;ssl=1\" data-large-file=\"https:\/\/i0.wp.com\/blogs.granada.escolapiosemaus.org\/biblioteca\/wp-content\/uploads\/sites\/18\/2026\/04\/Multimedia-7.jpg?fit=600%2C338&amp;ssl=1\" class=\"alignnone size-full wp-image-6178\" src=\"https:\/\/i0.wp.com\/blogs.granada.escolapiosemaus.org\/biblioteca\/wp-content\/uploads\/sites\/18\/2026\/04\/Multimedia-7.jpg?resize=600%2C338&#038;ssl=1\" alt=\"\" width=\"600\" height=\"338\" srcset=\"https:\/\/i0.wp.com\/blogs.granada.escolapiosemaus.org\/biblioteca\/wp-content\/uploads\/sites\/18\/2026\/04\/Multimedia-7.jpg?w=1919&amp;ssl=1 1919w, https:\/\/i0.wp.com\/blogs.granada.escolapiosemaus.org\/biblioteca\/wp-content\/uploads\/sites\/18\/2026\/04\/Multimedia-7.jpg?resize=300%2C169&amp;ssl=1 300w, https:\/\/i0.wp.com\/blogs.granada.escolapiosemaus.org\/biblioteca\/wp-content\/uploads\/sites\/18\/2026\/04\/Multimedia-7.jpg?resize=1024%2C577&amp;ssl=1 1024w, https:\/\/i0.wp.com\/blogs.granada.escolapiosemaus.org\/biblioteca\/wp-content\/uploads\/sites\/18\/2026\/04\/Multimedia-7.jpg?resize=768%2C433&amp;ssl=1 768w, https:\/\/i0.wp.com\/blogs.granada.escolapiosemaus.org\/biblioteca\/wp-content\/uploads\/sites\/18\/2026\/04\/Multimedia-7.jpg?resize=200%2C113&amp;ssl=1 200w, https:\/\/i0.wp.com\/blogs.granada.escolapiosemaus.org\/biblioteca\/wp-content\/uploads\/sites\/18\/2026\/04\/Multimedia-7.jpg?resize=1536%2C865&amp;ssl=1 1536w, https:\/\/i0.wp.com\/blogs.granada.escolapiosemaus.org\/biblioteca\/wp-content\/uploads\/sites\/18\/2026\/04\/Multimedia-7.jpg?w=1200&amp;ssl=1 1200w, https:\/\/i0.wp.com\/blogs.granada.escolapiosemaus.org\/biblioteca\/wp-content\/uploads\/sites\/18\/2026\/04\/Multimedia-7.jpg?w=1800&amp;ssl=1 1800w\" sizes=\"auto, (max-width: 600px) 100vw, 600px\" \/><\/a> <a href=\"https:\/\/i0.wp.com\/blogs.granada.escolapiosemaus.org\/biblioteca\/wp-content\/uploads\/sites\/18\/2026\/04\/Multimedia-6.jpg?ssl=1\"><img data-recalc-dims=\"1\" loading=\"lazy\" decoding=\"async\" data-attachment-id=\"6179\" data-permalink=\"https:\/\/blogs.granada.escolapiosemaus.org\/biblioteca\/2026\/04\/23\/dia-del-libro-cuentacuentos-con-infantil\/multimedia-6-2\/\" data-orig-file=\"https:\/\/i0.wp.com\/blogs.granada.escolapiosemaus.org\/biblioteca\/wp-content\/uploads\/sites\/18\/2026\/04\/Multimedia-6.jpg?fit=1919%2C1081&amp;ssl=1\" data-orig-size=\"1919,1081\" data-comments-opened=\"1\" data-image-meta=\"{&quot;aperture&quot;:&quot;0&quot;,&quot;credit&quot;:&quot;&quot;,&quot;camera&quot;:&quot;&quot;,&quot;caption&quot;:&quot;&quot;,&quot;created_timestamp&quot;:&quot;0&quot;,&quot;copyright&quot;:&quot;&quot;,&quot;focal_length&quot;:&quot;0&quot;,&quot;iso&quot;:&quot;0&quot;,&quot;shutter_speed&quot;:&quot;0&quot;,&quot;title&quot;:&quot;&quot;,&quot;orientation&quot;:&quot;0&quot;}\" data-image-title=\"Multimedia (6)\" data-image-description=\"\" data-image-caption=\"\" data-medium-file=\"https:\/\/i0.wp.com\/blogs.granada.escolapiosemaus.org\/biblioteca\/wp-content\/uploads\/sites\/18\/2026\/04\/Multimedia-6.jpg?fit=300%2C169&amp;ssl=1\" data-large-file=\"https:\/\/i0.wp.com\/blogs.granada.escolapiosemaus.org\/biblioteca\/wp-content\/uploads\/sites\/18\/2026\/04\/Multimedia-6.jpg?fit=600%2C338&amp;ssl=1\" class=\"alignnone size-full wp-image-6179\" src=\"https:\/\/i0.wp.com\/blogs.granada.escolapiosemaus.org\/biblioteca\/wp-content\/uploads\/sites\/18\/2026\/04\/Multimedia-6.jpg?resize=600%2C338&#038;ssl=1\" alt=\"\" width=\"600\" height=\"338\" srcset=\"https:\/\/i0.wp.com\/blogs.granada.escolapiosemaus.org\/biblioteca\/wp-content\/uploads\/sites\/18\/2026\/04\/Multimedia-6.jpg?w=1919&amp;ssl=1 1919w, https:\/\/i0.wp.com\/blogs.granada.escolapiosemaus.org\/biblioteca\/wp-content\/uploads\/sites\/18\/2026\/04\/Multimedia-6.jpg?resize=300%2C169&amp;ssl=1 300w, https:\/\/i0.wp.com\/blogs.granada.escolapiosemaus.org\/biblioteca\/wp-content\/uploads\/sites\/18\/2026\/04\/Multimedia-6.jpg?resize=1024%2C577&amp;ssl=1 1024w, https:\/\/i0.wp.com\/blogs.granada.escolapiosemaus.org\/biblioteca\/wp-content\/uploads\/sites\/18\/2026\/04\/Multimedia-6.jpg?resize=768%2C433&amp;ssl=1 768w, https:\/\/i0.wp.com\/blogs.granada.escolapiosemaus.org\/biblioteca\/wp-content\/uploads\/sites\/18\/2026\/04\/Multimedia-6.jpg?resize=200%2C113&amp;ssl=1 200w, https:\/\/i0.wp.com\/blogs.granada.escolapiosemaus.org\/biblioteca\/wp-content\/uploads\/sites\/18\/2026\/04\/Multimedia-6.jpg?resize=1536%2C865&amp;ssl=1 1536w, https:\/\/i0.wp.com\/blogs.granada.escolapiosemaus.org\/biblioteca\/wp-content\/uploads\/sites\/18\/2026\/04\/Multimedia-6.jpg?w=1200&amp;ssl=1 1200w, https:\/\/i0.wp.com\/blogs.granada.escolapiosemaus.org\/biblioteca\/wp-content\/uploads\/sites\/18\/2026\/04\/Multimedia-6.jpg?w=1800&amp;ssl=1 1800w\" sizes=\"auto, (max-width: 600px) 100vw, 600px\" \/><\/a> <a href=\"https:\/\/i0.wp.com\/blogs.granada.escolapiosemaus.org\/biblioteca\/wp-content\/uploads\/sites\/18\/2026\/04\/Multimedia-5-1.jpg?ssl=1\"><img data-recalc-dims=\"1\" loading=\"lazy\" decoding=\"async\" data-attachment-id=\"6180\" data-permalink=\"https:\/\/blogs.granada.escolapiosemaus.org\/biblioteca\/2026\/04\/23\/dia-del-libro-cuentacuentos-con-infantil\/multimedia-5-2\/\" data-orig-file=\"https:\/\/i0.wp.com\/blogs.granada.escolapiosemaus.org\/biblioteca\/wp-content\/uploads\/sites\/18\/2026\/04\/Multimedia-5-1.jpg?fit=1919%2C1081&amp;ssl=1\" data-orig-size=\"1919,1081\" data-comments-opened=\"1\" data-image-meta=\"{&quot;aperture&quot;:&quot;0&quot;,&quot;credit&quot;:&quot;&quot;,&quot;camera&quot;:&quot;&quot;,&quot;caption&quot;:&quot;&quot;,&quot;created_timestamp&quot;:&quot;0&quot;,&quot;copyright&quot;:&quot;&quot;,&quot;focal_length&quot;:&quot;0&quot;,&quot;iso&quot;:&quot;0&quot;,&quot;shutter_speed&quot;:&quot;0&quot;,&quot;title&quot;:&quot;&quot;,&quot;orientation&quot;:&quot;0&quot;}\" data-image-title=\"Multimedia (5)\" data-image-description=\"\" data-image-caption=\"\" data-medium-file=\"https:\/\/i0.wp.com\/blogs.granada.escolapiosemaus.org\/biblioteca\/wp-content\/uploads\/sites\/18\/2026\/04\/Multimedia-5-1.jpg?fit=300%2C169&amp;ssl=1\" data-large-file=\"https:\/\/i0.wp.com\/blogs.granada.escolapiosemaus.org\/biblioteca\/wp-content\/uploads\/sites\/18\/2026\/04\/Multimedia-5-1.jpg?fit=600%2C338&amp;ssl=1\" class=\"alignnone size-full wp-image-6180\" src=\"https:\/\/i0.wp.com\/blogs.granada.escolapiosemaus.org\/biblioteca\/wp-content\/uploads\/sites\/18\/2026\/04\/Multimedia-5-1.jpg?resize=600%2C338&#038;ssl=1\" alt=\"\" width=\"600\" height=\"338\" srcset=\"https:\/\/i0.wp.com\/blogs.granada.escolapiosemaus.org\/biblioteca\/wp-content\/uploads\/sites\/18\/2026\/04\/Multimedia-5-1.jpg?w=1919&amp;ssl=1 1919w, https:\/\/i0.wp.com\/blogs.granada.escolapiosemaus.org\/biblioteca\/wp-content\/uploads\/sites\/18\/2026\/04\/Multimedia-5-1.jpg?resize=300%2C169&amp;ssl=1 300w, https:\/\/i0.wp.com\/blogs.granada.escolapiosemaus.org\/biblioteca\/wp-content\/uploads\/sites\/18\/2026\/04\/Multimedia-5-1.jpg?resize=1024%2C577&amp;ssl=1 1024w, https:\/\/i0.wp.com\/blogs.granada.escolapiosemaus.org\/biblioteca\/wp-content\/uploads\/sites\/18\/2026\/04\/Multimedia-5-1.jpg?resize=768%2C433&amp;ssl=1 768w, https:\/\/i0.wp.com\/blogs.granada.escolapiosemaus.org\/biblioteca\/wp-content\/uploads\/sites\/18\/2026\/04\/Multimedia-5-1.jpg?resize=200%2C113&amp;ssl=1 200w, https:\/\/i0.wp.com\/blogs.granada.escolapiosemaus.org\/biblioteca\/wp-content\/uploads\/sites\/18\/2026\/04\/Multimedia-5-1.jpg?resize=1536%2C865&amp;ssl=1 1536w, https:\/\/i0.wp.com\/blogs.granada.escolapiosemaus.org\/biblioteca\/wp-content\/uploads\/sites\/18\/2026\/04\/Multimedia-5-1.jpg?w=1200&amp;ssl=1 1200w, https:\/\/i0.wp.com\/blogs.granada.escolapiosemaus.org\/biblioteca\/wp-content\/uploads\/sites\/18\/2026\/04\/Multimedia-5-1.jpg?w=1800&amp;ssl=1 1800w\" sizes=\"auto, (max-width: 600px) 100vw, 600px\" \/><\/a><\/p>\n<p><a href=\"https:\/\/i0.wp.com\/blogs.granada.escolapiosemaus.org\/biblioteca\/wp-content\/uploads\/sites\/18\/2026\/04\/Multimedia-4-1.jpg?ssl=1\"><img data-recalc-dims=\"1\" loading=\"lazy\" decoding=\"async\" data-attachment-id=\"6169\" data-permalink=\"https:\/\/blogs.granada.escolapiosemaus.org\/biblioteca\/2026\/04\/23\/dia-del-libro-cuentacuentos-con-infantil\/multimedia-4-2\/\" data-orig-file=\"https:\/\/i0.wp.com\/blogs.granada.escolapiosemaus.org\/biblioteca\/wp-content\/uploads\/sites\/18\/2026\/04\/Multimedia-4-1.jpg?fit=1080%2C1919&amp;ssl=1\" data-orig-size=\"1080,1919\" data-comments-opened=\"1\" data-image-meta=\"{&quot;aperture&quot;:&quot;0&quot;,&quot;credit&quot;:&quot;&quot;,&quot;camera&quot;:&quot;&quot;,&quot;caption&quot;:&quot;&quot;,&quot;created_timestamp&quot;:&quot;0&quot;,&quot;copyright&quot;:&quot;&quot;,&quot;focal_length&quot;:&quot;0&quot;,&quot;iso&quot;:&quot;0&quot;,&quot;shutter_speed&quot;:&quot;0&quot;,&quot;title&quot;:&quot;&quot;,&quot;orientation&quot;:&quot;0&quot;}\" data-image-title=\"Multimedia (4)\" data-image-description=\"\" data-image-caption=\"\" data-medium-file=\"https:\/\/i0.wp.com\/blogs.granada.escolapiosemaus.org\/biblioteca\/wp-content\/uploads\/sites\/18\/2026\/04\/Multimedia-4-1.jpg?fit=169%2C300&amp;ssl=1\" data-large-file=\"https:\/\/i0.wp.com\/blogs.granada.escolapiosemaus.org\/biblioteca\/wp-content\/uploads\/sites\/18\/2026\/04\/Multimedia-4-1.jpg?fit=576%2C1024&amp;ssl=1\" class=\"alignnone size-full wp-image-6169\" src=\"https:\/\/i0.wp.com\/blogs.granada.escolapiosemaus.org\/biblioteca\/wp-content\/uploads\/sites\/18\/2026\/04\/Multimedia-4-1.jpg?resize=600%2C1066&#038;ssl=1\" alt=\"\" width=\"600\" height=\"1066\" srcset=\"https:\/\/i0.wp.com\/blogs.granada.escolapiosemaus.org\/biblioteca\/wp-content\/uploads\/sites\/18\/2026\/04\/Multimedia-4-1.jpg?w=1080&amp;ssl=1 1080w, https:\/\/i0.wp.com\/blogs.granada.escolapiosemaus.org\/biblioteca\/wp-content\/uploads\/sites\/18\/2026\/04\/Multimedia-4-1.jpg?resize=169%2C300&amp;ssl=1 169w, https:\/\/i0.wp.com\/blogs.granada.escolapiosemaus.org\/biblioteca\/wp-content\/uploads\/sites\/18\/2026\/04\/Multimedia-4-1.jpg?resize=576%2C1024&amp;ssl=1 576w, https:\/\/i0.wp.com\/blogs.granada.escolapiosemaus.org\/biblioteca\/wp-content\/uploads\/sites\/18\/2026\/04\/Multimedia-4-1.jpg?resize=768%2C1365&amp;ssl=1 768w, https:\/\/i0.wp.com\/blogs.granada.escolapiosemaus.org\/biblioteca\/wp-content\/uploads\/sites\/18\/2026\/04\/Multimedia-4-1.jpg?resize=113%2C200&amp;ssl=1 113w, https:\/\/i0.wp.com\/blogs.granada.escolapiosemaus.org\/biblioteca\/wp-content\/uploads\/sites\/18\/2026\/04\/Multimedia-4-1.jpg?resize=864%2C1536&amp;ssl=1 864w\" sizes=\"auto, (max-width: 600px) 100vw, 600px\" \/><\/a><a href=\"https:\/\/i0.wp.com\/blogs.granada.escolapiosemaus.org\/biblioteca\/wp-content\/uploads\/sites\/18\/2026\/04\/Multimedia-3-1.jpg?ssl=1\"><img data-recalc-dims=\"1\" loading=\"lazy\" decoding=\"async\" data-attachment-id=\"6170\" data-permalink=\"https:\/\/blogs.granada.escolapiosemaus.org\/biblioteca\/2026\/04\/23\/dia-del-libro-cuentacuentos-con-infantil\/multimedia-3-3\/\" data-orig-file=\"https:\/\/i0.wp.com\/blogs.granada.escolapiosemaus.org\/biblioteca\/wp-content\/uploads\/sites\/18\/2026\/04\/Multimedia-3-1.jpg?fit=1919%2C1081&amp;ssl=1\" data-orig-size=\"1919,1081\" data-comments-opened=\"1\" data-image-meta=\"{&quot;aperture&quot;:&quot;0&quot;,&quot;credit&quot;:&quot;&quot;,&quot;camera&quot;:&quot;&quot;,&quot;caption&quot;:&quot;&quot;,&quot;created_timestamp&quot;:&quot;0&quot;,&quot;copyright&quot;:&quot;&quot;,&quot;focal_length&quot;:&quot;0&quot;,&quot;iso&quot;:&quot;0&quot;,&quot;shutter_speed&quot;:&quot;0&quot;,&quot;title&quot;:&quot;&quot;,&quot;orientation&quot;:&quot;0&quot;}\" data-image-title=\"Multimedia (3)\" data-image-description=\"\" data-image-caption=\"\" data-medium-file=\"https:\/\/i0.wp.com\/blogs.granada.escolapiosemaus.org\/biblioteca\/wp-content\/uploads\/sites\/18\/2026\/04\/Multimedia-3-1.jpg?fit=300%2C169&amp;ssl=1\" data-large-file=\"https:\/\/i0.wp.com\/blogs.granada.escolapiosemaus.org\/biblioteca\/wp-content\/uploads\/sites\/18\/2026\/04\/Multimedia-3-1.jpg?fit=600%2C338&amp;ssl=1\" class=\"alignnone size-full wp-image-6170\" src=\"https:\/\/i0.wp.com\/blogs.granada.escolapiosemaus.org\/biblioteca\/wp-content\/uploads\/sites\/18\/2026\/04\/Multimedia-3-1.jpg?resize=600%2C338&#038;ssl=1\" alt=\"\" width=\"600\" height=\"338\" srcset=\"https:\/\/i0.wp.com\/blogs.granada.escolapiosemaus.org\/biblioteca\/wp-content\/uploads\/sites\/18\/2026\/04\/Multimedia-3-1.jpg?w=1919&amp;ssl=1 1919w, https:\/\/i0.wp.com\/blogs.granada.escolapiosemaus.org\/biblioteca\/wp-content\/uploads\/sites\/18\/2026\/04\/Multimedia-3-1.jpg?resize=300%2C169&amp;ssl=1 300w, https:\/\/i0.wp.com\/blogs.granada.escolapiosemaus.org\/biblioteca\/wp-content\/uploads\/sites\/18\/2026\/04\/Multimedia-3-1.jpg?resize=1024%2C577&amp;ssl=1 1024w, https:\/\/i0.wp.com\/blogs.granada.escolapiosemaus.org\/biblioteca\/wp-content\/uploads\/sites\/18\/2026\/04\/Multimedia-3-1.jpg?resize=768%2C433&amp;ssl=1 768w, https:\/\/i0.wp.com\/blogs.granada.escolapiosemaus.org\/biblioteca\/wp-content\/uploads\/sites\/18\/2026\/04\/Multimedia-3-1.jpg?resize=200%2C113&amp;ssl=1 200w, https:\/\/i0.wp.com\/blogs.granada.escolapiosemaus.org\/biblioteca\/wp-content\/uploads\/sites\/18\/2026\/04\/Multimedia-3-1.jpg?resize=1536%2C865&amp;ssl=1 1536w, https:\/\/i0.wp.com\/blogs.granada.escolapiosemaus.org\/biblioteca\/wp-content\/uploads\/sites\/18\/2026\/04\/Multimedia-3-1.jpg?w=1200&amp;ssl=1 1200w, https:\/\/i0.wp.com\/blogs.granada.escolapiosemaus.org\/biblioteca\/wp-content\/uploads\/sites\/18\/2026\/04\/Multimedia-3-1.jpg?w=1800&amp;ssl=1 1800w\" sizes=\"auto, (max-width: 600px) 100vw, 600px\" \/><\/a><a href=\"https:\/\/i0.wp.com\/blogs.granada.escolapiosemaus.org\/biblioteca\/wp-content\/uploads\/sites\/18\/2026\/04\/Multimedia-2-1.jpg?ssl=1\"><img data-recalc-dims=\"1\" loading=\"lazy\" decoding=\"async\" data-attachment-id=\"6171\" data-permalink=\"https:\/\/blogs.granada.escolapiosemaus.org\/biblioteca\/2026\/04\/23\/dia-del-libro-cuentacuentos-con-infantil\/multimedia-2-3\/\" data-orig-file=\"https:\/\/i0.wp.com\/blogs.granada.escolapiosemaus.org\/biblioteca\/wp-content\/uploads\/sites\/18\/2026\/04\/Multimedia-2-1.jpg?fit=1919%2C1081&amp;ssl=1\" data-orig-size=\"1919,1081\" data-comments-opened=\"1\" data-image-meta=\"{&quot;aperture&quot;:&quot;0&quot;,&quot;credit&quot;:&quot;&quot;,&quot;camera&quot;:&quot;&quot;,&quot;caption&quot;:&quot;&quot;,&quot;created_timestamp&quot;:&quot;0&quot;,&quot;copyright&quot;:&quot;&quot;,&quot;focal_length&quot;:&quot;0&quot;,&quot;iso&quot;:&quot;0&quot;,&quot;shutter_speed&quot;:&quot;0&quot;,&quot;title&quot;:&quot;&quot;,&quot;orientation&quot;:&quot;0&quot;}\" data-image-title=\"Multimedia (2)\" data-image-description=\"\" data-image-caption=\"\" data-medium-file=\"https:\/\/i0.wp.com\/blogs.granada.escolapiosemaus.org\/biblioteca\/wp-content\/uploads\/sites\/18\/2026\/04\/Multimedia-2-1.jpg?fit=300%2C169&amp;ssl=1\" data-large-file=\"https:\/\/i0.wp.com\/blogs.granada.escolapiosemaus.org\/biblioteca\/wp-content\/uploads\/sites\/18\/2026\/04\/Multimedia-2-1.jpg?fit=600%2C338&amp;ssl=1\" class=\"alignnone size-full wp-image-6171\" src=\"https:\/\/i0.wp.com\/blogs.granada.escolapiosemaus.org\/biblioteca\/wp-content\/uploads\/sites\/18\/2026\/04\/Multimedia-2-1.jpg?resize=600%2C338&#038;ssl=1\" alt=\"\" width=\"600\" height=\"338\" srcset=\"https:\/\/i0.wp.com\/blogs.granada.escolapiosemaus.org\/biblioteca\/wp-content\/uploads\/sites\/18\/2026\/04\/Multimedia-2-1.jpg?w=1919&amp;ssl=1 1919w, https:\/\/i0.wp.com\/blogs.granada.escolapiosemaus.org\/biblioteca\/wp-content\/uploads\/sites\/18\/2026\/04\/Multimedia-2-1.jpg?resize=300%2C169&amp;ssl=1 300w, https:\/\/i0.wp.com\/blogs.granada.escolapiosemaus.org\/biblioteca\/wp-content\/uploads\/sites\/18\/2026\/04\/Multimedia-2-1.jpg?resize=1024%2C577&amp;ssl=1 1024w, https:\/\/i0.wp.com\/blogs.granada.escolapiosemaus.org\/biblioteca\/wp-content\/uploads\/sites\/18\/2026\/04\/Multimedia-2-1.jpg?resize=768%2C433&amp;ssl=1 768w, https:\/\/i0.wp.com\/blogs.granada.escolapiosemaus.org\/biblioteca\/wp-content\/uploads\/sites\/18\/2026\/04\/Multimedia-2-1.jpg?resize=200%2C113&amp;ssl=1 200w, https:\/\/i0.wp.com\/blogs.granada.escolapiosemaus.org\/biblioteca\/wp-content\/uploads\/sites\/18\/2026\/04\/Multimedia-2-1.jpg?resize=1536%2C865&amp;ssl=1 1536w, https:\/\/i0.wp.com\/blogs.granada.escolapiosemaus.org\/biblioteca\/wp-content\/uploads\/sites\/18\/2026\/04\/Multimedia-2-1.jpg?w=1200&amp;ssl=1 1200w, https:\/\/i0.wp.com\/blogs.granada.escolapiosemaus.org\/biblioteca\/wp-content\/uploads\/sites\/18\/2026\/04\/Multimedia-2-1.jpg?w=1800&amp;ssl=1 1800w\" sizes=\"auto, (max-width: 600px) 100vw, 600px\" \/><\/a><a href=\"https:\/\/i0.wp.com\/blogs.granada.escolapiosemaus.org\/biblioteca\/wp-content\/uploads\/sites\/18\/2026\/04\/Multimedia-1-2.jpg?ssl=1\"><img data-recalc-dims=\"1\" loading=\"lazy\" decoding=\"async\" data-attachment-id=\"6172\" data-permalink=\"https:\/\/blogs.granada.escolapiosemaus.org\/biblioteca\/2026\/04\/23\/dia-del-libro-cuentacuentos-con-infantil\/multimedia-1-3\/\" data-orig-file=\"https:\/\/i0.wp.com\/blogs.granada.escolapiosemaus.org\/biblioteca\/wp-content\/uploads\/sites\/18\/2026\/04\/Multimedia-1-2.jpg?fit=1919%2C1081&amp;ssl=1\" data-orig-size=\"1919,1081\" data-comments-opened=\"1\" data-image-meta=\"{&quot;aperture&quot;:&quot;0&quot;,&quot;credit&quot;:&quot;&quot;,&quot;camera&quot;:&quot;&quot;,&quot;caption&quot;:&quot;&quot;,&quot;created_timestamp&quot;:&quot;0&quot;,&quot;copyright&quot;:&quot;&quot;,&quot;focal_length&quot;:&quot;0&quot;,&quot;iso&quot;:&quot;0&quot;,&quot;shutter_speed&quot;:&quot;0&quot;,&quot;title&quot;:&quot;&quot;,&quot;orientation&quot;:&quot;0&quot;}\" data-image-title=\"Multimedia (1)\" data-image-description=\"\" data-image-caption=\"\" data-medium-file=\"https:\/\/i0.wp.com\/blogs.granada.escolapiosemaus.org\/biblioteca\/wp-content\/uploads\/sites\/18\/2026\/04\/Multimedia-1-2.jpg?fit=300%2C169&amp;ssl=1\" data-large-file=\"https:\/\/i0.wp.com\/blogs.granada.escolapiosemaus.org\/biblioteca\/wp-content\/uploads\/sites\/18\/2026\/04\/Multimedia-1-2.jpg?fit=600%2C338&amp;ssl=1\" class=\"alignnone size-full wp-image-6172\" src=\"https:\/\/i0.wp.com\/blogs.granada.escolapiosemaus.org\/biblioteca\/wp-content\/uploads\/sites\/18\/2026\/04\/Multimedia-1-2.jpg?resize=600%2C338&#038;ssl=1\" alt=\"\" width=\"600\" height=\"338\" srcset=\"https:\/\/i0.wp.com\/blogs.granada.escolapiosemaus.org\/biblioteca\/wp-content\/uploads\/sites\/18\/2026\/04\/Multimedia-1-2.jpg?w=1919&amp;ssl=1 1919w, https:\/\/i0.wp.com\/blogs.granada.escolapiosemaus.org\/biblioteca\/wp-content\/uploads\/sites\/18\/2026\/04\/Multimedia-1-2.jpg?resize=300%2C169&amp;ssl=1 300w, https:\/\/i0.wp.com\/blogs.granada.escolapiosemaus.org\/biblioteca\/wp-content\/uploads\/sites\/18\/2026\/04\/Multimedia-1-2.jpg?resize=1024%2C577&amp;ssl=1 1024w, https:\/\/i0.wp.com\/blogs.granada.escolapiosemaus.org\/biblioteca\/wp-content\/uploads\/sites\/18\/2026\/04\/Multimedia-1-2.jpg?resize=768%2C433&amp;ssl=1 768w, https:\/\/i0.wp.com\/blogs.granada.escolapiosemaus.org\/biblioteca\/wp-content\/uploads\/sites\/18\/2026\/04\/Multimedia-1-2.jpg?resize=200%2C113&amp;ssl=1 200w, https:\/\/i0.wp.com\/blogs.granada.escolapiosemaus.org\/biblioteca\/wp-content\/uploads\/sites\/18\/2026\/04\/Multimedia-1-2.jpg?resize=1536%2C865&amp;ssl=1 1536w, https:\/\/i0.wp.com\/blogs.granada.escolapiosemaus.org\/biblioteca\/wp-content\/uploads\/sites\/18\/2026\/04\/Multimedia-1-2.jpg?w=1200&amp;ssl=1 1200w, https:\/\/i0.wp.com\/blogs.granada.escolapiosemaus.org\/biblioteca\/wp-content\/uploads\/sites\/18\/2026\/04\/Multimedia-1-2.jpg?w=1800&amp;ssl=1 1800w\" sizes=\"auto, (max-width: 600px) 100vw, 600px\" \/><\/a><a href=\"https:\/\/i0.wp.com\/blogs.granada.escolapiosemaus.org\/biblioteca\/wp-content\/uploads\/sites\/18\/2026\/04\/Multimedia-5.jpg?ssl=1\"><img data-recalc-dims=\"1\" loading=\"lazy\" decoding=\"async\" data-attachment-id=\"6173\" data-permalink=\"https:\/\/blogs.granada.escolapiosemaus.org\/biblioteca\/2026\/04\/23\/dia-del-libro-cuentacuentos-con-infantil\/multimedia-18\/\" data-orig-file=\"https:\/\/i0.wp.com\/blogs.granada.escolapiosemaus.org\/biblioteca\/wp-content\/uploads\/sites\/18\/2026\/04\/Multimedia-5.jpg?fit=1919%2C1081&amp;ssl=1\" data-orig-size=\"1919,1081\" data-comments-opened=\"1\" data-image-meta=\"{&quot;aperture&quot;:&quot;0&quot;,&quot;credit&quot;:&quot;&quot;,&quot;camera&quot;:&quot;&quot;,&quot;caption&quot;:&quot;&quot;,&quot;created_timestamp&quot;:&quot;0&quot;,&quot;copyright&quot;:&quot;&quot;,&quot;focal_length&quot;:&quot;0&quot;,&quot;iso&quot;:&quot;0&quot;,&quot;shutter_speed&quot;:&quot;0&quot;,&quot;title&quot;:&quot;&quot;,&quot;orientation&quot;:&quot;0&quot;}\" data-image-title=\"Multimedia\" data-image-description=\"\" data-image-caption=\"\" data-medium-file=\"https:\/\/i0.wp.com\/blogs.granada.escolapiosemaus.org\/biblioteca\/wp-content\/uploads\/sites\/18\/2026\/04\/Multimedia-5.jpg?fit=300%2C169&amp;ssl=1\" data-large-file=\"https:\/\/i0.wp.com\/blogs.granada.escolapiosemaus.org\/biblioteca\/wp-content\/uploads\/sites\/18\/2026\/04\/Multimedia-5.jpg?fit=600%2C338&amp;ssl=1\" class=\"alignnone size-full wp-image-6173\" src=\"https:\/\/i0.wp.com\/blogs.granada.escolapiosemaus.org\/biblioteca\/wp-content\/uploads\/sites\/18\/2026\/04\/Multimedia-5.jpg?resize=600%2C338&#038;ssl=1\" alt=\"\" width=\"600\" height=\"338\" srcset=\"https:\/\/i0.wp.com\/blogs.granada.escolapiosemaus.org\/biblioteca\/wp-content\/uploads\/sites\/18\/2026\/04\/Multimedia-5.jpg?w=1919&amp;ssl=1 1919w, https:\/\/i0.wp.com\/blogs.granada.escolapiosemaus.org\/biblioteca\/wp-content\/uploads\/sites\/18\/2026\/04\/Multimedia-5.jpg?resize=300%2C169&amp;ssl=1 300w, https:\/\/i0.wp.com\/blogs.granada.escolapiosemaus.org\/biblioteca\/wp-content\/uploads\/sites\/18\/2026\/04\/Multimedia-5.jpg?resize=1024%2C577&amp;ssl=1 1024w, https:\/\/i0.wp.com\/blogs.granada.escolapiosemaus.org\/biblioteca\/wp-content\/uploads\/sites\/18\/2026\/04\/Multimedia-5.jpg?resize=768%2C433&amp;ssl=1 768w, https:\/\/i0.wp.com\/blogs.granada.escolapiosemaus.org\/biblioteca\/wp-content\/uploads\/sites\/18\/2026\/04\/Multimedia-5.jpg?resize=200%2C113&amp;ssl=1 200w, https:\/\/i0.wp.com\/blogs.granada.escolapiosemaus.org\/biblioteca\/wp-content\/uploads\/sites\/18\/2026\/04\/Multimedia-5.jpg?resize=1536%2C865&amp;ssl=1 1536w, https:\/\/i0.wp.com\/blogs.granada.escolapiosemaus.org\/biblioteca\/wp-content\/uploads\/sites\/18\/2026\/04\/Multimedia-5.jpg?w=1200&amp;ssl=1 1200w, https:\/\/i0.wp.com\/blogs.granada.escolapiosemaus.org\/biblioteca\/wp-content\/uploads\/sites\/18\/2026\/04\/Multimedia-5.jpg?w=1800&amp;ssl=1 1800w\" sizes=\"auto, (max-width: 600px) 100vw, 600px\" \/><\/a><a href=\"https:\/\/i0.wp.com\/blogs.granada.escolapiosemaus.org\/biblioteca\/wp-content\/uploads\/sites\/18\/2026\/04\/shared-image-45.jpg?ssl=1\"><img data-recalc-dims=\"1\" loading=\"lazy\" decoding=\"async\" data-attachment-id=\"6110\" data-permalink=\"https:\/\/blogs.granada.escolapiosemaus.org\/biblioteca\/2026\/04\/23\/dia-del-libro-cuentacuentos-con-infantil\/shared-image-45-2\/\" data-orig-file=\"https:\/\/i0.wp.com\/blogs.granada.escolapiosemaus.org\/biblioteca\/wp-content\/uploads\/sites\/18\/2026\/04\/shared-image-45.jpg?fit=1530%2C2040&amp;ssl=1\" data-orig-size=\"1530,2040\" data-comments-opened=\"1\" data-image-meta=\"{&quot;aperture&quot;:&quot;0&quot;,&quot;credit&quot;:&quot;&quot;,&quot;camera&quot;:&quot;&quot;,&quot;caption&quot;:&quot;&quot;,&quot;created_timestamp&quot;:&quot;0&quot;,&quot;copyright&quot;:&quot;&quot;,&quot;focal_length&quot;:&quot;0&quot;,&quot;iso&quot;:&quot;0&quot;,&quot;shutter_speed&quot;:&quot;0&quot;,&quot;title&quot;:&quot;&quot;,&quot;orientation&quot;:&quot;0&quot;}\" data-image-title=\"shared image (45)\" data-image-description=\"\" data-image-caption=\"\" data-medium-file=\"https:\/\/i0.wp.com\/blogs.granada.escolapiosemaus.org\/biblioteca\/wp-content\/uploads\/sites\/18\/2026\/04\/shared-image-45.jpg?fit=225%2C300&amp;ssl=1\" data-large-file=\"https:\/\/i0.wp.com\/blogs.granada.escolapiosemaus.org\/biblioteca\/wp-content\/uploads\/sites\/18\/2026\/04\/shared-image-45.jpg?fit=600%2C800&amp;ssl=1\" class=\"alignnone size-full wp-image-6110\" src=\"https:\/\/i0.wp.com\/blogs.granada.escolapiosemaus.org\/biblioteca\/wp-content\/uploads\/sites\/18\/2026\/04\/shared-image-45.jpg?resize=600%2C800&#038;ssl=1\" alt=\"\" width=\"600\" height=\"800\" srcset=\"https:\/\/i0.wp.com\/blogs.granada.escolapiosemaus.org\/biblioteca\/wp-content\/uploads\/sites\/18\/2026\/04\/shared-image-45.jpg?w=1530&amp;ssl=1 1530w, https:\/\/i0.wp.com\/blogs.granada.escolapiosemaus.org\/biblioteca\/wp-content\/uploads\/sites\/18\/2026\/04\/shared-image-45.jpg?resize=225%2C300&amp;ssl=1 225w, https:\/\/i0.wp.com\/blogs.granada.escolapiosemaus.org\/biblioteca\/wp-content\/uploads\/sites\/18\/2026\/04\/shared-image-45.jpg?resize=768%2C1024&amp;ssl=1 768w, https:\/\/i0.wp.com\/blogs.granada.escolapiosemaus.org\/biblioteca\/wp-content\/uploads\/sites\/18\/2026\/04\/shared-image-45.jpg?resize=150%2C200&amp;ssl=1 150w, https:\/\/i0.wp.com\/blogs.granada.escolapiosemaus.org\/biblioteca\/wp-content\/uploads\/sites\/18\/2026\/04\/shared-image-45.jpg?resize=1152%2C1536&amp;ssl=1 1152w\" sizes=\"auto, (max-width: 600px) 100vw, 600px\" \/><\/a> <a href=\"https:\/\/i0.wp.com\/blogs.granada.escolapiosemaus.org\/biblioteca\/wp-content\/uploads\/sites\/18\/2026\/04\/shared-image-44.jpg?ssl=1\"><img data-recalc-dims=\"1\" loading=\"lazy\" decoding=\"async\" data-attachment-id=\"6111\" data-permalink=\"https:\/\/blogs.granada.escolapiosemaus.org\/biblioteca\/2026\/04\/23\/dia-del-libro-cuentacuentos-con-infantil\/shared-image-44-2\/\" data-orig-file=\"https:\/\/i0.wp.com\/blogs.granada.escolapiosemaus.org\/biblioteca\/wp-content\/uploads\/sites\/18\/2026\/04\/shared-image-44.jpg?fit=2040%2C1530&amp;ssl=1\" data-orig-size=\"2040,1530\" data-comments-opened=\"1\" data-image-meta=\"{&quot;aperture&quot;:&quot;0&quot;,&quot;credit&quot;:&quot;&quot;,&quot;camera&quot;:&quot;&quot;,&quot;caption&quot;:&quot;&quot;,&quot;created_timestamp&quot;:&quot;0&quot;,&quot;copyright&quot;:&quot;&quot;,&quot;focal_length&quot;:&quot;0&quot;,&quot;iso&quot;:&quot;0&quot;,&quot;shutter_speed&quot;:&quot;0&quot;,&quot;title&quot;:&quot;&quot;,&quot;orientation&quot;:&quot;0&quot;}\" data-image-title=\"shared image (44)\" data-image-description=\"\" data-image-caption=\"\" data-medium-file=\"https:\/\/i0.wp.com\/blogs.granada.escolapiosemaus.org\/biblioteca\/wp-content\/uploads\/sites\/18\/2026\/04\/shared-image-44.jpg?fit=300%2C225&amp;ssl=1\" data-large-file=\"https:\/\/i0.wp.com\/blogs.granada.escolapiosemaus.org\/biblioteca\/wp-content\/uploads\/sites\/18\/2026\/04\/shared-image-44.jpg?fit=600%2C450&amp;ssl=1\" class=\"alignnone size-full wp-image-6111\" src=\"https:\/\/i0.wp.com\/blogs.granada.escolapiosemaus.org\/biblioteca\/wp-content\/uploads\/sites\/18\/2026\/04\/shared-image-44.jpg?resize=600%2C450&#038;ssl=1\" alt=\"\" width=\"600\" height=\"450\" srcset=\"https:\/\/i0.wp.com\/blogs.granada.escolapiosemaus.org\/biblioteca\/wp-content\/uploads\/sites\/18\/2026\/04\/shared-image-44.jpg?w=2040&amp;ssl=1 2040w, https:\/\/i0.wp.com\/blogs.granada.escolapiosemaus.org\/biblioteca\/wp-content\/uploads\/sites\/18\/2026\/04\/shared-image-44.jpg?resize=300%2C225&amp;ssl=1 300w, https:\/\/i0.wp.com\/blogs.granada.escolapiosemaus.org\/biblioteca\/wp-content\/uploads\/sites\/18\/2026\/04\/shared-image-44.jpg?resize=1024%2C768&amp;ssl=1 1024w, https:\/\/i0.wp.com\/blogs.granada.escolapiosemaus.org\/biblioteca\/wp-content\/uploads\/sites\/18\/2026\/04\/shared-image-44.jpg?resize=768%2C576&amp;ssl=1 768w, https:\/\/i0.wp.com\/blogs.granada.escolapiosemaus.org\/biblioteca\/wp-content\/uploads\/sites\/18\/2026\/04\/shared-image-44.jpg?resize=200%2C150&amp;ssl=1 200w, https:\/\/i0.wp.com\/blogs.granada.escolapiosemaus.org\/biblioteca\/wp-content\/uploads\/sites\/18\/2026\/04\/shared-image-44.jpg?resize=1536%2C1152&amp;ssl=1 1536w, https:\/\/i0.wp.com\/blogs.granada.escolapiosemaus.org\/biblioteca\/wp-content\/uploads\/sites\/18\/2026\/04\/shared-image-44.jpg?w=1200&amp;ssl=1 1200w, https:\/\/i0.wp.com\/blogs.granada.escolapiosemaus.org\/biblioteca\/wp-content\/uploads\/sites\/18\/2026\/04\/shared-image-44.jpg?w=1800&amp;ssl=1 1800w\" sizes=\"auto, (max-width: 600px) 100vw, 600px\" \/><\/a> <a href=\"https:\/\/i0.wp.com\/blogs.granada.escolapiosemaus.org\/biblioteca\/wp-content\/uploads\/sites\/18\/2026\/04\/shared-image-43.jpg?ssl=1\"><img data-recalc-dims=\"1\" loading=\"lazy\" decoding=\"async\" data-attachment-id=\"6112\" data-permalink=\"https:\/\/blogs.granada.escolapiosemaus.org\/biblioteca\/2026\/04\/23\/dia-del-libro-cuentacuentos-con-infantil\/shared-image-43-2\/\" data-orig-file=\"https:\/\/i0.wp.com\/blogs.granada.escolapiosemaus.org\/biblioteca\/wp-content\/uploads\/sites\/18\/2026\/04\/shared-image-43.jpg?fit=2040%2C1530&amp;ssl=1\" data-orig-size=\"2040,1530\" data-comments-opened=\"1\" data-image-meta=\"{&quot;aperture&quot;:&quot;0&quot;,&quot;credit&quot;:&quot;&quot;,&quot;camera&quot;:&quot;&quot;,&quot;caption&quot;:&quot;&quot;,&quot;created_timestamp&quot;:&quot;0&quot;,&quot;copyright&quot;:&quot;&quot;,&quot;focal_length&quot;:&quot;0&quot;,&quot;iso&quot;:&quot;0&quot;,&quot;shutter_speed&quot;:&quot;0&quot;,&quot;title&quot;:&quot;&quot;,&quot;orientation&quot;:&quot;0&quot;}\" data-image-title=\"shared image (43)\" data-image-description=\"\" data-image-caption=\"\" data-medium-file=\"https:\/\/i0.wp.com\/blogs.granada.escolapiosemaus.org\/biblioteca\/wp-content\/uploads\/sites\/18\/2026\/04\/shared-image-43.jpg?fit=300%2C225&amp;ssl=1\" data-large-file=\"https:\/\/i0.wp.com\/blogs.granada.escolapiosemaus.org\/biblioteca\/wp-content\/uploads\/sites\/18\/2026\/04\/shared-image-43.jpg?fit=600%2C450&amp;ssl=1\" class=\"alignnone size-full wp-image-6112\" src=\"https:\/\/i0.wp.com\/blogs.granada.escolapiosemaus.org\/biblioteca\/wp-content\/uploads\/sites\/18\/2026\/04\/shared-image-43.jpg?resize=600%2C450&#038;ssl=1\" alt=\"\" width=\"600\" height=\"450\" srcset=\"https:\/\/i0.wp.com\/blogs.granada.escolapiosemaus.org\/biblioteca\/wp-content\/uploads\/sites\/18\/2026\/04\/shared-image-43.jpg?w=2040&amp;ssl=1 2040w, https:\/\/i0.wp.com\/blogs.granada.escolapiosemaus.org\/biblioteca\/wp-content\/uploads\/sites\/18\/2026\/04\/shared-image-43.jpg?resize=300%2C225&amp;ssl=1 300w, https:\/\/i0.wp.com\/blogs.granada.escolapiosemaus.org\/biblioteca\/wp-content\/uploads\/sites\/18\/2026\/04\/shared-image-43.jpg?resize=1024%2C768&amp;ssl=1 1024w, https:\/\/i0.wp.com\/blogs.granada.escolapiosemaus.org\/biblioteca\/wp-content\/uploads\/sites\/18\/2026\/04\/shared-image-43.jpg?resize=768%2C576&amp;ssl=1 768w, https:\/\/i0.wp.com\/blogs.granada.escolapiosemaus.org\/biblioteca\/wp-content\/uploads\/sites\/18\/2026\/04\/shared-image-43.jpg?resize=200%2C150&amp;ssl=1 200w, https:\/\/i0.wp.com\/blogs.granada.escolapiosemaus.org\/biblioteca\/wp-content\/uploads\/sites\/18\/2026\/04\/shared-image-43.jpg?resize=1536%2C1152&amp;ssl=1 1536w, https:\/\/i0.wp.com\/blogs.granada.escolapiosemaus.org\/biblioteca\/wp-content\/uploads\/sites\/18\/2026\/04\/shared-image-43.jpg?w=1200&amp;ssl=1 1200w, https:\/\/i0.wp.com\/blogs.granada.escolapiosemaus.org\/biblioteca\/wp-content\/uploads\/sites\/18\/2026\/04\/shared-image-43.jpg?w=1800&amp;ssl=1 1800w\" sizes=\"auto, (max-width: 600px) 100vw, 600px\" \/><\/a> <a href=\"https:\/\/i0.wp.com\/blogs.granada.escolapiosemaus.org\/biblioteca\/wp-content\/uploads\/sites\/18\/2026\/04\/shared-image-42.jpg?ssl=1\"><img data-recalc-dims=\"1\" loading=\"lazy\" decoding=\"async\" data-attachment-id=\"6113\" data-permalink=\"https:\/\/blogs.granada.escolapiosemaus.org\/biblioteca\/2026\/04\/23\/dia-del-libro-cuentacuentos-con-infantil\/shared-image-42-2\/\" data-orig-file=\"https:\/\/i0.wp.com\/blogs.granada.escolapiosemaus.org\/biblioteca\/wp-content\/uploads\/sites\/18\/2026\/04\/shared-image-42.jpg?fit=1530%2C2040&amp;ssl=1\" data-orig-size=\"1530,2040\" data-comments-opened=\"1\" data-image-meta=\"{&quot;aperture&quot;:&quot;0&quot;,&quot;credit&quot;:&quot;&quot;,&quot;camera&quot;:&quot;&quot;,&quot;caption&quot;:&quot;&quot;,&quot;created_timestamp&quot;:&quot;0&quot;,&quot;copyright&quot;:&quot;&quot;,&quot;focal_length&quot;:&quot;0&quot;,&quot;iso&quot;:&quot;0&quot;,&quot;shutter_speed&quot;:&quot;0&quot;,&quot;title&quot;:&quot;&quot;,&quot;orientation&quot;:&quot;0&quot;}\" data-image-title=\"shared image (42)\" data-image-description=\"\" data-image-caption=\"\" data-medium-file=\"https:\/\/i0.wp.com\/blogs.granada.escolapiosemaus.org\/biblioteca\/wp-content\/uploads\/sites\/18\/2026\/04\/shared-image-42.jpg?fit=225%2C300&amp;ssl=1\" data-large-file=\"https:\/\/i0.wp.com\/blogs.granada.escolapiosemaus.org\/biblioteca\/wp-content\/uploads\/sites\/18\/2026\/04\/shared-image-42.jpg?fit=600%2C800&amp;ssl=1\" class=\"alignnone size-full wp-image-6113\" src=\"https:\/\/i0.wp.com\/blogs.granada.escolapiosemaus.org\/biblioteca\/wp-content\/uploads\/sites\/18\/2026\/04\/shared-image-42.jpg?resize=600%2C800&#038;ssl=1\" alt=\"\" width=\"600\" height=\"800\" srcset=\"https:\/\/i0.wp.com\/blogs.granada.escolapiosemaus.org\/biblioteca\/wp-content\/uploads\/sites\/18\/2026\/04\/shared-image-42.jpg?w=1530&amp;ssl=1 1530w, https:\/\/i0.wp.com\/blogs.granada.escolapiosemaus.org\/biblioteca\/wp-content\/uploads\/sites\/18\/2026\/04\/shared-image-42.jpg?resize=225%2C300&amp;ssl=1 225w, https:\/\/i0.wp.com\/blogs.granada.escolapiosemaus.org\/biblioteca\/wp-content\/uploads\/sites\/18\/2026\/04\/shared-image-42.jpg?resize=768%2C1024&amp;ssl=1 768w, https:\/\/i0.wp.com\/blogs.granada.escolapiosemaus.org\/biblioteca\/wp-content\/uploads\/sites\/18\/2026\/04\/shared-image-42.jpg?resize=150%2C200&amp;ssl=1 150w, https:\/\/i0.wp.com\/blogs.granada.escolapiosemaus.org\/biblioteca\/wp-content\/uploads\/sites\/18\/2026\/04\/shared-image-42.jpg?resize=1152%2C1536&amp;ssl=1 1152w\" sizes=\"auto, (max-width: 600px) 100vw, 600px\" \/><\/a> <a href=\"https:\/\/i0.wp.com\/blogs.granada.escolapiosemaus.org\/biblioteca\/wp-content\/uploads\/sites\/18\/2026\/04\/shared-image-41.jpg?ssl=1\"><img data-recalc-dims=\"1\" loading=\"lazy\" decoding=\"async\" data-attachment-id=\"6114\" data-permalink=\"https:\/\/blogs.granada.escolapiosemaus.org\/biblioteca\/2026\/04\/23\/dia-del-libro-cuentacuentos-con-infantil\/shared-image-41-2\/\" data-orig-file=\"https:\/\/i0.wp.com\/blogs.granada.escolapiosemaus.org\/biblioteca\/wp-content\/uploads\/sites\/18\/2026\/04\/shared-image-41.jpg?fit=2040%2C1530&amp;ssl=1\" data-orig-size=\"2040,1530\" data-comments-opened=\"1\" data-image-meta=\"{&quot;aperture&quot;:&quot;0&quot;,&quot;credit&quot;:&quot;&quot;,&quot;camera&quot;:&quot;&quot;,&quot;caption&quot;:&quot;&quot;,&quot;created_timestamp&quot;:&quot;0&quot;,&quot;copyright&quot;:&quot;&quot;,&quot;focal_length&quot;:&quot;0&quot;,&quot;iso&quot;:&quot;0&quot;,&quot;shutter_speed&quot;:&quot;0&quot;,&quot;title&quot;:&quot;&quot;,&quot;orientation&quot;:&quot;0&quot;}\" data-image-title=\"shared image (41)\" data-image-description=\"\" data-image-caption=\"\" data-medium-file=\"https:\/\/i0.wp.com\/blogs.granada.escolapiosemaus.org\/biblioteca\/wp-content\/uploads\/sites\/18\/2026\/04\/shared-image-41.jpg?fit=300%2C225&amp;ssl=1\" data-large-file=\"https:\/\/i0.wp.com\/blogs.granada.escolapiosemaus.org\/biblioteca\/wp-content\/uploads\/sites\/18\/2026\/04\/shared-image-41.jpg?fit=600%2C450&amp;ssl=1\" class=\"alignnone size-full wp-image-6114\" src=\"https:\/\/i0.wp.com\/blogs.granada.escolapiosemaus.org\/biblioteca\/wp-content\/uploads\/sites\/18\/2026\/04\/shared-image-41.jpg?resize=600%2C450&#038;ssl=1\" alt=\"\" width=\"600\" height=\"450\" srcset=\"https:\/\/i0.wp.com\/blogs.granada.escolapiosemaus.org\/biblioteca\/wp-content\/uploads\/sites\/18\/2026\/04\/shared-image-41.jpg?w=2040&amp;ssl=1 2040w, https:\/\/i0.wp.com\/blogs.granada.escolapiosemaus.org\/biblioteca\/wp-content\/uploads\/sites\/18\/2026\/04\/shared-image-41.jpg?resize=300%2C225&amp;ssl=1 300w, https:\/\/i0.wp.com\/blogs.granada.escolapiosemaus.org\/biblioteca\/wp-content\/uploads\/sites\/18\/2026\/04\/shared-image-41.jpg?resize=1024%2C768&amp;ssl=1 1024w, https:\/\/i0.wp.com\/blogs.granada.escolapiosemaus.org\/biblioteca\/wp-content\/uploads\/sites\/18\/2026\/04\/shared-image-41.jpg?resize=768%2C576&amp;ssl=1 768w, https:\/\/i0.wp.com\/blogs.granada.escolapiosemaus.org\/biblioteca\/wp-content\/uploads\/sites\/18\/2026\/04\/shared-image-41.jpg?resize=200%2C150&amp;ssl=1 200w, https:\/\/i0.wp.com\/blogs.granada.escolapiosemaus.org\/biblioteca\/wp-content\/uploads\/sites\/18\/2026\/04\/shared-image-41.jpg?resize=1536%2C1152&amp;ssl=1 1536w, https:\/\/i0.wp.com\/blogs.granada.escolapiosemaus.org\/biblioteca\/wp-content\/uploads\/sites\/18\/2026\/04\/shared-image-41.jpg?w=1200&amp;ssl=1 1200w, https:\/\/i0.wp.com\/blogs.granada.escolapiosemaus.org\/biblioteca\/wp-content\/uploads\/sites\/18\/2026\/04\/shared-image-41.jpg?w=1800&amp;ssl=1 1800w\" sizes=\"auto, (max-width: 600px) 100vw, 600px\" \/><\/a> <a href=\"https:\/\/i0.wp.com\/blogs.granada.escolapiosemaus.org\/biblioteca\/wp-content\/uploads\/sites\/18\/2026\/04\/shared-image-40.jpg?ssl=1\"><img data-recalc-dims=\"1\" loading=\"lazy\" decoding=\"async\" data-attachment-id=\"6115\" data-permalink=\"https:\/\/blogs.granada.escolapiosemaus.org\/biblioteca\/2026\/04\/23\/dia-del-libro-cuentacuentos-con-infantil\/shared-image-40-3\/\" data-orig-file=\"https:\/\/i0.wp.com\/blogs.granada.escolapiosemaus.org\/biblioteca\/wp-content\/uploads\/sites\/18\/2026\/04\/shared-image-40.jpg?fit=1530%2C2040&amp;ssl=1\" data-orig-size=\"1530,2040\" data-comments-opened=\"1\" data-image-meta=\"{&quot;aperture&quot;:&quot;0&quot;,&quot;credit&quot;:&quot;&quot;,&quot;camera&quot;:&quot;&quot;,&quot;caption&quot;:&quot;&quot;,&quot;created_timestamp&quot;:&quot;0&quot;,&quot;copyright&quot;:&quot;&quot;,&quot;focal_length&quot;:&quot;0&quot;,&quot;iso&quot;:&quot;0&quot;,&quot;shutter_speed&quot;:&quot;0&quot;,&quot;title&quot;:&quot;&quot;,&quot;orientation&quot;:&quot;0&quot;}\" data-image-title=\"shared image (40)\" data-image-description=\"\" data-image-caption=\"\" data-medium-file=\"https:\/\/i0.wp.com\/blogs.granada.escolapiosemaus.org\/biblioteca\/wp-content\/uploads\/sites\/18\/2026\/04\/shared-image-40.jpg?fit=225%2C300&amp;ssl=1\" data-large-file=\"https:\/\/i0.wp.com\/blogs.granada.escolapiosemaus.org\/biblioteca\/wp-content\/uploads\/sites\/18\/2026\/04\/shared-image-40.jpg?fit=600%2C800&amp;ssl=1\" class=\"alignnone size-full wp-image-6115\" src=\"https:\/\/i0.wp.com\/blogs.granada.escolapiosemaus.org\/biblioteca\/wp-content\/uploads\/sites\/18\/2026\/04\/shared-image-40.jpg?resize=600%2C800&#038;ssl=1\" alt=\"\" width=\"600\" height=\"800\" srcset=\"https:\/\/i0.wp.com\/blogs.granada.escolapiosemaus.org\/biblioteca\/wp-content\/uploads\/sites\/18\/2026\/04\/shared-image-40.jpg?w=1530&amp;ssl=1 1530w, https:\/\/i0.wp.com\/blogs.granada.escolapiosemaus.org\/biblioteca\/wp-content\/uploads\/sites\/18\/2026\/04\/shared-image-40.jpg?resize=225%2C300&amp;ssl=1 225w, https:\/\/i0.wp.com\/blogs.granada.escolapiosemaus.org\/biblioteca\/wp-content\/uploads\/sites\/18\/2026\/04\/shared-image-40.jpg?resize=768%2C1024&amp;ssl=1 768w, https:\/\/i0.wp.com\/blogs.granada.escolapiosemaus.org\/biblioteca\/wp-content\/uploads\/sites\/18\/2026\/04\/shared-image-40.jpg?resize=150%2C200&amp;ssl=1 150w, https:\/\/i0.wp.com\/blogs.granada.escolapiosemaus.org\/biblioteca\/wp-content\/uploads\/sites\/18\/2026\/04\/shared-image-40.jpg?resize=1152%2C1536&amp;ssl=1 1152w\" sizes=\"auto, (max-width: 600px) 100vw, 600px\" \/><\/a> <a href=\"https:\/\/i0.wp.com\/blogs.granada.escolapiosemaus.org\/biblioteca\/wp-content\/uploads\/sites\/18\/2026\/04\/shared-image-39.jpg?ssl=1\"><img data-recalc-dims=\"1\" loading=\"lazy\" decoding=\"async\" data-attachment-id=\"6116\" data-permalink=\"https:\/\/blogs.granada.escolapiosemaus.org\/biblioteca\/2026\/04\/23\/dia-del-libro-cuentacuentos-con-infantil\/shared-image-39-3\/\" data-orig-file=\"https:\/\/i0.wp.com\/blogs.granada.escolapiosemaus.org\/biblioteca\/wp-content\/uploads\/sites\/18\/2026\/04\/shared-image-39.jpg?fit=1530%2C2040&amp;ssl=1\" data-orig-size=\"1530,2040\" data-comments-opened=\"1\" data-image-meta=\"{&quot;aperture&quot;:&quot;0&quot;,&quot;credit&quot;:&quot;&quot;,&quot;camera&quot;:&quot;&quot;,&quot;caption&quot;:&quot;&quot;,&quot;created_timestamp&quot;:&quot;0&quot;,&quot;copyright&quot;:&quot;&quot;,&quot;focal_length&quot;:&quot;0&quot;,&quot;iso&quot;:&quot;0&quot;,&quot;shutter_speed&quot;:&quot;0&quot;,&quot;title&quot;:&quot;&quot;,&quot;orientation&quot;:&quot;0&quot;}\" data-image-title=\"shared image (39)\" data-image-description=\"\" data-image-caption=\"\" data-medium-file=\"https:\/\/i0.wp.com\/blogs.granada.escolapiosemaus.org\/biblioteca\/wp-content\/uploads\/sites\/18\/2026\/04\/shared-image-39.jpg?fit=225%2C300&amp;ssl=1\" data-large-file=\"https:\/\/i0.wp.com\/blogs.granada.escolapiosemaus.org\/biblioteca\/wp-content\/uploads\/sites\/18\/2026\/04\/shared-image-39.jpg?fit=600%2C800&amp;ssl=1\" class=\"alignnone size-full wp-image-6116\" src=\"https:\/\/i0.wp.com\/blogs.granada.escolapiosemaus.org\/biblioteca\/wp-content\/uploads\/sites\/18\/2026\/04\/shared-image-39.jpg?resize=600%2C800&#038;ssl=1\" alt=\"\" width=\"600\" height=\"800\" srcset=\"https:\/\/i0.wp.com\/blogs.granada.escolapiosemaus.org\/biblioteca\/wp-content\/uploads\/sites\/18\/2026\/04\/shared-image-39.jpg?w=1530&amp;ssl=1 1530w, https:\/\/i0.wp.com\/blogs.granada.escolapiosemaus.org\/biblioteca\/wp-content\/uploads\/sites\/18\/2026\/04\/shared-image-39.jpg?resize=225%2C300&amp;ssl=1 225w, https:\/\/i0.wp.com\/blogs.granada.escolapiosemaus.org\/biblioteca\/wp-content\/uploads\/sites\/18\/2026\/04\/shared-image-39.jpg?resize=768%2C1024&amp;ssl=1 768w, https:\/\/i0.wp.com\/blogs.granada.escolapiosemaus.org\/biblioteca\/wp-content\/uploads\/sites\/18\/2026\/04\/shared-image-39.jpg?resize=150%2C200&amp;ssl=1 150w, https:\/\/i0.wp.com\/blogs.granada.escolapiosemaus.org\/biblioteca\/wp-content\/uploads\/sites\/18\/2026\/04\/shared-image-39.jpg?resize=1152%2C1536&amp;ssl=1 1152w\" sizes=\"auto, (max-width: 600px) 100vw, 600px\" \/><\/a> <a href=\"https:\/\/i0.wp.com\/blogs.granada.escolapiosemaus.org\/biblioteca\/wp-content\/uploads\/sites\/18\/2026\/04\/shared-image-38.jpg?ssl=1\"><img data-recalc-dims=\"1\" loading=\"lazy\" decoding=\"async\" data-attachment-id=\"6117\" data-permalink=\"https:\/\/blogs.granada.escolapiosemaus.org\/biblioteca\/2026\/04\/23\/dia-del-libro-cuentacuentos-con-infantil\/shared-image-38-3\/\" data-orig-file=\"https:\/\/i0.wp.com\/blogs.granada.escolapiosemaus.org\/biblioteca\/wp-content\/uploads\/sites\/18\/2026\/04\/shared-image-38.jpg?fit=1530%2C2040&amp;ssl=1\" data-orig-size=\"1530,2040\" data-comments-opened=\"1\" data-image-meta=\"{&quot;aperture&quot;:&quot;0&quot;,&quot;credit&quot;:&quot;&quot;,&quot;camera&quot;:&quot;&quot;,&quot;caption&quot;:&quot;&quot;,&quot;created_timestamp&quot;:&quot;0&quot;,&quot;copyright&quot;:&quot;&quot;,&quot;focal_length&quot;:&quot;0&quot;,&quot;iso&quot;:&quot;0&quot;,&quot;shutter_speed&quot;:&quot;0&quot;,&quot;title&quot;:&quot;&quot;,&quot;orientation&quot;:&quot;0&quot;}\" data-image-title=\"shared image (38)\" data-image-description=\"\" data-image-caption=\"\" data-medium-file=\"https:\/\/i0.wp.com\/blogs.granada.escolapiosemaus.org\/biblioteca\/wp-content\/uploads\/sites\/18\/2026\/04\/shared-image-38.jpg?fit=225%2C300&amp;ssl=1\" data-large-file=\"https:\/\/i0.wp.com\/blogs.granada.escolapiosemaus.org\/biblioteca\/wp-content\/uploads\/sites\/18\/2026\/04\/shared-image-38.jpg?fit=600%2C800&amp;ssl=1\" class=\"alignnone size-full wp-image-6117\" src=\"https:\/\/i0.wp.com\/blogs.granada.escolapiosemaus.org\/biblioteca\/wp-content\/uploads\/sites\/18\/2026\/04\/shared-image-38.jpg?resize=600%2C800&#038;ssl=1\" alt=\"\" width=\"600\" height=\"800\" srcset=\"https:\/\/i0.wp.com\/blogs.granada.escolapiosemaus.org\/biblioteca\/wp-content\/uploads\/sites\/18\/2026\/04\/shared-image-38.jpg?w=1530&amp;ssl=1 1530w, https:\/\/i0.wp.com\/blogs.granada.escolapiosemaus.org\/biblioteca\/wp-content\/uploads\/sites\/18\/2026\/04\/shared-image-38.jpg?resize=225%2C300&amp;ssl=1 225w, https:\/\/i0.wp.com\/blogs.granada.escolapiosemaus.org\/biblioteca\/wp-content\/uploads\/sites\/18\/2026\/04\/shared-image-38.jpg?resize=768%2C1024&amp;ssl=1 768w, https:\/\/i0.wp.com\/blogs.granada.escolapiosemaus.org\/biblioteca\/wp-content\/uploads\/sites\/18\/2026\/04\/shared-image-38.jpg?resize=150%2C200&amp;ssl=1 150w, https:\/\/i0.wp.com\/blogs.granada.escolapiosemaus.org\/biblioteca\/wp-content\/uploads\/sites\/18\/2026\/04\/shared-image-38.jpg?resize=1152%2C1536&amp;ssl=1 1152w\" sizes=\"auto, (max-width: 600px) 100vw, 600px\" \/><\/a> <a href=\"https:\/\/i0.wp.com\/blogs.granada.escolapiosemaus.org\/biblioteca\/wp-content\/uploads\/sites\/18\/2026\/04\/shared-image-37.jpg?ssl=1\"><img data-recalc-dims=\"1\" loading=\"lazy\" decoding=\"async\" data-attachment-id=\"6118\" data-permalink=\"https:\/\/blogs.granada.escolapiosemaus.org\/biblioteca\/2026\/04\/23\/dia-del-libro-cuentacuentos-con-infantil\/shared-image-37-3\/\" data-orig-file=\"https:\/\/i0.wp.com\/blogs.granada.escolapiosemaus.org\/biblioteca\/wp-content\/uploads\/sites\/18\/2026\/04\/shared-image-37.jpg?fit=1530%2C2040&amp;ssl=1\" data-orig-size=\"1530,2040\" data-comments-opened=\"1\" data-image-meta=\"{&quot;aperture&quot;:&quot;0&quot;,&quot;credit&quot;:&quot;&quot;,&quot;camera&quot;:&quot;&quot;,&quot;caption&quot;:&quot;&quot;,&quot;created_timestamp&quot;:&quot;0&quot;,&quot;copyright&quot;:&quot;&quot;,&quot;focal_length&quot;:&quot;0&quot;,&quot;iso&quot;:&quot;0&quot;,&quot;shutter_speed&quot;:&quot;0&quot;,&quot;title&quot;:&quot;&quot;,&quot;orientation&quot;:&quot;0&quot;}\" data-image-title=\"shared image (37)\" data-image-description=\"\" data-image-caption=\"\" data-medium-file=\"https:\/\/i0.wp.com\/blogs.granada.escolapiosemaus.org\/biblioteca\/wp-content\/uploads\/sites\/18\/2026\/04\/shared-image-37.jpg?fit=225%2C300&amp;ssl=1\" data-large-file=\"https:\/\/i0.wp.com\/blogs.granada.escolapiosemaus.org\/biblioteca\/wp-content\/uploads\/sites\/18\/2026\/04\/shared-image-37.jpg?fit=600%2C800&amp;ssl=1\" class=\"alignnone size-full wp-image-6118\" src=\"https:\/\/i0.wp.com\/blogs.granada.escolapiosemaus.org\/biblioteca\/wp-content\/uploads\/sites\/18\/2026\/04\/shared-image-37.jpg?resize=600%2C800&#038;ssl=1\" alt=\"\" width=\"600\" height=\"800\" srcset=\"https:\/\/i0.wp.com\/blogs.granada.escolapiosemaus.org\/biblioteca\/wp-content\/uploads\/sites\/18\/2026\/04\/shared-image-37.jpg?w=1530&amp;ssl=1 1530w, https:\/\/i0.wp.com\/blogs.granada.escolapiosemaus.org\/biblioteca\/wp-content\/uploads\/sites\/18\/2026\/04\/shared-image-37.jpg?resize=225%2C300&amp;ssl=1 225w, https:\/\/i0.wp.com\/blogs.granada.escolapiosemaus.org\/biblioteca\/wp-content\/uploads\/sites\/18\/2026\/04\/shared-image-37.jpg?resize=768%2C1024&amp;ssl=1 768w, https:\/\/i0.wp.com\/blogs.granada.escolapiosemaus.org\/biblioteca\/wp-content\/uploads\/sites\/18\/2026\/04\/shared-image-37.jpg?resize=150%2C200&amp;ssl=1 150w, https:\/\/i0.wp.com\/blogs.granada.escolapiosemaus.org\/biblioteca\/wp-content\/uploads\/sites\/18\/2026\/04\/shared-image-37.jpg?resize=1152%2C1536&amp;ssl=1 1152w\" sizes=\"auto, (max-width: 600px) 100vw, 600px\" \/><\/a> <a href=\"https:\/\/i0.wp.com\/blogs.granada.escolapiosemaus.org\/biblioteca\/wp-content\/uploads\/sites\/18\/2026\/04\/shared-image-36.jpg?ssl=1\"><img data-recalc-dims=\"1\" loading=\"lazy\" decoding=\"async\" data-attachment-id=\"6119\" data-permalink=\"https:\/\/blogs.granada.escolapiosemaus.org\/biblioteca\/2026\/04\/23\/dia-del-libro-cuentacuentos-con-infantil\/shared-image-36-3\/\" data-orig-file=\"https:\/\/i0.wp.com\/blogs.granada.escolapiosemaus.org\/biblioteca\/wp-content\/uploads\/sites\/18\/2026\/04\/shared-image-36.jpg?fit=1530%2C2040&amp;ssl=1\" data-orig-size=\"1530,2040\" data-comments-opened=\"1\" data-image-meta=\"{&quot;aperture&quot;:&quot;0&quot;,&quot;credit&quot;:&quot;&quot;,&quot;camera&quot;:&quot;&quot;,&quot;caption&quot;:&quot;&quot;,&quot;created_timestamp&quot;:&quot;0&quot;,&quot;copyright&quot;:&quot;&quot;,&quot;focal_length&quot;:&quot;0&quot;,&quot;iso&quot;:&quot;0&quot;,&quot;shutter_speed&quot;:&quot;0&quot;,&quot;title&quot;:&quot;&quot;,&quot;orientation&quot;:&quot;0&quot;}\" data-image-title=\"shared image (36)\" data-image-description=\"\" data-image-caption=\"\" data-medium-file=\"https:\/\/i0.wp.com\/blogs.granada.escolapiosemaus.org\/biblioteca\/wp-content\/uploads\/sites\/18\/2026\/04\/shared-image-36.jpg?fit=225%2C300&amp;ssl=1\" data-large-file=\"https:\/\/i0.wp.com\/blogs.granada.escolapiosemaus.org\/biblioteca\/wp-content\/uploads\/sites\/18\/2026\/04\/shared-image-36.jpg?fit=600%2C800&amp;ssl=1\" class=\"alignnone size-full wp-image-6119\" src=\"https:\/\/i0.wp.com\/blogs.granada.escolapiosemaus.org\/biblioteca\/wp-content\/uploads\/sites\/18\/2026\/04\/shared-image-36.jpg?resize=600%2C800&#038;ssl=1\" alt=\"\" width=\"600\" height=\"800\" srcset=\"https:\/\/i0.wp.com\/blogs.granada.escolapiosemaus.org\/biblioteca\/wp-content\/uploads\/sites\/18\/2026\/04\/shared-image-36.jpg?w=1530&amp;ssl=1 1530w, https:\/\/i0.wp.com\/blogs.granada.escolapiosemaus.org\/biblioteca\/wp-content\/uploads\/sites\/18\/2026\/04\/shared-image-36.jpg?resize=225%2C300&amp;ssl=1 225w, https:\/\/i0.wp.com\/blogs.granada.escolapiosemaus.org\/biblioteca\/wp-content\/uploads\/sites\/18\/2026\/04\/shared-image-36.jpg?resize=768%2C1024&amp;ssl=1 768w, https:\/\/i0.wp.com\/blogs.granada.escolapiosemaus.org\/biblioteca\/wp-content\/uploads\/sites\/18\/2026\/04\/shared-image-36.jpg?resize=150%2C200&amp;ssl=1 150w, https:\/\/i0.wp.com\/blogs.granada.escolapiosemaus.org\/biblioteca\/wp-content\/uploads\/sites\/18\/2026\/04\/shared-image-36.jpg?resize=1152%2C1536&amp;ssl=1 1152w\" sizes=\"auto, (max-width: 600px) 100vw, 600px\" \/><\/a> <a href=\"https:\/\/i0.wp.com\/blogs.granada.escolapiosemaus.org\/biblioteca\/wp-content\/uploads\/sites\/18\/2026\/04\/shared-image-35.jpg?ssl=1\"><img data-recalc-dims=\"1\" loading=\"lazy\" decoding=\"async\" data-attachment-id=\"6120\" data-permalink=\"https:\/\/blogs.granada.escolapiosemaus.org\/biblioteca\/2026\/04\/23\/dia-del-libro-cuentacuentos-con-infantil\/shared-image-35-3\/\" data-orig-file=\"https:\/\/i0.wp.com\/blogs.granada.escolapiosemaus.org\/biblioteca\/wp-content\/uploads\/sites\/18\/2026\/04\/shared-image-35.jpg?fit=1530%2C2040&amp;ssl=1\" data-orig-size=\"1530,2040\" data-comments-opened=\"1\" data-image-meta=\"{&quot;aperture&quot;:&quot;0&quot;,&quot;credit&quot;:&quot;&quot;,&quot;camera&quot;:&quot;&quot;,&quot;caption&quot;:&quot;&quot;,&quot;created_timestamp&quot;:&quot;0&quot;,&quot;copyright&quot;:&quot;&quot;,&quot;focal_length&quot;:&quot;0&quot;,&quot;iso&quot;:&quot;0&quot;,&quot;shutter_speed&quot;:&quot;0&quot;,&quot;title&quot;:&quot;&quot;,&quot;orientation&quot;:&quot;0&quot;}\" data-image-title=\"shared image (35)\" data-image-description=\"\" data-image-caption=\"\" data-medium-file=\"https:\/\/i0.wp.com\/blogs.granada.escolapiosemaus.org\/biblioteca\/wp-content\/uploads\/sites\/18\/2026\/04\/shared-image-35.jpg?fit=225%2C300&amp;ssl=1\" data-large-file=\"https:\/\/i0.wp.com\/blogs.granada.escolapiosemaus.org\/biblioteca\/wp-content\/uploads\/sites\/18\/2026\/04\/shared-image-35.jpg?fit=600%2C800&amp;ssl=1\" class=\"alignnone size-full wp-image-6120\" src=\"https:\/\/i0.wp.com\/blogs.granada.escolapiosemaus.org\/biblioteca\/wp-content\/uploads\/sites\/18\/2026\/04\/shared-image-35.jpg?resize=600%2C800&#038;ssl=1\" alt=\"\" width=\"600\" height=\"800\" srcset=\"https:\/\/i0.wp.com\/blogs.granada.escolapiosemaus.org\/biblioteca\/wp-content\/uploads\/sites\/18\/2026\/04\/shared-image-35.jpg?w=1530&amp;ssl=1 1530w, https:\/\/i0.wp.com\/blogs.granada.escolapiosemaus.org\/biblioteca\/wp-content\/uploads\/sites\/18\/2026\/04\/shared-image-35.jpg?resize=225%2C300&amp;ssl=1 225w, https:\/\/i0.wp.com\/blogs.granada.escolapiosemaus.org\/biblioteca\/wp-content\/uploads\/sites\/18\/2026\/04\/shared-image-35.jpg?resize=768%2C1024&amp;ssl=1 768w, https:\/\/i0.wp.com\/blogs.granada.escolapiosemaus.org\/biblioteca\/wp-content\/uploads\/sites\/18\/2026\/04\/shared-image-35.jpg?resize=150%2C200&amp;ssl=1 150w, https:\/\/i0.wp.com\/blogs.granada.escolapiosemaus.org\/biblioteca\/wp-content\/uploads\/sites\/18\/2026\/04\/shared-image-35.jpg?resize=1152%2C1536&amp;ssl=1 1152w\" sizes=\"auto, (max-width: 600px) 100vw, 600px\" \/><\/a> <a href=\"https:\/\/i0.wp.com\/blogs.granada.escolapiosemaus.org\/biblioteca\/wp-content\/uploads\/sites\/18\/2026\/04\/shared-image-34.jpg?ssl=1\"><img data-recalc-dims=\"1\" loading=\"lazy\" decoding=\"async\" data-attachment-id=\"6121\" data-permalink=\"https:\/\/blogs.granada.escolapiosemaus.org\/biblioteca\/2026\/04\/23\/dia-del-libro-cuentacuentos-con-infantil\/shared-image-34-3\/\" data-orig-file=\"https:\/\/i0.wp.com\/blogs.granada.escolapiosemaus.org\/biblioteca\/wp-content\/uploads\/sites\/18\/2026\/04\/shared-image-34.jpg?fit=1530%2C2040&amp;ssl=1\" data-orig-size=\"1530,2040\" data-comments-opened=\"1\" data-image-meta=\"{&quot;aperture&quot;:&quot;0&quot;,&quot;credit&quot;:&quot;&quot;,&quot;camera&quot;:&quot;&quot;,&quot;caption&quot;:&quot;&quot;,&quot;created_timestamp&quot;:&quot;0&quot;,&quot;copyright&quot;:&quot;&quot;,&quot;focal_length&quot;:&quot;0&quot;,&quot;iso&quot;:&quot;0&quot;,&quot;shutter_speed&quot;:&quot;0&quot;,&quot;title&quot;:&quot;&quot;,&quot;orientation&quot;:&quot;0&quot;}\" data-image-title=\"shared image (34)\" data-image-description=\"\" data-image-caption=\"\" data-medium-file=\"https:\/\/i0.wp.com\/blogs.granada.escolapiosemaus.org\/biblioteca\/wp-content\/uploads\/sites\/18\/2026\/04\/shared-image-34.jpg?fit=225%2C300&amp;ssl=1\" data-large-file=\"https:\/\/i0.wp.com\/blogs.granada.escolapiosemaus.org\/biblioteca\/wp-content\/uploads\/sites\/18\/2026\/04\/shared-image-34.jpg?fit=600%2C800&amp;ssl=1\" class=\"alignnone size-full wp-image-6121\" src=\"https:\/\/i0.wp.com\/blogs.granada.escolapiosemaus.org\/biblioteca\/wp-content\/uploads\/sites\/18\/2026\/04\/shared-image-34.jpg?resize=600%2C800&#038;ssl=1\" alt=\"\" width=\"600\" height=\"800\" srcset=\"https:\/\/i0.wp.com\/blogs.granada.escolapiosemaus.org\/biblioteca\/wp-content\/uploads\/sites\/18\/2026\/04\/shared-image-34.jpg?w=1530&amp;ssl=1 1530w, https:\/\/i0.wp.com\/blogs.granada.escolapiosemaus.org\/biblioteca\/wp-content\/uploads\/sites\/18\/2026\/04\/shared-image-34.jpg?resize=225%2C300&amp;ssl=1 225w, https:\/\/i0.wp.com\/blogs.granada.escolapiosemaus.org\/biblioteca\/wp-content\/uploads\/sites\/18\/2026\/04\/shared-image-34.jpg?resize=768%2C1024&amp;ssl=1 768w, https:\/\/i0.wp.com\/blogs.granada.escolapiosemaus.org\/biblioteca\/wp-content\/uploads\/sites\/18\/2026\/04\/shared-image-34.jpg?resize=150%2C200&amp;ssl=1 150w, https:\/\/i0.wp.com\/blogs.granada.escolapiosemaus.org\/biblioteca\/wp-content\/uploads\/sites\/18\/2026\/04\/shared-image-34.jpg?resize=1152%2C1536&amp;ssl=1 1152w\" sizes=\"auto, (max-width: 600px) 100vw, 600px\" \/><\/a> <a href=\"https:\/\/i0.wp.com\/blogs.granada.escolapiosemaus.org\/biblioteca\/wp-content\/uploads\/sites\/18\/2026\/04\/shared-image-33.jpg?ssl=1\"><img data-recalc-dims=\"1\" loading=\"lazy\" decoding=\"async\" data-attachment-id=\"6122\" data-permalink=\"https:\/\/blogs.granada.escolapiosemaus.org\/biblioteca\/2026\/04\/23\/dia-del-libro-cuentacuentos-con-infantil\/shared-image-33-3\/\" data-orig-file=\"https:\/\/i0.wp.com\/blogs.granada.escolapiosemaus.org\/biblioteca\/wp-content\/uploads\/sites\/18\/2026\/04\/shared-image-33.jpg?fit=1530%2C2040&amp;ssl=1\" data-orig-size=\"1530,2040\" data-comments-opened=\"1\" data-image-meta=\"{&quot;aperture&quot;:&quot;0&quot;,&quot;credit&quot;:&quot;&quot;,&quot;camera&quot;:&quot;&quot;,&quot;caption&quot;:&quot;&quot;,&quot;created_timestamp&quot;:&quot;0&quot;,&quot;copyright&quot;:&quot;&quot;,&quot;focal_length&quot;:&quot;0&quot;,&quot;iso&quot;:&quot;0&quot;,&quot;shutter_speed&quot;:&quot;0&quot;,&quot;title&quot;:&quot;&quot;,&quot;orientation&quot;:&quot;0&quot;}\" data-image-title=\"shared image (33)\" data-image-description=\"\" data-image-caption=\"\" data-medium-file=\"https:\/\/i0.wp.com\/blogs.granada.escolapiosemaus.org\/biblioteca\/wp-content\/uploads\/sites\/18\/2026\/04\/shared-image-33.jpg?fit=225%2C300&amp;ssl=1\" data-large-file=\"https:\/\/i0.wp.com\/blogs.granada.escolapiosemaus.org\/biblioteca\/wp-content\/uploads\/sites\/18\/2026\/04\/shared-image-33.jpg?fit=600%2C800&amp;ssl=1\" class=\"alignnone size-full wp-image-6122\" src=\"https:\/\/i0.wp.com\/blogs.granada.escolapiosemaus.org\/biblioteca\/wp-content\/uploads\/sites\/18\/2026\/04\/shared-image-33.jpg?resize=600%2C800&#038;ssl=1\" alt=\"\" width=\"600\" height=\"800\" srcset=\"https:\/\/i0.wp.com\/blogs.granada.escolapiosemaus.org\/biblioteca\/wp-content\/uploads\/sites\/18\/2026\/04\/shared-image-33.jpg?w=1530&amp;ssl=1 1530w, https:\/\/i0.wp.com\/blogs.granada.escolapiosemaus.org\/biblioteca\/wp-content\/uploads\/sites\/18\/2026\/04\/shared-image-33.jpg?resize=225%2C300&amp;ssl=1 225w, https:\/\/i0.wp.com\/blogs.granada.escolapiosemaus.org\/biblioteca\/wp-content\/uploads\/sites\/18\/2026\/04\/shared-image-33.jpg?resize=768%2C1024&amp;ssl=1 768w, https:\/\/i0.wp.com\/blogs.granada.escolapiosemaus.org\/biblioteca\/wp-content\/uploads\/sites\/18\/2026\/04\/shared-image-33.jpg?resize=150%2C200&amp;ssl=1 150w, https:\/\/i0.wp.com\/blogs.granada.escolapiosemaus.org\/biblioteca\/wp-content\/uploads\/sites\/18\/2026\/04\/shared-image-33.jpg?resize=1152%2C1536&amp;ssl=1 1152w\" sizes=\"auto, (max-width: 600px) 100vw, 600px\" \/><\/a> <a href=\"https:\/\/i0.wp.com\/blogs.granada.escolapiosemaus.org\/biblioteca\/wp-content\/uploads\/sites\/18\/2026\/04\/shared-image-32.jpg?ssl=1\"><img data-recalc-dims=\"1\" loading=\"lazy\" decoding=\"async\" data-attachment-id=\"6123\" data-permalink=\"https:\/\/blogs.granada.escolapiosemaus.org\/biblioteca\/2026\/04\/23\/dia-del-libro-cuentacuentos-con-infantil\/shared-image-32-3\/\" data-orig-file=\"https:\/\/i0.wp.com\/blogs.granada.escolapiosemaus.org\/biblioteca\/wp-content\/uploads\/sites\/18\/2026\/04\/shared-image-32.jpg?fit=1530%2C2040&amp;ssl=1\" data-orig-size=\"1530,2040\" data-comments-opened=\"1\" data-image-meta=\"{&quot;aperture&quot;:&quot;0&quot;,&quot;credit&quot;:&quot;&quot;,&quot;camera&quot;:&quot;&quot;,&quot;caption&quot;:&quot;&quot;,&quot;created_timestamp&quot;:&quot;0&quot;,&quot;copyright&quot;:&quot;&quot;,&quot;focal_length&quot;:&quot;0&quot;,&quot;iso&quot;:&quot;0&quot;,&quot;shutter_speed&quot;:&quot;0&quot;,&quot;title&quot;:&quot;&quot;,&quot;orientation&quot;:&quot;0&quot;}\" data-image-title=\"shared image (32)\" data-image-description=\"\" data-image-caption=\"\" data-medium-file=\"https:\/\/i0.wp.com\/blogs.granada.escolapiosemaus.org\/biblioteca\/wp-content\/uploads\/sites\/18\/2026\/04\/shared-image-32.jpg?fit=225%2C300&amp;ssl=1\" data-large-file=\"https:\/\/i0.wp.com\/blogs.granada.escolapiosemaus.org\/biblioteca\/wp-content\/uploads\/sites\/18\/2026\/04\/shared-image-32.jpg?fit=600%2C800&amp;ssl=1\" class=\"alignnone size-full wp-image-6123\" src=\"https:\/\/i0.wp.com\/blogs.granada.escolapiosemaus.org\/biblioteca\/wp-content\/uploads\/sites\/18\/2026\/04\/shared-image-32.jpg?resize=600%2C800&#038;ssl=1\" alt=\"\" width=\"600\" height=\"800\" srcset=\"https:\/\/i0.wp.com\/blogs.granada.escolapiosemaus.org\/biblioteca\/wp-content\/uploads\/sites\/18\/2026\/04\/shared-image-32.jpg?w=1530&amp;ssl=1 1530w, https:\/\/i0.wp.com\/blogs.granada.escolapiosemaus.org\/biblioteca\/wp-content\/uploads\/sites\/18\/2026\/04\/shared-image-32.jpg?resize=225%2C300&amp;ssl=1 225w, https:\/\/i0.wp.com\/blogs.granada.escolapiosemaus.org\/biblioteca\/wp-content\/uploads\/sites\/18\/2026\/04\/shared-image-32.jpg?resize=768%2C1024&amp;ssl=1 768w, https:\/\/i0.wp.com\/blogs.granada.escolapiosemaus.org\/biblioteca\/wp-content\/uploads\/sites\/18\/2026\/04\/shared-image-32.jpg?resize=150%2C200&amp;ssl=1 150w, https:\/\/i0.wp.com\/blogs.granada.escolapiosemaus.org\/biblioteca\/wp-content\/uploads\/sites\/18\/2026\/04\/shared-image-32.jpg?resize=1152%2C1536&amp;ssl=1 1152w\" sizes=\"auto, (max-width: 600px) 100vw, 600px\" \/><\/a> <a href=\"https:\/\/i0.wp.com\/blogs.granada.escolapiosemaus.org\/biblioteca\/wp-content\/uploads\/sites\/18\/2026\/04\/shared-image-31.jpg?ssl=1\"><img data-recalc-dims=\"1\" loading=\"lazy\" decoding=\"async\" data-attachment-id=\"6124\" data-permalink=\"https:\/\/blogs.granada.escolapiosemaus.org\/biblioteca\/2026\/04\/23\/dia-del-libro-cuentacuentos-con-infantil\/shared-image-31-3\/\" data-orig-file=\"https:\/\/i0.wp.com\/blogs.granada.escolapiosemaus.org\/biblioteca\/wp-content\/uploads\/sites\/18\/2026\/04\/shared-image-31.jpg?fit=1530%2C2040&amp;ssl=1\" data-orig-size=\"1530,2040\" data-comments-opened=\"1\" data-image-meta=\"{&quot;aperture&quot;:&quot;0&quot;,&quot;credit&quot;:&quot;&quot;,&quot;camera&quot;:&quot;&quot;,&quot;caption&quot;:&quot;&quot;,&quot;created_timestamp&quot;:&quot;0&quot;,&quot;copyright&quot;:&quot;&quot;,&quot;focal_length&quot;:&quot;0&quot;,&quot;iso&quot;:&quot;0&quot;,&quot;shutter_speed&quot;:&quot;0&quot;,&quot;title&quot;:&quot;&quot;,&quot;orientation&quot;:&quot;0&quot;}\" data-image-title=\"shared image (31)\" data-image-description=\"\" data-image-caption=\"\" data-medium-file=\"https:\/\/i0.wp.com\/blogs.granada.escolapiosemaus.org\/biblioteca\/wp-content\/uploads\/sites\/18\/2026\/04\/shared-image-31.jpg?fit=225%2C300&amp;ssl=1\" data-large-file=\"https:\/\/i0.wp.com\/blogs.granada.escolapiosemaus.org\/biblioteca\/wp-content\/uploads\/sites\/18\/2026\/04\/shared-image-31.jpg?fit=600%2C800&amp;ssl=1\" class=\"alignnone size-full wp-image-6124\" src=\"https:\/\/i0.wp.com\/blogs.granada.escolapiosemaus.org\/biblioteca\/wp-content\/uploads\/sites\/18\/2026\/04\/shared-image-31.jpg?resize=600%2C800&#038;ssl=1\" alt=\"\" width=\"600\" height=\"800\" srcset=\"https:\/\/i0.wp.com\/blogs.granada.escolapiosemaus.org\/biblioteca\/wp-content\/uploads\/sites\/18\/2026\/04\/shared-image-31.jpg?w=1530&amp;ssl=1 1530w, https:\/\/i0.wp.com\/blogs.granada.escolapiosemaus.org\/biblioteca\/wp-content\/uploads\/sites\/18\/2026\/04\/shared-image-31.jpg?resize=225%2C300&amp;ssl=1 225w, https:\/\/i0.wp.com\/blogs.granada.escolapiosemaus.org\/biblioteca\/wp-content\/uploads\/sites\/18\/2026\/04\/shared-image-31.jpg?resize=768%2C1024&amp;ssl=1 768w, https:\/\/i0.wp.com\/blogs.granada.escolapiosemaus.org\/biblioteca\/wp-content\/uploads\/sites\/18\/2026\/04\/shared-image-31.jpg?resize=150%2C200&amp;ssl=1 150w, https:\/\/i0.wp.com\/blogs.granada.escolapiosemaus.org\/biblioteca\/wp-content\/uploads\/sites\/18\/2026\/04\/shared-image-31.jpg?resize=1152%2C1536&amp;ssl=1 1152w\" sizes=\"auto, (max-width: 600px) 100vw, 600px\" \/><\/a> <a href=\"https:\/\/i0.wp.com\/blogs.granada.escolapiosemaus.org\/biblioteca\/wp-content\/uploads\/sites\/18\/2026\/04\/shared-image-30.jpg?ssl=1\"><img data-recalc-dims=\"1\" loading=\"lazy\" decoding=\"async\" data-attachment-id=\"6125\" data-permalink=\"https:\/\/blogs.granada.escolapiosemaus.org\/biblioteca\/2026\/04\/23\/dia-del-libro-cuentacuentos-con-infantil\/shared-image-30-3\/\" data-orig-file=\"https:\/\/i0.wp.com\/blogs.granada.escolapiosemaus.org\/biblioteca\/wp-content\/uploads\/sites\/18\/2026\/04\/shared-image-30.jpg?fit=1530%2C2040&amp;ssl=1\" data-orig-size=\"1530,2040\" data-comments-opened=\"1\" data-image-meta=\"{&quot;aperture&quot;:&quot;0&quot;,&quot;credit&quot;:&quot;&quot;,&quot;camera&quot;:&quot;&quot;,&quot;caption&quot;:&quot;&quot;,&quot;created_timestamp&quot;:&quot;0&quot;,&quot;copyright&quot;:&quot;&quot;,&quot;focal_length&quot;:&quot;0&quot;,&quot;iso&quot;:&quot;0&quot;,&quot;shutter_speed&quot;:&quot;0&quot;,&quot;title&quot;:&quot;&quot;,&quot;orientation&quot;:&quot;0&quot;}\" data-image-title=\"shared image (30)\" data-image-description=\"\" data-image-caption=\"\" data-medium-file=\"https:\/\/i0.wp.com\/blogs.granada.escolapiosemaus.org\/biblioteca\/wp-content\/uploads\/sites\/18\/2026\/04\/shared-image-30.jpg?fit=225%2C300&amp;ssl=1\" data-large-file=\"https:\/\/i0.wp.com\/blogs.granada.escolapiosemaus.org\/biblioteca\/wp-content\/uploads\/sites\/18\/2026\/04\/shared-image-30.jpg?fit=600%2C800&amp;ssl=1\" class=\"alignnone size-full wp-image-6125\" src=\"https:\/\/i0.wp.com\/blogs.granada.escolapiosemaus.org\/biblioteca\/wp-content\/uploads\/sites\/18\/2026\/04\/shared-image-30.jpg?resize=600%2C800&#038;ssl=1\" alt=\"\" width=\"600\" height=\"800\" srcset=\"https:\/\/i0.wp.com\/blogs.granada.escolapiosemaus.org\/biblioteca\/wp-content\/uploads\/sites\/18\/2026\/04\/shared-image-30.jpg?w=1530&amp;ssl=1 1530w, https:\/\/i0.wp.com\/blogs.granada.escolapiosemaus.org\/biblioteca\/wp-content\/uploads\/sites\/18\/2026\/04\/shared-image-30.jpg?resize=225%2C300&amp;ssl=1 225w, https:\/\/i0.wp.com\/blogs.granada.escolapiosemaus.org\/biblioteca\/wp-content\/uploads\/sites\/18\/2026\/04\/shared-image-30.jpg?resize=768%2C1024&amp;ssl=1 768w, https:\/\/i0.wp.com\/blogs.granada.escolapiosemaus.org\/biblioteca\/wp-content\/uploads\/sites\/18\/2026\/04\/shared-image-30.jpg?resize=150%2C200&amp;ssl=1 150w, https:\/\/i0.wp.com\/blogs.granada.escolapiosemaus.org\/biblioteca\/wp-content\/uploads\/sites\/18\/2026\/04\/shared-image-30.jpg?resize=1152%2C1536&amp;ssl=1 1152w\" sizes=\"auto, (max-width: 600px) 100vw, 600px\" \/><\/a><\/p>\n","protected":false},"excerpt":{"rendered":"<p>La jornada de hoy comenzado cubierta de cuentos e historias divertidas y entra\u00f1ables para los m\u00e1s peque\u00f1os del cole. Nos han visitado por cursos desde los tres a\u00f1itos hasta los cinco y que mejor forma de celebrar el D\u00eda del libro que con lecturas fant\u00e1sticas. En esta ocasi\u00f3n hemos tenido unos narradores de primer orden: [&hellip;]<\/p>\n","protected":false},"author":20,"featured_media":0,"comment_status":"open","ping_status":"open","sticky":false,"template":"","format":"standard","meta":{"_monsterinsights_skip_tracking":false,"_monsterinsights_sitenote_active":false,"_monsterinsights_sitenote_note":"","_monsterinsights_sitenote_category":0,"jetpack_post_was_ever_published":false,"_jetpack_newsletter_access":"","_jetpack_dont_email_post_to_subs":false,"_jetpack_newsletter_tier_id":0,"_jetpack_memberships_contains_paywalled_content":false,"_jetpack_memberships_contains_paid_content":false,"footnotes":"","jetpack_publicize_message":"","jetpack_publicize_feature_enabled":true,"jetpack_social_post_already_shared":true,"jetpack_social_options":{"image_generator_settings":{"template":"highway","default_image_id":0,"font":"","enabled":false},"version":2}},"categories":[47],"tags":[124,400,341],"class_list":["post-6109","post","type-post","status-publish","format-standard","hentry","category-poesia","tag-biblioteca-escolar","tag-cuentacuentos","tag-escolapios-granada"],"yoast_head":"<!-- This site is optimized with the Yoast SEO plugin v26.8 - https:\/\/yoast.com\/product\/yoast-seo-wordpress\/ -->\n<title>D\u00eda del libro Cuentacuentos con infantil - Biblioteca Escolar - Escolapios Granada<\/title>\n<meta name=\"robots\" content=\"index, follow, max-snippet:-1, max-image-preview:large, max-video-preview:-1\" \/>\n<link rel=\"canonical\" href=\"https:\/\/blogs.granada.escolapiosemaus.org\/biblioteca\/2026\/04\/23\/dia-del-libro-cuentacuentos-con-infantil\/\" \/>\n<meta property=\"og:locale\" content=\"es_ES\" \/>\n<meta property=\"og:type\" content=\"article\" \/>\n<meta property=\"og:title\" content=\"D\u00eda del libro Cuentacuentos con infantil - Biblioteca Escolar - Escolapios Granada\" \/>\n<meta property=\"og:description\" content=\"La jornada de hoy comenzado cubierta de cuentos e historias divertidas y entra\u00f1ables para los m\u00e1s peque\u00f1os del cole. Nos han visitado por cursos desde los tres a\u00f1itos hasta los cinco y que mejor forma de celebrar el D\u00eda del libro que con lecturas fant\u00e1sticas. En esta ocasi\u00f3n hemos tenido unos narradores de primer orden: [&hellip;]\" \/>\n<meta property=\"og:url\" content=\"https:\/\/blogs.granada.escolapiosemaus.org\/biblioteca\/2026\/04\/23\/dia-del-libro-cuentacuentos-con-infantil\/\" \/>\n<meta property=\"og:site_name\" content=\"Biblioteca Escolar - Escolapios Granada\" \/>\n<meta property=\"article:published_time\" content=\"2026-04-23T15:27:28+00:00\" \/>\n<meta property=\"article:modified_time\" content=\"2026-04-23T16:06:32+00:00\" \/>\n<meta property=\"og:image\" content=\"https:\/\/blogs.granada.escolapiosemaus.org\/biblioteca\/wp-content\/uploads\/sites\/18\/2026\/04\/Multimedia-8.jpg\" \/>\n<meta name=\"author\" content=\"Encarna L\u00f3pez\" \/>\n<meta name=\"twitter:card\" content=\"summary_large_image\" \/>\n<meta name=\"twitter:label1\" content=\"Escrito por\" \/>\n\t<meta name=\"twitter:data1\" content=\"Encarna L\u00f3pez\" \/>\n\t<meta name=\"twitter:label2\" content=\"Tiempo de lectura\" \/>\n\t<meta name=\"twitter:data2\" content=\"6 minutos\" \/>\n<script type=\"application\/ld+json\" class=\"yoast-schema-graph\">{\"@context\":\"https:\/\/schema.org\",\"@graph\":[{\"@type\":\"Article\",\"@id\":\"https:\/\/blogs.granada.escolapiosemaus.org\/biblioteca\/2026\/04\/23\/dia-del-libro-cuentacuentos-con-infantil\/#article\",\"isPartOf\":{\"@id\":\"https:\/\/blogs.granada.escolapiosemaus.org\/biblioteca\/2026\/04\/23\/dia-del-libro-cuentacuentos-con-infantil\/\"},\"author\":{\"name\":\"Encarna L\u00f3pez\",\"@id\":\"https:\/\/blogs.granada.escolapiosemaus.org\/biblioteca\/#\/schema\/person\/539ef207bab7f990bb0ab333ae2ead2b\"},\"headline\":\"D\u00eda del libro Cuentacuentos con infantil\",\"datePublished\":\"2026-04-23T15:27:28+00:00\",\"dateModified\":\"2026-04-23T16:06:32+00:00\",\"mainEntityOfPage\":{\"@id\":\"https:\/\/blogs.granada.escolapiosemaus.org\/biblioteca\/2026\/04\/23\/dia-del-libro-cuentacuentos-con-infantil\/\"},\"wordCount\":187,\"commentCount\":0,\"image\":{\"@id\":\"https:\/\/blogs.granada.escolapiosemaus.org\/biblioteca\/2026\/04\/23\/dia-del-libro-cuentacuentos-con-infantil\/#primaryimage\"},\"thumbnailUrl\":\"https:\/\/blogs.granada.escolapiosemaus.org\/biblioteca\/wp-content\/uploads\/sites\/18\/2026\/04\/Multimedia-8.jpg\",\"keywords\":[\"biblioteca escolar\",\"cuentacuentos\",\"Escolapios Granada\"],\"articleSection\":[\"Semana del libro\"],\"inLanguage\":\"es\",\"potentialAction\":[{\"@type\":\"CommentAction\",\"name\":\"Comment\",\"target\":[\"https:\/\/blogs.granada.escolapiosemaus.org\/biblioteca\/2026\/04\/23\/dia-del-libro-cuentacuentos-con-infantil\/#respond\"]}]},{\"@type\":\"WebPage\",\"@id\":\"https:\/\/blogs.granada.escolapiosemaus.org\/biblioteca\/2026\/04\/23\/dia-del-libro-cuentacuentos-con-infantil\/\",\"url\":\"https:\/\/blogs.granada.escolapiosemaus.org\/biblioteca\/2026\/04\/23\/dia-del-libro-cuentacuentos-con-infantil\/\",\"name\":\"D\u00eda del libro Cuentacuentos con infantil - Biblioteca Escolar - Escolapios Granada\",\"isPartOf\":{\"@id\":\"https:\/\/blogs.granada.escolapiosemaus.org\/biblioteca\/#website\"},\"primaryImageOfPage\":{\"@id\":\"https:\/\/blogs.granada.escolapiosemaus.org\/biblioteca\/2026\/04\/23\/dia-del-libro-cuentacuentos-con-infantil\/#primaryimage\"},\"image\":{\"@id\":\"https:\/\/blogs.granada.escolapiosemaus.org\/biblioteca\/2026\/04\/23\/dia-del-libro-cuentacuentos-con-infantil\/#primaryimage\"},\"thumbnailUrl\":\"https:\/\/blogs.granada.escolapiosemaus.org\/biblioteca\/wp-content\/uploads\/sites\/18\/2026\/04\/Multimedia-8.jpg\",\"datePublished\":\"2026-04-23T15:27:28+00:00\",\"dateModified\":\"2026-04-23T16:06:32+00:00\",\"author\":{\"@id\":\"https:\/\/blogs.granada.escolapiosemaus.org\/biblioteca\/#\/schema\/person\/539ef207bab7f990bb0ab333ae2ead2b\"},\"breadcrumb\":{\"@id\":\"https:\/\/blogs.granada.escolapiosemaus.org\/biblioteca\/2026\/04\/23\/dia-del-libro-cuentacuentos-con-infantil\/#breadcrumb\"},\"inLanguage\":\"es\",\"potentialAction\":[{\"@type\":\"ReadAction\",\"target\":[\"https:\/\/blogs.granada.escolapiosemaus.org\/biblioteca\/2026\/04\/23\/dia-del-libro-cuentacuentos-con-infantil\/\"]}]},{\"@type\":\"ImageObject\",\"inLanguage\":\"es\",\"@id\":\"https:\/\/blogs.granada.escolapiosemaus.org\/biblioteca\/2026\/04\/23\/dia-del-libro-cuentacuentos-con-infantil\/#primaryimage\",\"url\":\"https:\/\/i0.wp.com\/blogs.granada.escolapiosemaus.org\/biblioteca\/wp-content\/uploads\/sites\/18\/2026\/04\/Multimedia-8.jpg?fit=1919%2C1081&ssl=1\",\"contentUrl\":\"https:\/\/i0.wp.com\/blogs.granada.escolapiosemaus.org\/biblioteca\/wp-content\/uploads\/sites\/18\/2026\/04\/Multimedia-8.jpg?fit=1919%2C1081&ssl=1\",\"width\":1919,\"height\":1081},{\"@type\":\"BreadcrumbList\",\"@id\":\"https:\/\/blogs.granada.escolapiosemaus.org\/biblioteca\/2026\/04\/23\/dia-del-libro-cuentacuentos-con-infantil\/#breadcrumb\",\"itemListElement\":[{\"@type\":\"ListItem\",\"position\":1,\"name\":\"Portada\",\"item\":\"https:\/\/blogs.granada.escolapiosemaus.org\/biblioteca\/\"},{\"@type\":\"ListItem\",\"position\":2,\"name\":\"D\u00eda del libro Cuentacuentos con infantil\"}]},{\"@type\":\"WebSite\",\"@id\":\"https:\/\/blogs.granada.escolapiosemaus.org\/biblioteca\/#website\",\"url\":\"https:\/\/blogs.granada.escolapiosemaus.org\/biblioteca\/\",\"name\":\"Biblioteca Escolar - Escolapios Granada\",\"description\":\"Colegio Dulce Nombre de Mar\u00eda -PP.Escolapios- Granada\",\"potentialAction\":[{\"@type\":\"SearchAction\",\"target\":{\"@type\":\"EntryPoint\",\"urlTemplate\":\"https:\/\/blogs.granada.escolapiosemaus.org\/biblioteca\/?s={search_term_string}\"},\"query-input\":{\"@type\":\"PropertyValueSpecification\",\"valueRequired\":true,\"valueName\":\"search_term_string\"}}],\"inLanguage\":\"es\"},{\"@type\":\"Person\",\"@id\":\"https:\/\/blogs.granada.escolapiosemaus.org\/biblioteca\/#\/schema\/person\/539ef207bab7f990bb0ab333ae2ead2b\",\"name\":\"Encarna L\u00f3pez\",\"image\":{\"@type\":\"ImageObject\",\"inLanguage\":\"es\",\"@id\":\"https:\/\/blogs.granada.escolapiosemaus.org\/biblioteca\/#\/schema\/person\/image\/\",\"url\":\"https:\/\/secure.gravatar.com\/avatar\/2b177c2497e8c91c65f03aa86717c8f6?s=96&d=mm&r=g\",\"contentUrl\":\"https:\/\/secure.gravatar.com\/avatar\/2b177c2497e8c91c65f03aa86717c8f6?s=96&d=mm&r=g\",\"caption\":\"Encarna L\u00f3pez\"},\"sameAs\":[\"https:\/\/blogs.granada.escolapiosemaus.org\"],\"url\":\"https:\/\/blogs.granada.escolapiosemaus.org\/biblioteca\/author\/encarnalopez\/\"}]}<\/script>\n<!-- \/ Yoast SEO plugin. -->","yoast_head_json":{"title":"D\u00eda del libro Cuentacuentos con infantil - Biblioteca Escolar - Escolapios Granada","robots":{"index":"index","follow":"follow","max-snippet":"max-snippet:-1","max-image-preview":"max-image-preview:large","max-video-preview":"max-video-preview:-1"},"canonical":"https:\/\/blogs.granada.escolapiosemaus.org\/biblioteca\/2026\/04\/23\/dia-del-libro-cuentacuentos-con-infantil\/","og_locale":"es_ES","og_type":"article","og_title":"D\u00eda del libro Cuentacuentos con infantil - Biblioteca Escolar - Escolapios Granada","og_description":"La jornada de hoy comenzado cubierta de cuentos e historias divertidas y entra\u00f1ables para los m\u00e1s peque\u00f1os del cole. Nos han visitado por cursos desde los tres a\u00f1itos hasta los cinco y que mejor forma de celebrar el D\u00eda del libro que con lecturas fant\u00e1sticas. En esta ocasi\u00f3n hemos tenido unos narradores de primer orden: [&hellip;]","og_url":"https:\/\/blogs.granada.escolapiosemaus.org\/biblioteca\/2026\/04\/23\/dia-del-libro-cuentacuentos-con-infantil\/","og_site_name":"Biblioteca Escolar - Escolapios Granada","article_published_time":"2026-04-23T15:27:28+00:00","article_modified_time":"2026-04-23T16:06:32+00:00","og_image":[{"url":"https:\/\/blogs.granada.escolapiosemaus.org\/biblioteca\/wp-content\/uploads\/sites\/18\/2026\/04\/Multimedia-8.jpg","type":"","width":"","height":""}],"author":"Encarna L\u00f3pez","twitter_card":"summary_large_image","twitter_misc":{"Escrito por":"Encarna L\u00f3pez","Tiempo de lectura":"6 minutos"},"schema":{"@context":"https:\/\/schema.org","@graph":[{"@type":"Article","@id":"https:\/\/blogs.granada.escolapiosemaus.org\/biblioteca\/2026\/04\/23\/dia-del-libro-cuentacuentos-con-infantil\/#article","isPartOf":{"@id":"https:\/\/blogs.granada.escolapiosemaus.org\/biblioteca\/2026\/04\/23\/dia-del-libro-cuentacuentos-con-infantil\/"},"author":{"name":"Encarna L\u00f3pez","@id":"https:\/\/blogs.granada.escolapiosemaus.org\/biblioteca\/#\/schema\/person\/539ef207bab7f990bb0ab333ae2ead2b"},"headline":"D\u00eda del libro Cuentacuentos con infantil","datePublished":"2026-04-23T15:27:28+00:00","dateModified":"2026-04-23T16:06:32+00:00","mainEntityOfPage":{"@id":"https:\/\/blogs.granada.escolapiosemaus.org\/biblioteca\/2026\/04\/23\/dia-del-libro-cuentacuentos-con-infantil\/"},"wordCount":187,"commentCount":0,"image":{"@id":"https:\/\/blogs.granada.escolapiosemaus.org\/biblioteca\/2026\/04\/23\/dia-del-libro-cuentacuentos-con-infantil\/#primaryimage"},"thumbnailUrl":"https:\/\/blogs.granada.escolapiosemaus.org\/biblioteca\/wp-content\/uploads\/sites\/18\/2026\/04\/Multimedia-8.jpg","keywords":["biblioteca escolar","cuentacuentos","Escolapios Granada"],"articleSection":["Semana del libro"],"inLanguage":"es","potentialAction":[{"@type":"CommentAction","name":"Comment","target":["https:\/\/blogs.granada.escolapiosemaus.org\/biblioteca\/2026\/04\/23\/dia-del-libro-cuentacuentos-con-infantil\/#respond"]}]},{"@type":"WebPage","@id":"https:\/\/blogs.granada.escolapiosemaus.org\/biblioteca\/2026\/04\/23\/dia-del-libro-cuentacuentos-con-infantil\/","url":"https:\/\/blogs.granada.escolapiosemaus.org\/biblioteca\/2026\/04\/23\/dia-del-libro-cuentacuentos-con-infantil\/","name":"D\u00eda del libro Cuentacuentos con infantil - Biblioteca Escolar - Escolapios Granada","isPartOf":{"@id":"https:\/\/blogs.granada.escolapiosemaus.org\/biblioteca\/#website"},"primaryImageOfPage":{"@id":"https:\/\/blogs.granada.escolapiosemaus.org\/biblioteca\/2026\/04\/23\/dia-del-libro-cuentacuentos-con-infantil\/#primaryimage"},"image":{"@id":"https:\/\/blogs.granada.escolapiosemaus.org\/biblioteca\/2026\/04\/23\/dia-del-libro-cuentacuentos-con-infantil\/#primaryimage"},"thumbnailUrl":"https:\/\/blogs.granada.escolapiosemaus.org\/biblioteca\/wp-content\/uploads\/sites\/18\/2026\/04\/Multimedia-8.jpg","datePublished":"2026-04-23T15:27:28+00:00","dateModified":"2026-04-23T16:06:32+00:00","author":{"@id":"https:\/\/blogs.granada.escolapiosemaus.org\/biblioteca\/#\/schema\/person\/539ef207bab7f990bb0ab333ae2ead2b"},"breadcrumb":{"@id":"https:\/\/blogs.granada.escolapiosemaus.org\/biblioteca\/2026\/04\/23\/dia-del-libro-cuentacuentos-con-infantil\/#breadcrumb"},"inLanguage":"es","potentialAction":[{"@type":"ReadAction","target":["https:\/\/blogs.granada.escolapiosemaus.org\/biblioteca\/2026\/04\/23\/dia-del-libro-cuentacuentos-con-infantil\/"]}]},{"@type":"ImageObject","inLanguage":"es","@id":"https:\/\/blogs.granada.escolapiosemaus.org\/biblioteca\/2026\/04\/23\/dia-del-libro-cuentacuentos-con-infantil\/#primaryimage","url":"https:\/\/i0.wp.com\/blogs.granada.escolapiosemaus.org\/biblioteca\/wp-content\/uploads\/sites\/18\/2026\/04\/Multimedia-8.jpg?fit=1919%2C1081&ssl=1","contentUrl":"https:\/\/i0.wp.com\/blogs.granada.escolapiosemaus.org\/biblioteca\/wp-content\/uploads\/sites\/18\/2026\/04\/Multimedia-8.jpg?fit=1919%2C1081&ssl=1","width":1919,"height":1081},{"@type":"BreadcrumbList","@id":"https:\/\/blogs.granada.escolapiosemaus.org\/biblioteca\/2026\/04\/23\/dia-del-libro-cuentacuentos-con-infantil\/#breadcrumb","itemListElement":[{"@type":"ListItem","position":1,"name":"Portada","item":"https:\/\/blogs.granada.escolapiosemaus.org\/biblioteca\/"},{"@type":"ListItem","position":2,"name":"D\u00eda del libro Cuentacuentos con infantil"}]},{"@type":"WebSite","@id":"https:\/\/blogs.granada.escolapiosemaus.org\/biblioteca\/#website","url":"https:\/\/blogs.granada.escolapiosemaus.org\/biblioteca\/","name":"Biblioteca Escolar - Escolapios Granada","description":"Colegio Dulce Nombre de Mar\u00eda -PP.Escolapios- Granada","potentialAction":[{"@type":"SearchAction","target":{"@type":"EntryPoint","urlTemplate":"https:\/\/blogs.granada.escolapiosemaus.org\/biblioteca\/?s={search_term_string}"},"query-input":{"@type":"PropertyValueSpecification","valueRequired":true,"valueName":"search_term_string"}}],"inLanguage":"es"},{"@type":"Person","@id":"https:\/\/blogs.granada.escolapiosemaus.org\/biblioteca\/#\/schema\/person\/539ef207bab7f990bb0ab333ae2ead2b","name":"Encarna L\u00f3pez","image":{"@type":"ImageObject","inLanguage":"es","@id":"https:\/\/blogs.granada.escolapiosemaus.org\/biblioteca\/#\/schema\/person\/image\/","url":"https:\/\/secure.gravatar.com\/avatar\/2b177c2497e8c91c65f03aa86717c8f6?s=96&d=mm&r=g","contentUrl":"https:\/\/secure.gravatar.com\/avatar\/2b177c2497e8c91c65f03aa86717c8f6?s=96&d=mm&r=g","caption":"Encarna L\u00f3pez"},"sameAs":["https:\/\/blogs.granada.escolapiosemaus.org"],"url":"https:\/\/blogs.granada.escolapiosemaus.org\/biblioteca\/author\/encarnalopez\/"}]}},"jetpack_publicize_connections":[],"jetpack_featured_media_url":"","jetpack_sharing_enabled":true,"jetpack_shortlink":"https:\/\/wp.me\/p8qkgn-1Ax","jetpack-related-posts":[],"_links":{"self":[{"href":"https:\/\/blogs.granada.escolapiosemaus.org\/biblioteca\/wp-json\/wp\/v2\/posts\/6109","targetHints":{"allow":["GET"]}}],"collection":[{"href":"https:\/\/blogs.granada.escolapiosemaus.org\/biblioteca\/wp-json\/wp\/v2\/posts"}],"about":[{"href":"https:\/\/blogs.granada.escolapiosemaus.org\/biblioteca\/wp-json\/wp\/v2\/types\/post"}],"author":[{"embeddable":true,"href":"https:\/\/blogs.granada.escolapiosemaus.org\/biblioteca\/wp-json\/wp\/v2\/users\/20"}],"replies":[{"embeddable":true,"href":"https:\/\/blogs.granada.escolapiosemaus.org\/biblioteca\/wp-json\/wp\/v2\/comments?post=6109"}],"version-history":[{"count":4,"href":"https:\/\/blogs.granada.escolapiosemaus.org\/biblioteca\/wp-json\/wp\/v2\/posts\/6109\/revisions"}],"predecessor-version":[{"id":6181,"href":"https:\/\/blogs.granada.escolapiosemaus.org\/biblioteca\/wp-json\/wp\/v2\/posts\/6109\/revisions\/6181"}],"wp:attachment":[{"href":"https:\/\/blogs.granada.escolapiosemaus.org\/biblioteca\/wp-json\/wp\/v2\/media?parent=6109"}],"wp:term":[{"taxonomy":"category","embeddable":true,"href":"https:\/\/blogs.granada.escolapiosemaus.org\/biblioteca\/wp-json\/wp\/v2\/categories?post=6109"},{"taxonomy":"post_tag","embeddable":true,"href":"https:\/\/blogs.granada.escolapiosemaus.org\/biblioteca\/wp-json\/wp\/v2\/tags?post=6109"}],"curies":[{"name":"wp","href":"https:\/\/api.w.org\/{rel}","templated":true}]}}