{"id":6108,"date":"2026-04-23T16:52:32","date_gmt":"2026-04-23T15:52:32","guid":{"rendered":"https:\/\/blogs.granada.escolapiosemaus.org\/biblioteca\/?p=6108"},"modified":"2026-04-23T16:52:32","modified_gmt":"2026-04-23T15:52:32","slug":"dia-del-libro-en-la-biblioteca-primer-ciclo-de-primaria","status":"publish","type":"post","link":"https:\/\/blogs.granada.escolapiosemaus.org\/biblioteca\/2026\/04\/23\/dia-del-libro-en-la-biblioteca-primer-ciclo-de-primaria\/","title":{"rendered":"D\u00eda del libro en la biblioteca. Primer ciclo de primaria"},"content":{"rendered":"<p>Cada a\u00f1o celebramos con mas ilusi\u00f3n . si cabe, este gran d\u00eda.<\/p>\n<p>En esta ocasi\u00f3n hemos llevado a cabo un proyecto interdisciplinar con primaria y 3\u00ba de ESO combinando la asignatura de lengua y literatura con la de pl\u00e1stica.<\/p>\n<p>Las clases de 1\u00ba y 2\u00ba han preparado un poema sobre la primavera y otro sobre la Paz y nuestros chicos y chicas de 3\u00ba de ESO lo han ilustrado guiados por Pilar Rojas, su se\u00f1o de pl\u00e1stica ,que ha conseguido unas verdaderas obras de arte llenas de color y texturas.<\/p>\n<p>Agradecemos a Jorge, Alba, Mar\u00eda y \u00c1ngela de 3\u00ba de ESO su colaboraci\u00f3n explicando a los peques como elaboraron el mural y recitando las poes\u00edas seleccionadas.<\/p>\n<p>Para finalizar la actividad hemos llevado a cabo un juego de preguntas y respuestas que han disfrutado de lo lindo.<\/p>\n<p>Han sido lectores, investigadores y secretarios, todo en un d\u00eda.<\/p>\n<p>Gracias a las se\u00f1os por su colaboraci\u00f3n y a todos por lo bien que se han portado y han trabajado en equipo.<\/p>\n<p>\u00a1Feliz D\u00eda del libro!<\/p>\n<p><a href=\"https:\/\/i0.wp.com\/blogs.granada.escolapiosemaus.org\/biblioteca\/wp-content\/uploads\/sites\/18\/2026\/04\/shared-image-69.jpg?ssl=1\"><img data-recalc-dims=\"1\" loading=\"lazy\" decoding=\"async\" data-attachment-id=\"6144\" data-permalink=\"https:\/\/blogs.granada.escolapiosemaus.org\/biblioteca\/2026\/04\/23\/dia-del-libro-en-la-biblioteca-primer-ciclo-de-primaria\/shared-image-69\/\" data-orig-file=\"https:\/\/i0.wp.com\/blogs.granada.escolapiosemaus.org\/biblioteca\/wp-content\/uploads\/sites\/18\/2026\/04\/shared-image-69.jpg?fit=1530%2C2040&amp;ssl=1\" data-orig-size=\"1530,2040\" data-comments-opened=\"1\" data-image-meta=\"{&quot;aperture&quot;:&quot;0&quot;,&quot;credit&quot;:&quot;&quot;,&quot;camera&quot;:&quot;&quot;,&quot;caption&quot;:&quot;&quot;,&quot;created_timestamp&quot;:&quot;0&quot;,&quot;copyright&quot;:&quot;&quot;,&quot;focal_length&quot;:&quot;0&quot;,&quot;iso&quot;:&quot;0&quot;,&quot;shutter_speed&quot;:&quot;0&quot;,&quot;title&quot;:&quot;&quot;,&quot;orientation&quot;:&quot;0&quot;}\" data-image-title=\"shared image (69)\" data-image-description=\"\" data-image-caption=\"\" data-medium-file=\"https:\/\/i0.wp.com\/blogs.granada.escolapiosemaus.org\/biblioteca\/wp-content\/uploads\/sites\/18\/2026\/04\/shared-image-69.jpg?fit=225%2C300&amp;ssl=1\" data-large-file=\"https:\/\/i0.wp.com\/blogs.granada.escolapiosemaus.org\/biblioteca\/wp-content\/uploads\/sites\/18\/2026\/04\/shared-image-69.jpg?fit=600%2C800&amp;ssl=1\" class=\"alignnone size-full wp-image-6144\" src=\"https:\/\/i0.wp.com\/blogs.granada.escolapiosemaus.org\/biblioteca\/wp-content\/uploads\/sites\/18\/2026\/04\/shared-image-69.jpg?resize=600%2C800&#038;ssl=1\" alt=\"\" width=\"600\" height=\"800\" srcset=\"https:\/\/i0.wp.com\/blogs.granada.escolapiosemaus.org\/biblioteca\/wp-content\/uploads\/sites\/18\/2026\/04\/shared-image-69.jpg?w=1530&amp;ssl=1 1530w, https:\/\/i0.wp.com\/blogs.granada.escolapiosemaus.org\/biblioteca\/wp-content\/uploads\/sites\/18\/2026\/04\/shared-image-69.jpg?resize=225%2C300&amp;ssl=1 225w, https:\/\/i0.wp.com\/blogs.granada.escolapiosemaus.org\/biblioteca\/wp-content\/uploads\/sites\/18\/2026\/04\/shared-image-69.jpg?resize=768%2C1024&amp;ssl=1 768w, https:\/\/i0.wp.com\/blogs.granada.escolapiosemaus.org\/biblioteca\/wp-content\/uploads\/sites\/18\/2026\/04\/shared-image-69.jpg?resize=150%2C200&amp;ssl=1 150w, https:\/\/i0.wp.com\/blogs.granada.escolapiosemaus.org\/biblioteca\/wp-content\/uploads\/sites\/18\/2026\/04\/shared-image-69.jpg?resize=1152%2C1536&amp;ssl=1 1152w\" sizes=\"auto, (max-width: 600px) 100vw, 600px\" \/><\/a> <a href=\"https:\/\/i0.wp.com\/blogs.granada.escolapiosemaus.org\/biblioteca\/wp-content\/uploads\/sites\/18\/2026\/04\/shared-image-68.jpg?ssl=1\"><img data-recalc-dims=\"1\" loading=\"lazy\" decoding=\"async\" data-attachment-id=\"6145\" data-permalink=\"https:\/\/blogs.granada.escolapiosemaus.org\/biblioteca\/2026\/04\/23\/dia-del-libro-en-la-biblioteca-primer-ciclo-de-primaria\/shared-image-68\/\" data-orig-file=\"https:\/\/i0.wp.com\/blogs.granada.escolapiosemaus.org\/biblioteca\/wp-content\/uploads\/sites\/18\/2026\/04\/shared-image-68.jpg?fit=1530%2C2040&amp;ssl=1\" data-orig-size=\"1530,2040\" data-comments-opened=\"1\" data-image-meta=\"{&quot;aperture&quot;:&quot;0&quot;,&quot;credit&quot;:&quot;&quot;,&quot;camera&quot;:&quot;&quot;,&quot;caption&quot;:&quot;&quot;,&quot;created_timestamp&quot;:&quot;0&quot;,&quot;copyright&quot;:&quot;&quot;,&quot;focal_length&quot;:&quot;0&quot;,&quot;iso&quot;:&quot;0&quot;,&quot;shutter_speed&quot;:&quot;0&quot;,&quot;title&quot;:&quot;&quot;,&quot;orientation&quot;:&quot;0&quot;}\" data-image-title=\"shared image (68)\" data-image-description=\"\" data-image-caption=\"\" data-medium-file=\"https:\/\/i0.wp.com\/blogs.granada.escolapiosemaus.org\/biblioteca\/wp-content\/uploads\/sites\/18\/2026\/04\/shared-image-68.jpg?fit=225%2C300&amp;ssl=1\" data-large-file=\"https:\/\/i0.wp.com\/blogs.granada.escolapiosemaus.org\/biblioteca\/wp-content\/uploads\/sites\/18\/2026\/04\/shared-image-68.jpg?fit=600%2C800&amp;ssl=1\" class=\"alignnone size-full wp-image-6145\" src=\"https:\/\/i0.wp.com\/blogs.granada.escolapiosemaus.org\/biblioteca\/wp-content\/uploads\/sites\/18\/2026\/04\/shared-image-68.jpg?resize=600%2C800&#038;ssl=1\" alt=\"\" width=\"600\" height=\"800\" srcset=\"https:\/\/i0.wp.com\/blogs.granada.escolapiosemaus.org\/biblioteca\/wp-content\/uploads\/sites\/18\/2026\/04\/shared-image-68.jpg?w=1530&amp;ssl=1 1530w, https:\/\/i0.wp.com\/blogs.granada.escolapiosemaus.org\/biblioteca\/wp-content\/uploads\/sites\/18\/2026\/04\/shared-image-68.jpg?resize=225%2C300&amp;ssl=1 225w, https:\/\/i0.wp.com\/blogs.granada.escolapiosemaus.org\/biblioteca\/wp-content\/uploads\/sites\/18\/2026\/04\/shared-image-68.jpg?resize=768%2C1024&amp;ssl=1 768w, https:\/\/i0.wp.com\/blogs.granada.escolapiosemaus.org\/biblioteca\/wp-content\/uploads\/sites\/18\/2026\/04\/shared-image-68.jpg?resize=150%2C200&amp;ssl=1 150w, https:\/\/i0.wp.com\/blogs.granada.escolapiosemaus.org\/biblioteca\/wp-content\/uploads\/sites\/18\/2026\/04\/shared-image-68.jpg?resize=1152%2C1536&amp;ssl=1 1152w\" sizes=\"auto, (max-width: 600px) 100vw, 600px\" \/><\/a> <a href=\"https:\/\/i0.wp.com\/blogs.granada.escolapiosemaus.org\/biblioteca\/wp-content\/uploads\/sites\/18\/2026\/04\/shared-image-67.jpg?ssl=1\"><img data-recalc-dims=\"1\" loading=\"lazy\" decoding=\"async\" data-attachment-id=\"6146\" data-permalink=\"https:\/\/blogs.granada.escolapiosemaus.org\/biblioteca\/2026\/04\/23\/dia-del-libro-en-la-biblioteca-primer-ciclo-de-primaria\/shared-image-67\/\" data-orig-file=\"https:\/\/i0.wp.com\/blogs.granada.escolapiosemaus.org\/biblioteca\/wp-content\/uploads\/sites\/18\/2026\/04\/shared-image-67.jpg?fit=1530%2C2040&amp;ssl=1\" data-orig-size=\"1530,2040\" data-comments-opened=\"1\" data-image-meta=\"{&quot;aperture&quot;:&quot;0&quot;,&quot;credit&quot;:&quot;&quot;,&quot;camera&quot;:&quot;&quot;,&quot;caption&quot;:&quot;&quot;,&quot;created_timestamp&quot;:&quot;0&quot;,&quot;copyright&quot;:&quot;&quot;,&quot;focal_length&quot;:&quot;0&quot;,&quot;iso&quot;:&quot;0&quot;,&quot;shutter_speed&quot;:&quot;0&quot;,&quot;title&quot;:&quot;&quot;,&quot;orientation&quot;:&quot;0&quot;}\" data-image-title=\"shared image (67)\" data-image-description=\"\" data-image-caption=\"\" data-medium-file=\"https:\/\/i0.wp.com\/blogs.granada.escolapiosemaus.org\/biblioteca\/wp-content\/uploads\/sites\/18\/2026\/04\/shared-image-67.jpg?fit=225%2C300&amp;ssl=1\" data-large-file=\"https:\/\/i0.wp.com\/blogs.granada.escolapiosemaus.org\/biblioteca\/wp-content\/uploads\/sites\/18\/2026\/04\/shared-image-67.jpg?fit=600%2C800&amp;ssl=1\" class=\"alignnone size-full wp-image-6146\" src=\"https:\/\/i0.wp.com\/blogs.granada.escolapiosemaus.org\/biblioteca\/wp-content\/uploads\/sites\/18\/2026\/04\/shared-image-67.jpg?resize=600%2C800&#038;ssl=1\" alt=\"\" width=\"600\" height=\"800\" srcset=\"https:\/\/i0.wp.com\/blogs.granada.escolapiosemaus.org\/biblioteca\/wp-content\/uploads\/sites\/18\/2026\/04\/shared-image-67.jpg?w=1530&amp;ssl=1 1530w, https:\/\/i0.wp.com\/blogs.granada.escolapiosemaus.org\/biblioteca\/wp-content\/uploads\/sites\/18\/2026\/04\/shared-image-67.jpg?resize=225%2C300&amp;ssl=1 225w, https:\/\/i0.wp.com\/blogs.granada.escolapiosemaus.org\/biblioteca\/wp-content\/uploads\/sites\/18\/2026\/04\/shared-image-67.jpg?resize=768%2C1024&amp;ssl=1 768w, https:\/\/i0.wp.com\/blogs.granada.escolapiosemaus.org\/biblioteca\/wp-content\/uploads\/sites\/18\/2026\/04\/shared-image-67.jpg?resize=150%2C200&amp;ssl=1 150w, https:\/\/i0.wp.com\/blogs.granada.escolapiosemaus.org\/biblioteca\/wp-content\/uploads\/sites\/18\/2026\/04\/shared-image-67.jpg?resize=1152%2C1536&amp;ssl=1 1152w\" sizes=\"auto, (max-width: 600px) 100vw, 600px\" \/><\/a> <a href=\"https:\/\/i0.wp.com\/blogs.granada.escolapiosemaus.org\/biblioteca\/wp-content\/uploads\/sites\/18\/2026\/04\/shared-image-66.jpg?ssl=1\"><img data-recalc-dims=\"1\" loading=\"lazy\" decoding=\"async\" data-attachment-id=\"6147\" data-permalink=\"https:\/\/blogs.granada.escolapiosemaus.org\/biblioteca\/2026\/04\/23\/dia-del-libro-en-la-biblioteca-primer-ciclo-de-primaria\/shared-image-66\/\" data-orig-file=\"https:\/\/i0.wp.com\/blogs.granada.escolapiosemaus.org\/biblioteca\/wp-content\/uploads\/sites\/18\/2026\/04\/shared-image-66.jpg?fit=1530%2C2040&amp;ssl=1\" data-orig-size=\"1530,2040\" data-comments-opened=\"1\" data-image-meta=\"{&quot;aperture&quot;:&quot;0&quot;,&quot;credit&quot;:&quot;&quot;,&quot;camera&quot;:&quot;&quot;,&quot;caption&quot;:&quot;&quot;,&quot;created_timestamp&quot;:&quot;0&quot;,&quot;copyright&quot;:&quot;&quot;,&quot;focal_length&quot;:&quot;0&quot;,&quot;iso&quot;:&quot;0&quot;,&quot;shutter_speed&quot;:&quot;0&quot;,&quot;title&quot;:&quot;&quot;,&quot;orientation&quot;:&quot;0&quot;}\" data-image-title=\"shared image (66)\" data-image-description=\"\" data-image-caption=\"\" data-medium-file=\"https:\/\/i0.wp.com\/blogs.granada.escolapiosemaus.org\/biblioteca\/wp-content\/uploads\/sites\/18\/2026\/04\/shared-image-66.jpg?fit=225%2C300&amp;ssl=1\" data-large-file=\"https:\/\/i0.wp.com\/blogs.granada.escolapiosemaus.org\/biblioteca\/wp-content\/uploads\/sites\/18\/2026\/04\/shared-image-66.jpg?fit=600%2C800&amp;ssl=1\" class=\"alignnone size-full wp-image-6147\" src=\"https:\/\/i0.wp.com\/blogs.granada.escolapiosemaus.org\/biblioteca\/wp-content\/uploads\/sites\/18\/2026\/04\/shared-image-66.jpg?resize=600%2C800&#038;ssl=1\" alt=\"\" width=\"600\" height=\"800\" srcset=\"https:\/\/i0.wp.com\/blogs.granada.escolapiosemaus.org\/biblioteca\/wp-content\/uploads\/sites\/18\/2026\/04\/shared-image-66.jpg?w=1530&amp;ssl=1 1530w, https:\/\/i0.wp.com\/blogs.granada.escolapiosemaus.org\/biblioteca\/wp-content\/uploads\/sites\/18\/2026\/04\/shared-image-66.jpg?resize=225%2C300&amp;ssl=1 225w, https:\/\/i0.wp.com\/blogs.granada.escolapiosemaus.org\/biblioteca\/wp-content\/uploads\/sites\/18\/2026\/04\/shared-image-66.jpg?resize=768%2C1024&amp;ssl=1 768w, https:\/\/i0.wp.com\/blogs.granada.escolapiosemaus.org\/biblioteca\/wp-content\/uploads\/sites\/18\/2026\/04\/shared-image-66.jpg?resize=150%2C200&amp;ssl=1 150w, https:\/\/i0.wp.com\/blogs.granada.escolapiosemaus.org\/biblioteca\/wp-content\/uploads\/sites\/18\/2026\/04\/shared-image-66.jpg?resize=1152%2C1536&amp;ssl=1 1152w\" sizes=\"auto, (max-width: 600px) 100vw, 600px\" \/><\/a> <a href=\"https:\/\/i0.wp.com\/blogs.granada.escolapiosemaus.org\/biblioteca\/wp-content\/uploads\/sites\/18\/2026\/04\/shared-image-65.jpg?ssl=1\"><img data-recalc-dims=\"1\" loading=\"lazy\" decoding=\"async\" data-attachment-id=\"6148\" data-permalink=\"https:\/\/blogs.granada.escolapiosemaus.org\/biblioteca\/2026\/04\/23\/dia-del-libro-en-la-biblioteca-primer-ciclo-de-primaria\/shared-image-65\/\" data-orig-file=\"https:\/\/i0.wp.com\/blogs.granada.escolapiosemaus.org\/biblioteca\/wp-content\/uploads\/sites\/18\/2026\/04\/shared-image-65.jpg?fit=1530%2C2040&amp;ssl=1\" data-orig-size=\"1530,2040\" data-comments-opened=\"1\" data-image-meta=\"{&quot;aperture&quot;:&quot;0&quot;,&quot;credit&quot;:&quot;&quot;,&quot;camera&quot;:&quot;&quot;,&quot;caption&quot;:&quot;&quot;,&quot;created_timestamp&quot;:&quot;0&quot;,&quot;copyright&quot;:&quot;&quot;,&quot;focal_length&quot;:&quot;0&quot;,&quot;iso&quot;:&quot;0&quot;,&quot;shutter_speed&quot;:&quot;0&quot;,&quot;title&quot;:&quot;&quot;,&quot;orientation&quot;:&quot;0&quot;}\" data-image-title=\"shared image (65)\" data-image-description=\"\" data-image-caption=\"\" data-medium-file=\"https:\/\/i0.wp.com\/blogs.granada.escolapiosemaus.org\/biblioteca\/wp-content\/uploads\/sites\/18\/2026\/04\/shared-image-65.jpg?fit=225%2C300&amp;ssl=1\" data-large-file=\"https:\/\/i0.wp.com\/blogs.granada.escolapiosemaus.org\/biblioteca\/wp-content\/uploads\/sites\/18\/2026\/04\/shared-image-65.jpg?fit=600%2C800&amp;ssl=1\" class=\"alignnone size-full wp-image-6148\" src=\"https:\/\/i0.wp.com\/blogs.granada.escolapiosemaus.org\/biblioteca\/wp-content\/uploads\/sites\/18\/2026\/04\/shared-image-65.jpg?resize=600%2C800&#038;ssl=1\" alt=\"\" width=\"600\" height=\"800\" srcset=\"https:\/\/i0.wp.com\/blogs.granada.escolapiosemaus.org\/biblioteca\/wp-content\/uploads\/sites\/18\/2026\/04\/shared-image-65.jpg?w=1530&amp;ssl=1 1530w, https:\/\/i0.wp.com\/blogs.granada.escolapiosemaus.org\/biblioteca\/wp-content\/uploads\/sites\/18\/2026\/04\/shared-image-65.jpg?resize=225%2C300&amp;ssl=1 225w, https:\/\/i0.wp.com\/blogs.granada.escolapiosemaus.org\/biblioteca\/wp-content\/uploads\/sites\/18\/2026\/04\/shared-image-65.jpg?resize=768%2C1024&amp;ssl=1 768w, https:\/\/i0.wp.com\/blogs.granada.escolapiosemaus.org\/biblioteca\/wp-content\/uploads\/sites\/18\/2026\/04\/shared-image-65.jpg?resize=150%2C200&amp;ssl=1 150w, https:\/\/i0.wp.com\/blogs.granada.escolapiosemaus.org\/biblioteca\/wp-content\/uploads\/sites\/18\/2026\/04\/shared-image-65.jpg?resize=1152%2C1536&amp;ssl=1 1152w\" sizes=\"auto, (max-width: 600px) 100vw, 600px\" \/><\/a> <a href=\"https:\/\/i0.wp.com\/blogs.granada.escolapiosemaus.org\/biblioteca\/wp-content\/uploads\/sites\/18\/2026\/04\/shared-image-64.jpg?ssl=1\"><img data-recalc-dims=\"1\" loading=\"lazy\" decoding=\"async\" data-attachment-id=\"6149\" data-permalink=\"https:\/\/blogs.granada.escolapiosemaus.org\/biblioteca\/2026\/04\/23\/dia-del-libro-en-la-biblioteca-primer-ciclo-de-primaria\/shared-image-64\/\" data-orig-file=\"https:\/\/i0.wp.com\/blogs.granada.escolapiosemaus.org\/biblioteca\/wp-content\/uploads\/sites\/18\/2026\/04\/shared-image-64.jpg?fit=1530%2C2040&amp;ssl=1\" data-orig-size=\"1530,2040\" data-comments-opened=\"1\" data-image-meta=\"{&quot;aperture&quot;:&quot;0&quot;,&quot;credit&quot;:&quot;&quot;,&quot;camera&quot;:&quot;&quot;,&quot;caption&quot;:&quot;&quot;,&quot;created_timestamp&quot;:&quot;0&quot;,&quot;copyright&quot;:&quot;&quot;,&quot;focal_length&quot;:&quot;0&quot;,&quot;iso&quot;:&quot;0&quot;,&quot;shutter_speed&quot;:&quot;0&quot;,&quot;title&quot;:&quot;&quot;,&quot;orientation&quot;:&quot;0&quot;}\" data-image-title=\"shared image (64)\" data-image-description=\"\" data-image-caption=\"\" data-medium-file=\"https:\/\/i0.wp.com\/blogs.granada.escolapiosemaus.org\/biblioteca\/wp-content\/uploads\/sites\/18\/2026\/04\/shared-image-64.jpg?fit=225%2C300&amp;ssl=1\" data-large-file=\"https:\/\/i0.wp.com\/blogs.granada.escolapiosemaus.org\/biblioteca\/wp-content\/uploads\/sites\/18\/2026\/04\/shared-image-64.jpg?fit=600%2C800&amp;ssl=1\" class=\"alignnone size-full wp-image-6149\" src=\"https:\/\/i0.wp.com\/blogs.granada.escolapiosemaus.org\/biblioteca\/wp-content\/uploads\/sites\/18\/2026\/04\/shared-image-64.jpg?resize=600%2C800&#038;ssl=1\" alt=\"\" width=\"600\" height=\"800\" srcset=\"https:\/\/i0.wp.com\/blogs.granada.escolapiosemaus.org\/biblioteca\/wp-content\/uploads\/sites\/18\/2026\/04\/shared-image-64.jpg?w=1530&amp;ssl=1 1530w, https:\/\/i0.wp.com\/blogs.granada.escolapiosemaus.org\/biblioteca\/wp-content\/uploads\/sites\/18\/2026\/04\/shared-image-64.jpg?resize=225%2C300&amp;ssl=1 225w, https:\/\/i0.wp.com\/blogs.granada.escolapiosemaus.org\/biblioteca\/wp-content\/uploads\/sites\/18\/2026\/04\/shared-image-64.jpg?resize=768%2C1024&amp;ssl=1 768w, https:\/\/i0.wp.com\/blogs.granada.escolapiosemaus.org\/biblioteca\/wp-content\/uploads\/sites\/18\/2026\/04\/shared-image-64.jpg?resize=150%2C200&amp;ssl=1 150w, https:\/\/i0.wp.com\/blogs.granada.escolapiosemaus.org\/biblioteca\/wp-content\/uploads\/sites\/18\/2026\/04\/shared-image-64.jpg?resize=1152%2C1536&amp;ssl=1 1152w\" sizes=\"auto, (max-width: 600px) 100vw, 600px\" \/><\/a> <a href=\"https:\/\/i0.wp.com\/blogs.granada.escolapiosemaus.org\/biblioteca\/wp-content\/uploads\/sites\/18\/2026\/04\/shared-image-63.jpg?ssl=1\"><img data-recalc-dims=\"1\" loading=\"lazy\" decoding=\"async\" data-attachment-id=\"6150\" data-permalink=\"https:\/\/blogs.granada.escolapiosemaus.org\/biblioteca\/2026\/04\/23\/dia-del-libro-en-la-biblioteca-primer-ciclo-de-primaria\/shared-image-63\/\" data-orig-file=\"https:\/\/i0.wp.com\/blogs.granada.escolapiosemaus.org\/biblioteca\/wp-content\/uploads\/sites\/18\/2026\/04\/shared-image-63.jpg?fit=1530%2C2040&amp;ssl=1\" data-orig-size=\"1530,2040\" data-comments-opened=\"1\" data-image-meta=\"{&quot;aperture&quot;:&quot;0&quot;,&quot;credit&quot;:&quot;&quot;,&quot;camera&quot;:&quot;&quot;,&quot;caption&quot;:&quot;&quot;,&quot;created_timestamp&quot;:&quot;0&quot;,&quot;copyright&quot;:&quot;&quot;,&quot;focal_length&quot;:&quot;0&quot;,&quot;iso&quot;:&quot;0&quot;,&quot;shutter_speed&quot;:&quot;0&quot;,&quot;title&quot;:&quot;&quot;,&quot;orientation&quot;:&quot;0&quot;}\" data-image-title=\"shared image (63)\" data-image-description=\"\" data-image-caption=\"\" data-medium-file=\"https:\/\/i0.wp.com\/blogs.granada.escolapiosemaus.org\/biblioteca\/wp-content\/uploads\/sites\/18\/2026\/04\/shared-image-63.jpg?fit=225%2C300&amp;ssl=1\" data-large-file=\"https:\/\/i0.wp.com\/blogs.granada.escolapiosemaus.org\/biblioteca\/wp-content\/uploads\/sites\/18\/2026\/04\/shared-image-63.jpg?fit=600%2C800&amp;ssl=1\" class=\"alignnone size-full wp-image-6150\" src=\"https:\/\/i0.wp.com\/blogs.granada.escolapiosemaus.org\/biblioteca\/wp-content\/uploads\/sites\/18\/2026\/04\/shared-image-63.jpg?resize=600%2C800&#038;ssl=1\" alt=\"\" width=\"600\" height=\"800\" srcset=\"https:\/\/i0.wp.com\/blogs.granada.escolapiosemaus.org\/biblioteca\/wp-content\/uploads\/sites\/18\/2026\/04\/shared-image-63.jpg?w=1530&amp;ssl=1 1530w, https:\/\/i0.wp.com\/blogs.granada.escolapiosemaus.org\/biblioteca\/wp-content\/uploads\/sites\/18\/2026\/04\/shared-image-63.jpg?resize=225%2C300&amp;ssl=1 225w, https:\/\/i0.wp.com\/blogs.granada.escolapiosemaus.org\/biblioteca\/wp-content\/uploads\/sites\/18\/2026\/04\/shared-image-63.jpg?resize=768%2C1024&amp;ssl=1 768w, https:\/\/i0.wp.com\/blogs.granada.escolapiosemaus.org\/biblioteca\/wp-content\/uploads\/sites\/18\/2026\/04\/shared-image-63.jpg?resize=150%2C200&amp;ssl=1 150w, https:\/\/i0.wp.com\/blogs.granada.escolapiosemaus.org\/biblioteca\/wp-content\/uploads\/sites\/18\/2026\/04\/shared-image-63.jpg?resize=1152%2C1536&amp;ssl=1 1152w\" sizes=\"auto, (max-width: 600px) 100vw, 600px\" \/><\/a> <a href=\"https:\/\/i0.wp.com\/blogs.granada.escolapiosemaus.org\/biblioteca\/wp-content\/uploads\/sites\/18\/2026\/04\/shared-image-62.jpg?ssl=1\"><img data-recalc-dims=\"1\" loading=\"lazy\" decoding=\"async\" data-attachment-id=\"6151\" data-permalink=\"https:\/\/blogs.granada.escolapiosemaus.org\/biblioteca\/2026\/04\/23\/dia-del-libro-en-la-biblioteca-primer-ciclo-de-primaria\/shared-image-62\/\" data-orig-file=\"https:\/\/i0.wp.com\/blogs.granada.escolapiosemaus.org\/biblioteca\/wp-content\/uploads\/sites\/18\/2026\/04\/shared-image-62.jpg?fit=1530%2C2040&amp;ssl=1\" data-orig-size=\"1530,2040\" data-comments-opened=\"1\" data-image-meta=\"{&quot;aperture&quot;:&quot;0&quot;,&quot;credit&quot;:&quot;&quot;,&quot;camera&quot;:&quot;&quot;,&quot;caption&quot;:&quot;&quot;,&quot;created_timestamp&quot;:&quot;0&quot;,&quot;copyright&quot;:&quot;&quot;,&quot;focal_length&quot;:&quot;0&quot;,&quot;iso&quot;:&quot;0&quot;,&quot;shutter_speed&quot;:&quot;0&quot;,&quot;title&quot;:&quot;&quot;,&quot;orientation&quot;:&quot;0&quot;}\" data-image-title=\"shared image (62)\" data-image-description=\"\" data-image-caption=\"\" data-medium-file=\"https:\/\/i0.wp.com\/blogs.granada.escolapiosemaus.org\/biblioteca\/wp-content\/uploads\/sites\/18\/2026\/04\/shared-image-62.jpg?fit=225%2C300&amp;ssl=1\" data-large-file=\"https:\/\/i0.wp.com\/blogs.granada.escolapiosemaus.org\/biblioteca\/wp-content\/uploads\/sites\/18\/2026\/04\/shared-image-62.jpg?fit=600%2C800&amp;ssl=1\" class=\"alignnone size-full wp-image-6151\" src=\"https:\/\/i0.wp.com\/blogs.granada.escolapiosemaus.org\/biblioteca\/wp-content\/uploads\/sites\/18\/2026\/04\/shared-image-62.jpg?resize=600%2C800&#038;ssl=1\" alt=\"\" width=\"600\" height=\"800\" srcset=\"https:\/\/i0.wp.com\/blogs.granada.escolapiosemaus.org\/biblioteca\/wp-content\/uploads\/sites\/18\/2026\/04\/shared-image-62.jpg?w=1530&amp;ssl=1 1530w, https:\/\/i0.wp.com\/blogs.granada.escolapiosemaus.org\/biblioteca\/wp-content\/uploads\/sites\/18\/2026\/04\/shared-image-62.jpg?resize=225%2C300&amp;ssl=1 225w, https:\/\/i0.wp.com\/blogs.granada.escolapiosemaus.org\/biblioteca\/wp-content\/uploads\/sites\/18\/2026\/04\/shared-image-62.jpg?resize=768%2C1024&amp;ssl=1 768w, https:\/\/i0.wp.com\/blogs.granada.escolapiosemaus.org\/biblioteca\/wp-content\/uploads\/sites\/18\/2026\/04\/shared-image-62.jpg?resize=150%2C200&amp;ssl=1 150w, https:\/\/i0.wp.com\/blogs.granada.escolapiosemaus.org\/biblioteca\/wp-content\/uploads\/sites\/18\/2026\/04\/shared-image-62.jpg?resize=1152%2C1536&amp;ssl=1 1152w\" sizes=\"auto, (max-width: 600px) 100vw, 600px\" \/><\/a> <a href=\"https:\/\/i0.wp.com\/blogs.granada.escolapiosemaus.org\/biblioteca\/wp-content\/uploads\/sites\/18\/2026\/04\/shared-image-61.jpg?ssl=1\"><img data-recalc-dims=\"1\" loading=\"lazy\" decoding=\"async\" data-attachment-id=\"6152\" data-permalink=\"https:\/\/blogs.granada.escolapiosemaus.org\/biblioteca\/2026\/04\/23\/dia-del-libro-en-la-biblioteca-primer-ciclo-de-primaria\/shared-image-61\/\" data-orig-file=\"https:\/\/i0.wp.com\/blogs.granada.escolapiosemaus.org\/biblioteca\/wp-content\/uploads\/sites\/18\/2026\/04\/shared-image-61.jpg?fit=1530%2C2040&amp;ssl=1\" data-orig-size=\"1530,2040\" data-comments-opened=\"1\" data-image-meta=\"{&quot;aperture&quot;:&quot;0&quot;,&quot;credit&quot;:&quot;&quot;,&quot;camera&quot;:&quot;&quot;,&quot;caption&quot;:&quot;&quot;,&quot;created_timestamp&quot;:&quot;0&quot;,&quot;copyright&quot;:&quot;&quot;,&quot;focal_length&quot;:&quot;0&quot;,&quot;iso&quot;:&quot;0&quot;,&quot;shutter_speed&quot;:&quot;0&quot;,&quot;title&quot;:&quot;&quot;,&quot;orientation&quot;:&quot;0&quot;}\" data-image-title=\"shared image (61)\" data-image-description=\"\" data-image-caption=\"\" data-medium-file=\"https:\/\/i0.wp.com\/blogs.granada.escolapiosemaus.org\/biblioteca\/wp-content\/uploads\/sites\/18\/2026\/04\/shared-image-61.jpg?fit=225%2C300&amp;ssl=1\" data-large-file=\"https:\/\/i0.wp.com\/blogs.granada.escolapiosemaus.org\/biblioteca\/wp-content\/uploads\/sites\/18\/2026\/04\/shared-image-61.jpg?fit=600%2C800&amp;ssl=1\" class=\"alignnone size-full wp-image-6152\" src=\"https:\/\/i0.wp.com\/blogs.granada.escolapiosemaus.org\/biblioteca\/wp-content\/uploads\/sites\/18\/2026\/04\/shared-image-61.jpg?resize=600%2C800&#038;ssl=1\" alt=\"\" width=\"600\" height=\"800\" srcset=\"https:\/\/i0.wp.com\/blogs.granada.escolapiosemaus.org\/biblioteca\/wp-content\/uploads\/sites\/18\/2026\/04\/shared-image-61.jpg?w=1530&amp;ssl=1 1530w, https:\/\/i0.wp.com\/blogs.granada.escolapiosemaus.org\/biblioteca\/wp-content\/uploads\/sites\/18\/2026\/04\/shared-image-61.jpg?resize=225%2C300&amp;ssl=1 225w, https:\/\/i0.wp.com\/blogs.granada.escolapiosemaus.org\/biblioteca\/wp-content\/uploads\/sites\/18\/2026\/04\/shared-image-61.jpg?resize=768%2C1024&amp;ssl=1 768w, https:\/\/i0.wp.com\/blogs.granada.escolapiosemaus.org\/biblioteca\/wp-content\/uploads\/sites\/18\/2026\/04\/shared-image-61.jpg?resize=150%2C200&amp;ssl=1 150w, https:\/\/i0.wp.com\/blogs.granada.escolapiosemaus.org\/biblioteca\/wp-content\/uploads\/sites\/18\/2026\/04\/shared-image-61.jpg?resize=1152%2C1536&amp;ssl=1 1152w\" sizes=\"auto, (max-width: 600px) 100vw, 600px\" \/><\/a> <a href=\"https:\/\/i0.wp.com\/blogs.granada.escolapiosemaus.org\/biblioteca\/wp-content\/uploads\/sites\/18\/2026\/04\/shared-image-60.jpg?ssl=1\"><img data-recalc-dims=\"1\" loading=\"lazy\" decoding=\"async\" data-attachment-id=\"6153\" data-permalink=\"https:\/\/blogs.granada.escolapiosemaus.org\/biblioteca\/2026\/04\/23\/dia-del-libro-en-la-biblioteca-primer-ciclo-de-primaria\/shared-image-60\/\" data-orig-file=\"https:\/\/i0.wp.com\/blogs.granada.escolapiosemaus.org\/biblioteca\/wp-content\/uploads\/sites\/18\/2026\/04\/shared-image-60.jpg?fit=1530%2C2040&amp;ssl=1\" data-orig-size=\"1530,2040\" data-comments-opened=\"1\" data-image-meta=\"{&quot;aperture&quot;:&quot;0&quot;,&quot;credit&quot;:&quot;&quot;,&quot;camera&quot;:&quot;&quot;,&quot;caption&quot;:&quot;&quot;,&quot;created_timestamp&quot;:&quot;0&quot;,&quot;copyright&quot;:&quot;&quot;,&quot;focal_length&quot;:&quot;0&quot;,&quot;iso&quot;:&quot;0&quot;,&quot;shutter_speed&quot;:&quot;0&quot;,&quot;title&quot;:&quot;&quot;,&quot;orientation&quot;:&quot;0&quot;}\" data-image-title=\"shared image (60)\" data-image-description=\"\" data-image-caption=\"\" data-medium-file=\"https:\/\/i0.wp.com\/blogs.granada.escolapiosemaus.org\/biblioteca\/wp-content\/uploads\/sites\/18\/2026\/04\/shared-image-60.jpg?fit=225%2C300&amp;ssl=1\" data-large-file=\"https:\/\/i0.wp.com\/blogs.granada.escolapiosemaus.org\/biblioteca\/wp-content\/uploads\/sites\/18\/2026\/04\/shared-image-60.jpg?fit=600%2C800&amp;ssl=1\" class=\"alignnone size-full wp-image-6153\" src=\"https:\/\/i0.wp.com\/blogs.granada.escolapiosemaus.org\/biblioteca\/wp-content\/uploads\/sites\/18\/2026\/04\/shared-image-60.jpg?resize=600%2C800&#038;ssl=1\" alt=\"\" width=\"600\" height=\"800\" srcset=\"https:\/\/i0.wp.com\/blogs.granada.escolapiosemaus.org\/biblioteca\/wp-content\/uploads\/sites\/18\/2026\/04\/shared-image-60.jpg?w=1530&amp;ssl=1 1530w, https:\/\/i0.wp.com\/blogs.granada.escolapiosemaus.org\/biblioteca\/wp-content\/uploads\/sites\/18\/2026\/04\/shared-image-60.jpg?resize=225%2C300&amp;ssl=1 225w, https:\/\/i0.wp.com\/blogs.granada.escolapiosemaus.org\/biblioteca\/wp-content\/uploads\/sites\/18\/2026\/04\/shared-image-60.jpg?resize=768%2C1024&amp;ssl=1 768w, https:\/\/i0.wp.com\/blogs.granada.escolapiosemaus.org\/biblioteca\/wp-content\/uploads\/sites\/18\/2026\/04\/shared-image-60.jpg?resize=150%2C200&amp;ssl=1 150w, https:\/\/i0.wp.com\/blogs.granada.escolapiosemaus.org\/biblioteca\/wp-content\/uploads\/sites\/18\/2026\/04\/shared-image-60.jpg?resize=1152%2C1536&amp;ssl=1 1152w\" sizes=\"auto, (max-width: 600px) 100vw, 600px\" \/><\/a> <a href=\"https:\/\/i0.wp.com\/blogs.granada.escolapiosemaus.org\/biblioteca\/wp-content\/uploads\/sites\/18\/2026\/04\/shared-image-59.jpg?ssl=1\"><img data-recalc-dims=\"1\" loading=\"lazy\" decoding=\"async\" data-attachment-id=\"6154\" data-permalink=\"https:\/\/blogs.granada.escolapiosemaus.org\/biblioteca\/2026\/04\/23\/dia-del-libro-en-la-biblioteca-primer-ciclo-de-primaria\/shared-image-59\/\" data-orig-file=\"https:\/\/i0.wp.com\/blogs.granada.escolapiosemaus.org\/biblioteca\/wp-content\/uploads\/sites\/18\/2026\/04\/shared-image-59.jpg?fit=1530%2C2040&amp;ssl=1\" data-orig-size=\"1530,2040\" data-comments-opened=\"1\" data-image-meta=\"{&quot;aperture&quot;:&quot;0&quot;,&quot;credit&quot;:&quot;&quot;,&quot;camera&quot;:&quot;&quot;,&quot;caption&quot;:&quot;&quot;,&quot;created_timestamp&quot;:&quot;0&quot;,&quot;copyright&quot;:&quot;&quot;,&quot;focal_length&quot;:&quot;0&quot;,&quot;iso&quot;:&quot;0&quot;,&quot;shutter_speed&quot;:&quot;0&quot;,&quot;title&quot;:&quot;&quot;,&quot;orientation&quot;:&quot;0&quot;}\" data-image-title=\"shared image (59)\" data-image-description=\"\" data-image-caption=\"\" data-medium-file=\"https:\/\/i0.wp.com\/blogs.granada.escolapiosemaus.org\/biblioteca\/wp-content\/uploads\/sites\/18\/2026\/04\/shared-image-59.jpg?fit=225%2C300&amp;ssl=1\" data-large-file=\"https:\/\/i0.wp.com\/blogs.granada.escolapiosemaus.org\/biblioteca\/wp-content\/uploads\/sites\/18\/2026\/04\/shared-image-59.jpg?fit=600%2C800&amp;ssl=1\" class=\"alignnone size-full wp-image-6154\" src=\"https:\/\/i0.wp.com\/blogs.granada.escolapiosemaus.org\/biblioteca\/wp-content\/uploads\/sites\/18\/2026\/04\/shared-image-59.jpg?resize=600%2C800&#038;ssl=1\" alt=\"\" width=\"600\" height=\"800\" srcset=\"https:\/\/i0.wp.com\/blogs.granada.escolapiosemaus.org\/biblioteca\/wp-content\/uploads\/sites\/18\/2026\/04\/shared-image-59.jpg?w=1530&amp;ssl=1 1530w, https:\/\/i0.wp.com\/blogs.granada.escolapiosemaus.org\/biblioteca\/wp-content\/uploads\/sites\/18\/2026\/04\/shared-image-59.jpg?resize=225%2C300&amp;ssl=1 225w, https:\/\/i0.wp.com\/blogs.granada.escolapiosemaus.org\/biblioteca\/wp-content\/uploads\/sites\/18\/2026\/04\/shared-image-59.jpg?resize=768%2C1024&amp;ssl=1 768w, https:\/\/i0.wp.com\/blogs.granada.escolapiosemaus.org\/biblioteca\/wp-content\/uploads\/sites\/18\/2026\/04\/shared-image-59.jpg?resize=150%2C200&amp;ssl=1 150w, https:\/\/i0.wp.com\/blogs.granada.escolapiosemaus.org\/biblioteca\/wp-content\/uploads\/sites\/18\/2026\/04\/shared-image-59.jpg?resize=1152%2C1536&amp;ssl=1 1152w\" sizes=\"auto, (max-width: 600px) 100vw, 600px\" \/><\/a> <a href=\"https:\/\/i0.wp.com\/blogs.granada.escolapiosemaus.org\/biblioteca\/wp-content\/uploads\/sites\/18\/2026\/04\/shared-image-58.jpg?ssl=1\"><img data-recalc-dims=\"1\" loading=\"lazy\" decoding=\"async\" data-attachment-id=\"6155\" data-permalink=\"https:\/\/blogs.granada.escolapiosemaus.org\/biblioteca\/2026\/04\/23\/dia-del-libro-en-la-biblioteca-primer-ciclo-de-primaria\/shared-image-58\/\" data-orig-file=\"https:\/\/i0.wp.com\/blogs.granada.escolapiosemaus.org\/biblioteca\/wp-content\/uploads\/sites\/18\/2026\/04\/shared-image-58.jpg?fit=1530%2C2040&amp;ssl=1\" data-orig-size=\"1530,2040\" data-comments-opened=\"1\" data-image-meta=\"{&quot;aperture&quot;:&quot;0&quot;,&quot;credit&quot;:&quot;&quot;,&quot;camera&quot;:&quot;&quot;,&quot;caption&quot;:&quot;&quot;,&quot;created_timestamp&quot;:&quot;0&quot;,&quot;copyright&quot;:&quot;&quot;,&quot;focal_length&quot;:&quot;0&quot;,&quot;iso&quot;:&quot;0&quot;,&quot;shutter_speed&quot;:&quot;0&quot;,&quot;title&quot;:&quot;&quot;,&quot;orientation&quot;:&quot;0&quot;}\" data-image-title=\"shared image (58)\" data-image-description=\"\" data-image-caption=\"\" data-medium-file=\"https:\/\/i0.wp.com\/blogs.granada.escolapiosemaus.org\/biblioteca\/wp-content\/uploads\/sites\/18\/2026\/04\/shared-image-58.jpg?fit=225%2C300&amp;ssl=1\" data-large-file=\"https:\/\/i0.wp.com\/blogs.granada.escolapiosemaus.org\/biblioteca\/wp-content\/uploads\/sites\/18\/2026\/04\/shared-image-58.jpg?fit=600%2C800&amp;ssl=1\" class=\"alignnone size-full wp-image-6155\" src=\"https:\/\/i0.wp.com\/blogs.granada.escolapiosemaus.org\/biblioteca\/wp-content\/uploads\/sites\/18\/2026\/04\/shared-image-58.jpg?resize=600%2C800&#038;ssl=1\" alt=\"\" width=\"600\" height=\"800\" srcset=\"https:\/\/i0.wp.com\/blogs.granada.escolapiosemaus.org\/biblioteca\/wp-content\/uploads\/sites\/18\/2026\/04\/shared-image-58.jpg?w=1530&amp;ssl=1 1530w, https:\/\/i0.wp.com\/blogs.granada.escolapiosemaus.org\/biblioteca\/wp-content\/uploads\/sites\/18\/2026\/04\/shared-image-58.jpg?resize=225%2C300&amp;ssl=1 225w, https:\/\/i0.wp.com\/blogs.granada.escolapiosemaus.org\/biblioteca\/wp-content\/uploads\/sites\/18\/2026\/04\/shared-image-58.jpg?resize=768%2C1024&amp;ssl=1 768w, https:\/\/i0.wp.com\/blogs.granada.escolapiosemaus.org\/biblioteca\/wp-content\/uploads\/sites\/18\/2026\/04\/shared-image-58.jpg?resize=150%2C200&amp;ssl=1 150w, https:\/\/i0.wp.com\/blogs.granada.escolapiosemaus.org\/biblioteca\/wp-content\/uploads\/sites\/18\/2026\/04\/shared-image-58.jpg?resize=1152%2C1536&amp;ssl=1 1152w\" sizes=\"auto, (max-width: 600px) 100vw, 600px\" \/><\/a> <a href=\"https:\/\/i0.wp.com\/blogs.granada.escolapiosemaus.org\/biblioteca\/wp-content\/uploads\/sites\/18\/2026\/04\/shared-image-55.jpg?ssl=1\"><img data-recalc-dims=\"1\" loading=\"lazy\" decoding=\"async\" data-attachment-id=\"6158\" data-permalink=\"https:\/\/blogs.granada.escolapiosemaus.org\/biblioteca\/2026\/04\/23\/dia-del-libro-en-la-biblioteca-primer-ciclo-de-primaria\/shared-image-55\/\" data-orig-file=\"https:\/\/i0.wp.com\/blogs.granada.escolapiosemaus.org\/biblioteca\/wp-content\/uploads\/sites\/18\/2026\/04\/shared-image-55.jpg?fit=1530%2C2040&amp;ssl=1\" data-orig-size=\"1530,2040\" data-comments-opened=\"1\" data-image-meta=\"{&quot;aperture&quot;:&quot;0&quot;,&quot;credit&quot;:&quot;&quot;,&quot;camera&quot;:&quot;&quot;,&quot;caption&quot;:&quot;&quot;,&quot;created_timestamp&quot;:&quot;0&quot;,&quot;copyright&quot;:&quot;&quot;,&quot;focal_length&quot;:&quot;0&quot;,&quot;iso&quot;:&quot;0&quot;,&quot;shutter_speed&quot;:&quot;0&quot;,&quot;title&quot;:&quot;&quot;,&quot;orientation&quot;:&quot;0&quot;}\" data-image-title=\"shared image (55)\" data-image-description=\"\" data-image-caption=\"\" data-medium-file=\"https:\/\/i0.wp.com\/blogs.granada.escolapiosemaus.org\/biblioteca\/wp-content\/uploads\/sites\/18\/2026\/04\/shared-image-55.jpg?fit=225%2C300&amp;ssl=1\" data-large-file=\"https:\/\/i0.wp.com\/blogs.granada.escolapiosemaus.org\/biblioteca\/wp-content\/uploads\/sites\/18\/2026\/04\/shared-image-55.jpg?fit=600%2C800&amp;ssl=1\" class=\"alignnone size-full wp-image-6158\" src=\"https:\/\/i0.wp.com\/blogs.granada.escolapiosemaus.org\/biblioteca\/wp-content\/uploads\/sites\/18\/2026\/04\/shared-image-55.jpg?resize=600%2C800&#038;ssl=1\" alt=\"\" width=\"600\" height=\"800\" srcset=\"https:\/\/i0.wp.com\/blogs.granada.escolapiosemaus.org\/biblioteca\/wp-content\/uploads\/sites\/18\/2026\/04\/shared-image-55.jpg?w=1530&amp;ssl=1 1530w, https:\/\/i0.wp.com\/blogs.granada.escolapiosemaus.org\/biblioteca\/wp-content\/uploads\/sites\/18\/2026\/04\/shared-image-55.jpg?resize=225%2C300&amp;ssl=1 225w, https:\/\/i0.wp.com\/blogs.granada.escolapiosemaus.org\/biblioteca\/wp-content\/uploads\/sites\/18\/2026\/04\/shared-image-55.jpg?resize=768%2C1024&amp;ssl=1 768w, https:\/\/i0.wp.com\/blogs.granada.escolapiosemaus.org\/biblioteca\/wp-content\/uploads\/sites\/18\/2026\/04\/shared-image-55.jpg?resize=150%2C200&amp;ssl=1 150w, https:\/\/i0.wp.com\/blogs.granada.escolapiosemaus.org\/biblioteca\/wp-content\/uploads\/sites\/18\/2026\/04\/shared-image-55.jpg?resize=1152%2C1536&amp;ssl=1 1152w\" sizes=\"auto, (max-width: 600px) 100vw, 600px\" \/><\/a> <a href=\"https:\/\/i0.wp.com\/blogs.granada.escolapiosemaus.org\/biblioteca\/wp-content\/uploads\/sites\/18\/2026\/04\/shared-image-54.jpg?ssl=1\"><img data-recalc-dims=\"1\" loading=\"lazy\" decoding=\"async\" data-attachment-id=\"6159\" data-permalink=\"https:\/\/blogs.granada.escolapiosemaus.org\/biblioteca\/2026\/04\/23\/dia-del-libro-en-la-biblioteca-primer-ciclo-de-primaria\/shared-image-54-2\/\" data-orig-file=\"https:\/\/i0.wp.com\/blogs.granada.escolapiosemaus.org\/biblioteca\/wp-content\/uploads\/sites\/18\/2026\/04\/shared-image-54.jpg?fit=1530%2C2040&amp;ssl=1\" data-orig-size=\"1530,2040\" data-comments-opened=\"1\" data-image-meta=\"{&quot;aperture&quot;:&quot;0&quot;,&quot;credit&quot;:&quot;&quot;,&quot;camera&quot;:&quot;&quot;,&quot;caption&quot;:&quot;&quot;,&quot;created_timestamp&quot;:&quot;0&quot;,&quot;copyright&quot;:&quot;&quot;,&quot;focal_length&quot;:&quot;0&quot;,&quot;iso&quot;:&quot;0&quot;,&quot;shutter_speed&quot;:&quot;0&quot;,&quot;title&quot;:&quot;&quot;,&quot;orientation&quot;:&quot;0&quot;}\" data-image-title=\"shared image (54)\" data-image-description=\"\" data-image-caption=\"\" data-medium-file=\"https:\/\/i0.wp.com\/blogs.granada.escolapiosemaus.org\/biblioteca\/wp-content\/uploads\/sites\/18\/2026\/04\/shared-image-54.jpg?fit=225%2C300&amp;ssl=1\" data-large-file=\"https:\/\/i0.wp.com\/blogs.granada.escolapiosemaus.org\/biblioteca\/wp-content\/uploads\/sites\/18\/2026\/04\/shared-image-54.jpg?fit=600%2C800&amp;ssl=1\" class=\"alignnone size-full wp-image-6159\" src=\"https:\/\/i0.wp.com\/blogs.granada.escolapiosemaus.org\/biblioteca\/wp-content\/uploads\/sites\/18\/2026\/04\/shared-image-54.jpg?resize=600%2C800&#038;ssl=1\" alt=\"\" width=\"600\" height=\"800\" srcset=\"https:\/\/i0.wp.com\/blogs.granada.escolapiosemaus.org\/biblioteca\/wp-content\/uploads\/sites\/18\/2026\/04\/shared-image-54.jpg?w=1530&amp;ssl=1 1530w, https:\/\/i0.wp.com\/blogs.granada.escolapiosemaus.org\/biblioteca\/wp-content\/uploads\/sites\/18\/2026\/04\/shared-image-54.jpg?resize=225%2C300&amp;ssl=1 225w, https:\/\/i0.wp.com\/blogs.granada.escolapiosemaus.org\/biblioteca\/wp-content\/uploads\/sites\/18\/2026\/04\/shared-image-54.jpg?resize=768%2C1024&amp;ssl=1 768w, https:\/\/i0.wp.com\/blogs.granada.escolapiosemaus.org\/biblioteca\/wp-content\/uploads\/sites\/18\/2026\/04\/shared-image-54.jpg?resize=150%2C200&amp;ssl=1 150w, https:\/\/i0.wp.com\/blogs.granada.escolapiosemaus.org\/biblioteca\/wp-content\/uploads\/sites\/18\/2026\/04\/shared-image-54.jpg?resize=1152%2C1536&amp;ssl=1 1152w\" sizes=\"auto, (max-width: 600px) 100vw, 600px\" \/><\/a> <a href=\"https:\/\/i0.wp.com\/blogs.granada.escolapiosemaus.org\/biblioteca\/wp-content\/uploads\/sites\/18\/2026\/04\/shared-image-53.jpg?ssl=1\"><img data-recalc-dims=\"1\" loading=\"lazy\" decoding=\"async\" data-attachment-id=\"6160\" data-permalink=\"https:\/\/blogs.granada.escolapiosemaus.org\/biblioteca\/2026\/04\/23\/dia-del-libro-en-la-biblioteca-primer-ciclo-de-primaria\/shared-image-53-2\/\" data-orig-file=\"https:\/\/i0.wp.com\/blogs.granada.escolapiosemaus.org\/biblioteca\/wp-content\/uploads\/sites\/18\/2026\/04\/shared-image-53.jpg?fit=1530%2C2040&amp;ssl=1\" data-orig-size=\"1530,2040\" data-comments-opened=\"1\" data-image-meta=\"{&quot;aperture&quot;:&quot;0&quot;,&quot;credit&quot;:&quot;&quot;,&quot;camera&quot;:&quot;&quot;,&quot;caption&quot;:&quot;&quot;,&quot;created_timestamp&quot;:&quot;0&quot;,&quot;copyright&quot;:&quot;&quot;,&quot;focal_length&quot;:&quot;0&quot;,&quot;iso&quot;:&quot;0&quot;,&quot;shutter_speed&quot;:&quot;0&quot;,&quot;title&quot;:&quot;&quot;,&quot;orientation&quot;:&quot;0&quot;}\" data-image-title=\"shared image (53)\" data-image-description=\"\" data-image-caption=\"\" data-medium-file=\"https:\/\/i0.wp.com\/blogs.granada.escolapiosemaus.org\/biblioteca\/wp-content\/uploads\/sites\/18\/2026\/04\/shared-image-53.jpg?fit=225%2C300&amp;ssl=1\" data-large-file=\"https:\/\/i0.wp.com\/blogs.granada.escolapiosemaus.org\/biblioteca\/wp-content\/uploads\/sites\/18\/2026\/04\/shared-image-53.jpg?fit=600%2C800&amp;ssl=1\" class=\"alignnone size-full wp-image-6160\" src=\"https:\/\/i0.wp.com\/blogs.granada.escolapiosemaus.org\/biblioteca\/wp-content\/uploads\/sites\/18\/2026\/04\/shared-image-53.jpg?resize=600%2C800&#038;ssl=1\" alt=\"\" width=\"600\" height=\"800\" srcset=\"https:\/\/i0.wp.com\/blogs.granada.escolapiosemaus.org\/biblioteca\/wp-content\/uploads\/sites\/18\/2026\/04\/shared-image-53.jpg?w=1530&amp;ssl=1 1530w, https:\/\/i0.wp.com\/blogs.granada.escolapiosemaus.org\/biblioteca\/wp-content\/uploads\/sites\/18\/2026\/04\/shared-image-53.jpg?resize=225%2C300&amp;ssl=1 225w, https:\/\/i0.wp.com\/blogs.granada.escolapiosemaus.org\/biblioteca\/wp-content\/uploads\/sites\/18\/2026\/04\/shared-image-53.jpg?resize=768%2C1024&amp;ssl=1 768w, https:\/\/i0.wp.com\/blogs.granada.escolapiosemaus.org\/biblioteca\/wp-content\/uploads\/sites\/18\/2026\/04\/shared-image-53.jpg?resize=150%2C200&amp;ssl=1 150w, https:\/\/i0.wp.com\/blogs.granada.escolapiosemaus.org\/biblioteca\/wp-content\/uploads\/sites\/18\/2026\/04\/shared-image-53.jpg?resize=1152%2C1536&amp;ssl=1 1152w\" sizes=\"auto, (max-width: 600px) 100vw, 600px\" \/><\/a> <a href=\"https:\/\/i0.wp.com\/blogs.granada.escolapiosemaus.org\/biblioteca\/wp-content\/uploads\/sites\/18\/2026\/04\/shared-image-52.jpg?ssl=1\"><img data-recalc-dims=\"1\" loading=\"lazy\" decoding=\"async\" data-attachment-id=\"6161\" data-permalink=\"https:\/\/blogs.granada.escolapiosemaus.org\/biblioteca\/2026\/04\/23\/dia-del-libro-en-la-biblioteca-primer-ciclo-de-primaria\/shared-image-52-2\/\" data-orig-file=\"https:\/\/i0.wp.com\/blogs.granada.escolapiosemaus.org\/biblioteca\/wp-content\/uploads\/sites\/18\/2026\/04\/shared-image-52.jpg?fit=1530%2C2040&amp;ssl=1\" data-orig-size=\"1530,2040\" data-comments-opened=\"1\" data-image-meta=\"{&quot;aperture&quot;:&quot;0&quot;,&quot;credit&quot;:&quot;&quot;,&quot;camera&quot;:&quot;&quot;,&quot;caption&quot;:&quot;&quot;,&quot;created_timestamp&quot;:&quot;0&quot;,&quot;copyright&quot;:&quot;&quot;,&quot;focal_length&quot;:&quot;0&quot;,&quot;iso&quot;:&quot;0&quot;,&quot;shutter_speed&quot;:&quot;0&quot;,&quot;title&quot;:&quot;&quot;,&quot;orientation&quot;:&quot;0&quot;}\" data-image-title=\"shared image (52)\" data-image-description=\"\" data-image-caption=\"\" data-medium-file=\"https:\/\/i0.wp.com\/blogs.granada.escolapiosemaus.org\/biblioteca\/wp-content\/uploads\/sites\/18\/2026\/04\/shared-image-52.jpg?fit=225%2C300&amp;ssl=1\" data-large-file=\"https:\/\/i0.wp.com\/blogs.granada.escolapiosemaus.org\/biblioteca\/wp-content\/uploads\/sites\/18\/2026\/04\/shared-image-52.jpg?fit=600%2C800&amp;ssl=1\" class=\"alignnone size-full wp-image-6161\" src=\"https:\/\/i0.wp.com\/blogs.granada.escolapiosemaus.org\/biblioteca\/wp-content\/uploads\/sites\/18\/2026\/04\/shared-image-52.jpg?resize=600%2C800&#038;ssl=1\" alt=\"\" width=\"600\" height=\"800\" srcset=\"https:\/\/i0.wp.com\/blogs.granada.escolapiosemaus.org\/biblioteca\/wp-content\/uploads\/sites\/18\/2026\/04\/shared-image-52.jpg?w=1530&amp;ssl=1 1530w, https:\/\/i0.wp.com\/blogs.granada.escolapiosemaus.org\/biblioteca\/wp-content\/uploads\/sites\/18\/2026\/04\/shared-image-52.jpg?resize=225%2C300&amp;ssl=1 225w, https:\/\/i0.wp.com\/blogs.granada.escolapiosemaus.org\/biblioteca\/wp-content\/uploads\/sites\/18\/2026\/04\/shared-image-52.jpg?resize=768%2C1024&amp;ssl=1 768w, https:\/\/i0.wp.com\/blogs.granada.escolapiosemaus.org\/biblioteca\/wp-content\/uploads\/sites\/18\/2026\/04\/shared-image-52.jpg?resize=150%2C200&amp;ssl=1 150w, https:\/\/i0.wp.com\/blogs.granada.escolapiosemaus.org\/biblioteca\/wp-content\/uploads\/sites\/18\/2026\/04\/shared-image-52.jpg?resize=1152%2C1536&amp;ssl=1 1152w\" sizes=\"auto, (max-width: 600px) 100vw, 600px\" \/><\/a> <a href=\"https:\/\/i0.wp.com\/blogs.granada.escolapiosemaus.org\/biblioteca\/wp-content\/uploads\/sites\/18\/2026\/04\/shared-image-51.jpg?ssl=1\"><img data-recalc-dims=\"1\" loading=\"lazy\" decoding=\"async\" data-attachment-id=\"6162\" data-permalink=\"https:\/\/blogs.granada.escolapiosemaus.org\/biblioteca\/2026\/04\/23\/dia-del-libro-en-la-biblioteca-primer-ciclo-de-primaria\/shared-image-51-2\/\" data-orig-file=\"https:\/\/i0.wp.com\/blogs.granada.escolapiosemaus.org\/biblioteca\/wp-content\/uploads\/sites\/18\/2026\/04\/shared-image-51.jpg?fit=1530%2C2040&amp;ssl=1\" data-orig-size=\"1530,2040\" data-comments-opened=\"1\" data-image-meta=\"{&quot;aperture&quot;:&quot;0&quot;,&quot;credit&quot;:&quot;&quot;,&quot;camera&quot;:&quot;&quot;,&quot;caption&quot;:&quot;&quot;,&quot;created_timestamp&quot;:&quot;0&quot;,&quot;copyright&quot;:&quot;&quot;,&quot;focal_length&quot;:&quot;0&quot;,&quot;iso&quot;:&quot;0&quot;,&quot;shutter_speed&quot;:&quot;0&quot;,&quot;title&quot;:&quot;&quot;,&quot;orientation&quot;:&quot;0&quot;}\" data-image-title=\"shared image (51)\" data-image-description=\"\" data-image-caption=\"\" data-medium-file=\"https:\/\/i0.wp.com\/blogs.granada.escolapiosemaus.org\/biblioteca\/wp-content\/uploads\/sites\/18\/2026\/04\/shared-image-51.jpg?fit=225%2C300&amp;ssl=1\" data-large-file=\"https:\/\/i0.wp.com\/blogs.granada.escolapiosemaus.org\/biblioteca\/wp-content\/uploads\/sites\/18\/2026\/04\/shared-image-51.jpg?fit=600%2C800&amp;ssl=1\" class=\"alignnone size-full wp-image-6162\" src=\"https:\/\/i0.wp.com\/blogs.granada.escolapiosemaus.org\/biblioteca\/wp-content\/uploads\/sites\/18\/2026\/04\/shared-image-51.jpg?resize=600%2C800&#038;ssl=1\" alt=\"\" width=\"600\" height=\"800\" srcset=\"https:\/\/i0.wp.com\/blogs.granada.escolapiosemaus.org\/biblioteca\/wp-content\/uploads\/sites\/18\/2026\/04\/shared-image-51.jpg?w=1530&amp;ssl=1 1530w, https:\/\/i0.wp.com\/blogs.granada.escolapiosemaus.org\/biblioteca\/wp-content\/uploads\/sites\/18\/2026\/04\/shared-image-51.jpg?resize=225%2C300&amp;ssl=1 225w, https:\/\/i0.wp.com\/blogs.granada.escolapiosemaus.org\/biblioteca\/wp-content\/uploads\/sites\/18\/2026\/04\/shared-image-51.jpg?resize=768%2C1024&amp;ssl=1 768w, https:\/\/i0.wp.com\/blogs.granada.escolapiosemaus.org\/biblioteca\/wp-content\/uploads\/sites\/18\/2026\/04\/shared-image-51.jpg?resize=150%2C200&amp;ssl=1 150w, https:\/\/i0.wp.com\/blogs.granada.escolapiosemaus.org\/biblioteca\/wp-content\/uploads\/sites\/18\/2026\/04\/shared-image-51.jpg?resize=1152%2C1536&amp;ssl=1 1152w\" sizes=\"auto, (max-width: 600px) 100vw, 600px\" \/><\/a> <a href=\"https:\/\/i0.wp.com\/blogs.granada.escolapiosemaus.org\/biblioteca\/wp-content\/uploads\/sites\/18\/2026\/04\/shared-image-50.jpg?ssl=1\"><img data-recalc-dims=\"1\" loading=\"lazy\" decoding=\"async\" data-attachment-id=\"6163\" data-permalink=\"https:\/\/blogs.granada.escolapiosemaus.org\/biblioteca\/2026\/04\/23\/dia-del-libro-en-la-biblioteca-primer-ciclo-de-primaria\/shared-image-50-2\/\" data-orig-file=\"https:\/\/i0.wp.com\/blogs.granada.escolapiosemaus.org\/biblioteca\/wp-content\/uploads\/sites\/18\/2026\/04\/shared-image-50.jpg?fit=1530%2C2040&amp;ssl=1\" data-orig-size=\"1530,2040\" data-comments-opened=\"1\" data-image-meta=\"{&quot;aperture&quot;:&quot;0&quot;,&quot;credit&quot;:&quot;&quot;,&quot;camera&quot;:&quot;&quot;,&quot;caption&quot;:&quot;&quot;,&quot;created_timestamp&quot;:&quot;0&quot;,&quot;copyright&quot;:&quot;&quot;,&quot;focal_length&quot;:&quot;0&quot;,&quot;iso&quot;:&quot;0&quot;,&quot;shutter_speed&quot;:&quot;0&quot;,&quot;title&quot;:&quot;&quot;,&quot;orientation&quot;:&quot;0&quot;}\" data-image-title=\"shared image (50)\" data-image-description=\"\" data-image-caption=\"\" data-medium-file=\"https:\/\/i0.wp.com\/blogs.granada.escolapiosemaus.org\/biblioteca\/wp-content\/uploads\/sites\/18\/2026\/04\/shared-image-50.jpg?fit=225%2C300&amp;ssl=1\" data-large-file=\"https:\/\/i0.wp.com\/blogs.granada.escolapiosemaus.org\/biblioteca\/wp-content\/uploads\/sites\/18\/2026\/04\/shared-image-50.jpg?fit=600%2C800&amp;ssl=1\" class=\"alignnone size-full wp-image-6163\" src=\"https:\/\/i0.wp.com\/blogs.granada.escolapiosemaus.org\/biblioteca\/wp-content\/uploads\/sites\/18\/2026\/04\/shared-image-50.jpg?resize=600%2C800&#038;ssl=1\" alt=\"\" width=\"600\" height=\"800\" srcset=\"https:\/\/i0.wp.com\/blogs.granada.escolapiosemaus.org\/biblioteca\/wp-content\/uploads\/sites\/18\/2026\/04\/shared-image-50.jpg?w=1530&amp;ssl=1 1530w, https:\/\/i0.wp.com\/blogs.granada.escolapiosemaus.org\/biblioteca\/wp-content\/uploads\/sites\/18\/2026\/04\/shared-image-50.jpg?resize=225%2C300&amp;ssl=1 225w, https:\/\/i0.wp.com\/blogs.granada.escolapiosemaus.org\/biblioteca\/wp-content\/uploads\/sites\/18\/2026\/04\/shared-image-50.jpg?resize=768%2C1024&amp;ssl=1 768w, https:\/\/i0.wp.com\/blogs.granada.escolapiosemaus.org\/biblioteca\/wp-content\/uploads\/sites\/18\/2026\/04\/shared-image-50.jpg?resize=150%2C200&amp;ssl=1 150w, https:\/\/i0.wp.com\/blogs.granada.escolapiosemaus.org\/biblioteca\/wp-content\/uploads\/sites\/18\/2026\/04\/shared-image-50.jpg?resize=1152%2C1536&amp;ssl=1 1152w\" sizes=\"auto, (max-width: 600px) 100vw, 600px\" \/><\/a> <a href=\"https:\/\/i0.wp.com\/blogs.granada.escolapiosemaus.org\/biblioteca\/wp-content\/uploads\/sites\/18\/2026\/04\/shared-image-49.jpg?ssl=1\"><img data-recalc-dims=\"1\" loading=\"lazy\" decoding=\"async\" data-attachment-id=\"6164\" data-permalink=\"https:\/\/blogs.granada.escolapiosemaus.org\/biblioteca\/2026\/04\/23\/dia-del-libro-en-la-biblioteca-primer-ciclo-de-primaria\/shared-image-49-2\/\" data-orig-file=\"https:\/\/i0.wp.com\/blogs.granada.escolapiosemaus.org\/biblioteca\/wp-content\/uploads\/sites\/18\/2026\/04\/shared-image-49.jpg?fit=1530%2C2040&amp;ssl=1\" data-orig-size=\"1530,2040\" data-comments-opened=\"1\" data-image-meta=\"{&quot;aperture&quot;:&quot;0&quot;,&quot;credit&quot;:&quot;&quot;,&quot;camera&quot;:&quot;&quot;,&quot;caption&quot;:&quot;&quot;,&quot;created_timestamp&quot;:&quot;0&quot;,&quot;copyright&quot;:&quot;&quot;,&quot;focal_length&quot;:&quot;0&quot;,&quot;iso&quot;:&quot;0&quot;,&quot;shutter_speed&quot;:&quot;0&quot;,&quot;title&quot;:&quot;&quot;,&quot;orientation&quot;:&quot;0&quot;}\" data-image-title=\"shared image (49)\" data-image-description=\"\" data-image-caption=\"\" data-medium-file=\"https:\/\/i0.wp.com\/blogs.granada.escolapiosemaus.org\/biblioteca\/wp-content\/uploads\/sites\/18\/2026\/04\/shared-image-49.jpg?fit=225%2C300&amp;ssl=1\" data-large-file=\"https:\/\/i0.wp.com\/blogs.granada.escolapiosemaus.org\/biblioteca\/wp-content\/uploads\/sites\/18\/2026\/04\/shared-image-49.jpg?fit=600%2C800&amp;ssl=1\" class=\"alignnone size-full wp-image-6164\" src=\"https:\/\/i0.wp.com\/blogs.granada.escolapiosemaus.org\/biblioteca\/wp-content\/uploads\/sites\/18\/2026\/04\/shared-image-49.jpg?resize=600%2C800&#038;ssl=1\" alt=\"\" width=\"600\" height=\"800\" srcset=\"https:\/\/i0.wp.com\/blogs.granada.escolapiosemaus.org\/biblioteca\/wp-content\/uploads\/sites\/18\/2026\/04\/shared-image-49.jpg?w=1530&amp;ssl=1 1530w, https:\/\/i0.wp.com\/blogs.granada.escolapiosemaus.org\/biblioteca\/wp-content\/uploads\/sites\/18\/2026\/04\/shared-image-49.jpg?resize=225%2C300&amp;ssl=1 225w, https:\/\/i0.wp.com\/blogs.granada.escolapiosemaus.org\/biblioteca\/wp-content\/uploads\/sites\/18\/2026\/04\/shared-image-49.jpg?resize=768%2C1024&amp;ssl=1 768w, https:\/\/i0.wp.com\/blogs.granada.escolapiosemaus.org\/biblioteca\/wp-content\/uploads\/sites\/18\/2026\/04\/shared-image-49.jpg?resize=150%2C200&amp;ssl=1 150w, https:\/\/i0.wp.com\/blogs.granada.escolapiosemaus.org\/biblioteca\/wp-content\/uploads\/sites\/18\/2026\/04\/shared-image-49.jpg?resize=1152%2C1536&amp;ssl=1 1152w\" sizes=\"auto, (max-width: 600px) 100vw, 600px\" \/><\/a> <a href=\"https:\/\/i0.wp.com\/blogs.granada.escolapiosemaus.org\/biblioteca\/wp-content\/uploads\/sites\/18\/2026\/04\/shared-image-48.jpg?ssl=1\"><img data-recalc-dims=\"1\" loading=\"lazy\" decoding=\"async\" data-attachment-id=\"6165\" data-permalink=\"https:\/\/blogs.granada.escolapiosemaus.org\/biblioteca\/2026\/04\/23\/dia-del-libro-en-la-biblioteca-primer-ciclo-de-primaria\/shared-image-48-2\/\" data-orig-file=\"https:\/\/i0.wp.com\/blogs.granada.escolapiosemaus.org\/biblioteca\/wp-content\/uploads\/sites\/18\/2026\/04\/shared-image-48.jpg?fit=1530%2C2040&amp;ssl=1\" data-orig-size=\"1530,2040\" data-comments-opened=\"1\" data-image-meta=\"{&quot;aperture&quot;:&quot;0&quot;,&quot;credit&quot;:&quot;&quot;,&quot;camera&quot;:&quot;&quot;,&quot;caption&quot;:&quot;&quot;,&quot;created_timestamp&quot;:&quot;0&quot;,&quot;copyright&quot;:&quot;&quot;,&quot;focal_length&quot;:&quot;0&quot;,&quot;iso&quot;:&quot;0&quot;,&quot;shutter_speed&quot;:&quot;0&quot;,&quot;title&quot;:&quot;&quot;,&quot;orientation&quot;:&quot;0&quot;}\" data-image-title=\"shared image (48)\" data-image-description=\"\" data-image-caption=\"\" data-medium-file=\"https:\/\/i0.wp.com\/blogs.granada.escolapiosemaus.org\/biblioteca\/wp-content\/uploads\/sites\/18\/2026\/04\/shared-image-48.jpg?fit=225%2C300&amp;ssl=1\" data-large-file=\"https:\/\/i0.wp.com\/blogs.granada.escolapiosemaus.org\/biblioteca\/wp-content\/uploads\/sites\/18\/2026\/04\/shared-image-48.jpg?fit=600%2C800&amp;ssl=1\" class=\"alignnone size-full wp-image-6165\" src=\"https:\/\/i0.wp.com\/blogs.granada.escolapiosemaus.org\/biblioteca\/wp-content\/uploads\/sites\/18\/2026\/04\/shared-image-48.jpg?resize=600%2C800&#038;ssl=1\" alt=\"\" width=\"600\" height=\"800\" srcset=\"https:\/\/i0.wp.com\/blogs.granada.escolapiosemaus.org\/biblioteca\/wp-content\/uploads\/sites\/18\/2026\/04\/shared-image-48.jpg?w=1530&amp;ssl=1 1530w, https:\/\/i0.wp.com\/blogs.granada.escolapiosemaus.org\/biblioteca\/wp-content\/uploads\/sites\/18\/2026\/04\/shared-image-48.jpg?resize=225%2C300&amp;ssl=1 225w, https:\/\/i0.wp.com\/blogs.granada.escolapiosemaus.org\/biblioteca\/wp-content\/uploads\/sites\/18\/2026\/04\/shared-image-48.jpg?resize=768%2C1024&amp;ssl=1 768w, https:\/\/i0.wp.com\/blogs.granada.escolapiosemaus.org\/biblioteca\/wp-content\/uploads\/sites\/18\/2026\/04\/shared-image-48.jpg?resize=150%2C200&amp;ssl=1 150w, https:\/\/i0.wp.com\/blogs.granada.escolapiosemaus.org\/biblioteca\/wp-content\/uploads\/sites\/18\/2026\/04\/shared-image-48.jpg?resize=1152%2C1536&amp;ssl=1 1152w\" sizes=\"auto, (max-width: 600px) 100vw, 600px\" \/><\/a> <a href=\"https:\/\/i0.wp.com\/blogs.granada.escolapiosemaus.org\/biblioteca\/wp-content\/uploads\/sites\/18\/2026\/04\/shared-image-47.jpg?ssl=1\"><img data-recalc-dims=\"1\" loading=\"lazy\" decoding=\"async\" data-attachment-id=\"6166\" data-permalink=\"https:\/\/blogs.granada.escolapiosemaus.org\/biblioteca\/2026\/04\/23\/dia-del-libro-en-la-biblioteca-primer-ciclo-de-primaria\/shared-image-47-2\/\" data-orig-file=\"https:\/\/i0.wp.com\/blogs.granada.escolapiosemaus.org\/biblioteca\/wp-content\/uploads\/sites\/18\/2026\/04\/shared-image-47.jpg?fit=1530%2C2040&amp;ssl=1\" data-orig-size=\"1530,2040\" data-comments-opened=\"1\" data-image-meta=\"{&quot;aperture&quot;:&quot;0&quot;,&quot;credit&quot;:&quot;&quot;,&quot;camera&quot;:&quot;&quot;,&quot;caption&quot;:&quot;&quot;,&quot;created_timestamp&quot;:&quot;0&quot;,&quot;copyright&quot;:&quot;&quot;,&quot;focal_length&quot;:&quot;0&quot;,&quot;iso&quot;:&quot;0&quot;,&quot;shutter_speed&quot;:&quot;0&quot;,&quot;title&quot;:&quot;&quot;,&quot;orientation&quot;:&quot;0&quot;}\" data-image-title=\"shared image (47)\" data-image-description=\"\" data-image-caption=\"\" data-medium-file=\"https:\/\/i0.wp.com\/blogs.granada.escolapiosemaus.org\/biblioteca\/wp-content\/uploads\/sites\/18\/2026\/04\/shared-image-47.jpg?fit=225%2C300&amp;ssl=1\" data-large-file=\"https:\/\/i0.wp.com\/blogs.granada.escolapiosemaus.org\/biblioteca\/wp-content\/uploads\/sites\/18\/2026\/04\/shared-image-47.jpg?fit=600%2C800&amp;ssl=1\" class=\"alignnone size-full wp-image-6166\" src=\"https:\/\/i0.wp.com\/blogs.granada.escolapiosemaus.org\/biblioteca\/wp-content\/uploads\/sites\/18\/2026\/04\/shared-image-47.jpg?resize=600%2C800&#038;ssl=1\" alt=\"\" width=\"600\" height=\"800\" srcset=\"https:\/\/i0.wp.com\/blogs.granada.escolapiosemaus.org\/biblioteca\/wp-content\/uploads\/sites\/18\/2026\/04\/shared-image-47.jpg?w=1530&amp;ssl=1 1530w, https:\/\/i0.wp.com\/blogs.granada.escolapiosemaus.org\/biblioteca\/wp-content\/uploads\/sites\/18\/2026\/04\/shared-image-47.jpg?resize=225%2C300&amp;ssl=1 225w, https:\/\/i0.wp.com\/blogs.granada.escolapiosemaus.org\/biblioteca\/wp-content\/uploads\/sites\/18\/2026\/04\/shared-image-47.jpg?resize=768%2C1024&amp;ssl=1 768w, https:\/\/i0.wp.com\/blogs.granada.escolapiosemaus.org\/biblioteca\/wp-content\/uploads\/sites\/18\/2026\/04\/shared-image-47.jpg?resize=150%2C200&amp;ssl=1 150w, https:\/\/i0.wp.com\/blogs.granada.escolapiosemaus.org\/biblioteca\/wp-content\/uploads\/sites\/18\/2026\/04\/shared-image-47.jpg?resize=1152%2C1536&amp;ssl=1 1152w\" sizes=\"auto, (max-width: 600px) 100vw, 600px\" \/><\/a> <a href=\"https:\/\/i0.wp.com\/blogs.granada.escolapiosemaus.org\/biblioteca\/wp-content\/uploads\/sites\/18\/2026\/04\/shared-image-46.jpg?ssl=1\"><img data-recalc-dims=\"1\" loading=\"lazy\" decoding=\"async\" data-attachment-id=\"6167\" data-permalink=\"https:\/\/blogs.granada.escolapiosemaus.org\/biblioteca\/2026\/04\/23\/dia-del-libro-en-la-biblioteca-primer-ciclo-de-primaria\/shared-image-46-2\/\" data-orig-file=\"https:\/\/i0.wp.com\/blogs.granada.escolapiosemaus.org\/biblioteca\/wp-content\/uploads\/sites\/18\/2026\/04\/shared-image-46.jpg?fit=1530%2C2040&amp;ssl=1\" data-orig-size=\"1530,2040\" data-comments-opened=\"1\" data-image-meta=\"{&quot;aperture&quot;:&quot;0&quot;,&quot;credit&quot;:&quot;&quot;,&quot;camera&quot;:&quot;&quot;,&quot;caption&quot;:&quot;&quot;,&quot;created_timestamp&quot;:&quot;0&quot;,&quot;copyright&quot;:&quot;&quot;,&quot;focal_length&quot;:&quot;0&quot;,&quot;iso&quot;:&quot;0&quot;,&quot;shutter_speed&quot;:&quot;0&quot;,&quot;title&quot;:&quot;&quot;,&quot;orientation&quot;:&quot;0&quot;}\" data-image-title=\"shared image (46)\" data-image-description=\"\" data-image-caption=\"\" data-medium-file=\"https:\/\/i0.wp.com\/blogs.granada.escolapiosemaus.org\/biblioteca\/wp-content\/uploads\/sites\/18\/2026\/04\/shared-image-46.jpg?fit=225%2C300&amp;ssl=1\" data-large-file=\"https:\/\/i0.wp.com\/blogs.granada.escolapiosemaus.org\/biblioteca\/wp-content\/uploads\/sites\/18\/2026\/04\/shared-image-46.jpg?fit=600%2C800&amp;ssl=1\" class=\"alignnone size-full wp-image-6167\" src=\"https:\/\/i0.wp.com\/blogs.granada.escolapiosemaus.org\/biblioteca\/wp-content\/uploads\/sites\/18\/2026\/04\/shared-image-46.jpg?resize=600%2C800&#038;ssl=1\" alt=\"\" width=\"600\" height=\"800\" srcset=\"https:\/\/i0.wp.com\/blogs.granada.escolapiosemaus.org\/biblioteca\/wp-content\/uploads\/sites\/18\/2026\/04\/shared-image-46.jpg?w=1530&amp;ssl=1 1530w, https:\/\/i0.wp.com\/blogs.granada.escolapiosemaus.org\/biblioteca\/wp-content\/uploads\/sites\/18\/2026\/04\/shared-image-46.jpg?resize=225%2C300&amp;ssl=1 225w, https:\/\/i0.wp.com\/blogs.granada.escolapiosemaus.org\/biblioteca\/wp-content\/uploads\/sites\/18\/2026\/04\/shared-image-46.jpg?resize=768%2C1024&amp;ssl=1 768w, https:\/\/i0.wp.com\/blogs.granada.escolapiosemaus.org\/biblioteca\/wp-content\/uploads\/sites\/18\/2026\/04\/shared-image-46.jpg?resize=150%2C200&amp;ssl=1 150w, https:\/\/i0.wp.com\/blogs.granada.escolapiosemaus.org\/biblioteca\/wp-content\/uploads\/sites\/18\/2026\/04\/shared-image-46.jpg?resize=1152%2C1536&amp;ssl=1 1152w\" sizes=\"auto, (max-width: 600px) 100vw, 600px\" \/><\/a><\/p>\n","protected":false},"excerpt":{"rendered":"<p>Cada a\u00f1o celebramos con mas ilusi\u00f3n . si cabe, este gran d\u00eda. En esta ocasi\u00f3n hemos llevado a cabo un proyecto interdisciplinar con primaria y 3\u00ba de ESO combinando la asignatura de lengua y literatura con la de pl\u00e1stica. Las clases de 1\u00ba y 2\u00ba han preparado un poema sobre la primavera y otro sobre [&hellip;]<\/p>\n","protected":false},"author":20,"featured_media":0,"comment_status":"open","ping_status":"open","sticky":false,"template":"","format":"standard","meta":{"_monsterinsights_skip_tracking":false,"_monsterinsights_sitenote_active":false,"_monsterinsights_sitenote_note":"","_monsterinsights_sitenote_category":0,"jetpack_post_was_ever_published":false,"_jetpack_newsletter_access":"","_jetpack_dont_email_post_to_subs":false,"_jetpack_newsletter_tier_id":0,"_jetpack_memberships_contains_paywalled_content":false,"_jetpack_memberships_contains_paid_content":false,"footnotes":"","jetpack_publicize_message":"","jetpack_publicize_feature_enabled":true,"jetpack_social_post_already_shared":true,"jetpack_social_options":{"image_generator_settings":{"template":"highway","default_image_id":0,"font":"","enabled":false},"version":2}},"categories":[1,67],"tags":[124,286,341,318,408,386],"class_list":["post-6108","post","type-post","status-publish","format-standard","hentry","category-sin-categoria","category-kandor-graphics","tag-biblioteca-escolar","tag-dia-del-libro","tag-escolapios-granada","tag-juegos-de-paz","tag-primavera","tag-primer-ciclo"],"yoast_head":"<!-- This site is optimized with the Yoast SEO plugin v26.8 - https:\/\/yoast.com\/product\/yoast-seo-wordpress\/ -->\n<title>D\u00eda del libro en la biblioteca. Primer ciclo de primaria - Biblioteca Escolar - Escolapios Granada<\/title>\n<meta name=\"robots\" content=\"index, follow, max-snippet:-1, max-image-preview:large, max-video-preview:-1\" \/>\n<link rel=\"canonical\" href=\"https:\/\/blogs.granada.escolapiosemaus.org\/biblioteca\/2026\/04\/23\/dia-del-libro-en-la-biblioteca-primer-ciclo-de-primaria\/\" \/>\n<meta property=\"og:locale\" content=\"es_ES\" \/>\n<meta property=\"og:type\" content=\"article\" \/>\n<meta property=\"og:title\" content=\"D\u00eda del libro en la biblioteca. Primer ciclo de primaria - Biblioteca Escolar - Escolapios Granada\" \/>\n<meta property=\"og:description\" content=\"Cada a\u00f1o celebramos con mas ilusi\u00f3n . si cabe, este gran d\u00eda. En esta ocasi\u00f3n hemos llevado a cabo un proyecto interdisciplinar con primaria y 3\u00ba de ESO combinando la asignatura de lengua y literatura con la de pl\u00e1stica. Las clases de 1\u00ba y 2\u00ba han preparado un poema sobre la primavera y otro sobre [&hellip;]\" \/>\n<meta property=\"og:url\" content=\"https:\/\/blogs.granada.escolapiosemaus.org\/biblioteca\/2026\/04\/23\/dia-del-libro-en-la-biblioteca-primer-ciclo-de-primaria\/\" \/>\n<meta property=\"og:site_name\" content=\"Biblioteca Escolar - Escolapios Granada\" \/>\n<meta property=\"article:published_time\" content=\"2026-04-23T15:52:32+00:00\" \/>\n<meta property=\"og:image\" content=\"https:\/\/blogs.granada.escolapiosemaus.org\/biblioteca\/wp-content\/uploads\/sites\/18\/2026\/04\/shared-image-69.jpg\" \/>\n<meta name=\"author\" content=\"Encarna L\u00f3pez\" \/>\n<meta name=\"twitter:card\" content=\"summary_large_image\" \/>\n<meta name=\"twitter:label1\" content=\"Escrito por\" \/>\n\t<meta name=\"twitter:data1\" content=\"Encarna L\u00f3pez\" \/>\n\t<meta name=\"twitter:label2\" content=\"Tiempo de lectura\" \/>\n\t<meta name=\"twitter:data2\" content=\"6 minutos\" \/>\n<script type=\"application\/ld+json\" class=\"yoast-schema-graph\">{\"@context\":\"https:\/\/schema.org\",\"@graph\":[{\"@type\":\"Article\",\"@id\":\"https:\/\/blogs.granada.escolapiosemaus.org\/biblioteca\/2026\/04\/23\/dia-del-libro-en-la-biblioteca-primer-ciclo-de-primaria\/#article\",\"isPartOf\":{\"@id\":\"https:\/\/blogs.granada.escolapiosemaus.org\/biblioteca\/2026\/04\/23\/dia-del-libro-en-la-biblioteca-primer-ciclo-de-primaria\/\"},\"author\":{\"name\":\"Encarna L\u00f3pez\",\"@id\":\"https:\/\/blogs.granada.escolapiosemaus.org\/biblioteca\/#\/schema\/person\/539ef207bab7f990bb0ab333ae2ead2b\"},\"headline\":\"D\u00eda del libro en la biblioteca. Primer ciclo de primaria\",\"datePublished\":\"2026-04-23T15:52:32+00:00\",\"mainEntityOfPage\":{\"@id\":\"https:\/\/blogs.granada.escolapiosemaus.org\/biblioteca\/2026\/04\/23\/dia-del-libro-en-la-biblioteca-primer-ciclo-de-primaria\/\"},\"wordCount\":191,\"commentCount\":0,\"image\":{\"@id\":\"https:\/\/blogs.granada.escolapiosemaus.org\/biblioteca\/2026\/04\/23\/dia-del-libro-en-la-biblioteca-primer-ciclo-de-primaria\/#primaryimage\"},\"thumbnailUrl\":\"https:\/\/blogs.granada.escolapiosemaus.org\/biblioteca\/wp-content\/uploads\/sites\/18\/2026\/04\/shared-image-69.jpg\",\"keywords\":[\"biblioteca escolar\",\"D\u00eda del libro\",\"Escolapios Granada\",\"juegos de Paz\",\"primavera\",\"primer ciclo\"],\"articleSection\":[\"Noticias\",\"Semana del libro\"],\"inLanguage\":\"es\",\"potentialAction\":[{\"@type\":\"CommentAction\",\"name\":\"Comment\",\"target\":[\"https:\/\/blogs.granada.escolapiosemaus.org\/biblioteca\/2026\/04\/23\/dia-del-libro-en-la-biblioteca-primer-ciclo-de-primaria\/#respond\"]}]},{\"@type\":\"WebPage\",\"@id\":\"https:\/\/blogs.granada.escolapiosemaus.org\/biblioteca\/2026\/04\/23\/dia-del-libro-en-la-biblioteca-primer-ciclo-de-primaria\/\",\"url\":\"https:\/\/blogs.granada.escolapiosemaus.org\/biblioteca\/2026\/04\/23\/dia-del-libro-en-la-biblioteca-primer-ciclo-de-primaria\/\",\"name\":\"D\u00eda del libro en la biblioteca. Primer ciclo de primaria - Biblioteca Escolar - Escolapios Granada\",\"isPartOf\":{\"@id\":\"https:\/\/blogs.granada.escolapiosemaus.org\/biblioteca\/#website\"},\"primaryImageOfPage\":{\"@id\":\"https:\/\/blogs.granada.escolapiosemaus.org\/biblioteca\/2026\/04\/23\/dia-del-libro-en-la-biblioteca-primer-ciclo-de-primaria\/#primaryimage\"},\"image\":{\"@id\":\"https:\/\/blogs.granada.escolapiosemaus.org\/biblioteca\/2026\/04\/23\/dia-del-libro-en-la-biblioteca-primer-ciclo-de-primaria\/#primaryimage\"},\"thumbnailUrl\":\"https:\/\/blogs.granada.escolapiosemaus.org\/biblioteca\/wp-content\/uploads\/sites\/18\/2026\/04\/shared-image-69.jpg\",\"datePublished\":\"2026-04-23T15:52:32+00:00\",\"author\":{\"@id\":\"https:\/\/blogs.granada.escolapiosemaus.org\/biblioteca\/#\/schema\/person\/539ef207bab7f990bb0ab333ae2ead2b\"},\"breadcrumb\":{\"@id\":\"https:\/\/blogs.granada.escolapiosemaus.org\/biblioteca\/2026\/04\/23\/dia-del-libro-en-la-biblioteca-primer-ciclo-de-primaria\/#breadcrumb\"},\"inLanguage\":\"es\",\"potentialAction\":[{\"@type\":\"ReadAction\",\"target\":[\"https:\/\/blogs.granada.escolapiosemaus.org\/biblioteca\/2026\/04\/23\/dia-del-libro-en-la-biblioteca-primer-ciclo-de-primaria\/\"]}]},{\"@type\":\"ImageObject\",\"inLanguage\":\"es\",\"@id\":\"https:\/\/blogs.granada.escolapiosemaus.org\/biblioteca\/2026\/04\/23\/dia-del-libro-en-la-biblioteca-primer-ciclo-de-primaria\/#primaryimage\",\"url\":\"https:\/\/i0.wp.com\/blogs.granada.escolapiosemaus.org\/biblioteca\/wp-content\/uploads\/sites\/18\/2026\/04\/shared-image-69.jpg?fit=1530%2C2040&ssl=1\",\"contentUrl\":\"https:\/\/i0.wp.com\/blogs.granada.escolapiosemaus.org\/biblioteca\/wp-content\/uploads\/sites\/18\/2026\/04\/shared-image-69.jpg?fit=1530%2C2040&ssl=1\",\"width\":1530,\"height\":2040},{\"@type\":\"BreadcrumbList\",\"@id\":\"https:\/\/blogs.granada.escolapiosemaus.org\/biblioteca\/2026\/04\/23\/dia-del-libro-en-la-biblioteca-primer-ciclo-de-primaria\/#breadcrumb\",\"itemListElement\":[{\"@type\":\"ListItem\",\"position\":1,\"name\":\"Portada\",\"item\":\"https:\/\/blogs.granada.escolapiosemaus.org\/biblioteca\/\"},{\"@type\":\"ListItem\",\"position\":2,\"name\":\"D\u00eda del libro en la biblioteca. Primer ciclo de primaria\"}]},{\"@type\":\"WebSite\",\"@id\":\"https:\/\/blogs.granada.escolapiosemaus.org\/biblioteca\/#website\",\"url\":\"https:\/\/blogs.granada.escolapiosemaus.org\/biblioteca\/\",\"name\":\"Biblioteca Escolar - Escolapios Granada\",\"description\":\"Colegio Dulce Nombre de Mar\u00eda -PP.Escolapios- Granada\",\"potentialAction\":[{\"@type\":\"SearchAction\",\"target\":{\"@type\":\"EntryPoint\",\"urlTemplate\":\"https:\/\/blogs.granada.escolapiosemaus.org\/biblioteca\/?s={search_term_string}\"},\"query-input\":{\"@type\":\"PropertyValueSpecification\",\"valueRequired\":true,\"valueName\":\"search_term_string\"}}],\"inLanguage\":\"es\"},{\"@type\":\"Person\",\"@id\":\"https:\/\/blogs.granada.escolapiosemaus.org\/biblioteca\/#\/schema\/person\/539ef207bab7f990bb0ab333ae2ead2b\",\"name\":\"Encarna L\u00f3pez\",\"image\":{\"@type\":\"ImageObject\",\"inLanguage\":\"es\",\"@id\":\"https:\/\/blogs.granada.escolapiosemaus.org\/biblioteca\/#\/schema\/person\/image\/\",\"url\":\"https:\/\/secure.gravatar.com\/avatar\/2b177c2497e8c91c65f03aa86717c8f6?s=96&d=mm&r=g\",\"contentUrl\":\"https:\/\/secure.gravatar.com\/avatar\/2b177c2497e8c91c65f03aa86717c8f6?s=96&d=mm&r=g\",\"caption\":\"Encarna L\u00f3pez\"},\"sameAs\":[\"https:\/\/blogs.granada.escolapiosemaus.org\"],\"url\":\"https:\/\/blogs.granada.escolapiosemaus.org\/biblioteca\/author\/encarnalopez\/\"}]}<\/script>\n<!-- \/ Yoast SEO plugin. -->","yoast_head_json":{"title":"D\u00eda del libro en la biblioteca. Primer ciclo de primaria - Biblioteca Escolar - Escolapios Granada","robots":{"index":"index","follow":"follow","max-snippet":"max-snippet:-1","max-image-preview":"max-image-preview:large","max-video-preview":"max-video-preview:-1"},"canonical":"https:\/\/blogs.granada.escolapiosemaus.org\/biblioteca\/2026\/04\/23\/dia-del-libro-en-la-biblioteca-primer-ciclo-de-primaria\/","og_locale":"es_ES","og_type":"article","og_title":"D\u00eda del libro en la biblioteca. Primer ciclo de primaria - Biblioteca Escolar - Escolapios Granada","og_description":"Cada a\u00f1o celebramos con mas ilusi\u00f3n . si cabe, este gran d\u00eda. En esta ocasi\u00f3n hemos llevado a cabo un proyecto interdisciplinar con primaria y 3\u00ba de ESO combinando la asignatura de lengua y literatura con la de pl\u00e1stica. Las clases de 1\u00ba y 2\u00ba han preparado un poema sobre la primavera y otro sobre [&hellip;]","og_url":"https:\/\/blogs.granada.escolapiosemaus.org\/biblioteca\/2026\/04\/23\/dia-del-libro-en-la-biblioteca-primer-ciclo-de-primaria\/","og_site_name":"Biblioteca Escolar - Escolapios Granada","article_published_time":"2026-04-23T15:52:32+00:00","og_image":[{"url":"https:\/\/blogs.granada.escolapiosemaus.org\/biblioteca\/wp-content\/uploads\/sites\/18\/2026\/04\/shared-image-69.jpg","type":"","width":"","height":""}],"author":"Encarna L\u00f3pez","twitter_card":"summary_large_image","twitter_misc":{"Escrito por":"Encarna L\u00f3pez","Tiempo de lectura":"6 minutos"},"schema":{"@context":"https:\/\/schema.org","@graph":[{"@type":"Article","@id":"https:\/\/blogs.granada.escolapiosemaus.org\/biblioteca\/2026\/04\/23\/dia-del-libro-en-la-biblioteca-primer-ciclo-de-primaria\/#article","isPartOf":{"@id":"https:\/\/blogs.granada.escolapiosemaus.org\/biblioteca\/2026\/04\/23\/dia-del-libro-en-la-biblioteca-primer-ciclo-de-primaria\/"},"author":{"name":"Encarna L\u00f3pez","@id":"https:\/\/blogs.granada.escolapiosemaus.org\/biblioteca\/#\/schema\/person\/539ef207bab7f990bb0ab333ae2ead2b"},"headline":"D\u00eda del libro en la biblioteca. Primer ciclo de primaria","datePublished":"2026-04-23T15:52:32+00:00","mainEntityOfPage":{"@id":"https:\/\/blogs.granada.escolapiosemaus.org\/biblioteca\/2026\/04\/23\/dia-del-libro-en-la-biblioteca-primer-ciclo-de-primaria\/"},"wordCount":191,"commentCount":0,"image":{"@id":"https:\/\/blogs.granada.escolapiosemaus.org\/biblioteca\/2026\/04\/23\/dia-del-libro-en-la-biblioteca-primer-ciclo-de-primaria\/#primaryimage"},"thumbnailUrl":"https:\/\/blogs.granada.escolapiosemaus.org\/biblioteca\/wp-content\/uploads\/sites\/18\/2026\/04\/shared-image-69.jpg","keywords":["biblioteca escolar","D\u00eda del libro","Escolapios Granada","juegos de Paz","primavera","primer ciclo"],"articleSection":["Noticias","Semana del libro"],"inLanguage":"es","potentialAction":[{"@type":"CommentAction","name":"Comment","target":["https:\/\/blogs.granada.escolapiosemaus.org\/biblioteca\/2026\/04\/23\/dia-del-libro-en-la-biblioteca-primer-ciclo-de-primaria\/#respond"]}]},{"@type":"WebPage","@id":"https:\/\/blogs.granada.escolapiosemaus.org\/biblioteca\/2026\/04\/23\/dia-del-libro-en-la-biblioteca-primer-ciclo-de-primaria\/","url":"https:\/\/blogs.granada.escolapiosemaus.org\/biblioteca\/2026\/04\/23\/dia-del-libro-en-la-biblioteca-primer-ciclo-de-primaria\/","name":"D\u00eda del libro en la biblioteca. Primer ciclo de primaria - Biblioteca Escolar - Escolapios Granada","isPartOf":{"@id":"https:\/\/blogs.granada.escolapiosemaus.org\/biblioteca\/#website"},"primaryImageOfPage":{"@id":"https:\/\/blogs.granada.escolapiosemaus.org\/biblioteca\/2026\/04\/23\/dia-del-libro-en-la-biblioteca-primer-ciclo-de-primaria\/#primaryimage"},"image":{"@id":"https:\/\/blogs.granada.escolapiosemaus.org\/biblioteca\/2026\/04\/23\/dia-del-libro-en-la-biblioteca-primer-ciclo-de-primaria\/#primaryimage"},"thumbnailUrl":"https:\/\/blogs.granada.escolapiosemaus.org\/biblioteca\/wp-content\/uploads\/sites\/18\/2026\/04\/shared-image-69.jpg","datePublished":"2026-04-23T15:52:32+00:00","author":{"@id":"https:\/\/blogs.granada.escolapiosemaus.org\/biblioteca\/#\/schema\/person\/539ef207bab7f990bb0ab333ae2ead2b"},"breadcrumb":{"@id":"https:\/\/blogs.granada.escolapiosemaus.org\/biblioteca\/2026\/04\/23\/dia-del-libro-en-la-biblioteca-primer-ciclo-de-primaria\/#breadcrumb"},"inLanguage":"es","potentialAction":[{"@type":"ReadAction","target":["https:\/\/blogs.granada.escolapiosemaus.org\/biblioteca\/2026\/04\/23\/dia-del-libro-en-la-biblioteca-primer-ciclo-de-primaria\/"]}]},{"@type":"ImageObject","inLanguage":"es","@id":"https:\/\/blogs.granada.escolapiosemaus.org\/biblioteca\/2026\/04\/23\/dia-del-libro-en-la-biblioteca-primer-ciclo-de-primaria\/#primaryimage","url":"https:\/\/i0.wp.com\/blogs.granada.escolapiosemaus.org\/biblioteca\/wp-content\/uploads\/sites\/18\/2026\/04\/shared-image-69.jpg?fit=1530%2C2040&ssl=1","contentUrl":"https:\/\/i0.wp.com\/blogs.granada.escolapiosemaus.org\/biblioteca\/wp-content\/uploads\/sites\/18\/2026\/04\/shared-image-69.jpg?fit=1530%2C2040&ssl=1","width":1530,"height":2040},{"@type":"BreadcrumbList","@id":"https:\/\/blogs.granada.escolapiosemaus.org\/biblioteca\/2026\/04\/23\/dia-del-libro-en-la-biblioteca-primer-ciclo-de-primaria\/#breadcrumb","itemListElement":[{"@type":"ListItem","position":1,"name":"Portada","item":"https:\/\/blogs.granada.escolapiosemaus.org\/biblioteca\/"},{"@type":"ListItem","position":2,"name":"D\u00eda del libro en la biblioteca. Primer ciclo de primaria"}]},{"@type":"WebSite","@id":"https:\/\/blogs.granada.escolapiosemaus.org\/biblioteca\/#website","url":"https:\/\/blogs.granada.escolapiosemaus.org\/biblioteca\/","name":"Biblioteca Escolar - Escolapios Granada","description":"Colegio Dulce Nombre de Mar\u00eda -PP.Escolapios- Granada","potentialAction":[{"@type":"SearchAction","target":{"@type":"EntryPoint","urlTemplate":"https:\/\/blogs.granada.escolapiosemaus.org\/biblioteca\/?s={search_term_string}"},"query-input":{"@type":"PropertyValueSpecification","valueRequired":true,"valueName":"search_term_string"}}],"inLanguage":"es"},{"@type":"Person","@id":"https:\/\/blogs.granada.escolapiosemaus.org\/biblioteca\/#\/schema\/person\/539ef207bab7f990bb0ab333ae2ead2b","name":"Encarna L\u00f3pez","image":{"@type":"ImageObject","inLanguage":"es","@id":"https:\/\/blogs.granada.escolapiosemaus.org\/biblioteca\/#\/schema\/person\/image\/","url":"https:\/\/secure.gravatar.com\/avatar\/2b177c2497e8c91c65f03aa86717c8f6?s=96&d=mm&r=g","contentUrl":"https:\/\/secure.gravatar.com\/avatar\/2b177c2497e8c91c65f03aa86717c8f6?s=96&d=mm&r=g","caption":"Encarna L\u00f3pez"},"sameAs":["https:\/\/blogs.granada.escolapiosemaus.org"],"url":"https:\/\/blogs.granada.escolapiosemaus.org\/biblioteca\/author\/encarnalopez\/"}]}},"jetpack_publicize_connections":[],"jetpack_featured_media_url":"","jetpack_sharing_enabled":true,"jetpack_shortlink":"https:\/\/wp.me\/p8qkgn-1Aw","jetpack-related-posts":[],"_links":{"self":[{"href":"https:\/\/blogs.granada.escolapiosemaus.org\/biblioteca\/wp-json\/wp\/v2\/posts\/6108","targetHints":{"allow":["GET"]}}],"collection":[{"href":"https:\/\/blogs.granada.escolapiosemaus.org\/biblioteca\/wp-json\/wp\/v2\/posts"}],"about":[{"href":"https:\/\/blogs.granada.escolapiosemaus.org\/biblioteca\/wp-json\/wp\/v2\/types\/post"}],"author":[{"embeddable":true,"href":"https:\/\/blogs.granada.escolapiosemaus.org\/biblioteca\/wp-json\/wp\/v2\/users\/20"}],"replies":[{"embeddable":true,"href":"https:\/\/blogs.granada.escolapiosemaus.org\/biblioteca\/wp-json\/wp\/v2\/comments?post=6108"}],"version-history":[{"count":1,"href":"https:\/\/blogs.granada.escolapiosemaus.org\/biblioteca\/wp-json\/wp\/v2\/posts\/6108\/revisions"}],"predecessor-version":[{"id":6168,"href":"https:\/\/blogs.granada.escolapiosemaus.org\/biblioteca\/wp-json\/wp\/v2\/posts\/6108\/revisions\/6168"}],"wp:attachment":[{"href":"https:\/\/blogs.granada.escolapiosemaus.org\/biblioteca\/wp-json\/wp\/v2\/media?parent=6108"}],"wp:term":[{"taxonomy":"category","embeddable":true,"href":"https:\/\/blogs.granada.escolapiosemaus.org\/biblioteca\/wp-json\/wp\/v2\/categories?post=6108"},{"taxonomy":"post_tag","embeddable":true,"href":"https:\/\/blogs.granada.escolapiosemaus.org\/biblioteca\/wp-json\/wp\/v2\/tags?post=6108"}],"curies":[{"name":"wp","href":"https:\/\/api.w.org\/{rel}","templated":true}]}}