{"id":6012,"date":"2026-03-16T17:09:00","date_gmt":"2026-03-16T16:09:00","guid":{"rendered":"https:\/\/blogs.granada.escolapiosemaus.org\/biblioteca\/?p=6012"},"modified":"2026-03-16T17:09:00","modified_gmt":"2026-03-16T16:09:00","slug":"8-de-marzo-dia-de-celebracion-en-la-biblioteca-escolar","status":"publish","type":"post","link":"https:\/\/blogs.granada.escolapiosemaus.org\/biblioteca\/2026\/03\/16\/8-de-marzo-dia-de-celebracion-en-la-biblioteca-escolar\/","title":{"rendered":"8 de marzo D\u00eda de celebraci\u00f3n en la Biblioteca Escolar"},"content":{"rendered":"<p>Ya sabemos lo importante que es celebrar este d\u00eda y qu\u00e9 triunfo\u00a0 para la humanidad ser\u00eda no tener necesidad de\u00a0 celebrarlo . Mientras tanto, desde la biblioteca queremos compartir lecturas relevantes para seguir trabajando en este sentido y , aportar un granito de arena en este caminar hacia la igualdad y el amor entre todos los seres humanos del planeta, sin excepci\u00f3n.<\/p>\n<p>Compartimos\u00a0 algunas de las muchas lecturas disponibles en nuestra biblioteca y que pod\u00e9is llevan en pr\u00e9stamo.<\/p>\n<p>&nbsp;<\/p>\n<p><a href=\"https:\/\/i0.wp.com\/blogs.granada.escolapiosemaus.org\/biblioteca\/wp-content\/uploads\/sites\/18\/2026\/03\/1.png?ssl=1\"><img data-recalc-dims=\"1\" loading=\"lazy\" decoding=\"async\" data-attachment-id=\"6015\" data-permalink=\"https:\/\/blogs.granada.escolapiosemaus.org\/biblioteca\/2026\/03\/16\/8-de-marzo-dia-de-celebracion-en-la-biblioteca-escolar\/1-3\/\" data-orig-file=\"https:\/\/i0.wp.com\/blogs.granada.escolapiosemaus.org\/biblioteca\/wp-content\/uploads\/sites\/18\/2026\/03\/1.png?fit=589%2C900&amp;ssl=1\" data-orig-size=\"589,900\" data-comments-opened=\"1\" data-image-meta=\"{&quot;aperture&quot;:&quot;0&quot;,&quot;credit&quot;:&quot;&quot;,&quot;camera&quot;:&quot;&quot;,&quot;caption&quot;:&quot;&quot;,&quot;created_timestamp&quot;:&quot;0&quot;,&quot;copyright&quot;:&quot;&quot;,&quot;focal_length&quot;:&quot;0&quot;,&quot;iso&quot;:&quot;0&quot;,&quot;shutter_speed&quot;:&quot;0&quot;,&quot;title&quot;:&quot;&quot;,&quot;orientation&quot;:&quot;0&quot;}\" data-image-title=\"1\" data-image-description=\"\" data-image-caption=\"\" data-medium-file=\"https:\/\/i0.wp.com\/blogs.granada.escolapiosemaus.org\/biblioteca\/wp-content\/uploads\/sites\/18\/2026\/03\/1.png?fit=196%2C300&amp;ssl=1\" data-large-file=\"https:\/\/i0.wp.com\/blogs.granada.escolapiosemaus.org\/biblioteca\/wp-content\/uploads\/sites\/18\/2026\/03\/1.png?fit=589%2C900&amp;ssl=1\" class=\"alignnone wp-image-6015\" src=\"https:\/\/i0.wp.com\/blogs.granada.escolapiosemaus.org\/biblioteca\/wp-content\/uploads\/sites\/18\/2026\/03\/1.png?resize=419%2C640&#038;ssl=1\" alt=\"\" width=\"419\" height=\"640\" srcset=\"https:\/\/i0.wp.com\/blogs.granada.escolapiosemaus.org\/biblioteca\/wp-content\/uploads\/sites\/18\/2026\/03\/1.png?w=589&amp;ssl=1 589w, https:\/\/i0.wp.com\/blogs.granada.escolapiosemaus.org\/biblioteca\/wp-content\/uploads\/sites\/18\/2026\/03\/1.png?resize=196%2C300&amp;ssl=1 196w, https:\/\/i0.wp.com\/blogs.granada.escolapiosemaus.org\/biblioteca\/wp-content\/uploads\/sites\/18\/2026\/03\/1.png?resize=131%2C200&amp;ssl=1 131w\" sizes=\"auto, (max-width: 419px) 100vw, 419px\" \/><\/a><\/p>\n<p><a href=\"https:\/\/i0.wp.com\/blogs.granada.escolapiosemaus.org\/biblioteca\/wp-content\/uploads\/sites\/18\/2026\/03\/shared-image.jpg?ssl=1\"><img data-recalc-dims=\"1\" loading=\"lazy\" decoding=\"async\" data-attachment-id=\"6013\" data-permalink=\"https:\/\/blogs.granada.escolapiosemaus.org\/biblioteca\/2026\/03\/16\/8-de-marzo-dia-de-celebracion-en-la-biblioteca-escolar\/shared-image-54\/\" data-orig-file=\"https:\/\/i0.wp.com\/blogs.granada.escolapiosemaus.org\/biblioteca\/wp-content\/uploads\/sites\/18\/2026\/03\/shared-image.jpg?fit=2040%2C1530&amp;ssl=1\" data-orig-size=\"2040,1530\" data-comments-opened=\"1\" data-image-meta=\"{&quot;aperture&quot;:&quot;0&quot;,&quot;credit&quot;:&quot;&quot;,&quot;camera&quot;:&quot;&quot;,&quot;caption&quot;:&quot;&quot;,&quot;created_timestamp&quot;:&quot;0&quot;,&quot;copyright&quot;:&quot;&quot;,&quot;focal_length&quot;:&quot;0&quot;,&quot;iso&quot;:&quot;0&quot;,&quot;shutter_speed&quot;:&quot;0&quot;,&quot;title&quot;:&quot;&quot;,&quot;orientation&quot;:&quot;0&quot;}\" data-image-title=\"shared image\" data-image-description=\"\" data-image-caption=\"\" data-medium-file=\"https:\/\/i0.wp.com\/blogs.granada.escolapiosemaus.org\/biblioteca\/wp-content\/uploads\/sites\/18\/2026\/03\/shared-image.jpg?fit=300%2C225&amp;ssl=1\" data-large-file=\"https:\/\/i0.wp.com\/blogs.granada.escolapiosemaus.org\/biblioteca\/wp-content\/uploads\/sites\/18\/2026\/03\/shared-image.jpg?fit=600%2C450&amp;ssl=1\" class=\"alignnone size-full wp-image-6013\" src=\"https:\/\/i0.wp.com\/blogs.granada.escolapiosemaus.org\/biblioteca\/wp-content\/uploads\/sites\/18\/2026\/03\/shared-image.jpg?resize=600%2C450&#038;ssl=1\" alt=\"\" width=\"600\" height=\"450\" srcset=\"https:\/\/i0.wp.com\/blogs.granada.escolapiosemaus.org\/biblioteca\/wp-content\/uploads\/sites\/18\/2026\/03\/shared-image.jpg?w=2040&amp;ssl=1 2040w, https:\/\/i0.wp.com\/blogs.granada.escolapiosemaus.org\/biblioteca\/wp-content\/uploads\/sites\/18\/2026\/03\/shared-image.jpg?resize=300%2C225&amp;ssl=1 300w, https:\/\/i0.wp.com\/blogs.granada.escolapiosemaus.org\/biblioteca\/wp-content\/uploads\/sites\/18\/2026\/03\/shared-image.jpg?resize=1024%2C768&amp;ssl=1 1024w, https:\/\/i0.wp.com\/blogs.granada.escolapiosemaus.org\/biblioteca\/wp-content\/uploads\/sites\/18\/2026\/03\/shared-image.jpg?resize=768%2C576&amp;ssl=1 768w, https:\/\/i0.wp.com\/blogs.granada.escolapiosemaus.org\/biblioteca\/wp-content\/uploads\/sites\/18\/2026\/03\/shared-image.jpg?resize=200%2C150&amp;ssl=1 200w, https:\/\/i0.wp.com\/blogs.granada.escolapiosemaus.org\/biblioteca\/wp-content\/uploads\/sites\/18\/2026\/03\/shared-image.jpg?resize=1536%2C1152&amp;ssl=1 1536w, https:\/\/i0.wp.com\/blogs.granada.escolapiosemaus.org\/biblioteca\/wp-content\/uploads\/sites\/18\/2026\/03\/shared-image.jpg?w=1200&amp;ssl=1 1200w, https:\/\/i0.wp.com\/blogs.granada.escolapiosemaus.org\/biblioteca\/wp-content\/uploads\/sites\/18\/2026\/03\/shared-image.jpg?w=1800&amp;ssl=1 1800w\" sizes=\"auto, (max-width: 600px) 100vw, 600px\" \/><\/a><\/p>\n<p>&nbsp;<\/p>\n<p>&nbsp;<\/p>\n<p>&nbsp;<\/p>\n<p>&nbsp;<\/p>\n<p>&nbsp;<\/p>\n<p>&nbsp;<\/p>\n<p>&nbsp;<\/p>\n","protected":false},"excerpt":{"rendered":"<p>Ya sabemos lo importante que es celebrar este d\u00eda y qu\u00e9 triunfo\u00a0 para la humanidad ser\u00eda no tener necesidad de\u00a0 celebrarlo . Mientras tanto, desde la biblioteca queremos compartir lecturas relevantes para seguir trabajando en este sentido y , aportar un granito de arena en este caminar hacia la igualdad y el amor entre todos [&hellip;]<\/p>\n","protected":false},"author":20,"featured_media":0,"comment_status":"open","ping_status":"open","sticky":false,"template":"","format":"standard","meta":{"_monsterinsights_skip_tracking":false,"_monsterinsights_sitenote_active":false,"_monsterinsights_sitenote_note":"","_monsterinsights_sitenote_category":0,"jetpack_post_was_ever_published":false,"_jetpack_newsletter_access":"","_jetpack_dont_email_post_to_subs":false,"_jetpack_newsletter_tier_id":0,"_jetpack_memberships_contains_paywalled_content":false,"_jetpack_memberships_contains_paid_content":false,"footnotes":"","jetpack_publicize_message":"","jetpack_publicize_feature_enabled":true,"jetpack_social_post_already_shared":true,"jetpack_social_options":{"image_generator_settings":{"template":"highway","default_image_id":0,"font":"","enabled":false},"version":2}},"categories":[110,52,42],"tags":[124,341,201,141],"class_list":["post-6012","post","type-post","status-publish","format-standard","hentry","category-dia-de-la-mujer","category-mujer-en-andalucia","category-plan-lector","tag-biblioteca-escolar","tag-escolapios-granada","tag-mitologia","tag-mujer"],"yoast_head":"<!-- This site is optimized with the Yoast SEO plugin v26.8 - https:\/\/yoast.com\/product\/yoast-seo-wordpress\/ -->\n<title>8 de marzo D\u00eda de celebraci\u00f3n en la Biblioteca Escolar - Biblioteca Escolar - Escolapios Granada<\/title>\n<meta name=\"robots\" content=\"index, follow, max-snippet:-1, max-image-preview:large, max-video-preview:-1\" \/>\n<link rel=\"canonical\" href=\"https:\/\/blogs.granada.escolapiosemaus.org\/biblioteca\/2026\/03\/16\/8-de-marzo-dia-de-celebracion-en-la-biblioteca-escolar\/\" \/>\n<meta property=\"og:locale\" content=\"es_ES\" \/>\n<meta property=\"og:type\" content=\"article\" \/>\n<meta property=\"og:title\" content=\"8 de marzo D\u00eda de celebraci\u00f3n en la Biblioteca Escolar - Biblioteca Escolar - Escolapios Granada\" \/>\n<meta property=\"og:description\" content=\"Ya sabemos lo importante que es celebrar este d\u00eda y qu\u00e9 triunfo\u00a0 para la humanidad ser\u00eda no tener necesidad de\u00a0 celebrarlo . Mientras tanto, desde la biblioteca queremos compartir lecturas relevantes para seguir trabajando en este sentido y , aportar un granito de arena en este caminar hacia la igualdad y el amor entre todos [&hellip;]\" \/>\n<meta property=\"og:url\" content=\"https:\/\/blogs.granada.escolapiosemaus.org\/biblioteca\/2026\/03\/16\/8-de-marzo-dia-de-celebracion-en-la-biblioteca-escolar\/\" \/>\n<meta property=\"og:site_name\" content=\"Biblioteca Escolar - Escolapios Granada\" \/>\n<meta property=\"article:published_time\" content=\"2026-03-16T16:09:00+00:00\" \/>\n<meta property=\"og:image\" content=\"https:\/\/blogs.granada.escolapiosemaus.org\/biblioteca\/wp-content\/uploads\/sites\/18\/2026\/03\/1.png\" \/>\n<meta name=\"author\" content=\"Encarna L\u00f3pez\" \/>\n<meta name=\"twitter:card\" content=\"summary_large_image\" \/>\n<meta name=\"twitter:label1\" content=\"Escrito por\" \/>\n\t<meta name=\"twitter:data1\" content=\"Encarna L\u00f3pez\" \/>\n\t<meta name=\"twitter:label2\" content=\"Tiempo de lectura\" \/>\n\t<meta name=\"twitter:data2\" content=\"1 minuto\" \/>\n<script type=\"application\/ld+json\" class=\"yoast-schema-graph\">{\"@context\":\"https:\/\/schema.org\",\"@graph\":[{\"@type\":\"Article\",\"@id\":\"https:\/\/blogs.granada.escolapiosemaus.org\/biblioteca\/2026\/03\/16\/8-de-marzo-dia-de-celebracion-en-la-biblioteca-escolar\/#article\",\"isPartOf\":{\"@id\":\"https:\/\/blogs.granada.escolapiosemaus.org\/biblioteca\/2026\/03\/16\/8-de-marzo-dia-de-celebracion-en-la-biblioteca-escolar\/\"},\"author\":{\"name\":\"Encarna L\u00f3pez\",\"@id\":\"https:\/\/blogs.granada.escolapiosemaus.org\/biblioteca\/#\/schema\/person\/539ef207bab7f990bb0ab333ae2ead2b\"},\"headline\":\"8 de marzo D\u00eda de celebraci\u00f3n en la Biblioteca Escolar\",\"datePublished\":\"2026-03-16T16:09:00+00:00\",\"mainEntityOfPage\":{\"@id\":\"https:\/\/blogs.granada.escolapiosemaus.org\/biblioteca\/2026\/03\/16\/8-de-marzo-dia-de-celebracion-en-la-biblioteca-escolar\/\"},\"wordCount\":100,\"commentCount\":0,\"image\":{\"@id\":\"https:\/\/blogs.granada.escolapiosemaus.org\/biblioteca\/2026\/03\/16\/8-de-marzo-dia-de-celebracion-en-la-biblioteca-escolar\/#primaryimage\"},\"thumbnailUrl\":\"https:\/\/blogs.granada.escolapiosemaus.org\/biblioteca\/wp-content\/uploads\/sites\/18\/2026\/03\/1.png\",\"keywords\":[\"biblioteca escolar\",\"Escolapios Granada\",\"Mitolog\u00eda\",\"mujer\"],\"articleSection\":[\"D\u00eda de la mujer\",\"Mujer\",\"Plan lector\"],\"inLanguage\":\"es\",\"potentialAction\":[{\"@type\":\"CommentAction\",\"name\":\"Comment\",\"target\":[\"https:\/\/blogs.granada.escolapiosemaus.org\/biblioteca\/2026\/03\/16\/8-de-marzo-dia-de-celebracion-en-la-biblioteca-escolar\/#respond\"]}]},{\"@type\":\"WebPage\",\"@id\":\"https:\/\/blogs.granada.escolapiosemaus.org\/biblioteca\/2026\/03\/16\/8-de-marzo-dia-de-celebracion-en-la-biblioteca-escolar\/\",\"url\":\"https:\/\/blogs.granada.escolapiosemaus.org\/biblioteca\/2026\/03\/16\/8-de-marzo-dia-de-celebracion-en-la-biblioteca-escolar\/\",\"name\":\"8 de marzo D\u00eda de celebraci\u00f3n en la Biblioteca Escolar - Biblioteca Escolar - Escolapios Granada\",\"isPartOf\":{\"@id\":\"https:\/\/blogs.granada.escolapiosemaus.org\/biblioteca\/#website\"},\"primaryImageOfPage\":{\"@id\":\"https:\/\/blogs.granada.escolapiosemaus.org\/biblioteca\/2026\/03\/16\/8-de-marzo-dia-de-celebracion-en-la-biblioteca-escolar\/#primaryimage\"},\"image\":{\"@id\":\"https:\/\/blogs.granada.escolapiosemaus.org\/biblioteca\/2026\/03\/16\/8-de-marzo-dia-de-celebracion-en-la-biblioteca-escolar\/#primaryimage\"},\"thumbnailUrl\":\"https:\/\/blogs.granada.escolapiosemaus.org\/biblioteca\/wp-content\/uploads\/sites\/18\/2026\/03\/1.png\",\"datePublished\":\"2026-03-16T16:09:00+00:00\",\"author\":{\"@id\":\"https:\/\/blogs.granada.escolapiosemaus.org\/biblioteca\/#\/schema\/person\/539ef207bab7f990bb0ab333ae2ead2b\"},\"breadcrumb\":{\"@id\":\"https:\/\/blogs.granada.escolapiosemaus.org\/biblioteca\/2026\/03\/16\/8-de-marzo-dia-de-celebracion-en-la-biblioteca-escolar\/#breadcrumb\"},\"inLanguage\":\"es\",\"potentialAction\":[{\"@type\":\"ReadAction\",\"target\":[\"https:\/\/blogs.granada.escolapiosemaus.org\/biblioteca\/2026\/03\/16\/8-de-marzo-dia-de-celebracion-en-la-biblioteca-escolar\/\"]}]},{\"@type\":\"ImageObject\",\"inLanguage\":\"es\",\"@id\":\"https:\/\/blogs.granada.escolapiosemaus.org\/biblioteca\/2026\/03\/16\/8-de-marzo-dia-de-celebracion-en-la-biblioteca-escolar\/#primaryimage\",\"url\":\"https:\/\/i0.wp.com\/blogs.granada.escolapiosemaus.org\/biblioteca\/wp-content\/uploads\/sites\/18\/2026\/03\/1.png?fit=589%2C900&ssl=1\",\"contentUrl\":\"https:\/\/i0.wp.com\/blogs.granada.escolapiosemaus.org\/biblioteca\/wp-content\/uploads\/sites\/18\/2026\/03\/1.png?fit=589%2C900&ssl=1\",\"width\":589,\"height\":900},{\"@type\":\"BreadcrumbList\",\"@id\":\"https:\/\/blogs.granada.escolapiosemaus.org\/biblioteca\/2026\/03\/16\/8-de-marzo-dia-de-celebracion-en-la-biblioteca-escolar\/#breadcrumb\",\"itemListElement\":[{\"@type\":\"ListItem\",\"position\":1,\"name\":\"Portada\",\"item\":\"https:\/\/blogs.granada.escolapiosemaus.org\/biblioteca\/\"},{\"@type\":\"ListItem\",\"position\":2,\"name\":\"8 de marzo D\u00eda de celebraci\u00f3n en la Biblioteca Escolar\"}]},{\"@type\":\"WebSite\",\"@id\":\"https:\/\/blogs.granada.escolapiosemaus.org\/biblioteca\/#website\",\"url\":\"https:\/\/blogs.granada.escolapiosemaus.org\/biblioteca\/\",\"name\":\"Biblioteca Escolar - Escolapios Granada\",\"description\":\"Colegio Dulce Nombre de Mar\u00eda -PP.Escolapios- Granada\",\"potentialAction\":[{\"@type\":\"SearchAction\",\"target\":{\"@type\":\"EntryPoint\",\"urlTemplate\":\"https:\/\/blogs.granada.escolapiosemaus.org\/biblioteca\/?s={search_term_string}\"},\"query-input\":{\"@type\":\"PropertyValueSpecification\",\"valueRequired\":true,\"valueName\":\"search_term_string\"}}],\"inLanguage\":\"es\"},{\"@type\":\"Person\",\"@id\":\"https:\/\/blogs.granada.escolapiosemaus.org\/biblioteca\/#\/schema\/person\/539ef207bab7f990bb0ab333ae2ead2b\",\"name\":\"Encarna L\u00f3pez\",\"image\":{\"@type\":\"ImageObject\",\"inLanguage\":\"es\",\"@id\":\"https:\/\/blogs.granada.escolapiosemaus.org\/biblioteca\/#\/schema\/person\/image\/\",\"url\":\"https:\/\/secure.gravatar.com\/avatar\/2b177c2497e8c91c65f03aa86717c8f6?s=96&d=mm&r=g\",\"contentUrl\":\"https:\/\/secure.gravatar.com\/avatar\/2b177c2497e8c91c65f03aa86717c8f6?s=96&d=mm&r=g\",\"caption\":\"Encarna L\u00f3pez\"},\"sameAs\":[\"https:\/\/blogs.granada.escolapiosemaus.org\"],\"url\":\"https:\/\/blogs.granada.escolapiosemaus.org\/biblioteca\/author\/encarnalopez\/\"}]}<\/script>\n<!-- \/ Yoast SEO plugin. -->","yoast_head_json":{"title":"8 de marzo D\u00eda de celebraci\u00f3n en la Biblioteca Escolar - Biblioteca Escolar - Escolapios Granada","robots":{"index":"index","follow":"follow","max-snippet":"max-snippet:-1","max-image-preview":"max-image-preview:large","max-video-preview":"max-video-preview:-1"},"canonical":"https:\/\/blogs.granada.escolapiosemaus.org\/biblioteca\/2026\/03\/16\/8-de-marzo-dia-de-celebracion-en-la-biblioteca-escolar\/","og_locale":"es_ES","og_type":"article","og_title":"8 de marzo D\u00eda de celebraci\u00f3n en la Biblioteca Escolar - Biblioteca Escolar - Escolapios Granada","og_description":"Ya sabemos lo importante que es celebrar este d\u00eda y qu\u00e9 triunfo\u00a0 para la humanidad ser\u00eda no tener necesidad de\u00a0 celebrarlo . Mientras tanto, desde la biblioteca queremos compartir lecturas relevantes para seguir trabajando en este sentido y , aportar un granito de arena en este caminar hacia la igualdad y el amor entre todos [&hellip;]","og_url":"https:\/\/blogs.granada.escolapiosemaus.org\/biblioteca\/2026\/03\/16\/8-de-marzo-dia-de-celebracion-en-la-biblioteca-escolar\/","og_site_name":"Biblioteca Escolar - Escolapios Granada","article_published_time":"2026-03-16T16:09:00+00:00","og_image":[{"url":"https:\/\/blogs.granada.escolapiosemaus.org\/biblioteca\/wp-content\/uploads\/sites\/18\/2026\/03\/1.png","type":"","width":"","height":""}],"author":"Encarna L\u00f3pez","twitter_card":"summary_large_image","twitter_misc":{"Escrito por":"Encarna L\u00f3pez","Tiempo de lectura":"1 minuto"},"schema":{"@context":"https:\/\/schema.org","@graph":[{"@type":"Article","@id":"https:\/\/blogs.granada.escolapiosemaus.org\/biblioteca\/2026\/03\/16\/8-de-marzo-dia-de-celebracion-en-la-biblioteca-escolar\/#article","isPartOf":{"@id":"https:\/\/blogs.granada.escolapiosemaus.org\/biblioteca\/2026\/03\/16\/8-de-marzo-dia-de-celebracion-en-la-biblioteca-escolar\/"},"author":{"name":"Encarna L\u00f3pez","@id":"https:\/\/blogs.granada.escolapiosemaus.org\/biblioteca\/#\/schema\/person\/539ef207bab7f990bb0ab333ae2ead2b"},"headline":"8 de marzo D\u00eda de celebraci\u00f3n en la Biblioteca Escolar","datePublished":"2026-03-16T16:09:00+00:00","mainEntityOfPage":{"@id":"https:\/\/blogs.granada.escolapiosemaus.org\/biblioteca\/2026\/03\/16\/8-de-marzo-dia-de-celebracion-en-la-biblioteca-escolar\/"},"wordCount":100,"commentCount":0,"image":{"@id":"https:\/\/blogs.granada.escolapiosemaus.org\/biblioteca\/2026\/03\/16\/8-de-marzo-dia-de-celebracion-en-la-biblioteca-escolar\/#primaryimage"},"thumbnailUrl":"https:\/\/blogs.granada.escolapiosemaus.org\/biblioteca\/wp-content\/uploads\/sites\/18\/2026\/03\/1.png","keywords":["biblioteca escolar","Escolapios Granada","Mitolog\u00eda","mujer"],"articleSection":["D\u00eda de la mujer","Mujer","Plan lector"],"inLanguage":"es","potentialAction":[{"@type":"CommentAction","name":"Comment","target":["https:\/\/blogs.granada.escolapiosemaus.org\/biblioteca\/2026\/03\/16\/8-de-marzo-dia-de-celebracion-en-la-biblioteca-escolar\/#respond"]}]},{"@type":"WebPage","@id":"https:\/\/blogs.granada.escolapiosemaus.org\/biblioteca\/2026\/03\/16\/8-de-marzo-dia-de-celebracion-en-la-biblioteca-escolar\/","url":"https:\/\/blogs.granada.escolapiosemaus.org\/biblioteca\/2026\/03\/16\/8-de-marzo-dia-de-celebracion-en-la-biblioteca-escolar\/","name":"8 de marzo D\u00eda de celebraci\u00f3n en la Biblioteca Escolar - Biblioteca Escolar - Escolapios Granada","isPartOf":{"@id":"https:\/\/blogs.granada.escolapiosemaus.org\/biblioteca\/#website"},"primaryImageOfPage":{"@id":"https:\/\/blogs.granada.escolapiosemaus.org\/biblioteca\/2026\/03\/16\/8-de-marzo-dia-de-celebracion-en-la-biblioteca-escolar\/#primaryimage"},"image":{"@id":"https:\/\/blogs.granada.escolapiosemaus.org\/biblioteca\/2026\/03\/16\/8-de-marzo-dia-de-celebracion-en-la-biblioteca-escolar\/#primaryimage"},"thumbnailUrl":"https:\/\/blogs.granada.escolapiosemaus.org\/biblioteca\/wp-content\/uploads\/sites\/18\/2026\/03\/1.png","datePublished":"2026-03-16T16:09:00+00:00","author":{"@id":"https:\/\/blogs.granada.escolapiosemaus.org\/biblioteca\/#\/schema\/person\/539ef207bab7f990bb0ab333ae2ead2b"},"breadcrumb":{"@id":"https:\/\/blogs.granada.escolapiosemaus.org\/biblioteca\/2026\/03\/16\/8-de-marzo-dia-de-celebracion-en-la-biblioteca-escolar\/#breadcrumb"},"inLanguage":"es","potentialAction":[{"@type":"ReadAction","target":["https:\/\/blogs.granada.escolapiosemaus.org\/biblioteca\/2026\/03\/16\/8-de-marzo-dia-de-celebracion-en-la-biblioteca-escolar\/"]}]},{"@type":"ImageObject","inLanguage":"es","@id":"https:\/\/blogs.granada.escolapiosemaus.org\/biblioteca\/2026\/03\/16\/8-de-marzo-dia-de-celebracion-en-la-biblioteca-escolar\/#primaryimage","url":"https:\/\/i0.wp.com\/blogs.granada.escolapiosemaus.org\/biblioteca\/wp-content\/uploads\/sites\/18\/2026\/03\/1.png?fit=589%2C900&ssl=1","contentUrl":"https:\/\/i0.wp.com\/blogs.granada.escolapiosemaus.org\/biblioteca\/wp-content\/uploads\/sites\/18\/2026\/03\/1.png?fit=589%2C900&ssl=1","width":589,"height":900},{"@type":"BreadcrumbList","@id":"https:\/\/blogs.granada.escolapiosemaus.org\/biblioteca\/2026\/03\/16\/8-de-marzo-dia-de-celebracion-en-la-biblioteca-escolar\/#breadcrumb","itemListElement":[{"@type":"ListItem","position":1,"name":"Portada","item":"https:\/\/blogs.granada.escolapiosemaus.org\/biblioteca\/"},{"@type":"ListItem","position":2,"name":"8 de marzo D\u00eda de celebraci\u00f3n en la Biblioteca Escolar"}]},{"@type":"WebSite","@id":"https:\/\/blogs.granada.escolapiosemaus.org\/biblioteca\/#website","url":"https:\/\/blogs.granada.escolapiosemaus.org\/biblioteca\/","name":"Biblioteca Escolar - Escolapios Granada","description":"Colegio Dulce Nombre de Mar\u00eda -PP.Escolapios- Granada","potentialAction":[{"@type":"SearchAction","target":{"@type":"EntryPoint","urlTemplate":"https:\/\/blogs.granada.escolapiosemaus.org\/biblioteca\/?s={search_term_string}"},"query-input":{"@type":"PropertyValueSpecification","valueRequired":true,"valueName":"search_term_string"}}],"inLanguage":"es"},{"@type":"Person","@id":"https:\/\/blogs.granada.escolapiosemaus.org\/biblioteca\/#\/schema\/person\/539ef207bab7f990bb0ab333ae2ead2b","name":"Encarna L\u00f3pez","image":{"@type":"ImageObject","inLanguage":"es","@id":"https:\/\/blogs.granada.escolapiosemaus.org\/biblioteca\/#\/schema\/person\/image\/","url":"https:\/\/secure.gravatar.com\/avatar\/2b177c2497e8c91c65f03aa86717c8f6?s=96&d=mm&r=g","contentUrl":"https:\/\/secure.gravatar.com\/avatar\/2b177c2497e8c91c65f03aa86717c8f6?s=96&d=mm&r=g","caption":"Encarna L\u00f3pez"},"sameAs":["https:\/\/blogs.granada.escolapiosemaus.org"],"url":"https:\/\/blogs.granada.escolapiosemaus.org\/biblioteca\/author\/encarnalopez\/"}]}},"jetpack_publicize_connections":[],"jetpack_featured_media_url":"","jetpack_sharing_enabled":true,"jetpack_shortlink":"https:\/\/wp.me\/p8qkgn-1yY","jetpack-related-posts":[],"_links":{"self":[{"href":"https:\/\/blogs.granada.escolapiosemaus.org\/biblioteca\/wp-json\/wp\/v2\/posts\/6012","targetHints":{"allow":["GET"]}}],"collection":[{"href":"https:\/\/blogs.granada.escolapiosemaus.org\/biblioteca\/wp-json\/wp\/v2\/posts"}],"about":[{"href":"https:\/\/blogs.granada.escolapiosemaus.org\/biblioteca\/wp-json\/wp\/v2\/types\/post"}],"author":[{"embeddable":true,"href":"https:\/\/blogs.granada.escolapiosemaus.org\/biblioteca\/wp-json\/wp\/v2\/users\/20"}],"replies":[{"embeddable":true,"href":"https:\/\/blogs.granada.escolapiosemaus.org\/biblioteca\/wp-json\/wp\/v2\/comments?post=6012"}],"version-history":[{"count":2,"href":"https:\/\/blogs.granada.escolapiosemaus.org\/biblioteca\/wp-json\/wp\/v2\/posts\/6012\/revisions"}],"predecessor-version":[{"id":6017,"href":"https:\/\/blogs.granada.escolapiosemaus.org\/biblioteca\/wp-json\/wp\/v2\/posts\/6012\/revisions\/6017"}],"wp:attachment":[{"href":"https:\/\/blogs.granada.escolapiosemaus.org\/biblioteca\/wp-json\/wp\/v2\/media?parent=6012"}],"wp:term":[{"taxonomy":"category","embeddable":true,"href":"https:\/\/blogs.granada.escolapiosemaus.org\/biblioteca\/wp-json\/wp\/v2\/categories?post=6012"},{"taxonomy":"post_tag","embeddable":true,"href":"https:\/\/blogs.granada.escolapiosemaus.org\/biblioteca\/wp-json\/wp\/v2\/tags?post=6012"}],"curies":[{"name":"wp","href":"https:\/\/api.w.org\/{rel}","templated":true}]}}