{"id":5803,"date":"2025-10-24T18:02:40","date_gmt":"2025-10-24T17:02:40","guid":{"rendered":"https:\/\/blogs.granada.escolapiosemaus.org\/biblioteca\/?p=5803"},"modified":"2025-10-28T11:18:52","modified_gmt":"2025-10-28T10:18:52","slug":"24-de-octubre-dia-de-las-bibliotecas","status":"publish","type":"post","link":"https:\/\/blogs.granada.escolapiosemaus.org\/biblioteca\/2025\/10\/24\/24-de-octubre-dia-de-las-bibliotecas\/","title":{"rendered":"24 de octubre D\u00eda de las Bibliotecas"},"content":{"rendered":"<p>Celebramos el D\u00eda Internacional de las Bibliotecas con un cuentacuentos musical dirigido a los alumnos de infantil y primer ciclo de primaria. Nos han visitado a lo largo de toda la ma\u00f1ana y hemos compartido lectura y m\u00fasica por igual.<\/p>\n<p>Los cuentos los han le\u00eddo,\u00a0 con mucho cari\u00f1o, nuestros mayores de\u00a0 1\u00ba de ESO: Miguel, Fran y Samuel\u00a0 y nuestras futuras promesas cuentacuentos de 5\u00ba de primaria;\u00a0 Laura y Blanca y las actuaciones musicales han sido interpretadas\u00a0 por Valentina, Paula y Blanca de 2\u00ba de ESO.<\/p>\n<p>Os agradecemos vuestra participaci\u00f3n y podemos decir que no hay mejor forma de acercar el valor de los libros y la lectura que compartiendo y esto lo han demostrado hoy con su generosidad e ilusi\u00f3n.<\/p>\n<p>\u00a1Feliz D\u00eda de las Bibliotecas!<\/p>\n<p><a href=\"https:\/\/i0.wp.com\/blogs.granada.escolapiosemaus.org\/biblioteca\/wp-content\/uploads\/sites\/18\/2025\/10\/Image-2.jpg?ssl=1\"><img data-recalc-dims=\"1\" loading=\"lazy\" decoding=\"async\" data-attachment-id=\"5851\" data-permalink=\"https:\/\/blogs.granada.escolapiosemaus.org\/biblioteca\/2025\/10\/24\/24-de-octubre-dia-de-las-bibliotecas\/image-2-5\/\" data-orig-file=\"https:\/\/i0.wp.com\/blogs.granada.escolapiosemaus.org\/biblioteca\/wp-content\/uploads\/sites\/18\/2025\/10\/Image-2.jpg?fit=800%2C600&amp;ssl=1\" data-orig-size=\"800,600\" data-comments-opened=\"1\" data-image-meta=\"{&quot;aperture&quot;:&quot;0&quot;,&quot;credit&quot;:&quot;&quot;,&quot;camera&quot;:&quot;&quot;,&quot;caption&quot;:&quot;&quot;,&quot;created_timestamp&quot;:&quot;0&quot;,&quot;copyright&quot;:&quot;&quot;,&quot;focal_length&quot;:&quot;0&quot;,&quot;iso&quot;:&quot;0&quot;,&quot;shutter_speed&quot;:&quot;0&quot;,&quot;title&quot;:&quot;&quot;,&quot;orientation&quot;:&quot;0&quot;}\" data-image-title=\"Image (2)\" data-image-description=\"\" data-image-caption=\"\" data-medium-file=\"https:\/\/i0.wp.com\/blogs.granada.escolapiosemaus.org\/biblioteca\/wp-content\/uploads\/sites\/18\/2025\/10\/Image-2.jpg?fit=300%2C225&amp;ssl=1\" data-large-file=\"https:\/\/i0.wp.com\/blogs.granada.escolapiosemaus.org\/biblioteca\/wp-content\/uploads\/sites\/18\/2025\/10\/Image-2.jpg?fit=600%2C450&amp;ssl=1\" class=\"alignnone size-full wp-image-5851\" src=\"https:\/\/i0.wp.com\/blogs.granada.escolapiosemaus.org\/biblioteca\/wp-content\/uploads\/sites\/18\/2025\/10\/Image-2.jpg?resize=600%2C450&#038;ssl=1\" alt=\"\" width=\"600\" height=\"450\" srcset=\"https:\/\/i0.wp.com\/blogs.granada.escolapiosemaus.org\/biblioteca\/wp-content\/uploads\/sites\/18\/2025\/10\/Image-2.jpg?w=800&amp;ssl=1 800w, https:\/\/i0.wp.com\/blogs.granada.escolapiosemaus.org\/biblioteca\/wp-content\/uploads\/sites\/18\/2025\/10\/Image-2.jpg?resize=300%2C225&amp;ssl=1 300w, https:\/\/i0.wp.com\/blogs.granada.escolapiosemaus.org\/biblioteca\/wp-content\/uploads\/sites\/18\/2025\/10\/Image-2.jpg?resize=768%2C576&amp;ssl=1 768w, https:\/\/i0.wp.com\/blogs.granada.escolapiosemaus.org\/biblioteca\/wp-content\/uploads\/sites\/18\/2025\/10\/Image-2.jpg?resize=200%2C150&amp;ssl=1 200w\" sizes=\"auto, (max-width: 600px) 100vw, 600px\" \/><\/a><a href=\"https:\/\/i0.wp.com\/blogs.granada.escolapiosemaus.org\/biblioteca\/wp-content\/uploads\/sites\/18\/2025\/10\/shared-image-17.jpg?ssl=1\"><img data-recalc-dims=\"1\" loading=\"lazy\" decoding=\"async\" data-attachment-id=\"5804\" data-permalink=\"https:\/\/blogs.granada.escolapiosemaus.org\/biblioteca\/2025\/10\/24\/24-de-octubre-dia-de-las-bibliotecas\/shared-image-17-3\/\" data-orig-file=\"https:\/\/i0.wp.com\/blogs.granada.escolapiosemaus.org\/biblioteca\/wp-content\/uploads\/sites\/18\/2025\/10\/shared-image-17.jpg?fit=1530%2C2040&amp;ssl=1\" data-orig-size=\"1530,2040\" data-comments-opened=\"1\" data-image-meta=\"{&quot;aperture&quot;:&quot;0&quot;,&quot;credit&quot;:&quot;&quot;,&quot;camera&quot;:&quot;&quot;,&quot;caption&quot;:&quot;&quot;,&quot;created_timestamp&quot;:&quot;0&quot;,&quot;copyright&quot;:&quot;&quot;,&quot;focal_length&quot;:&quot;0&quot;,&quot;iso&quot;:&quot;0&quot;,&quot;shutter_speed&quot;:&quot;0&quot;,&quot;title&quot;:&quot;&quot;,&quot;orientation&quot;:&quot;0&quot;}\" data-image-title=\"shared image (17)\" data-image-description=\"\" data-image-caption=\"\" data-medium-file=\"https:\/\/i0.wp.com\/blogs.granada.escolapiosemaus.org\/biblioteca\/wp-content\/uploads\/sites\/18\/2025\/10\/shared-image-17.jpg?fit=225%2C300&amp;ssl=1\" data-large-file=\"https:\/\/i0.wp.com\/blogs.granada.escolapiosemaus.org\/biblioteca\/wp-content\/uploads\/sites\/18\/2025\/10\/shared-image-17.jpg?fit=600%2C800&amp;ssl=1\" class=\"alignnone size-full wp-image-5804\" src=\"https:\/\/i0.wp.com\/blogs.granada.escolapiosemaus.org\/biblioteca\/wp-content\/uploads\/sites\/18\/2025\/10\/shared-image-17.jpg?resize=600%2C800&#038;ssl=1\" alt=\"\" width=\"600\" height=\"800\" srcset=\"https:\/\/i0.wp.com\/blogs.granada.escolapiosemaus.org\/biblioteca\/wp-content\/uploads\/sites\/18\/2025\/10\/shared-image-17.jpg?w=1530&amp;ssl=1 1530w, https:\/\/i0.wp.com\/blogs.granada.escolapiosemaus.org\/biblioteca\/wp-content\/uploads\/sites\/18\/2025\/10\/shared-image-17.jpg?resize=225%2C300&amp;ssl=1 225w, https:\/\/i0.wp.com\/blogs.granada.escolapiosemaus.org\/biblioteca\/wp-content\/uploads\/sites\/18\/2025\/10\/shared-image-17.jpg?resize=768%2C1024&amp;ssl=1 768w, https:\/\/i0.wp.com\/blogs.granada.escolapiosemaus.org\/biblioteca\/wp-content\/uploads\/sites\/18\/2025\/10\/shared-image-17.jpg?resize=150%2C200&amp;ssl=1 150w, https:\/\/i0.wp.com\/blogs.granada.escolapiosemaus.org\/biblioteca\/wp-content\/uploads\/sites\/18\/2025\/10\/shared-image-17.jpg?resize=1152%2C1536&amp;ssl=1 1152w\" sizes=\"auto, (max-width: 600px) 100vw, 600px\" \/><\/a> <a href=\"https:\/\/i0.wp.com\/blogs.granada.escolapiosemaus.org\/biblioteca\/wp-content\/uploads\/sites\/18\/2025\/10\/shared-image-15-e1761325295407.jpg?ssl=1\"><img data-recalc-dims=\"1\" loading=\"lazy\" decoding=\"async\" data-attachment-id=\"5806\" data-permalink=\"https:\/\/blogs.granada.escolapiosemaus.org\/biblioteca\/2025\/10\/24\/24-de-octubre-dia-de-las-bibliotecas\/shared-image-15-3\/\" data-orig-file=\"https:\/\/i0.wp.com\/blogs.granada.escolapiosemaus.org\/biblioteca\/wp-content\/uploads\/sites\/18\/2025\/10\/shared-image-15-e1761325295407.jpg?fit=1047%2C2040&amp;ssl=1\" data-orig-size=\"1047,2040\" data-comments-opened=\"1\" data-image-meta=\"{&quot;aperture&quot;:&quot;0&quot;,&quot;credit&quot;:&quot;&quot;,&quot;camera&quot;:&quot;&quot;,&quot;caption&quot;:&quot;&quot;,&quot;created_timestamp&quot;:&quot;0&quot;,&quot;copyright&quot;:&quot;&quot;,&quot;focal_length&quot;:&quot;0&quot;,&quot;iso&quot;:&quot;0&quot;,&quot;shutter_speed&quot;:&quot;0&quot;,&quot;title&quot;:&quot;&quot;,&quot;orientation&quot;:&quot;0&quot;}\" data-image-title=\"shared image (15)\" data-image-description=\"\" data-image-caption=\"\" data-medium-file=\"https:\/\/i0.wp.com\/blogs.granada.escolapiosemaus.org\/biblioteca\/wp-content\/uploads\/sites\/18\/2025\/10\/shared-image-15-e1761325295407.jpg?fit=154%2C300&amp;ssl=1\" data-large-file=\"https:\/\/i0.wp.com\/blogs.granada.escolapiosemaus.org\/biblioteca\/wp-content\/uploads\/sites\/18\/2025\/10\/shared-image-15-e1761325295407.jpg?fit=526%2C1024&amp;ssl=1\" class=\"alignnone wp-image-5806 size-full\" src=\"https:\/\/i0.wp.com\/blogs.granada.escolapiosemaus.org\/biblioteca\/wp-content\/uploads\/sites\/18\/2025\/10\/shared-image-15-e1761325295407.jpg?resize=600%2C1169&#038;ssl=1\" alt=\"\" width=\"600\" height=\"1169\" srcset=\"https:\/\/i0.wp.com\/blogs.granada.escolapiosemaus.org\/biblioteca\/wp-content\/uploads\/sites\/18\/2025\/10\/shared-image-15-e1761325295407.jpg?w=1047&amp;ssl=1 1047w, https:\/\/i0.wp.com\/blogs.granada.escolapiosemaus.org\/biblioteca\/wp-content\/uploads\/sites\/18\/2025\/10\/shared-image-15-e1761325295407.jpg?resize=154%2C300&amp;ssl=1 154w, https:\/\/i0.wp.com\/blogs.granada.escolapiosemaus.org\/biblioteca\/wp-content\/uploads\/sites\/18\/2025\/10\/shared-image-15-e1761325295407.jpg?resize=526%2C1024&amp;ssl=1 526w, https:\/\/i0.wp.com\/blogs.granada.escolapiosemaus.org\/biblioteca\/wp-content\/uploads\/sites\/18\/2025\/10\/shared-image-15-e1761325295407.jpg?resize=768%2C1496&amp;ssl=1 768w, https:\/\/i0.wp.com\/blogs.granada.escolapiosemaus.org\/biblioteca\/wp-content\/uploads\/sites\/18\/2025\/10\/shared-image-15-e1761325295407.jpg?resize=103%2C200&amp;ssl=1 103w, https:\/\/i0.wp.com\/blogs.granada.escolapiosemaus.org\/biblioteca\/wp-content\/uploads\/sites\/18\/2025\/10\/shared-image-15-e1761325295407.jpg?resize=788%2C1536&amp;ssl=1 788w\" sizes=\"auto, (max-width: 600px) 100vw, 600px\" \/><\/a><a href=\"https:\/\/i0.wp.com\/blogs.granada.escolapiosemaus.org\/biblioteca\/wp-content\/uploads\/sites\/18\/2025\/10\/Image-3.jpg?ssl=1\"><img data-recalc-dims=\"1\" loading=\"lazy\" decoding=\"async\" data-attachment-id=\"5850\" data-permalink=\"https:\/\/blogs.granada.escolapiosemaus.org\/biblioteca\/2025\/10\/24\/24-de-octubre-dia-de-las-bibliotecas\/image-3-5\/\" data-orig-file=\"https:\/\/i0.wp.com\/blogs.granada.escolapiosemaus.org\/biblioteca\/wp-content\/uploads\/sites\/18\/2025\/10\/Image-3.jpg?fit=600%2C800&amp;ssl=1\" data-orig-size=\"600,800\" data-comments-opened=\"1\" data-image-meta=\"{&quot;aperture&quot;:&quot;0&quot;,&quot;credit&quot;:&quot;&quot;,&quot;camera&quot;:&quot;&quot;,&quot;caption&quot;:&quot;&quot;,&quot;created_timestamp&quot;:&quot;0&quot;,&quot;copyright&quot;:&quot;&quot;,&quot;focal_length&quot;:&quot;0&quot;,&quot;iso&quot;:&quot;0&quot;,&quot;shutter_speed&quot;:&quot;0&quot;,&quot;title&quot;:&quot;&quot;,&quot;orientation&quot;:&quot;0&quot;}\" data-image-title=\"Image (3)\" data-image-description=\"\" data-image-caption=\"\" data-medium-file=\"https:\/\/i0.wp.com\/blogs.granada.escolapiosemaus.org\/biblioteca\/wp-content\/uploads\/sites\/18\/2025\/10\/Image-3.jpg?fit=225%2C300&amp;ssl=1\" data-large-file=\"https:\/\/i0.wp.com\/blogs.granada.escolapiosemaus.org\/biblioteca\/wp-content\/uploads\/sites\/18\/2025\/10\/Image-3.jpg?fit=600%2C800&amp;ssl=1\" class=\"alignnone size-full wp-image-5850\" src=\"https:\/\/i0.wp.com\/blogs.granada.escolapiosemaus.org\/biblioteca\/wp-content\/uploads\/sites\/18\/2025\/10\/Image-3.jpg?resize=600%2C800&#038;ssl=1\" alt=\"\" width=\"600\" height=\"800\" srcset=\"https:\/\/i0.wp.com\/blogs.granada.escolapiosemaus.org\/biblioteca\/wp-content\/uploads\/sites\/18\/2025\/10\/Image-3.jpg?w=600&amp;ssl=1 600w, https:\/\/i0.wp.com\/blogs.granada.escolapiosemaus.org\/biblioteca\/wp-content\/uploads\/sites\/18\/2025\/10\/Image-3.jpg?resize=225%2C300&amp;ssl=1 225w, https:\/\/i0.wp.com\/blogs.granada.escolapiosemaus.org\/biblioteca\/wp-content\/uploads\/sites\/18\/2025\/10\/Image-3.jpg?resize=150%2C200&amp;ssl=1 150w\" sizes=\"auto, (max-width: 600px) 100vw, 600px\" \/><\/a> <a href=\"https:\/\/i0.wp.com\/blogs.granada.escolapiosemaus.org\/biblioteca\/wp-content\/uploads\/sites\/18\/2025\/10\/shared-image-13.jpg?ssl=1\"><img data-recalc-dims=\"1\" loading=\"lazy\" decoding=\"async\" data-attachment-id=\"5808\" data-permalink=\"https:\/\/blogs.granada.escolapiosemaus.org\/biblioteca\/2025\/10\/24\/24-de-octubre-dia-de-las-bibliotecas\/shared-image-13-2\/\" data-orig-file=\"https:\/\/i0.wp.com\/blogs.granada.escolapiosemaus.org\/biblioteca\/wp-content\/uploads\/sites\/18\/2025\/10\/shared-image-13.jpg?fit=1530%2C2040&amp;ssl=1\" data-orig-size=\"1530,2040\" data-comments-opened=\"1\" data-image-meta=\"{&quot;aperture&quot;:&quot;0&quot;,&quot;credit&quot;:&quot;&quot;,&quot;camera&quot;:&quot;&quot;,&quot;caption&quot;:&quot;&quot;,&quot;created_timestamp&quot;:&quot;0&quot;,&quot;copyright&quot;:&quot;&quot;,&quot;focal_length&quot;:&quot;0&quot;,&quot;iso&quot;:&quot;0&quot;,&quot;shutter_speed&quot;:&quot;0&quot;,&quot;title&quot;:&quot;&quot;,&quot;orientation&quot;:&quot;0&quot;}\" data-image-title=\"shared image (13)\" data-image-description=\"\" data-image-caption=\"\" data-medium-file=\"https:\/\/i0.wp.com\/blogs.granada.escolapiosemaus.org\/biblioteca\/wp-content\/uploads\/sites\/18\/2025\/10\/shared-image-13.jpg?fit=225%2C300&amp;ssl=1\" data-large-file=\"https:\/\/i0.wp.com\/blogs.granada.escolapiosemaus.org\/biblioteca\/wp-content\/uploads\/sites\/18\/2025\/10\/shared-image-13.jpg?fit=600%2C800&amp;ssl=1\" class=\"alignnone size-full wp-image-5808\" src=\"https:\/\/i0.wp.com\/blogs.granada.escolapiosemaus.org\/biblioteca\/wp-content\/uploads\/sites\/18\/2025\/10\/shared-image-13.jpg?resize=600%2C800&#038;ssl=1\" alt=\"\" width=\"600\" height=\"800\" srcset=\"https:\/\/i0.wp.com\/blogs.granada.escolapiosemaus.org\/biblioteca\/wp-content\/uploads\/sites\/18\/2025\/10\/shared-image-13.jpg?w=1530&amp;ssl=1 1530w, https:\/\/i0.wp.com\/blogs.granada.escolapiosemaus.org\/biblioteca\/wp-content\/uploads\/sites\/18\/2025\/10\/shared-image-13.jpg?resize=225%2C300&amp;ssl=1 225w, https:\/\/i0.wp.com\/blogs.granada.escolapiosemaus.org\/biblioteca\/wp-content\/uploads\/sites\/18\/2025\/10\/shared-image-13.jpg?resize=768%2C1024&amp;ssl=1 768w, https:\/\/i0.wp.com\/blogs.granada.escolapiosemaus.org\/biblioteca\/wp-content\/uploads\/sites\/18\/2025\/10\/shared-image-13.jpg?resize=150%2C200&amp;ssl=1 150w, https:\/\/i0.wp.com\/blogs.granada.escolapiosemaus.org\/biblioteca\/wp-content\/uploads\/sites\/18\/2025\/10\/shared-image-13.jpg?resize=1152%2C1536&amp;ssl=1 1152w\" sizes=\"auto, (max-width: 600px) 100vw, 600px\" \/><\/a><a href=\"https:\/\/i0.wp.com\/blogs.granada.escolapiosemaus.org\/biblioteca\/wp-content\/uploads\/sites\/18\/2025\/10\/Image-6.jpg?ssl=1\"><img data-recalc-dims=\"1\" loading=\"lazy\" decoding=\"async\" data-attachment-id=\"5836\" data-permalink=\"https:\/\/blogs.granada.escolapiosemaus.org\/biblioteca\/2025\/10\/24\/24-de-octubre-dia-de-las-bibliotecas\/image-6-3\/\" data-orig-file=\"https:\/\/i0.wp.com\/blogs.granada.escolapiosemaus.org\/biblioteca\/wp-content\/uploads\/sites\/18\/2025\/10\/Image-6.jpg?fit=1024%2C768&amp;ssl=1\" data-orig-size=\"1024,768\" data-comments-opened=\"1\" data-image-meta=\"{&quot;aperture&quot;:&quot;0&quot;,&quot;credit&quot;:&quot;&quot;,&quot;camera&quot;:&quot;&quot;,&quot;caption&quot;:&quot;&quot;,&quot;created_timestamp&quot;:&quot;0&quot;,&quot;copyright&quot;:&quot;&quot;,&quot;focal_length&quot;:&quot;0&quot;,&quot;iso&quot;:&quot;0&quot;,&quot;shutter_speed&quot;:&quot;0&quot;,&quot;title&quot;:&quot;&quot;,&quot;orientation&quot;:&quot;1&quot;}\" data-image-title=\"Image (6)\" data-image-description=\"\" data-image-caption=\"\" data-medium-file=\"https:\/\/i0.wp.com\/blogs.granada.escolapiosemaus.org\/biblioteca\/wp-content\/uploads\/sites\/18\/2025\/10\/Image-6.jpg?fit=300%2C225&amp;ssl=1\" data-large-file=\"https:\/\/i0.wp.com\/blogs.granada.escolapiosemaus.org\/biblioteca\/wp-content\/uploads\/sites\/18\/2025\/10\/Image-6.jpg?fit=600%2C450&amp;ssl=1\" class=\"alignnone size-full wp-image-5836\" src=\"https:\/\/i0.wp.com\/blogs.granada.escolapiosemaus.org\/biblioteca\/wp-content\/uploads\/sites\/18\/2025\/10\/Image-6.jpg?resize=600%2C450&#038;ssl=1\" alt=\"\" width=\"600\" height=\"450\" srcset=\"https:\/\/i0.wp.com\/blogs.granada.escolapiosemaus.org\/biblioteca\/wp-content\/uploads\/sites\/18\/2025\/10\/Image-6.jpg?w=1024&amp;ssl=1 1024w, https:\/\/i0.wp.com\/blogs.granada.escolapiosemaus.org\/biblioteca\/wp-content\/uploads\/sites\/18\/2025\/10\/Image-6.jpg?resize=300%2C225&amp;ssl=1 300w, https:\/\/i0.wp.com\/blogs.granada.escolapiosemaus.org\/biblioteca\/wp-content\/uploads\/sites\/18\/2025\/10\/Image-6.jpg?resize=768%2C576&amp;ssl=1 768w, https:\/\/i0.wp.com\/blogs.granada.escolapiosemaus.org\/biblioteca\/wp-content\/uploads\/sites\/18\/2025\/10\/Image-6.jpg?resize=200%2C150&amp;ssl=1 200w\" sizes=\"auto, (max-width: 600px) 100vw, 600px\" \/><\/a> <a href=\"https:\/\/i0.wp.com\/blogs.granada.escolapiosemaus.org\/biblioteca\/wp-content\/uploads\/sites\/18\/2025\/10\/shared-image-20.jpg?ssl=1\"><img data-recalc-dims=\"1\" loading=\"lazy\" decoding=\"async\" data-attachment-id=\"5837\" data-permalink=\"https:\/\/blogs.granada.escolapiosemaus.org\/biblioteca\/2025\/10\/24\/24-de-octubre-dia-de-las-bibliotecas\/shared-image-20-4\/\" data-orig-file=\"https:\/\/i0.wp.com\/blogs.granada.escolapiosemaus.org\/biblioteca\/wp-content\/uploads\/sites\/18\/2025\/10\/shared-image-20.jpg?fit=2304%2C1728&amp;ssl=1\" data-orig-size=\"2304,1728\" data-comments-opened=\"1\" data-image-meta=\"{&quot;aperture&quot;:&quot;0&quot;,&quot;credit&quot;:&quot;&quot;,&quot;camera&quot;:&quot;&quot;,&quot;caption&quot;:&quot;&quot;,&quot;created_timestamp&quot;:&quot;0&quot;,&quot;copyright&quot;:&quot;&quot;,&quot;focal_length&quot;:&quot;0&quot;,&quot;iso&quot;:&quot;0&quot;,&quot;shutter_speed&quot;:&quot;0&quot;,&quot;title&quot;:&quot;&quot;,&quot;orientation&quot;:&quot;0&quot;}\" data-image-title=\"shared image (20)\" data-image-description=\"\" data-image-caption=\"\" data-medium-file=\"https:\/\/i0.wp.com\/blogs.granada.escolapiosemaus.org\/biblioteca\/wp-content\/uploads\/sites\/18\/2025\/10\/shared-image-20.jpg?fit=300%2C225&amp;ssl=1\" data-large-file=\"https:\/\/i0.wp.com\/blogs.granada.escolapiosemaus.org\/biblioteca\/wp-content\/uploads\/sites\/18\/2025\/10\/shared-image-20.jpg?fit=600%2C450&amp;ssl=1\" class=\"alignnone size-full wp-image-5837\" src=\"https:\/\/i0.wp.com\/blogs.granada.escolapiosemaus.org\/biblioteca\/wp-content\/uploads\/sites\/18\/2025\/10\/shared-image-20.jpg?resize=600%2C450&#038;ssl=1\" alt=\"\" width=\"600\" height=\"450\" srcset=\"https:\/\/i0.wp.com\/blogs.granada.escolapiosemaus.org\/biblioteca\/wp-content\/uploads\/sites\/18\/2025\/10\/shared-image-20.jpg?w=2304&amp;ssl=1 2304w, https:\/\/i0.wp.com\/blogs.granada.escolapiosemaus.org\/biblioteca\/wp-content\/uploads\/sites\/18\/2025\/10\/shared-image-20.jpg?resize=300%2C225&amp;ssl=1 300w, https:\/\/i0.wp.com\/blogs.granada.escolapiosemaus.org\/biblioteca\/wp-content\/uploads\/sites\/18\/2025\/10\/shared-image-20.jpg?resize=1024%2C768&amp;ssl=1 1024w, https:\/\/i0.wp.com\/blogs.granada.escolapiosemaus.org\/biblioteca\/wp-content\/uploads\/sites\/18\/2025\/10\/shared-image-20.jpg?resize=768%2C576&amp;ssl=1 768w, https:\/\/i0.wp.com\/blogs.granada.escolapiosemaus.org\/biblioteca\/wp-content\/uploads\/sites\/18\/2025\/10\/shared-image-20.jpg?resize=200%2C150&amp;ssl=1 200w, https:\/\/i0.wp.com\/blogs.granada.escolapiosemaus.org\/biblioteca\/wp-content\/uploads\/sites\/18\/2025\/10\/shared-image-20.jpg?resize=1536%2C1152&amp;ssl=1 1536w, https:\/\/i0.wp.com\/blogs.granada.escolapiosemaus.org\/biblioteca\/wp-content\/uploads\/sites\/18\/2025\/10\/shared-image-20.jpg?resize=2048%2C1536&amp;ssl=1 2048w, https:\/\/i0.wp.com\/blogs.granada.escolapiosemaus.org\/biblioteca\/wp-content\/uploads\/sites\/18\/2025\/10\/shared-image-20.jpg?w=1200&amp;ssl=1 1200w, https:\/\/i0.wp.com\/blogs.granada.escolapiosemaus.org\/biblioteca\/wp-content\/uploads\/sites\/18\/2025\/10\/shared-image-20.jpg?w=1800&amp;ssl=1 1800w\" sizes=\"auto, (max-width: 600px) 100vw, 600px\" \/><\/a> <a href=\"https:\/\/i0.wp.com\/blogs.granada.escolapiosemaus.org\/biblioteca\/wp-content\/uploads\/sites\/18\/2025\/10\/shared-image-19.jpg?ssl=1\"><img data-recalc-dims=\"1\" loading=\"lazy\" decoding=\"async\" data-attachment-id=\"5838\" data-permalink=\"https:\/\/blogs.granada.escolapiosemaus.org\/biblioteca\/2025\/10\/24\/24-de-octubre-dia-de-las-bibliotecas\/shared-image-19-2\/\" data-orig-file=\"https:\/\/i0.wp.com\/blogs.granada.escolapiosemaus.org\/biblioteca\/wp-content\/uploads\/sites\/18\/2025\/10\/shared-image-19.jpg?fit=2304%2C1728&amp;ssl=1\" data-orig-size=\"2304,1728\" data-comments-opened=\"1\" data-image-meta=\"{&quot;aperture&quot;:&quot;0&quot;,&quot;credit&quot;:&quot;&quot;,&quot;camera&quot;:&quot;&quot;,&quot;caption&quot;:&quot;&quot;,&quot;created_timestamp&quot;:&quot;0&quot;,&quot;copyright&quot;:&quot;&quot;,&quot;focal_length&quot;:&quot;0&quot;,&quot;iso&quot;:&quot;0&quot;,&quot;shutter_speed&quot;:&quot;0&quot;,&quot;title&quot;:&quot;&quot;,&quot;orientation&quot;:&quot;0&quot;}\" data-image-title=\"shared image (19)\" data-image-description=\"\" data-image-caption=\"\" data-medium-file=\"https:\/\/i0.wp.com\/blogs.granada.escolapiosemaus.org\/biblioteca\/wp-content\/uploads\/sites\/18\/2025\/10\/shared-image-19.jpg?fit=300%2C225&amp;ssl=1\" data-large-file=\"https:\/\/i0.wp.com\/blogs.granada.escolapiosemaus.org\/biblioteca\/wp-content\/uploads\/sites\/18\/2025\/10\/shared-image-19.jpg?fit=600%2C450&amp;ssl=1\" class=\"alignnone size-full wp-image-5838\" src=\"https:\/\/i0.wp.com\/blogs.granada.escolapiosemaus.org\/biblioteca\/wp-content\/uploads\/sites\/18\/2025\/10\/shared-image-19.jpg?resize=600%2C450&#038;ssl=1\" alt=\"\" width=\"600\" height=\"450\" srcset=\"https:\/\/i0.wp.com\/blogs.granada.escolapiosemaus.org\/biblioteca\/wp-content\/uploads\/sites\/18\/2025\/10\/shared-image-19.jpg?w=2304&amp;ssl=1 2304w, https:\/\/i0.wp.com\/blogs.granada.escolapiosemaus.org\/biblioteca\/wp-content\/uploads\/sites\/18\/2025\/10\/shared-image-19.jpg?resize=300%2C225&amp;ssl=1 300w, https:\/\/i0.wp.com\/blogs.granada.escolapiosemaus.org\/biblioteca\/wp-content\/uploads\/sites\/18\/2025\/10\/shared-image-19.jpg?resize=1024%2C768&amp;ssl=1 1024w, https:\/\/i0.wp.com\/blogs.granada.escolapiosemaus.org\/biblioteca\/wp-content\/uploads\/sites\/18\/2025\/10\/shared-image-19.jpg?resize=768%2C576&amp;ssl=1 768w, https:\/\/i0.wp.com\/blogs.granada.escolapiosemaus.org\/biblioteca\/wp-content\/uploads\/sites\/18\/2025\/10\/shared-image-19.jpg?resize=200%2C150&amp;ssl=1 200w, https:\/\/i0.wp.com\/blogs.granada.escolapiosemaus.org\/biblioteca\/wp-content\/uploads\/sites\/18\/2025\/10\/shared-image-19.jpg?resize=1536%2C1152&amp;ssl=1 1536w, https:\/\/i0.wp.com\/blogs.granada.escolapiosemaus.org\/biblioteca\/wp-content\/uploads\/sites\/18\/2025\/10\/shared-image-19.jpg?resize=2048%2C1536&amp;ssl=1 2048w, https:\/\/i0.wp.com\/blogs.granada.escolapiosemaus.org\/biblioteca\/wp-content\/uploads\/sites\/18\/2025\/10\/shared-image-19.jpg?w=1200&amp;ssl=1 1200w, https:\/\/i0.wp.com\/blogs.granada.escolapiosemaus.org\/biblioteca\/wp-content\/uploads\/sites\/18\/2025\/10\/shared-image-19.jpg?w=1800&amp;ssl=1 1800w\" sizes=\"auto, (max-width: 600px) 100vw, 600px\" \/><\/a> <a href=\"https:\/\/i0.wp.com\/blogs.granada.escolapiosemaus.org\/biblioteca\/wp-content\/uploads\/sites\/18\/2025\/10\/shared-image-18.jpg?ssl=1\"><img data-recalc-dims=\"1\" loading=\"lazy\" decoding=\"async\" data-attachment-id=\"5839\" data-permalink=\"https:\/\/blogs.granada.escolapiosemaus.org\/biblioteca\/2025\/10\/24\/24-de-octubre-dia-de-las-bibliotecas\/shared-image-18-3\/\" data-orig-file=\"https:\/\/i0.wp.com\/blogs.granada.escolapiosemaus.org\/biblioteca\/wp-content\/uploads\/sites\/18\/2025\/10\/shared-image-18.jpg?fit=2304%2C1728&amp;ssl=1\" data-orig-size=\"2304,1728\" data-comments-opened=\"1\" data-image-meta=\"{&quot;aperture&quot;:&quot;0&quot;,&quot;credit&quot;:&quot;&quot;,&quot;camera&quot;:&quot;&quot;,&quot;caption&quot;:&quot;&quot;,&quot;created_timestamp&quot;:&quot;0&quot;,&quot;copyright&quot;:&quot;&quot;,&quot;focal_length&quot;:&quot;0&quot;,&quot;iso&quot;:&quot;0&quot;,&quot;shutter_speed&quot;:&quot;0&quot;,&quot;title&quot;:&quot;&quot;,&quot;orientation&quot;:&quot;0&quot;}\" data-image-title=\"shared image (18)\" data-image-description=\"\" data-image-caption=\"\" data-medium-file=\"https:\/\/i0.wp.com\/blogs.granada.escolapiosemaus.org\/biblioteca\/wp-content\/uploads\/sites\/18\/2025\/10\/shared-image-18.jpg?fit=300%2C225&amp;ssl=1\" data-large-file=\"https:\/\/i0.wp.com\/blogs.granada.escolapiosemaus.org\/biblioteca\/wp-content\/uploads\/sites\/18\/2025\/10\/shared-image-18.jpg?fit=600%2C450&amp;ssl=1\" class=\"alignnone size-full wp-image-5839\" src=\"https:\/\/i0.wp.com\/blogs.granada.escolapiosemaus.org\/biblioteca\/wp-content\/uploads\/sites\/18\/2025\/10\/shared-image-18.jpg?resize=600%2C450&#038;ssl=1\" alt=\"\" width=\"600\" height=\"450\" srcset=\"https:\/\/i0.wp.com\/blogs.granada.escolapiosemaus.org\/biblioteca\/wp-content\/uploads\/sites\/18\/2025\/10\/shared-image-18.jpg?w=2304&amp;ssl=1 2304w, https:\/\/i0.wp.com\/blogs.granada.escolapiosemaus.org\/biblioteca\/wp-content\/uploads\/sites\/18\/2025\/10\/shared-image-18.jpg?resize=300%2C225&amp;ssl=1 300w, https:\/\/i0.wp.com\/blogs.granada.escolapiosemaus.org\/biblioteca\/wp-content\/uploads\/sites\/18\/2025\/10\/shared-image-18.jpg?resize=1024%2C768&amp;ssl=1 1024w, https:\/\/i0.wp.com\/blogs.granada.escolapiosemaus.org\/biblioteca\/wp-content\/uploads\/sites\/18\/2025\/10\/shared-image-18.jpg?resize=768%2C576&amp;ssl=1 768w, https:\/\/i0.wp.com\/blogs.granada.escolapiosemaus.org\/biblioteca\/wp-content\/uploads\/sites\/18\/2025\/10\/shared-image-18.jpg?resize=200%2C150&amp;ssl=1 200w, https:\/\/i0.wp.com\/blogs.granada.escolapiosemaus.org\/biblioteca\/wp-content\/uploads\/sites\/18\/2025\/10\/shared-image-18.jpg?resize=1536%2C1152&amp;ssl=1 1536w, https:\/\/i0.wp.com\/blogs.granada.escolapiosemaus.org\/biblioteca\/wp-content\/uploads\/sites\/18\/2025\/10\/shared-image-18.jpg?resize=2048%2C1536&amp;ssl=1 2048w, https:\/\/i0.wp.com\/blogs.granada.escolapiosemaus.org\/biblioteca\/wp-content\/uploads\/sites\/18\/2025\/10\/shared-image-18.jpg?w=1200&amp;ssl=1 1200w, https:\/\/i0.wp.com\/blogs.granada.escolapiosemaus.org\/biblioteca\/wp-content\/uploads\/sites\/18\/2025\/10\/shared-image-18.jpg?w=1800&amp;ssl=1 1800w\" sizes=\"auto, (max-width: 600px) 100vw, 600px\" \/><\/a> <a href=\"https:\/\/i0.wp.com\/blogs.granada.escolapiosemaus.org\/biblioteca\/wp-content\/uploads\/sites\/18\/2025\/10\/shared-image-17-1.jpg?ssl=1\"><img data-recalc-dims=\"1\" loading=\"lazy\" decoding=\"async\" data-attachment-id=\"5840\" data-permalink=\"https:\/\/blogs.granada.escolapiosemaus.org\/biblioteca\/2025\/10\/24\/24-de-octubre-dia-de-las-bibliotecas\/shared-image-17-4\/\" data-orig-file=\"https:\/\/i0.wp.com\/blogs.granada.escolapiosemaus.org\/biblioteca\/wp-content\/uploads\/sites\/18\/2025\/10\/shared-image-17-1.jpg?fit=2304%2C1728&amp;ssl=1\" data-orig-size=\"2304,1728\" data-comments-opened=\"1\" data-image-meta=\"{&quot;aperture&quot;:&quot;0&quot;,&quot;credit&quot;:&quot;&quot;,&quot;camera&quot;:&quot;&quot;,&quot;caption&quot;:&quot;&quot;,&quot;created_timestamp&quot;:&quot;0&quot;,&quot;copyright&quot;:&quot;&quot;,&quot;focal_length&quot;:&quot;0&quot;,&quot;iso&quot;:&quot;0&quot;,&quot;shutter_speed&quot;:&quot;0&quot;,&quot;title&quot;:&quot;&quot;,&quot;orientation&quot;:&quot;0&quot;}\" data-image-title=\"shared image (17)\" data-image-description=\"\" data-image-caption=\"\" data-medium-file=\"https:\/\/i0.wp.com\/blogs.granada.escolapiosemaus.org\/biblioteca\/wp-content\/uploads\/sites\/18\/2025\/10\/shared-image-17-1.jpg?fit=300%2C225&amp;ssl=1\" data-large-file=\"https:\/\/i0.wp.com\/blogs.granada.escolapiosemaus.org\/biblioteca\/wp-content\/uploads\/sites\/18\/2025\/10\/shared-image-17-1.jpg?fit=600%2C450&amp;ssl=1\" class=\"alignnone size-full wp-image-5840\" src=\"https:\/\/i0.wp.com\/blogs.granada.escolapiosemaus.org\/biblioteca\/wp-content\/uploads\/sites\/18\/2025\/10\/shared-image-17-1.jpg?resize=600%2C450&#038;ssl=1\" alt=\"\" width=\"600\" height=\"450\" srcset=\"https:\/\/i0.wp.com\/blogs.granada.escolapiosemaus.org\/biblioteca\/wp-content\/uploads\/sites\/18\/2025\/10\/shared-image-17-1.jpg?w=2304&amp;ssl=1 2304w, https:\/\/i0.wp.com\/blogs.granada.escolapiosemaus.org\/biblioteca\/wp-content\/uploads\/sites\/18\/2025\/10\/shared-image-17-1.jpg?resize=300%2C225&amp;ssl=1 300w, https:\/\/i0.wp.com\/blogs.granada.escolapiosemaus.org\/biblioteca\/wp-content\/uploads\/sites\/18\/2025\/10\/shared-image-17-1.jpg?resize=1024%2C768&amp;ssl=1 1024w, https:\/\/i0.wp.com\/blogs.granada.escolapiosemaus.org\/biblioteca\/wp-content\/uploads\/sites\/18\/2025\/10\/shared-image-17-1.jpg?resize=768%2C576&amp;ssl=1 768w, https:\/\/i0.wp.com\/blogs.granada.escolapiosemaus.org\/biblioteca\/wp-content\/uploads\/sites\/18\/2025\/10\/shared-image-17-1.jpg?resize=200%2C150&amp;ssl=1 200w, https:\/\/i0.wp.com\/blogs.granada.escolapiosemaus.org\/biblioteca\/wp-content\/uploads\/sites\/18\/2025\/10\/shared-image-17-1.jpg?resize=1536%2C1152&amp;ssl=1 1536w, https:\/\/i0.wp.com\/blogs.granada.escolapiosemaus.org\/biblioteca\/wp-content\/uploads\/sites\/18\/2025\/10\/shared-image-17-1.jpg?resize=2048%2C1536&amp;ssl=1 2048w, https:\/\/i0.wp.com\/blogs.granada.escolapiosemaus.org\/biblioteca\/wp-content\/uploads\/sites\/18\/2025\/10\/shared-image-17-1.jpg?w=1200&amp;ssl=1 1200w, https:\/\/i0.wp.com\/blogs.granada.escolapiosemaus.org\/biblioteca\/wp-content\/uploads\/sites\/18\/2025\/10\/shared-image-17-1.jpg?w=1800&amp;ssl=1 1800w\" sizes=\"auto, (max-width: 600px) 100vw, 600px\" \/><\/a> <a href=\"https:\/\/i0.wp.com\/blogs.granada.escolapiosemaus.org\/biblioteca\/wp-content\/uploads\/sites\/18\/2025\/10\/shared-image-16-1.jpg?ssl=1\"><img data-recalc-dims=\"1\" loading=\"lazy\" decoding=\"async\" data-attachment-id=\"5841\" data-permalink=\"https:\/\/blogs.granada.escolapiosemaus.org\/biblioteca\/2025\/10\/24\/24-de-octubre-dia-de-las-bibliotecas\/shared-image-16-4\/\" data-orig-file=\"https:\/\/i0.wp.com\/blogs.granada.escolapiosemaus.org\/biblioteca\/wp-content\/uploads\/sites\/18\/2025\/10\/shared-image-16-1.jpg?fit=2304%2C1728&amp;ssl=1\" data-orig-size=\"2304,1728\" data-comments-opened=\"1\" data-image-meta=\"{&quot;aperture&quot;:&quot;0&quot;,&quot;credit&quot;:&quot;&quot;,&quot;camera&quot;:&quot;&quot;,&quot;caption&quot;:&quot;&quot;,&quot;created_timestamp&quot;:&quot;0&quot;,&quot;copyright&quot;:&quot;&quot;,&quot;focal_length&quot;:&quot;0&quot;,&quot;iso&quot;:&quot;0&quot;,&quot;shutter_speed&quot;:&quot;0&quot;,&quot;title&quot;:&quot;&quot;,&quot;orientation&quot;:&quot;0&quot;}\" data-image-title=\"shared image (16)\" data-image-description=\"\" data-image-caption=\"\" data-medium-file=\"https:\/\/i0.wp.com\/blogs.granada.escolapiosemaus.org\/biblioteca\/wp-content\/uploads\/sites\/18\/2025\/10\/shared-image-16-1.jpg?fit=300%2C225&amp;ssl=1\" data-large-file=\"https:\/\/i0.wp.com\/blogs.granada.escolapiosemaus.org\/biblioteca\/wp-content\/uploads\/sites\/18\/2025\/10\/shared-image-16-1.jpg?fit=600%2C450&amp;ssl=1\" class=\"alignnone size-full wp-image-5841\" src=\"https:\/\/i0.wp.com\/blogs.granada.escolapiosemaus.org\/biblioteca\/wp-content\/uploads\/sites\/18\/2025\/10\/shared-image-16-1.jpg?resize=600%2C450&#038;ssl=1\" alt=\"\" width=\"600\" height=\"450\" srcset=\"https:\/\/i0.wp.com\/blogs.granada.escolapiosemaus.org\/biblioteca\/wp-content\/uploads\/sites\/18\/2025\/10\/shared-image-16-1.jpg?w=2304&amp;ssl=1 2304w, https:\/\/i0.wp.com\/blogs.granada.escolapiosemaus.org\/biblioteca\/wp-content\/uploads\/sites\/18\/2025\/10\/shared-image-16-1.jpg?resize=300%2C225&amp;ssl=1 300w, https:\/\/i0.wp.com\/blogs.granada.escolapiosemaus.org\/biblioteca\/wp-content\/uploads\/sites\/18\/2025\/10\/shared-image-16-1.jpg?resize=1024%2C768&amp;ssl=1 1024w, https:\/\/i0.wp.com\/blogs.granada.escolapiosemaus.org\/biblioteca\/wp-content\/uploads\/sites\/18\/2025\/10\/shared-image-16-1.jpg?resize=768%2C576&amp;ssl=1 768w, https:\/\/i0.wp.com\/blogs.granada.escolapiosemaus.org\/biblioteca\/wp-content\/uploads\/sites\/18\/2025\/10\/shared-image-16-1.jpg?resize=200%2C150&amp;ssl=1 200w, https:\/\/i0.wp.com\/blogs.granada.escolapiosemaus.org\/biblioteca\/wp-content\/uploads\/sites\/18\/2025\/10\/shared-image-16-1.jpg?resize=1536%2C1152&amp;ssl=1 1536w, https:\/\/i0.wp.com\/blogs.granada.escolapiosemaus.org\/biblioteca\/wp-content\/uploads\/sites\/18\/2025\/10\/shared-image-16-1.jpg?resize=2048%2C1536&amp;ssl=1 2048w, https:\/\/i0.wp.com\/blogs.granada.escolapiosemaus.org\/biblioteca\/wp-content\/uploads\/sites\/18\/2025\/10\/shared-image-16-1.jpg?w=1200&amp;ssl=1 1200w, https:\/\/i0.wp.com\/blogs.granada.escolapiosemaus.org\/biblioteca\/wp-content\/uploads\/sites\/18\/2025\/10\/shared-image-16-1.jpg?w=1800&amp;ssl=1 1800w\" sizes=\"auto, (max-width: 600px) 100vw, 600px\" \/><\/a> <a href=\"https:\/\/i0.wp.com\/blogs.granada.escolapiosemaus.org\/biblioteca\/wp-content\/uploads\/sites\/18\/2025\/10\/shared-image-15-1.jpg?ssl=1\"><img data-recalc-dims=\"1\" loading=\"lazy\" decoding=\"async\" data-attachment-id=\"5842\" data-permalink=\"https:\/\/blogs.granada.escolapiosemaus.org\/biblioteca\/2025\/10\/24\/24-de-octubre-dia-de-las-bibliotecas\/shared-image-15-4\/\" data-orig-file=\"https:\/\/i0.wp.com\/blogs.granada.escolapiosemaus.org\/biblioteca\/wp-content\/uploads\/sites\/18\/2025\/10\/shared-image-15-1.jpg?fit=2304%2C1728&amp;ssl=1\" data-orig-size=\"2304,1728\" data-comments-opened=\"1\" data-image-meta=\"{&quot;aperture&quot;:&quot;0&quot;,&quot;credit&quot;:&quot;&quot;,&quot;camera&quot;:&quot;&quot;,&quot;caption&quot;:&quot;&quot;,&quot;created_timestamp&quot;:&quot;0&quot;,&quot;copyright&quot;:&quot;&quot;,&quot;focal_length&quot;:&quot;0&quot;,&quot;iso&quot;:&quot;0&quot;,&quot;shutter_speed&quot;:&quot;0&quot;,&quot;title&quot;:&quot;&quot;,&quot;orientation&quot;:&quot;0&quot;}\" data-image-title=\"shared image (15)\" data-image-description=\"\" data-image-caption=\"\" data-medium-file=\"https:\/\/i0.wp.com\/blogs.granada.escolapiosemaus.org\/biblioteca\/wp-content\/uploads\/sites\/18\/2025\/10\/shared-image-15-1.jpg?fit=300%2C225&amp;ssl=1\" data-large-file=\"https:\/\/i0.wp.com\/blogs.granada.escolapiosemaus.org\/biblioteca\/wp-content\/uploads\/sites\/18\/2025\/10\/shared-image-15-1.jpg?fit=600%2C450&amp;ssl=1\" class=\"alignnone size-full wp-image-5842\" src=\"https:\/\/i0.wp.com\/blogs.granada.escolapiosemaus.org\/biblioteca\/wp-content\/uploads\/sites\/18\/2025\/10\/shared-image-15-1.jpg?resize=600%2C450&#038;ssl=1\" alt=\"\" width=\"600\" height=\"450\" srcset=\"https:\/\/i0.wp.com\/blogs.granada.escolapiosemaus.org\/biblioteca\/wp-content\/uploads\/sites\/18\/2025\/10\/shared-image-15-1.jpg?w=2304&amp;ssl=1 2304w, https:\/\/i0.wp.com\/blogs.granada.escolapiosemaus.org\/biblioteca\/wp-content\/uploads\/sites\/18\/2025\/10\/shared-image-15-1.jpg?resize=300%2C225&amp;ssl=1 300w, https:\/\/i0.wp.com\/blogs.granada.escolapiosemaus.org\/biblioteca\/wp-content\/uploads\/sites\/18\/2025\/10\/shared-image-15-1.jpg?resize=1024%2C768&amp;ssl=1 1024w, https:\/\/i0.wp.com\/blogs.granada.escolapiosemaus.org\/biblioteca\/wp-content\/uploads\/sites\/18\/2025\/10\/shared-image-15-1.jpg?resize=768%2C576&amp;ssl=1 768w, https:\/\/i0.wp.com\/blogs.granada.escolapiosemaus.org\/biblioteca\/wp-content\/uploads\/sites\/18\/2025\/10\/shared-image-15-1.jpg?resize=200%2C150&amp;ssl=1 200w, https:\/\/i0.wp.com\/blogs.granada.escolapiosemaus.org\/biblioteca\/wp-content\/uploads\/sites\/18\/2025\/10\/shared-image-15-1.jpg?resize=1536%2C1152&amp;ssl=1 1536w, https:\/\/i0.wp.com\/blogs.granada.escolapiosemaus.org\/biblioteca\/wp-content\/uploads\/sites\/18\/2025\/10\/shared-image-15-1.jpg?resize=2048%2C1536&amp;ssl=1 2048w, https:\/\/i0.wp.com\/blogs.granada.escolapiosemaus.org\/biblioteca\/wp-content\/uploads\/sites\/18\/2025\/10\/shared-image-15-1.jpg?w=1200&amp;ssl=1 1200w, https:\/\/i0.wp.com\/blogs.granada.escolapiosemaus.org\/biblioteca\/wp-content\/uploads\/sites\/18\/2025\/10\/shared-image-15-1.jpg?w=1800&amp;ssl=1 1800w\" sizes=\"auto, (max-width: 600px) 100vw, 600px\" \/><\/a> <a href=\"https:\/\/i0.wp.com\/blogs.granada.escolapiosemaus.org\/biblioteca\/wp-content\/uploads\/sites\/18\/2025\/10\/shared-image-14-1.jpg?ssl=1\"><img data-recalc-dims=\"1\" loading=\"lazy\" decoding=\"async\" data-attachment-id=\"5843\" data-permalink=\"https:\/\/blogs.granada.escolapiosemaus.org\/biblioteca\/2025\/10\/24\/24-de-octubre-dia-de-las-bibliotecas\/shared-image-14-4\/\" data-orig-file=\"https:\/\/i0.wp.com\/blogs.granada.escolapiosemaus.org\/biblioteca\/wp-content\/uploads\/sites\/18\/2025\/10\/shared-image-14-1.jpg?fit=2304%2C1728&amp;ssl=1\" data-orig-size=\"2304,1728\" data-comments-opened=\"1\" data-image-meta=\"{&quot;aperture&quot;:&quot;0&quot;,&quot;credit&quot;:&quot;&quot;,&quot;camera&quot;:&quot;&quot;,&quot;caption&quot;:&quot;&quot;,&quot;created_timestamp&quot;:&quot;0&quot;,&quot;copyright&quot;:&quot;&quot;,&quot;focal_length&quot;:&quot;0&quot;,&quot;iso&quot;:&quot;0&quot;,&quot;shutter_speed&quot;:&quot;0&quot;,&quot;title&quot;:&quot;&quot;,&quot;orientation&quot;:&quot;0&quot;}\" data-image-title=\"shared image (14)\" data-image-description=\"\" data-image-caption=\"\" data-medium-file=\"https:\/\/i0.wp.com\/blogs.granada.escolapiosemaus.org\/biblioteca\/wp-content\/uploads\/sites\/18\/2025\/10\/shared-image-14-1.jpg?fit=300%2C225&amp;ssl=1\" data-large-file=\"https:\/\/i0.wp.com\/blogs.granada.escolapiosemaus.org\/biblioteca\/wp-content\/uploads\/sites\/18\/2025\/10\/shared-image-14-1.jpg?fit=600%2C450&amp;ssl=1\" class=\"alignnone size-full wp-image-5843\" src=\"https:\/\/i0.wp.com\/blogs.granada.escolapiosemaus.org\/biblioteca\/wp-content\/uploads\/sites\/18\/2025\/10\/shared-image-14-1.jpg?resize=600%2C450&#038;ssl=1\" alt=\"\" width=\"600\" height=\"450\" srcset=\"https:\/\/i0.wp.com\/blogs.granada.escolapiosemaus.org\/biblioteca\/wp-content\/uploads\/sites\/18\/2025\/10\/shared-image-14-1.jpg?w=2304&amp;ssl=1 2304w, https:\/\/i0.wp.com\/blogs.granada.escolapiosemaus.org\/biblioteca\/wp-content\/uploads\/sites\/18\/2025\/10\/shared-image-14-1.jpg?resize=300%2C225&amp;ssl=1 300w, https:\/\/i0.wp.com\/blogs.granada.escolapiosemaus.org\/biblioteca\/wp-content\/uploads\/sites\/18\/2025\/10\/shared-image-14-1.jpg?resize=1024%2C768&amp;ssl=1 1024w, https:\/\/i0.wp.com\/blogs.granada.escolapiosemaus.org\/biblioteca\/wp-content\/uploads\/sites\/18\/2025\/10\/shared-image-14-1.jpg?resize=768%2C576&amp;ssl=1 768w, https:\/\/i0.wp.com\/blogs.granada.escolapiosemaus.org\/biblioteca\/wp-content\/uploads\/sites\/18\/2025\/10\/shared-image-14-1.jpg?resize=200%2C150&amp;ssl=1 200w, https:\/\/i0.wp.com\/blogs.granada.escolapiosemaus.org\/biblioteca\/wp-content\/uploads\/sites\/18\/2025\/10\/shared-image-14-1.jpg?resize=1536%2C1152&amp;ssl=1 1536w, https:\/\/i0.wp.com\/blogs.granada.escolapiosemaus.org\/biblioteca\/wp-content\/uploads\/sites\/18\/2025\/10\/shared-image-14-1.jpg?resize=2048%2C1536&amp;ssl=1 2048w, https:\/\/i0.wp.com\/blogs.granada.escolapiosemaus.org\/biblioteca\/wp-content\/uploads\/sites\/18\/2025\/10\/shared-image-14-1.jpg?w=1200&amp;ssl=1 1200w, https:\/\/i0.wp.com\/blogs.granada.escolapiosemaus.org\/biblioteca\/wp-content\/uploads\/sites\/18\/2025\/10\/shared-image-14-1.jpg?w=1800&amp;ssl=1 1800w\" sizes=\"auto, (max-width: 600px) 100vw, 600px\" \/><\/a> <a href=\"https:\/\/i0.wp.com\/blogs.granada.escolapiosemaus.org\/biblioteca\/wp-content\/uploads\/sites\/18\/2025\/10\/shared-image-13-1.jpg?ssl=1\"><img data-recalc-dims=\"1\" loading=\"lazy\" decoding=\"async\" data-attachment-id=\"5844\" data-permalink=\"https:\/\/blogs.granada.escolapiosemaus.org\/biblioteca\/2025\/10\/24\/24-de-octubre-dia-de-las-bibliotecas\/shared-image-13-3\/\" data-orig-file=\"https:\/\/i0.wp.com\/blogs.granada.escolapiosemaus.org\/biblioteca\/wp-content\/uploads\/sites\/18\/2025\/10\/shared-image-13-1.jpg?fit=2040%2C1530&amp;ssl=1\" data-orig-size=\"2040,1530\" data-comments-opened=\"1\" data-image-meta=\"{&quot;aperture&quot;:&quot;0&quot;,&quot;credit&quot;:&quot;&quot;,&quot;camera&quot;:&quot;&quot;,&quot;caption&quot;:&quot;&quot;,&quot;created_timestamp&quot;:&quot;0&quot;,&quot;copyright&quot;:&quot;&quot;,&quot;focal_length&quot;:&quot;0&quot;,&quot;iso&quot;:&quot;0&quot;,&quot;shutter_speed&quot;:&quot;0&quot;,&quot;title&quot;:&quot;&quot;,&quot;orientation&quot;:&quot;0&quot;}\" data-image-title=\"shared image (13)\" data-image-description=\"\" data-image-caption=\"\" data-medium-file=\"https:\/\/i0.wp.com\/blogs.granada.escolapiosemaus.org\/biblioteca\/wp-content\/uploads\/sites\/18\/2025\/10\/shared-image-13-1.jpg?fit=300%2C225&amp;ssl=1\" data-large-file=\"https:\/\/i0.wp.com\/blogs.granada.escolapiosemaus.org\/biblioteca\/wp-content\/uploads\/sites\/18\/2025\/10\/shared-image-13-1.jpg?fit=600%2C450&amp;ssl=1\" class=\"alignnone size-full wp-image-5844\" src=\"https:\/\/i0.wp.com\/blogs.granada.escolapiosemaus.org\/biblioteca\/wp-content\/uploads\/sites\/18\/2025\/10\/shared-image-13-1.jpg?resize=600%2C450&#038;ssl=1\" alt=\"\" width=\"600\" height=\"450\" srcset=\"https:\/\/i0.wp.com\/blogs.granada.escolapiosemaus.org\/biblioteca\/wp-content\/uploads\/sites\/18\/2025\/10\/shared-image-13-1.jpg?w=2040&amp;ssl=1 2040w, https:\/\/i0.wp.com\/blogs.granada.escolapiosemaus.org\/biblioteca\/wp-content\/uploads\/sites\/18\/2025\/10\/shared-image-13-1.jpg?resize=300%2C225&amp;ssl=1 300w, https:\/\/i0.wp.com\/blogs.granada.escolapiosemaus.org\/biblioteca\/wp-content\/uploads\/sites\/18\/2025\/10\/shared-image-13-1.jpg?resize=1024%2C768&amp;ssl=1 1024w, https:\/\/i0.wp.com\/blogs.granada.escolapiosemaus.org\/biblioteca\/wp-content\/uploads\/sites\/18\/2025\/10\/shared-image-13-1.jpg?resize=768%2C576&amp;ssl=1 768w, https:\/\/i0.wp.com\/blogs.granada.escolapiosemaus.org\/biblioteca\/wp-content\/uploads\/sites\/18\/2025\/10\/shared-image-13-1.jpg?resize=200%2C150&amp;ssl=1 200w, https:\/\/i0.wp.com\/blogs.granada.escolapiosemaus.org\/biblioteca\/wp-content\/uploads\/sites\/18\/2025\/10\/shared-image-13-1.jpg?resize=1536%2C1152&amp;ssl=1 1536w, https:\/\/i0.wp.com\/blogs.granada.escolapiosemaus.org\/biblioteca\/wp-content\/uploads\/sites\/18\/2025\/10\/shared-image-13-1.jpg?w=1200&amp;ssl=1 1200w, https:\/\/i0.wp.com\/blogs.granada.escolapiosemaus.org\/biblioteca\/wp-content\/uploads\/sites\/18\/2025\/10\/shared-image-13-1.jpg?w=1800&amp;ssl=1 1800w\" sizes=\"auto, (max-width: 600px) 100vw, 600px\" \/><\/a> <a href=\"https:\/\/i0.wp.com\/blogs.granada.escolapiosemaus.org\/biblioteca\/wp-content\/uploads\/sites\/18\/2025\/10\/shared-image-12-1.jpg?ssl=1\"><img data-recalc-dims=\"1\" loading=\"lazy\" decoding=\"async\" data-attachment-id=\"5845\" data-permalink=\"https:\/\/blogs.granada.escolapiosemaus.org\/biblioteca\/2025\/10\/24\/24-de-octubre-dia-de-las-bibliotecas\/shared-image-12-3\/\" data-orig-file=\"https:\/\/i0.wp.com\/blogs.granada.escolapiosemaus.org\/biblioteca\/wp-content\/uploads\/sites\/18\/2025\/10\/shared-image-12-1.jpg?fit=2040%2C1530&amp;ssl=1\" data-orig-size=\"2040,1530\" data-comments-opened=\"1\" data-image-meta=\"{&quot;aperture&quot;:&quot;0&quot;,&quot;credit&quot;:&quot;&quot;,&quot;camera&quot;:&quot;&quot;,&quot;caption&quot;:&quot;&quot;,&quot;created_timestamp&quot;:&quot;0&quot;,&quot;copyright&quot;:&quot;&quot;,&quot;focal_length&quot;:&quot;0&quot;,&quot;iso&quot;:&quot;0&quot;,&quot;shutter_speed&quot;:&quot;0&quot;,&quot;title&quot;:&quot;&quot;,&quot;orientation&quot;:&quot;0&quot;}\" data-image-title=\"shared image (12)\" data-image-description=\"\" data-image-caption=\"\" data-medium-file=\"https:\/\/i0.wp.com\/blogs.granada.escolapiosemaus.org\/biblioteca\/wp-content\/uploads\/sites\/18\/2025\/10\/shared-image-12-1.jpg?fit=300%2C225&amp;ssl=1\" data-large-file=\"https:\/\/i0.wp.com\/blogs.granada.escolapiosemaus.org\/biblioteca\/wp-content\/uploads\/sites\/18\/2025\/10\/shared-image-12-1.jpg?fit=600%2C450&amp;ssl=1\" class=\"alignnone size-full wp-image-5845\" src=\"https:\/\/i0.wp.com\/blogs.granada.escolapiosemaus.org\/biblioteca\/wp-content\/uploads\/sites\/18\/2025\/10\/shared-image-12-1.jpg?resize=600%2C450&#038;ssl=1\" alt=\"\" width=\"600\" height=\"450\" srcset=\"https:\/\/i0.wp.com\/blogs.granada.escolapiosemaus.org\/biblioteca\/wp-content\/uploads\/sites\/18\/2025\/10\/shared-image-12-1.jpg?w=2040&amp;ssl=1 2040w, https:\/\/i0.wp.com\/blogs.granada.escolapiosemaus.org\/biblioteca\/wp-content\/uploads\/sites\/18\/2025\/10\/shared-image-12-1.jpg?resize=300%2C225&amp;ssl=1 300w, https:\/\/i0.wp.com\/blogs.granada.escolapiosemaus.org\/biblioteca\/wp-content\/uploads\/sites\/18\/2025\/10\/shared-image-12-1.jpg?resize=1024%2C768&amp;ssl=1 1024w, https:\/\/i0.wp.com\/blogs.granada.escolapiosemaus.org\/biblioteca\/wp-content\/uploads\/sites\/18\/2025\/10\/shared-image-12-1.jpg?resize=768%2C576&amp;ssl=1 768w, https:\/\/i0.wp.com\/blogs.granada.escolapiosemaus.org\/biblioteca\/wp-content\/uploads\/sites\/18\/2025\/10\/shared-image-12-1.jpg?resize=200%2C150&amp;ssl=1 200w, https:\/\/i0.wp.com\/blogs.granada.escolapiosemaus.org\/biblioteca\/wp-content\/uploads\/sites\/18\/2025\/10\/shared-image-12-1.jpg?resize=1536%2C1152&amp;ssl=1 1536w, https:\/\/i0.wp.com\/blogs.granada.escolapiosemaus.org\/biblioteca\/wp-content\/uploads\/sites\/18\/2025\/10\/shared-image-12-1.jpg?w=1200&amp;ssl=1 1200w, https:\/\/i0.wp.com\/blogs.granada.escolapiosemaus.org\/biblioteca\/wp-content\/uploads\/sites\/18\/2025\/10\/shared-image-12-1.jpg?w=1800&amp;ssl=1 1800w\" sizes=\"auto, (max-width: 600px) 100vw, 600px\" \/><\/a> <a href=\"https:\/\/i0.wp.com\/blogs.granada.escolapiosemaus.org\/biblioteca\/wp-content\/uploads\/sites\/18\/2025\/10\/shared-image-11-1.jpg?ssl=1\"><img data-recalc-dims=\"1\" loading=\"lazy\" decoding=\"async\" data-attachment-id=\"5846\" data-permalink=\"https:\/\/blogs.granada.escolapiosemaus.org\/biblioteca\/2025\/10\/24\/24-de-octubre-dia-de-las-bibliotecas\/shared-image-11-3\/\" data-orig-file=\"https:\/\/i0.wp.com\/blogs.granada.escolapiosemaus.org\/biblioteca\/wp-content\/uploads\/sites\/18\/2025\/10\/shared-image-11-1.jpg?fit=2040%2C1530&amp;ssl=1\" data-orig-size=\"2040,1530\" data-comments-opened=\"1\" data-image-meta=\"{&quot;aperture&quot;:&quot;0&quot;,&quot;credit&quot;:&quot;&quot;,&quot;camera&quot;:&quot;&quot;,&quot;caption&quot;:&quot;&quot;,&quot;created_timestamp&quot;:&quot;0&quot;,&quot;copyright&quot;:&quot;&quot;,&quot;focal_length&quot;:&quot;0&quot;,&quot;iso&quot;:&quot;0&quot;,&quot;shutter_speed&quot;:&quot;0&quot;,&quot;title&quot;:&quot;&quot;,&quot;orientation&quot;:&quot;0&quot;}\" data-image-title=\"shared image (11)\" data-image-description=\"\" data-image-caption=\"\" data-medium-file=\"https:\/\/i0.wp.com\/blogs.granada.escolapiosemaus.org\/biblioteca\/wp-content\/uploads\/sites\/18\/2025\/10\/shared-image-11-1.jpg?fit=300%2C225&amp;ssl=1\" data-large-file=\"https:\/\/i0.wp.com\/blogs.granada.escolapiosemaus.org\/biblioteca\/wp-content\/uploads\/sites\/18\/2025\/10\/shared-image-11-1.jpg?fit=600%2C450&amp;ssl=1\" class=\"alignnone size-full wp-image-5846\" src=\"https:\/\/i0.wp.com\/blogs.granada.escolapiosemaus.org\/biblioteca\/wp-content\/uploads\/sites\/18\/2025\/10\/shared-image-11-1.jpg?resize=600%2C450&#038;ssl=1\" alt=\"\" width=\"600\" height=\"450\" srcset=\"https:\/\/i0.wp.com\/blogs.granada.escolapiosemaus.org\/biblioteca\/wp-content\/uploads\/sites\/18\/2025\/10\/shared-image-11-1.jpg?w=2040&amp;ssl=1 2040w, https:\/\/i0.wp.com\/blogs.granada.escolapiosemaus.org\/biblioteca\/wp-content\/uploads\/sites\/18\/2025\/10\/shared-image-11-1.jpg?resize=300%2C225&amp;ssl=1 300w, https:\/\/i0.wp.com\/blogs.granada.escolapiosemaus.org\/biblioteca\/wp-content\/uploads\/sites\/18\/2025\/10\/shared-image-11-1.jpg?resize=1024%2C768&amp;ssl=1 1024w, https:\/\/i0.wp.com\/blogs.granada.escolapiosemaus.org\/biblioteca\/wp-content\/uploads\/sites\/18\/2025\/10\/shared-image-11-1.jpg?resize=768%2C576&amp;ssl=1 768w, https:\/\/i0.wp.com\/blogs.granada.escolapiosemaus.org\/biblioteca\/wp-content\/uploads\/sites\/18\/2025\/10\/shared-image-11-1.jpg?resize=200%2C150&amp;ssl=1 200w, https:\/\/i0.wp.com\/blogs.granada.escolapiosemaus.org\/biblioteca\/wp-content\/uploads\/sites\/18\/2025\/10\/shared-image-11-1.jpg?resize=1536%2C1152&amp;ssl=1 1536w, https:\/\/i0.wp.com\/blogs.granada.escolapiosemaus.org\/biblioteca\/wp-content\/uploads\/sites\/18\/2025\/10\/shared-image-11-1.jpg?w=1200&amp;ssl=1 1200w, https:\/\/i0.wp.com\/blogs.granada.escolapiosemaus.org\/biblioteca\/wp-content\/uploads\/sites\/18\/2025\/10\/shared-image-11-1.jpg?w=1800&amp;ssl=1 1800w\" sizes=\"auto, (max-width: 600px) 100vw, 600px\" \/><\/a> <a href=\"https:\/\/i0.wp.com\/blogs.granada.escolapiosemaus.org\/biblioteca\/wp-content\/uploads\/sites\/18\/2025\/10\/shared-image-10.jpg?ssl=1\"><img data-recalc-dims=\"1\" loading=\"lazy\" decoding=\"async\" data-attachment-id=\"5847\" data-permalink=\"https:\/\/blogs.granada.escolapiosemaus.org\/biblioteca\/2025\/10\/24\/24-de-octubre-dia-de-las-bibliotecas\/shared-image-10-4\/\" data-orig-file=\"https:\/\/i0.wp.com\/blogs.granada.escolapiosemaus.org\/biblioteca\/wp-content\/uploads\/sites\/18\/2025\/10\/shared-image-10.jpg?fit=2040%2C1530&amp;ssl=1\" data-orig-size=\"2040,1530\" data-comments-opened=\"1\" data-image-meta=\"{&quot;aperture&quot;:&quot;0&quot;,&quot;credit&quot;:&quot;&quot;,&quot;camera&quot;:&quot;&quot;,&quot;caption&quot;:&quot;&quot;,&quot;created_timestamp&quot;:&quot;0&quot;,&quot;copyright&quot;:&quot;&quot;,&quot;focal_length&quot;:&quot;0&quot;,&quot;iso&quot;:&quot;0&quot;,&quot;shutter_speed&quot;:&quot;0&quot;,&quot;title&quot;:&quot;&quot;,&quot;orientation&quot;:&quot;0&quot;}\" data-image-title=\"shared image (10)\" data-image-description=\"\" data-image-caption=\"\" data-medium-file=\"https:\/\/i0.wp.com\/blogs.granada.escolapiosemaus.org\/biblioteca\/wp-content\/uploads\/sites\/18\/2025\/10\/shared-image-10.jpg?fit=300%2C225&amp;ssl=1\" data-large-file=\"https:\/\/i0.wp.com\/blogs.granada.escolapiosemaus.org\/biblioteca\/wp-content\/uploads\/sites\/18\/2025\/10\/shared-image-10.jpg?fit=600%2C450&amp;ssl=1\" class=\"alignnone size-full wp-image-5847\" src=\"https:\/\/i0.wp.com\/blogs.granada.escolapiosemaus.org\/biblioteca\/wp-content\/uploads\/sites\/18\/2025\/10\/shared-image-10.jpg?resize=600%2C450&#038;ssl=1\" alt=\"\" width=\"600\" height=\"450\" srcset=\"https:\/\/i0.wp.com\/blogs.granada.escolapiosemaus.org\/biblioteca\/wp-content\/uploads\/sites\/18\/2025\/10\/shared-image-10.jpg?w=2040&amp;ssl=1 2040w, https:\/\/i0.wp.com\/blogs.granada.escolapiosemaus.org\/biblioteca\/wp-content\/uploads\/sites\/18\/2025\/10\/shared-image-10.jpg?resize=300%2C225&amp;ssl=1 300w, https:\/\/i0.wp.com\/blogs.granada.escolapiosemaus.org\/biblioteca\/wp-content\/uploads\/sites\/18\/2025\/10\/shared-image-10.jpg?resize=1024%2C768&amp;ssl=1 1024w, https:\/\/i0.wp.com\/blogs.granada.escolapiosemaus.org\/biblioteca\/wp-content\/uploads\/sites\/18\/2025\/10\/shared-image-10.jpg?resize=768%2C576&amp;ssl=1 768w, https:\/\/i0.wp.com\/blogs.granada.escolapiosemaus.org\/biblioteca\/wp-content\/uploads\/sites\/18\/2025\/10\/shared-image-10.jpg?resize=200%2C150&amp;ssl=1 200w, https:\/\/i0.wp.com\/blogs.granada.escolapiosemaus.org\/biblioteca\/wp-content\/uploads\/sites\/18\/2025\/10\/shared-image-10.jpg?resize=1536%2C1152&amp;ssl=1 1536w, https:\/\/i0.wp.com\/blogs.granada.escolapiosemaus.org\/biblioteca\/wp-content\/uploads\/sites\/18\/2025\/10\/shared-image-10.jpg?w=1200&amp;ssl=1 1200w, https:\/\/i0.wp.com\/blogs.granada.escolapiosemaus.org\/biblioteca\/wp-content\/uploads\/sites\/18\/2025\/10\/shared-image-10.jpg?w=1800&amp;ssl=1 1800w\" sizes=\"auto, (max-width: 600px) 100vw, 600px\" \/><\/a> <a href=\"https:\/\/i0.wp.com\/blogs.granada.escolapiosemaus.org\/biblioteca\/wp-content\/uploads\/sites\/18\/2025\/10\/shared-image-9.jpg?ssl=1\"><img data-recalc-dims=\"1\" loading=\"lazy\" decoding=\"async\" data-attachment-id=\"5848\" data-permalink=\"https:\/\/blogs.granada.escolapiosemaus.org\/biblioteca\/2025\/10\/24\/24-de-octubre-dia-de-las-bibliotecas\/shared-image-9-4\/\" data-orig-file=\"https:\/\/i0.wp.com\/blogs.granada.escolapiosemaus.org\/biblioteca\/wp-content\/uploads\/sites\/18\/2025\/10\/shared-image-9.jpg?fit=2040%2C1530&amp;ssl=1\" data-orig-size=\"2040,1530\" data-comments-opened=\"1\" data-image-meta=\"{&quot;aperture&quot;:&quot;0&quot;,&quot;credit&quot;:&quot;&quot;,&quot;camera&quot;:&quot;&quot;,&quot;caption&quot;:&quot;&quot;,&quot;created_timestamp&quot;:&quot;0&quot;,&quot;copyright&quot;:&quot;&quot;,&quot;focal_length&quot;:&quot;0&quot;,&quot;iso&quot;:&quot;0&quot;,&quot;shutter_speed&quot;:&quot;0&quot;,&quot;title&quot;:&quot;&quot;,&quot;orientation&quot;:&quot;0&quot;}\" data-image-title=\"shared image (9)\" data-image-description=\"\" data-image-caption=\"\" data-medium-file=\"https:\/\/i0.wp.com\/blogs.granada.escolapiosemaus.org\/biblioteca\/wp-content\/uploads\/sites\/18\/2025\/10\/shared-image-9.jpg?fit=300%2C225&amp;ssl=1\" data-large-file=\"https:\/\/i0.wp.com\/blogs.granada.escolapiosemaus.org\/biblioteca\/wp-content\/uploads\/sites\/18\/2025\/10\/shared-image-9.jpg?fit=600%2C450&amp;ssl=1\" class=\"alignnone size-full wp-image-5848\" src=\"https:\/\/i0.wp.com\/blogs.granada.escolapiosemaus.org\/biblioteca\/wp-content\/uploads\/sites\/18\/2025\/10\/shared-image-9.jpg?resize=600%2C450&#038;ssl=1\" alt=\"\" width=\"600\" height=\"450\" srcset=\"https:\/\/i0.wp.com\/blogs.granada.escolapiosemaus.org\/biblioteca\/wp-content\/uploads\/sites\/18\/2025\/10\/shared-image-9.jpg?w=2040&amp;ssl=1 2040w, https:\/\/i0.wp.com\/blogs.granada.escolapiosemaus.org\/biblioteca\/wp-content\/uploads\/sites\/18\/2025\/10\/shared-image-9.jpg?resize=300%2C225&amp;ssl=1 300w, https:\/\/i0.wp.com\/blogs.granada.escolapiosemaus.org\/biblioteca\/wp-content\/uploads\/sites\/18\/2025\/10\/shared-image-9.jpg?resize=1024%2C768&amp;ssl=1 1024w, https:\/\/i0.wp.com\/blogs.granada.escolapiosemaus.org\/biblioteca\/wp-content\/uploads\/sites\/18\/2025\/10\/shared-image-9.jpg?resize=768%2C576&amp;ssl=1 768w, https:\/\/i0.wp.com\/blogs.granada.escolapiosemaus.org\/biblioteca\/wp-content\/uploads\/sites\/18\/2025\/10\/shared-image-9.jpg?resize=200%2C150&amp;ssl=1 200w, https:\/\/i0.wp.com\/blogs.granada.escolapiosemaus.org\/biblioteca\/wp-content\/uploads\/sites\/18\/2025\/10\/shared-image-9.jpg?resize=1536%2C1152&amp;ssl=1 1536w, https:\/\/i0.wp.com\/blogs.granada.escolapiosemaus.org\/biblioteca\/wp-content\/uploads\/sites\/18\/2025\/10\/shared-image-9.jpg?w=1200&amp;ssl=1 1200w, https:\/\/i0.wp.com\/blogs.granada.escolapiosemaus.org\/biblioteca\/wp-content\/uploads\/sites\/18\/2025\/10\/shared-image-9.jpg?w=1800&amp;ssl=1 1800w\" sizes=\"auto, (max-width: 600px) 100vw, 600px\" \/><\/a> <a href=\"https:\/\/i0.wp.com\/blogs.granada.escolapiosemaus.org\/biblioteca\/wp-content\/uploads\/sites\/18\/2025\/10\/shared-image-8.jpg?ssl=1\"><img data-recalc-dims=\"1\" loading=\"lazy\" decoding=\"async\" data-attachment-id=\"5849\" data-permalink=\"https:\/\/blogs.granada.escolapiosemaus.org\/biblioteca\/2025\/10\/24\/24-de-octubre-dia-de-las-bibliotecas\/shared-image-8-5\/\" data-orig-file=\"https:\/\/i0.wp.com\/blogs.granada.escolapiosemaus.org\/biblioteca\/wp-content\/uploads\/sites\/18\/2025\/10\/shared-image-8.jpg?fit=2040%2C1530&amp;ssl=1\" data-orig-size=\"2040,1530\" data-comments-opened=\"1\" data-image-meta=\"{&quot;aperture&quot;:&quot;0&quot;,&quot;credit&quot;:&quot;&quot;,&quot;camera&quot;:&quot;&quot;,&quot;caption&quot;:&quot;&quot;,&quot;created_timestamp&quot;:&quot;0&quot;,&quot;copyright&quot;:&quot;&quot;,&quot;focal_length&quot;:&quot;0&quot;,&quot;iso&quot;:&quot;0&quot;,&quot;shutter_speed&quot;:&quot;0&quot;,&quot;title&quot;:&quot;&quot;,&quot;orientation&quot;:&quot;0&quot;}\" data-image-title=\"shared image (8)\" data-image-description=\"\" data-image-caption=\"\" data-medium-file=\"https:\/\/i0.wp.com\/blogs.granada.escolapiosemaus.org\/biblioteca\/wp-content\/uploads\/sites\/18\/2025\/10\/shared-image-8.jpg?fit=300%2C225&amp;ssl=1\" data-large-file=\"https:\/\/i0.wp.com\/blogs.granada.escolapiosemaus.org\/biblioteca\/wp-content\/uploads\/sites\/18\/2025\/10\/shared-image-8.jpg?fit=600%2C450&amp;ssl=1\" class=\"alignnone size-full wp-image-5849\" src=\"https:\/\/i0.wp.com\/blogs.granada.escolapiosemaus.org\/biblioteca\/wp-content\/uploads\/sites\/18\/2025\/10\/shared-image-8.jpg?resize=600%2C450&#038;ssl=1\" alt=\"\" width=\"600\" height=\"450\" srcset=\"https:\/\/i0.wp.com\/blogs.granada.escolapiosemaus.org\/biblioteca\/wp-content\/uploads\/sites\/18\/2025\/10\/shared-image-8.jpg?w=2040&amp;ssl=1 2040w, https:\/\/i0.wp.com\/blogs.granada.escolapiosemaus.org\/biblioteca\/wp-content\/uploads\/sites\/18\/2025\/10\/shared-image-8.jpg?resize=300%2C225&amp;ssl=1 300w, https:\/\/i0.wp.com\/blogs.granada.escolapiosemaus.org\/biblioteca\/wp-content\/uploads\/sites\/18\/2025\/10\/shared-image-8.jpg?resize=1024%2C768&amp;ssl=1 1024w, https:\/\/i0.wp.com\/blogs.granada.escolapiosemaus.org\/biblioteca\/wp-content\/uploads\/sites\/18\/2025\/10\/shared-image-8.jpg?resize=768%2C576&amp;ssl=1 768w, https:\/\/i0.wp.com\/blogs.granada.escolapiosemaus.org\/biblioteca\/wp-content\/uploads\/sites\/18\/2025\/10\/shared-image-8.jpg?resize=200%2C150&amp;ssl=1 200w, https:\/\/i0.wp.com\/blogs.granada.escolapiosemaus.org\/biblioteca\/wp-content\/uploads\/sites\/18\/2025\/10\/shared-image-8.jpg?resize=1536%2C1152&amp;ssl=1 1536w, https:\/\/i0.wp.com\/blogs.granada.escolapiosemaus.org\/biblioteca\/wp-content\/uploads\/sites\/18\/2025\/10\/shared-image-8.jpg?w=1200&amp;ssl=1 1200w, https:\/\/i0.wp.com\/blogs.granada.escolapiosemaus.org\/biblioteca\/wp-content\/uploads\/sites\/18\/2025\/10\/shared-image-8.jpg?w=1800&amp;ssl=1 1800w\" sizes=\"auto, (max-width: 600px) 100vw, 600px\" \/><\/a> \u00a0\u00a0<a href=\"https:\/\/i0.wp.com\/blogs.granada.escolapiosemaus.org\/biblioteca\/wp-content\/uploads\/sites\/18\/2025\/10\/shared-image-14.jpg?ssl=1\"><img data-recalc-dims=\"1\" loading=\"lazy\" decoding=\"async\" data-attachment-id=\"5807\" data-permalink=\"https:\/\/blogs.granada.escolapiosemaus.org\/biblioteca\/2025\/10\/24\/24-de-octubre-dia-de-las-bibliotecas\/shared-image-14-3\/\" data-orig-file=\"https:\/\/i0.wp.com\/blogs.granada.escolapiosemaus.org\/biblioteca\/wp-content\/uploads\/sites\/18\/2025\/10\/shared-image-14.jpg?fit=1530%2C2040&amp;ssl=1\" data-orig-size=\"1530,2040\" data-comments-opened=\"1\" data-image-meta=\"{&quot;aperture&quot;:&quot;0&quot;,&quot;credit&quot;:&quot;&quot;,&quot;camera&quot;:&quot;&quot;,&quot;caption&quot;:&quot;&quot;,&quot;created_timestamp&quot;:&quot;0&quot;,&quot;copyright&quot;:&quot;&quot;,&quot;focal_length&quot;:&quot;0&quot;,&quot;iso&quot;:&quot;0&quot;,&quot;shutter_speed&quot;:&quot;0&quot;,&quot;title&quot;:&quot;&quot;,&quot;orientation&quot;:&quot;0&quot;}\" data-image-title=\"shared image (14)\" data-image-description=\"\" data-image-caption=\"\" data-medium-file=\"https:\/\/i0.wp.com\/blogs.granada.escolapiosemaus.org\/biblioteca\/wp-content\/uploads\/sites\/18\/2025\/10\/shared-image-14.jpg?fit=225%2C300&amp;ssl=1\" data-large-file=\"https:\/\/i0.wp.com\/blogs.granada.escolapiosemaus.org\/biblioteca\/wp-content\/uploads\/sites\/18\/2025\/10\/shared-image-14.jpg?fit=600%2C800&amp;ssl=1\" class=\"alignnone size-full wp-image-5807\" src=\"https:\/\/i0.wp.com\/blogs.granada.escolapiosemaus.org\/biblioteca\/wp-content\/uploads\/sites\/18\/2025\/10\/shared-image-14.jpg?resize=600%2C800&#038;ssl=1\" alt=\"\" width=\"600\" height=\"800\" srcset=\"https:\/\/i0.wp.com\/blogs.granada.escolapiosemaus.org\/biblioteca\/wp-content\/uploads\/sites\/18\/2025\/10\/shared-image-14.jpg?w=1530&amp;ssl=1 1530w, https:\/\/i0.wp.com\/blogs.granada.escolapiosemaus.org\/biblioteca\/wp-content\/uploads\/sites\/18\/2025\/10\/shared-image-14.jpg?resize=225%2C300&amp;ssl=1 225w, https:\/\/i0.wp.com\/blogs.granada.escolapiosemaus.org\/biblioteca\/wp-content\/uploads\/sites\/18\/2025\/10\/shared-image-14.jpg?resize=768%2C1024&amp;ssl=1 768w, https:\/\/i0.wp.com\/blogs.granada.escolapiosemaus.org\/biblioteca\/wp-content\/uploads\/sites\/18\/2025\/10\/shared-image-14.jpg?resize=150%2C200&amp;ssl=1 150w, https:\/\/i0.wp.com\/blogs.granada.escolapiosemaus.org\/biblioteca\/wp-content\/uploads\/sites\/18\/2025\/10\/shared-image-14.jpg?resize=1152%2C1536&amp;ssl=1 1152w\" sizes=\"auto, (max-width: 600px) 100vw, 600px\" \/><\/a> <a href=\"https:\/\/i0.wp.com\/blogs.granada.escolapiosemaus.org\/biblioteca\/wp-content\/uploads\/sites\/18\/2025\/10\/shared-image-11.jpg?ssl=1\"><img data-recalc-dims=\"1\" loading=\"lazy\" decoding=\"async\" data-attachment-id=\"5810\" data-permalink=\"https:\/\/blogs.granada.escolapiosemaus.org\/biblioteca\/2025\/10\/24\/24-de-octubre-dia-de-las-bibliotecas\/shared-image-11-2\/\" data-orig-file=\"https:\/\/i0.wp.com\/blogs.granada.escolapiosemaus.org\/biblioteca\/wp-content\/uploads\/sites\/18\/2025\/10\/shared-image-11.jpg?fit=1530%2C2040&amp;ssl=1\" data-orig-size=\"1530,2040\" data-comments-opened=\"1\" data-image-meta=\"{&quot;aperture&quot;:&quot;0&quot;,&quot;credit&quot;:&quot;&quot;,&quot;camera&quot;:&quot;&quot;,&quot;caption&quot;:&quot;&quot;,&quot;created_timestamp&quot;:&quot;0&quot;,&quot;copyright&quot;:&quot;&quot;,&quot;focal_length&quot;:&quot;0&quot;,&quot;iso&quot;:&quot;0&quot;,&quot;shutter_speed&quot;:&quot;0&quot;,&quot;title&quot;:&quot;&quot;,&quot;orientation&quot;:&quot;0&quot;}\" data-image-title=\"shared image (11)\" data-image-description=\"\" data-image-caption=\"\" data-medium-file=\"https:\/\/i0.wp.com\/blogs.granada.escolapiosemaus.org\/biblioteca\/wp-content\/uploads\/sites\/18\/2025\/10\/shared-image-11.jpg?fit=225%2C300&amp;ssl=1\" data-large-file=\"https:\/\/i0.wp.com\/blogs.granada.escolapiosemaus.org\/biblioteca\/wp-content\/uploads\/sites\/18\/2025\/10\/shared-image-11.jpg?fit=600%2C800&amp;ssl=1\" class=\"alignnone size-full wp-image-5810\" src=\"https:\/\/i0.wp.com\/blogs.granada.escolapiosemaus.org\/biblioteca\/wp-content\/uploads\/sites\/18\/2025\/10\/shared-image-11.jpg?resize=600%2C800&#038;ssl=1\" alt=\"\" width=\"600\" height=\"800\" srcset=\"https:\/\/i0.wp.com\/blogs.granada.escolapiosemaus.org\/biblioteca\/wp-content\/uploads\/sites\/18\/2025\/10\/shared-image-11.jpg?w=1530&amp;ssl=1 1530w, https:\/\/i0.wp.com\/blogs.granada.escolapiosemaus.org\/biblioteca\/wp-content\/uploads\/sites\/18\/2025\/10\/shared-image-11.jpg?resize=225%2C300&amp;ssl=1 225w, https:\/\/i0.wp.com\/blogs.granada.escolapiosemaus.org\/biblioteca\/wp-content\/uploads\/sites\/18\/2025\/10\/shared-image-11.jpg?resize=768%2C1024&amp;ssl=1 768w, https:\/\/i0.wp.com\/blogs.granada.escolapiosemaus.org\/biblioteca\/wp-content\/uploads\/sites\/18\/2025\/10\/shared-image-11.jpg?resize=150%2C200&amp;ssl=1 150w, https:\/\/i0.wp.com\/blogs.granada.escolapiosemaus.org\/biblioteca\/wp-content\/uploads\/sites\/18\/2025\/10\/shared-image-11.jpg?resize=1152%2C1536&amp;ssl=1 1152w\" sizes=\"auto, (max-width: 600px) 100vw, 600px\" \/><\/a> <a href=\"https:\/\/i0.wp.com\/blogs.granada.escolapiosemaus.org\/biblioteca\/wp-content\/uploads\/sites\/18\/2025\/10\/shared-image-12.jpg?ssl=1\"><img data-recalc-dims=\"1\" loading=\"lazy\" decoding=\"async\" data-attachment-id=\"5809\" data-permalink=\"https:\/\/blogs.granada.escolapiosemaus.org\/biblioteca\/2025\/10\/24\/24-de-octubre-dia-de-las-bibliotecas\/shared-image-12-2\/\" data-orig-file=\"https:\/\/i0.wp.com\/blogs.granada.escolapiosemaus.org\/biblioteca\/wp-content\/uploads\/sites\/18\/2025\/10\/shared-image-12.jpg?fit=1530%2C2040&amp;ssl=1\" data-orig-size=\"1530,2040\" data-comments-opened=\"1\" data-image-meta=\"{&quot;aperture&quot;:&quot;0&quot;,&quot;credit&quot;:&quot;&quot;,&quot;camera&quot;:&quot;&quot;,&quot;caption&quot;:&quot;&quot;,&quot;created_timestamp&quot;:&quot;0&quot;,&quot;copyright&quot;:&quot;&quot;,&quot;focal_length&quot;:&quot;0&quot;,&quot;iso&quot;:&quot;0&quot;,&quot;shutter_speed&quot;:&quot;0&quot;,&quot;title&quot;:&quot;&quot;,&quot;orientation&quot;:&quot;0&quot;}\" data-image-title=\"shared image (12)\" data-image-description=\"\" data-image-caption=\"\" data-medium-file=\"https:\/\/i0.wp.com\/blogs.granada.escolapiosemaus.org\/biblioteca\/wp-content\/uploads\/sites\/18\/2025\/10\/shared-image-12.jpg?fit=225%2C300&amp;ssl=1\" data-large-file=\"https:\/\/i0.wp.com\/blogs.granada.escolapiosemaus.org\/biblioteca\/wp-content\/uploads\/sites\/18\/2025\/10\/shared-image-12.jpg?fit=600%2C800&amp;ssl=1\" class=\"alignnone size-full wp-image-5809\" src=\"https:\/\/i0.wp.com\/blogs.granada.escolapiosemaus.org\/biblioteca\/wp-content\/uploads\/sites\/18\/2025\/10\/shared-image-12.jpg?resize=600%2C800&#038;ssl=1\" alt=\"\" width=\"600\" height=\"800\" srcset=\"https:\/\/i0.wp.com\/blogs.granada.escolapiosemaus.org\/biblioteca\/wp-content\/uploads\/sites\/18\/2025\/10\/shared-image-12.jpg?w=1530&amp;ssl=1 1530w, https:\/\/i0.wp.com\/blogs.granada.escolapiosemaus.org\/biblioteca\/wp-content\/uploads\/sites\/18\/2025\/10\/shared-image-12.jpg?resize=225%2C300&amp;ssl=1 225w, https:\/\/i0.wp.com\/blogs.granada.escolapiosemaus.org\/biblioteca\/wp-content\/uploads\/sites\/18\/2025\/10\/shared-image-12.jpg?resize=768%2C1024&amp;ssl=1 768w, https:\/\/i0.wp.com\/blogs.granada.escolapiosemaus.org\/biblioteca\/wp-content\/uploads\/sites\/18\/2025\/10\/shared-image-12.jpg?resize=150%2C200&amp;ssl=1 150w, https:\/\/i0.wp.com\/blogs.granada.escolapiosemaus.org\/biblioteca\/wp-content\/uploads\/sites\/18\/2025\/10\/shared-image-12.jpg?resize=1152%2C1536&amp;ssl=1 1152w\" sizes=\"auto, (max-width: 600px) 100vw, 600px\" \/><\/a><\/p>\n<p><a href=\"https:\/\/i0.wp.com\/blogs.granada.escolapiosemaus.org\/biblioteca\/wp-content\/uploads\/sites\/18\/2025\/10\/descarga-1.webp?ssl=1\"><img data-recalc-dims=\"1\" loading=\"lazy\" decoding=\"async\" data-attachment-id=\"5814\" data-permalink=\"https:\/\/blogs.granada.escolapiosemaus.org\/biblioteca\/2025\/10\/24\/24-de-octubre-dia-de-las-bibliotecas\/descarga-1-2\/\" data-orig-file=\"https:\/\/i0.wp.com\/blogs.granada.escolapiosemaus.org\/biblioteca\/wp-content\/uploads\/sites\/18\/2025\/10\/descarga-1.webp?fit=180%2C181&amp;ssl=1\" data-orig-size=\"180,181\" data-comments-opened=\"1\" data-image-meta=\"{&quot;aperture&quot;:&quot;0&quot;,&quot;credit&quot;:&quot;&quot;,&quot;camera&quot;:&quot;&quot;,&quot;caption&quot;:&quot;&quot;,&quot;created_timestamp&quot;:&quot;0&quot;,&quot;copyright&quot;:&quot;&quot;,&quot;focal_length&quot;:&quot;0&quot;,&quot;iso&quot;:&quot;0&quot;,&quot;shutter_speed&quot;:&quot;0&quot;,&quot;title&quot;:&quot;&quot;,&quot;orientation&quot;:&quot;0&quot;}\" data-image-title=\"descarga (1)\" data-image-description=\"\" data-image-caption=\"\" data-medium-file=\"https:\/\/i0.wp.com\/blogs.granada.escolapiosemaus.org\/biblioteca\/wp-content\/uploads\/sites\/18\/2025\/10\/descarga-1.webp?fit=180%2C181&amp;ssl=1\" data-large-file=\"https:\/\/i0.wp.com\/blogs.granada.escolapiosemaus.org\/biblioteca\/wp-content\/uploads\/sites\/18\/2025\/10\/descarga-1.webp?fit=180%2C181&amp;ssl=1\" class=\"alignnone wp-image-5814\" src=\"https:\/\/i0.wp.com\/blogs.granada.escolapiosemaus.org\/biblioteca\/wp-content\/uploads\/sites\/18\/2025\/10\/descarga-1.webp?resize=308%2C310&#038;ssl=1\" alt=\"\" width=\"308\" height=\"310\" srcset=\"https:\/\/i0.wp.com\/blogs.granada.escolapiosemaus.org\/biblioteca\/wp-content\/uploads\/sites\/18\/2025\/10\/descarga-1.webp?w=180&amp;ssl=1 180w, https:\/\/i0.wp.com\/blogs.granada.escolapiosemaus.org\/biblioteca\/wp-content\/uploads\/sites\/18\/2025\/10\/descarga-1.webp?resize=150%2C150&amp;ssl=1 150w, https:\/\/i0.wp.com\/blogs.granada.escolapiosemaus.org\/biblioteca\/wp-content\/uploads\/sites\/18\/2025\/10\/descarga-1.webp?resize=50%2C50&amp;ssl=1 50w\" sizes=\"auto, (max-width: 308px) 100vw, 308px\" \/><\/a><a href=\"https:\/\/i0.wp.com\/blogs.granada.escolapiosemaus.org\/biblioteca\/wp-content\/uploads\/sites\/18\/2025\/10\/61D69EsNtL._SX342_SY445_ControlCacheEqualizer.jpg?ssl=1\"><img data-recalc-dims=\"1\" loading=\"lazy\" decoding=\"async\" data-attachment-id=\"5815\" data-permalink=\"https:\/\/blogs.granada.escolapiosemaus.org\/biblioteca\/2025\/10\/24\/24-de-octubre-dia-de-las-bibliotecas\/61d69esntl-_sx342_sy445_controlcacheequalizer_\/\" data-orig-file=\"https:\/\/i0.wp.com\/blogs.granada.escolapiosemaus.org\/biblioteca\/wp-content\/uploads\/sites\/18\/2025\/10\/61D69EsNtL._SX342_SY445_ControlCacheEqualizer.jpg?fit=342%2C376&amp;ssl=1\" data-orig-size=\"342,376\" data-comments-opened=\"1\" data-image-meta=\"{&quot;aperture&quot;:&quot;0&quot;,&quot;credit&quot;:&quot;&quot;,&quot;camera&quot;:&quot;&quot;,&quot;caption&quot;:&quot;&quot;,&quot;created_timestamp&quot;:&quot;0&quot;,&quot;copyright&quot;:&quot;&quot;,&quot;focal_length&quot;:&quot;0&quot;,&quot;iso&quot;:&quot;0&quot;,&quot;shutter_speed&quot;:&quot;0&quot;,&quot;title&quot;:&quot;&quot;,&quot;orientation&quot;:&quot;0&quot;}\" data-image-title=\"61D69+EsNtL._SX342_SY445_ControlCacheEqualizer_\" data-image-description=\"\" data-image-caption=\"\" data-medium-file=\"https:\/\/i0.wp.com\/blogs.granada.escolapiosemaus.org\/biblioteca\/wp-content\/uploads\/sites\/18\/2025\/10\/61D69EsNtL._SX342_SY445_ControlCacheEqualizer.jpg?fit=273%2C300&amp;ssl=1\" data-large-file=\"https:\/\/i0.wp.com\/blogs.granada.escolapiosemaus.org\/biblioteca\/wp-content\/uploads\/sites\/18\/2025\/10\/61D69EsNtL._SX342_SY445_ControlCacheEqualizer.jpg?fit=342%2C376&amp;ssl=1\" class=\"alignnone size-full wp-image-5815\" src=\"https:\/\/i0.wp.com\/blogs.granada.escolapiosemaus.org\/biblioteca\/wp-content\/uploads\/sites\/18\/2025\/10\/61D69EsNtL._SX342_SY445_ControlCacheEqualizer.jpg?resize=342%2C376&#038;ssl=1\" alt=\"\" width=\"342\" height=\"376\" srcset=\"https:\/\/i0.wp.com\/blogs.granada.escolapiosemaus.org\/biblioteca\/wp-content\/uploads\/sites\/18\/2025\/10\/61D69EsNtL._SX342_SY445_ControlCacheEqualizer.jpg?w=342&amp;ssl=1 342w, https:\/\/i0.wp.com\/blogs.granada.escolapiosemaus.org\/biblioteca\/wp-content\/uploads\/sites\/18\/2025\/10\/61D69EsNtL._SX342_SY445_ControlCacheEqualizer.jpg?resize=273%2C300&amp;ssl=1 273w, https:\/\/i0.wp.com\/blogs.granada.escolapiosemaus.org\/biblioteca\/wp-content\/uploads\/sites\/18\/2025\/10\/61D69EsNtL._SX342_SY445_ControlCacheEqualizer.jpg?resize=182%2C200&amp;ssl=1 182w\" sizes=\"auto, (max-width: 342px) 100vw, 342px\" \/><\/a><a href=\"https:\/\/i0.wp.com\/blogs.granada.escolapiosemaus.org\/biblioteca\/wp-content\/uploads\/sites\/18\/2025\/10\/descarga.webp?ssl=1\"><img data-recalc-dims=\"1\" loading=\"lazy\" decoding=\"async\" data-attachment-id=\"5816\" data-permalink=\"https:\/\/blogs.granada.escolapiosemaus.org\/biblioteca\/2025\/10\/24\/24-de-octubre-dia-de-las-bibliotecas\/descarga-3\/\" data-orig-file=\"https:\/\/i0.wp.com\/blogs.granada.escolapiosemaus.org\/biblioteca\/wp-content\/uploads\/sites\/18\/2025\/10\/descarga.webp?fit=158%2C181&amp;ssl=1\" data-orig-size=\"158,181\" data-comments-opened=\"1\" data-image-meta=\"{&quot;aperture&quot;:&quot;0&quot;,&quot;credit&quot;:&quot;&quot;,&quot;camera&quot;:&quot;&quot;,&quot;caption&quot;:&quot;&quot;,&quot;created_timestamp&quot;:&quot;0&quot;,&quot;copyright&quot;:&quot;&quot;,&quot;focal_length&quot;:&quot;0&quot;,&quot;iso&quot;:&quot;0&quot;,&quot;shutter_speed&quot;:&quot;0&quot;,&quot;title&quot;:&quot;&quot;,&quot;orientation&quot;:&quot;0&quot;}\" data-image-title=\"descarga\" data-image-description=\"\" data-image-caption=\"\" data-medium-file=\"https:\/\/i0.wp.com\/blogs.granada.escolapiosemaus.org\/biblioteca\/wp-content\/uploads\/sites\/18\/2025\/10\/descarga.webp?fit=158%2C181&amp;ssl=1\" data-large-file=\"https:\/\/i0.wp.com\/blogs.granada.escolapiosemaus.org\/biblioteca\/wp-content\/uploads\/sites\/18\/2025\/10\/descarga.webp?fit=158%2C181&amp;ssl=1\" class=\"alignnone wp-image-5816\" src=\"https:\/\/i0.wp.com\/blogs.granada.escolapiosemaus.org\/biblioteca\/wp-content\/uploads\/sites\/18\/2025\/10\/descarga.webp?resize=327%2C375&#038;ssl=1\" alt=\"\" width=\"327\" height=\"375\" \/><\/a><\/p>\n","protected":false},"excerpt":{"rendered":"<p>Celebramos el D\u00eda Internacional de las Bibliotecas con un cuentacuentos musical dirigido a los alumnos de infantil y primer ciclo de primaria. Nos han visitado a lo largo de toda la ma\u00f1ana y hemos compartido lectura y m\u00fasica por igual. Los cuentos los han le\u00eddo,\u00a0 con mucho cari\u00f1o, nuestros mayores de\u00a0 1\u00ba de ESO: Miguel, [&hellip;]<\/p>\n","protected":false},"author":20,"featured_media":0,"comment_status":"open","ping_status":"open","sticky":false,"template":"","format":"standard","meta":{"_monsterinsights_skip_tracking":false,"_monsterinsights_sitenote_active":false,"_monsterinsights_sitenote_note":"","_monsterinsights_sitenote_category":0,"jetpack_post_was_ever_published":false,"_jetpack_newsletter_access":"","_jetpack_dont_email_post_to_subs":false,"_jetpack_newsletter_tier_id":0,"_jetpack_memberships_contains_paywalled_content":false,"_jetpack_memberships_contains_paid_content":false,"footnotes":"","jetpack_publicize_message":"","jetpack_publicize_feature_enabled":true,"jetpack_social_post_already_shared":true,"jetpack_social_options":{"image_generator_settings":{"template":"highway","default_image_id":0,"font":"","enabled":false},"version":2}},"categories":[108,63,42],"tags":[124,400,205,341,106],"class_list":["post-5803","post","type-post","status-publish","format-standard","hentry","category-actividades","category-efemerides","category-plan-lector","tag-biblioteca-escolar","tag-cuentacuentos","tag-dia-de-la-biblioteca","tag-escolapios-granada","tag-granada"],"yoast_head":"<!-- This site is optimized with the Yoast SEO plugin v26.8 - https:\/\/yoast.com\/product\/yoast-seo-wordpress\/ -->\n<title>24 de octubre D\u00eda de las Bibliotecas - Biblioteca Escolar - Escolapios Granada<\/title>\n<meta name=\"robots\" content=\"index, follow, max-snippet:-1, max-image-preview:large, max-video-preview:-1\" \/>\n<link rel=\"canonical\" href=\"https:\/\/blogs.granada.escolapiosemaus.org\/biblioteca\/2025\/10\/24\/24-de-octubre-dia-de-las-bibliotecas\/\" \/>\n<meta property=\"og:locale\" content=\"es_ES\" \/>\n<meta property=\"og:type\" content=\"article\" \/>\n<meta property=\"og:title\" content=\"24 de octubre D\u00eda de las Bibliotecas - Biblioteca Escolar - Escolapios Granada\" \/>\n<meta property=\"og:description\" content=\"Celebramos el D\u00eda Internacional de las Bibliotecas con un cuentacuentos musical dirigido a los alumnos de infantil y primer ciclo de primaria. Nos han visitado a lo largo de toda la ma\u00f1ana y hemos compartido lectura y m\u00fasica por igual. Los cuentos los han le\u00eddo,\u00a0 con mucho cari\u00f1o, nuestros mayores de\u00a0 1\u00ba de ESO: Miguel, [&hellip;]\" \/>\n<meta property=\"og:url\" content=\"https:\/\/blogs.granada.escolapiosemaus.org\/biblioteca\/2025\/10\/24\/24-de-octubre-dia-de-las-bibliotecas\/\" \/>\n<meta property=\"og:site_name\" content=\"Biblioteca Escolar - Escolapios Granada\" \/>\n<meta property=\"article:published_time\" content=\"2025-10-24T17:02:40+00:00\" \/>\n<meta property=\"article:modified_time\" content=\"2025-10-28T10:18:52+00:00\" \/>\n<meta property=\"og:image\" content=\"https:\/\/blogs.granada.escolapiosemaus.org\/biblioteca\/wp-content\/uploads\/sites\/18\/2025\/10\/Image-2.jpg\" \/>\n<meta name=\"author\" content=\"Encarna L\u00f3pez\" \/>\n<meta name=\"twitter:card\" content=\"summary_large_image\" \/>\n<meta name=\"twitter:label1\" content=\"Escrito por\" \/>\n\t<meta name=\"twitter:data1\" content=\"Encarna L\u00f3pez\" \/>\n\t<meta name=\"twitter:label2\" content=\"Tiempo de lectura\" \/>\n\t<meta name=\"twitter:data2\" content=\"6 minutos\" \/>\n<script type=\"application\/ld+json\" class=\"yoast-schema-graph\">{\"@context\":\"https:\/\/schema.org\",\"@graph\":[{\"@type\":\"Article\",\"@id\":\"https:\/\/blogs.granada.escolapiosemaus.org\/biblioteca\/2025\/10\/24\/24-de-octubre-dia-de-las-bibliotecas\/#article\",\"isPartOf\":{\"@id\":\"https:\/\/blogs.granada.escolapiosemaus.org\/biblioteca\/2025\/10\/24\/24-de-octubre-dia-de-las-bibliotecas\/\"},\"author\":{\"name\":\"Encarna L\u00f3pez\",\"@id\":\"https:\/\/blogs.granada.escolapiosemaus.org\/biblioteca\/#\/schema\/person\/539ef207bab7f990bb0ab333ae2ead2b\"},\"headline\":\"24 de octubre D\u00eda de las Bibliotecas\",\"datePublished\":\"2025-10-24T17:02:40+00:00\",\"dateModified\":\"2025-10-28T10:18:52+00:00\",\"mainEntityOfPage\":{\"@id\":\"https:\/\/blogs.granada.escolapiosemaus.org\/biblioteca\/2025\/10\/24\/24-de-octubre-dia-de-las-bibliotecas\/\"},\"wordCount\":138,\"commentCount\":0,\"image\":{\"@id\":\"https:\/\/blogs.granada.escolapiosemaus.org\/biblioteca\/2025\/10\/24\/24-de-octubre-dia-de-las-bibliotecas\/#primaryimage\"},\"thumbnailUrl\":\"https:\/\/blogs.granada.escolapiosemaus.org\/biblioteca\/wp-content\/uploads\/sites\/18\/2025\/10\/Image-2.jpg\",\"keywords\":[\"biblioteca escolar\",\"cuentacuentos\",\"D\u00eda de la Biblioteca\",\"Escolapios Granada\",\"Granada\"],\"articleSection\":[\"Actividades\",\"Efem\u00e9rides\",\"Plan lector\"],\"inLanguage\":\"es\",\"potentialAction\":[{\"@type\":\"CommentAction\",\"name\":\"Comment\",\"target\":[\"https:\/\/blogs.granada.escolapiosemaus.org\/biblioteca\/2025\/10\/24\/24-de-octubre-dia-de-las-bibliotecas\/#respond\"]}]},{\"@type\":\"WebPage\",\"@id\":\"https:\/\/blogs.granada.escolapiosemaus.org\/biblioteca\/2025\/10\/24\/24-de-octubre-dia-de-las-bibliotecas\/\",\"url\":\"https:\/\/blogs.granada.escolapiosemaus.org\/biblioteca\/2025\/10\/24\/24-de-octubre-dia-de-las-bibliotecas\/\",\"name\":\"24 de octubre D\u00eda de las Bibliotecas - Biblioteca Escolar - Escolapios Granada\",\"isPartOf\":{\"@id\":\"https:\/\/blogs.granada.escolapiosemaus.org\/biblioteca\/#website\"},\"primaryImageOfPage\":{\"@id\":\"https:\/\/blogs.granada.escolapiosemaus.org\/biblioteca\/2025\/10\/24\/24-de-octubre-dia-de-las-bibliotecas\/#primaryimage\"},\"image\":{\"@id\":\"https:\/\/blogs.granada.escolapiosemaus.org\/biblioteca\/2025\/10\/24\/24-de-octubre-dia-de-las-bibliotecas\/#primaryimage\"},\"thumbnailUrl\":\"https:\/\/blogs.granada.escolapiosemaus.org\/biblioteca\/wp-content\/uploads\/sites\/18\/2025\/10\/Image-2.jpg\",\"datePublished\":\"2025-10-24T17:02:40+00:00\",\"dateModified\":\"2025-10-28T10:18:52+00:00\",\"author\":{\"@id\":\"https:\/\/blogs.granada.escolapiosemaus.org\/biblioteca\/#\/schema\/person\/539ef207bab7f990bb0ab333ae2ead2b\"},\"breadcrumb\":{\"@id\":\"https:\/\/blogs.granada.escolapiosemaus.org\/biblioteca\/2025\/10\/24\/24-de-octubre-dia-de-las-bibliotecas\/#breadcrumb\"},\"inLanguage\":\"es\",\"potentialAction\":[{\"@type\":\"ReadAction\",\"target\":[\"https:\/\/blogs.granada.escolapiosemaus.org\/biblioteca\/2025\/10\/24\/24-de-octubre-dia-de-las-bibliotecas\/\"]}]},{\"@type\":\"ImageObject\",\"inLanguage\":\"es\",\"@id\":\"https:\/\/blogs.granada.escolapiosemaus.org\/biblioteca\/2025\/10\/24\/24-de-octubre-dia-de-las-bibliotecas\/#primaryimage\",\"url\":\"https:\/\/i0.wp.com\/blogs.granada.escolapiosemaus.org\/biblioteca\/wp-content\/uploads\/sites\/18\/2025\/10\/Image-2.jpg?fit=800%2C600&ssl=1\",\"contentUrl\":\"https:\/\/i0.wp.com\/blogs.granada.escolapiosemaus.org\/biblioteca\/wp-content\/uploads\/sites\/18\/2025\/10\/Image-2.jpg?fit=800%2C600&ssl=1\",\"width\":800,\"height\":600},{\"@type\":\"BreadcrumbList\",\"@id\":\"https:\/\/blogs.granada.escolapiosemaus.org\/biblioteca\/2025\/10\/24\/24-de-octubre-dia-de-las-bibliotecas\/#breadcrumb\",\"itemListElement\":[{\"@type\":\"ListItem\",\"position\":1,\"name\":\"Portada\",\"item\":\"https:\/\/blogs.granada.escolapiosemaus.org\/biblioteca\/\"},{\"@type\":\"ListItem\",\"position\":2,\"name\":\"24 de octubre D\u00eda de las Bibliotecas\"}]},{\"@type\":\"WebSite\",\"@id\":\"https:\/\/blogs.granada.escolapiosemaus.org\/biblioteca\/#website\",\"url\":\"https:\/\/blogs.granada.escolapiosemaus.org\/biblioteca\/\",\"name\":\"Biblioteca Escolar - Escolapios Granada\",\"description\":\"Colegio Dulce Nombre de Mar\u00eda -PP.Escolapios- Granada\",\"potentialAction\":[{\"@type\":\"SearchAction\",\"target\":{\"@type\":\"EntryPoint\",\"urlTemplate\":\"https:\/\/blogs.granada.escolapiosemaus.org\/biblioteca\/?s={search_term_string}\"},\"query-input\":{\"@type\":\"PropertyValueSpecification\",\"valueRequired\":true,\"valueName\":\"search_term_string\"}}],\"inLanguage\":\"es\"},{\"@type\":\"Person\",\"@id\":\"https:\/\/blogs.granada.escolapiosemaus.org\/biblioteca\/#\/schema\/person\/539ef207bab7f990bb0ab333ae2ead2b\",\"name\":\"Encarna L\u00f3pez\",\"image\":{\"@type\":\"ImageObject\",\"inLanguage\":\"es\",\"@id\":\"https:\/\/blogs.granada.escolapiosemaus.org\/biblioteca\/#\/schema\/person\/image\/\",\"url\":\"https:\/\/secure.gravatar.com\/avatar\/2b177c2497e8c91c65f03aa86717c8f6?s=96&d=mm&r=g\",\"contentUrl\":\"https:\/\/secure.gravatar.com\/avatar\/2b177c2497e8c91c65f03aa86717c8f6?s=96&d=mm&r=g\",\"caption\":\"Encarna L\u00f3pez\"},\"sameAs\":[\"https:\/\/blogs.granada.escolapiosemaus.org\"],\"url\":\"https:\/\/blogs.granada.escolapiosemaus.org\/biblioteca\/author\/encarnalopez\/\"}]}<\/script>\n<!-- \/ Yoast SEO plugin. -->","yoast_head_json":{"title":"24 de octubre D\u00eda de las Bibliotecas - Biblioteca Escolar - Escolapios Granada","robots":{"index":"index","follow":"follow","max-snippet":"max-snippet:-1","max-image-preview":"max-image-preview:large","max-video-preview":"max-video-preview:-1"},"canonical":"https:\/\/blogs.granada.escolapiosemaus.org\/biblioteca\/2025\/10\/24\/24-de-octubre-dia-de-las-bibliotecas\/","og_locale":"es_ES","og_type":"article","og_title":"24 de octubre D\u00eda de las Bibliotecas - Biblioteca Escolar - Escolapios Granada","og_description":"Celebramos el D\u00eda Internacional de las Bibliotecas con un cuentacuentos musical dirigido a los alumnos de infantil y primer ciclo de primaria. Nos han visitado a lo largo de toda la ma\u00f1ana y hemos compartido lectura y m\u00fasica por igual. Los cuentos los han le\u00eddo,\u00a0 con mucho cari\u00f1o, nuestros mayores de\u00a0 1\u00ba de ESO: Miguel, [&hellip;]","og_url":"https:\/\/blogs.granada.escolapiosemaus.org\/biblioteca\/2025\/10\/24\/24-de-octubre-dia-de-las-bibliotecas\/","og_site_name":"Biblioteca Escolar - Escolapios Granada","article_published_time":"2025-10-24T17:02:40+00:00","article_modified_time":"2025-10-28T10:18:52+00:00","og_image":[{"url":"https:\/\/blogs.granada.escolapiosemaus.org\/biblioteca\/wp-content\/uploads\/sites\/18\/2025\/10\/Image-2.jpg","type":"","width":"","height":""}],"author":"Encarna L\u00f3pez","twitter_card":"summary_large_image","twitter_misc":{"Escrito por":"Encarna L\u00f3pez","Tiempo de lectura":"6 minutos"},"schema":{"@context":"https:\/\/schema.org","@graph":[{"@type":"Article","@id":"https:\/\/blogs.granada.escolapiosemaus.org\/biblioteca\/2025\/10\/24\/24-de-octubre-dia-de-las-bibliotecas\/#article","isPartOf":{"@id":"https:\/\/blogs.granada.escolapiosemaus.org\/biblioteca\/2025\/10\/24\/24-de-octubre-dia-de-las-bibliotecas\/"},"author":{"name":"Encarna L\u00f3pez","@id":"https:\/\/blogs.granada.escolapiosemaus.org\/biblioteca\/#\/schema\/person\/539ef207bab7f990bb0ab333ae2ead2b"},"headline":"24 de octubre D\u00eda de las Bibliotecas","datePublished":"2025-10-24T17:02:40+00:00","dateModified":"2025-10-28T10:18:52+00:00","mainEntityOfPage":{"@id":"https:\/\/blogs.granada.escolapiosemaus.org\/biblioteca\/2025\/10\/24\/24-de-octubre-dia-de-las-bibliotecas\/"},"wordCount":138,"commentCount":0,"image":{"@id":"https:\/\/blogs.granada.escolapiosemaus.org\/biblioteca\/2025\/10\/24\/24-de-octubre-dia-de-las-bibliotecas\/#primaryimage"},"thumbnailUrl":"https:\/\/blogs.granada.escolapiosemaus.org\/biblioteca\/wp-content\/uploads\/sites\/18\/2025\/10\/Image-2.jpg","keywords":["biblioteca escolar","cuentacuentos","D\u00eda de la Biblioteca","Escolapios Granada","Granada"],"articleSection":["Actividades","Efem\u00e9rides","Plan lector"],"inLanguage":"es","potentialAction":[{"@type":"CommentAction","name":"Comment","target":["https:\/\/blogs.granada.escolapiosemaus.org\/biblioteca\/2025\/10\/24\/24-de-octubre-dia-de-las-bibliotecas\/#respond"]}]},{"@type":"WebPage","@id":"https:\/\/blogs.granada.escolapiosemaus.org\/biblioteca\/2025\/10\/24\/24-de-octubre-dia-de-las-bibliotecas\/","url":"https:\/\/blogs.granada.escolapiosemaus.org\/biblioteca\/2025\/10\/24\/24-de-octubre-dia-de-las-bibliotecas\/","name":"24 de octubre D\u00eda de las Bibliotecas - Biblioteca Escolar - Escolapios Granada","isPartOf":{"@id":"https:\/\/blogs.granada.escolapiosemaus.org\/biblioteca\/#website"},"primaryImageOfPage":{"@id":"https:\/\/blogs.granada.escolapiosemaus.org\/biblioteca\/2025\/10\/24\/24-de-octubre-dia-de-las-bibliotecas\/#primaryimage"},"image":{"@id":"https:\/\/blogs.granada.escolapiosemaus.org\/biblioteca\/2025\/10\/24\/24-de-octubre-dia-de-las-bibliotecas\/#primaryimage"},"thumbnailUrl":"https:\/\/blogs.granada.escolapiosemaus.org\/biblioteca\/wp-content\/uploads\/sites\/18\/2025\/10\/Image-2.jpg","datePublished":"2025-10-24T17:02:40+00:00","dateModified":"2025-10-28T10:18:52+00:00","author":{"@id":"https:\/\/blogs.granada.escolapiosemaus.org\/biblioteca\/#\/schema\/person\/539ef207bab7f990bb0ab333ae2ead2b"},"breadcrumb":{"@id":"https:\/\/blogs.granada.escolapiosemaus.org\/biblioteca\/2025\/10\/24\/24-de-octubre-dia-de-las-bibliotecas\/#breadcrumb"},"inLanguage":"es","potentialAction":[{"@type":"ReadAction","target":["https:\/\/blogs.granada.escolapiosemaus.org\/biblioteca\/2025\/10\/24\/24-de-octubre-dia-de-las-bibliotecas\/"]}]},{"@type":"ImageObject","inLanguage":"es","@id":"https:\/\/blogs.granada.escolapiosemaus.org\/biblioteca\/2025\/10\/24\/24-de-octubre-dia-de-las-bibliotecas\/#primaryimage","url":"https:\/\/i0.wp.com\/blogs.granada.escolapiosemaus.org\/biblioteca\/wp-content\/uploads\/sites\/18\/2025\/10\/Image-2.jpg?fit=800%2C600&ssl=1","contentUrl":"https:\/\/i0.wp.com\/blogs.granada.escolapiosemaus.org\/biblioteca\/wp-content\/uploads\/sites\/18\/2025\/10\/Image-2.jpg?fit=800%2C600&ssl=1","width":800,"height":600},{"@type":"BreadcrumbList","@id":"https:\/\/blogs.granada.escolapiosemaus.org\/biblioteca\/2025\/10\/24\/24-de-octubre-dia-de-las-bibliotecas\/#breadcrumb","itemListElement":[{"@type":"ListItem","position":1,"name":"Portada","item":"https:\/\/blogs.granada.escolapiosemaus.org\/biblioteca\/"},{"@type":"ListItem","position":2,"name":"24 de octubre D\u00eda de las Bibliotecas"}]},{"@type":"WebSite","@id":"https:\/\/blogs.granada.escolapiosemaus.org\/biblioteca\/#website","url":"https:\/\/blogs.granada.escolapiosemaus.org\/biblioteca\/","name":"Biblioteca Escolar - Escolapios Granada","description":"Colegio Dulce Nombre de Mar\u00eda -PP.Escolapios- Granada","potentialAction":[{"@type":"SearchAction","target":{"@type":"EntryPoint","urlTemplate":"https:\/\/blogs.granada.escolapiosemaus.org\/biblioteca\/?s={search_term_string}"},"query-input":{"@type":"PropertyValueSpecification","valueRequired":true,"valueName":"search_term_string"}}],"inLanguage":"es"},{"@type":"Person","@id":"https:\/\/blogs.granada.escolapiosemaus.org\/biblioteca\/#\/schema\/person\/539ef207bab7f990bb0ab333ae2ead2b","name":"Encarna L\u00f3pez","image":{"@type":"ImageObject","inLanguage":"es","@id":"https:\/\/blogs.granada.escolapiosemaus.org\/biblioteca\/#\/schema\/person\/image\/","url":"https:\/\/secure.gravatar.com\/avatar\/2b177c2497e8c91c65f03aa86717c8f6?s=96&d=mm&r=g","contentUrl":"https:\/\/secure.gravatar.com\/avatar\/2b177c2497e8c91c65f03aa86717c8f6?s=96&d=mm&r=g","caption":"Encarna L\u00f3pez"},"sameAs":["https:\/\/blogs.granada.escolapiosemaus.org"],"url":"https:\/\/blogs.granada.escolapiosemaus.org\/biblioteca\/author\/encarnalopez\/"}]}},"jetpack_publicize_connections":[],"jetpack_featured_media_url":"","jetpack_sharing_enabled":true,"jetpack_shortlink":"https:\/\/wp.me\/p8qkgn-1vB","jetpack-related-posts":[],"_links":{"self":[{"href":"https:\/\/blogs.granada.escolapiosemaus.org\/biblioteca\/wp-json\/wp\/v2\/posts\/5803","targetHints":{"allow":["GET"]}}],"collection":[{"href":"https:\/\/blogs.granada.escolapiosemaus.org\/biblioteca\/wp-json\/wp\/v2\/posts"}],"about":[{"href":"https:\/\/blogs.granada.escolapiosemaus.org\/biblioteca\/wp-json\/wp\/v2\/types\/post"}],"author":[{"embeddable":true,"href":"https:\/\/blogs.granada.escolapiosemaus.org\/biblioteca\/wp-json\/wp\/v2\/users\/20"}],"replies":[{"embeddable":true,"href":"https:\/\/blogs.granada.escolapiosemaus.org\/biblioteca\/wp-json\/wp\/v2\/comments?post=5803"}],"version-history":[{"count":6,"href":"https:\/\/blogs.granada.escolapiosemaus.org\/biblioteca\/wp-json\/wp\/v2\/posts\/5803\/revisions"}],"predecessor-version":[{"id":5852,"href":"https:\/\/blogs.granada.escolapiosemaus.org\/biblioteca\/wp-json\/wp\/v2\/posts\/5803\/revisions\/5852"}],"wp:attachment":[{"href":"https:\/\/blogs.granada.escolapiosemaus.org\/biblioteca\/wp-json\/wp\/v2\/media?parent=5803"}],"wp:term":[{"taxonomy":"category","embeddable":true,"href":"https:\/\/blogs.granada.escolapiosemaus.org\/biblioteca\/wp-json\/wp\/v2\/categories?post=5803"},{"taxonomy":"post_tag","embeddable":true,"href":"https:\/\/blogs.granada.escolapiosemaus.org\/biblioteca\/wp-json\/wp\/v2\/tags?post=5803"}],"curies":[{"name":"wp","href":"https:\/\/api.w.org\/{rel}","templated":true}]}}