{"id":5790,"date":"2025-10-03T09:23:52","date_gmt":"2025-10-03T08:23:52","guid":{"rendered":"https:\/\/blogs.granada.escolapiosemaus.org\/biblioteca\/?p=5790"},"modified":"2025-10-03T09:23:52","modified_gmt":"2025-10-03T08:23:52","slug":"bienvenida-al-nuevo-curso-recomendacion-lectora","status":"publish","type":"post","link":"https:\/\/blogs.granada.escolapiosemaus.org\/biblioteca\/2025\/10\/03\/bienvenida-al-nuevo-curso-recomendacion-lectora\/","title":{"rendered":"Bienvenida al nuevo curso: Recomendaci\u00f3n lectora"},"content":{"rendered":"<p>Os damos la bienvenida un a\u00f1o m\u00e1s a nuestro blog de la Biblioteca Escolar. Esperamos compartir muchas actividades y din\u00e1micas interesantes y dar mas vida, si cabe, a este peque\u00f1o espacio de nuestro cole que es la biblioteca.<\/p>\n<p>Para comenzar vamos a recomendar este libro.<\/p>\n<p>Ya se que est\u00e1 en todas partes pero\u00a0 est\u00e1 con motivo y esperamos que por mucho tiempo, que saquen muchas ediciones, que todos lo leamos y nos sirva, de coraz\u00f3n. Gracias Eloy.<\/p>\n<p>Feliz comienzo de curso y...\u00a1felices lecturas!<\/p>\n<p>&nbsp;<\/p>\n<p><a href=\"https:\/\/i0.wp.com\/blogs.granada.escolapiosemaus.org\/biblioteca\/wp-content\/uploads\/sites\/18\/2025\/10\/redes.webp?ssl=1\"><img data-recalc-dims=\"1\" loading=\"lazy\" decoding=\"async\" data-attachment-id=\"5791\" data-permalink=\"https:\/\/blogs.granada.escolapiosemaus.org\/biblioteca\/2025\/10\/03\/bienvenida-al-nuevo-curso-recomendacion-lectora\/redes\/\" data-orig-file=\"https:\/\/i0.wp.com\/blogs.granada.escolapiosemaus.org\/biblioteca\/wp-content\/uploads\/sites\/18\/2025\/10\/redes.webp?fit=119%2C166&amp;ssl=1\" data-orig-size=\"119,166\" data-comments-opened=\"1\" data-image-meta=\"{&quot;aperture&quot;:&quot;0&quot;,&quot;credit&quot;:&quot;&quot;,&quot;camera&quot;:&quot;&quot;,&quot;caption&quot;:&quot;&quot;,&quot;created_timestamp&quot;:&quot;0&quot;,&quot;copyright&quot;:&quot;&quot;,&quot;focal_length&quot;:&quot;0&quot;,&quot;iso&quot;:&quot;0&quot;,&quot;shutter_speed&quot;:&quot;0&quot;,&quot;title&quot;:&quot;&quot;,&quot;orientation&quot;:&quot;0&quot;}\" data-image-title=\"redes\" data-image-description=\"\" data-image-caption=\"\" data-medium-file=\"https:\/\/i0.wp.com\/blogs.granada.escolapiosemaus.org\/biblioteca\/wp-content\/uploads\/sites\/18\/2025\/10\/redes.webp?fit=119%2C166&amp;ssl=1\" data-large-file=\"https:\/\/i0.wp.com\/blogs.granada.escolapiosemaus.org\/biblioteca\/wp-content\/uploads\/sites\/18\/2025\/10\/redes.webp?fit=119%2C166&amp;ssl=1\" class=\"alignnone size-full wp-image-5791\" src=\"https:\/\/i0.wp.com\/blogs.granada.escolapiosemaus.org\/biblioteca\/wp-content\/uploads\/sites\/18\/2025\/10\/redes.webp?resize=119%2C166&#038;ssl=1\" alt=\"\" width=\"119\" height=\"166\" \/><\/a><\/p>\n<p>&nbsp;<\/p>\n<p>Mi recomendaci\u00f3n lectora para este mes es \u201cRedes\u201d de Eloy Moreno. Nos lleg\u00f3 a la biblioteca como sugerencia del Equipo de Orientaci\u00f3n y despu\u00e9s de fulminarlo (metaf\u00f3ricamente hablando) pens\u00e9 que es un libro interesante para leer en general (por supuesto) pero tambi\u00e9n en las clases, debatirlo cap\u00edtulo a cap\u00edtulo y que los chicos y las chicas lo hicieran suyo . Cada personaje representa una personalidad con la que seguramente se identifiquen. Te llega al coraz\u00f3n y despierta el deseo de comprender y guiar a aquellos que est\u00e9n inmersos en el mundo de internet y las redes sociales en un punto\u00a0 de p\u00e9rdida de control de sus vidas, voluntades ,deseos y felicidad. Se agradece que ,de forma tan amena y sensible ,un relato como este nos haga reflexionar y pararnos un poco en esta vida en la que todo es \u201cdeprisa\u201d y \u201cahora\u201d , en la que \u00a0nos cuidamos mucho por fuera y por dentro se nos quedan las ganas desconocidas de \u00a0todo por madurar.<\/p>\n","protected":false},"excerpt":{"rendered":"<p>Os damos la bienvenida un a\u00f1o m\u00e1s a nuestro blog de la Biblioteca Escolar. Esperamos compartir muchas actividades y din\u00e1micas interesantes y dar mas vida, si cabe, a este peque\u00f1o espacio de nuestro cole que es la biblioteca. Para comenzar vamos a recomendar este libro. Ya se que est\u00e1 en todas partes pero\u00a0 est\u00e1 con [&hellip;]<\/p>\n","protected":false},"author":20,"featured_media":0,"comment_status":"open","ping_status":"open","sticky":false,"template":"","format":"standard","meta":{"_monsterinsights_skip_tracking":false,"_monsterinsights_sitenote_active":false,"_monsterinsights_sitenote_note":"","_monsterinsights_sitenote_category":0,"jetpack_post_was_ever_published":false,"_jetpack_newsletter_access":"","_jetpack_dont_email_post_to_subs":false,"_jetpack_newsletter_tier_id":0,"_jetpack_memberships_contains_paywalled_content":false,"_jetpack_memberships_contains_paid_content":false,"footnotes":"","jetpack_publicize_message":"","jetpack_publicize_feature_enabled":true,"jetpack_social_post_already_shared":true,"jetpack_social_options":{"image_generator_settings":{"template":"highway","default_image_id":0,"font":"","enabled":false},"version":2}},"categories":[161,5,42,11],"tags":[124,341,221,187],"class_list":["post-5790","post","type-post","status-publish","format-standard","hentry","category-coeducacion-igualdad","category-padres","category-plan-lector","category-magia","tag-biblioteca-escolar","tag-escolapios-granada","tag-lecturas-recomendadas","tag-valores"],"yoast_head":"<!-- This site is optimized with the Yoast SEO plugin v26.8 - https:\/\/yoast.com\/product\/yoast-seo-wordpress\/ -->\n<title>Bienvenida al nuevo curso: Recomendaci\u00f3n lectora - Biblioteca Escolar - Escolapios Granada<\/title>\n<meta name=\"robots\" content=\"index, follow, max-snippet:-1, max-image-preview:large, max-video-preview:-1\" \/>\n<link rel=\"canonical\" href=\"https:\/\/blogs.granada.escolapiosemaus.org\/biblioteca\/2025\/10\/03\/bienvenida-al-nuevo-curso-recomendacion-lectora\/\" \/>\n<meta property=\"og:locale\" content=\"es_ES\" \/>\n<meta property=\"og:type\" content=\"article\" \/>\n<meta property=\"og:title\" content=\"Bienvenida al nuevo curso: Recomendaci\u00f3n lectora - Biblioteca Escolar - Escolapios Granada\" \/>\n<meta property=\"og:description\" content=\"Os damos la bienvenida un a\u00f1o m\u00e1s a nuestro blog de la Biblioteca Escolar. Esperamos compartir muchas actividades y din\u00e1micas interesantes y dar mas vida, si cabe, a este peque\u00f1o espacio de nuestro cole que es la biblioteca. Para comenzar vamos a recomendar este libro. Ya se que est\u00e1 en todas partes pero\u00a0 est\u00e1 con [&hellip;]\" \/>\n<meta property=\"og:url\" content=\"https:\/\/blogs.granada.escolapiosemaus.org\/biblioteca\/2025\/10\/03\/bienvenida-al-nuevo-curso-recomendacion-lectora\/\" \/>\n<meta property=\"og:site_name\" content=\"Biblioteca Escolar - Escolapios Granada\" \/>\n<meta property=\"article:published_time\" content=\"2025-10-03T08:23:52+00:00\" \/>\n<meta property=\"og:image\" content=\"https:\/\/blogs.granada.escolapiosemaus.org\/biblioteca\/wp-content\/uploads\/sites\/18\/2025\/10\/redes.webp\" \/>\n<meta name=\"author\" content=\"Encarna L\u00f3pez\" \/>\n<meta name=\"twitter:card\" content=\"summary_large_image\" \/>\n<meta name=\"twitter:label1\" content=\"Escrito por\" \/>\n\t<meta name=\"twitter:data1\" content=\"Encarna L\u00f3pez\" \/>\n\t<meta name=\"twitter:label2\" content=\"Tiempo de lectura\" \/>\n\t<meta name=\"twitter:data2\" content=\"2 minutos\" \/>\n<script type=\"application\/ld+json\" class=\"yoast-schema-graph\">{\"@context\":\"https:\/\/schema.org\",\"@graph\":[{\"@type\":\"Article\",\"@id\":\"https:\/\/blogs.granada.escolapiosemaus.org\/biblioteca\/2025\/10\/03\/bienvenida-al-nuevo-curso-recomendacion-lectora\/#article\",\"isPartOf\":{\"@id\":\"https:\/\/blogs.granada.escolapiosemaus.org\/biblioteca\/2025\/10\/03\/bienvenida-al-nuevo-curso-recomendacion-lectora\/\"},\"author\":{\"name\":\"Encarna L\u00f3pez\",\"@id\":\"https:\/\/blogs.granada.escolapiosemaus.org\/biblioteca\/#\/schema\/person\/539ef207bab7f990bb0ab333ae2ead2b\"},\"headline\":\"Bienvenida al nuevo curso: Recomendaci\u00f3n lectora\",\"datePublished\":\"2025-10-03T08:23:52+00:00\",\"mainEntityOfPage\":{\"@id\":\"https:\/\/blogs.granada.escolapiosemaus.org\/biblioteca\/2025\/10\/03\/bienvenida-al-nuevo-curso-recomendacion-lectora\/\"},\"wordCount\":270,\"commentCount\":0,\"image\":{\"@id\":\"https:\/\/blogs.granada.escolapiosemaus.org\/biblioteca\/2025\/10\/03\/bienvenida-al-nuevo-curso-recomendacion-lectora\/#primaryimage\"},\"thumbnailUrl\":\"https:\/\/blogs.granada.escolapiosemaus.org\/biblioteca\/wp-content\/uploads\/sites\/18\/2025\/10\/redes.webp\",\"keywords\":[\"biblioteca escolar\",\"Escolapios Granada\",\"Lecturas recomendadas\",\"Valores\"],\"articleSection\":[\"Coeducaci\u00f3n. Igualdad\",\"Padres\",\"Plan lector\",\"Recomendaciones\"],\"inLanguage\":\"es\",\"potentialAction\":[{\"@type\":\"CommentAction\",\"name\":\"Comment\",\"target\":[\"https:\/\/blogs.granada.escolapiosemaus.org\/biblioteca\/2025\/10\/03\/bienvenida-al-nuevo-curso-recomendacion-lectora\/#respond\"]}]},{\"@type\":\"WebPage\",\"@id\":\"https:\/\/blogs.granada.escolapiosemaus.org\/biblioteca\/2025\/10\/03\/bienvenida-al-nuevo-curso-recomendacion-lectora\/\",\"url\":\"https:\/\/blogs.granada.escolapiosemaus.org\/biblioteca\/2025\/10\/03\/bienvenida-al-nuevo-curso-recomendacion-lectora\/\",\"name\":\"Bienvenida al nuevo curso: Recomendaci\u00f3n lectora - Biblioteca Escolar - Escolapios Granada\",\"isPartOf\":{\"@id\":\"https:\/\/blogs.granada.escolapiosemaus.org\/biblioteca\/#website\"},\"primaryImageOfPage\":{\"@id\":\"https:\/\/blogs.granada.escolapiosemaus.org\/biblioteca\/2025\/10\/03\/bienvenida-al-nuevo-curso-recomendacion-lectora\/#primaryimage\"},\"image\":{\"@id\":\"https:\/\/blogs.granada.escolapiosemaus.org\/biblioteca\/2025\/10\/03\/bienvenida-al-nuevo-curso-recomendacion-lectora\/#primaryimage\"},\"thumbnailUrl\":\"https:\/\/blogs.granada.escolapiosemaus.org\/biblioteca\/wp-content\/uploads\/sites\/18\/2025\/10\/redes.webp\",\"datePublished\":\"2025-10-03T08:23:52+00:00\",\"author\":{\"@id\":\"https:\/\/blogs.granada.escolapiosemaus.org\/biblioteca\/#\/schema\/person\/539ef207bab7f990bb0ab333ae2ead2b\"},\"breadcrumb\":{\"@id\":\"https:\/\/blogs.granada.escolapiosemaus.org\/biblioteca\/2025\/10\/03\/bienvenida-al-nuevo-curso-recomendacion-lectora\/#breadcrumb\"},\"inLanguage\":\"es\",\"potentialAction\":[{\"@type\":\"ReadAction\",\"target\":[\"https:\/\/blogs.granada.escolapiosemaus.org\/biblioteca\/2025\/10\/03\/bienvenida-al-nuevo-curso-recomendacion-lectora\/\"]}]},{\"@type\":\"ImageObject\",\"inLanguage\":\"es\",\"@id\":\"https:\/\/blogs.granada.escolapiosemaus.org\/biblioteca\/2025\/10\/03\/bienvenida-al-nuevo-curso-recomendacion-lectora\/#primaryimage\",\"url\":\"https:\/\/i0.wp.com\/blogs.granada.escolapiosemaus.org\/biblioteca\/wp-content\/uploads\/sites\/18\/2025\/10\/redes.webp?fit=119%2C166&ssl=1\",\"contentUrl\":\"https:\/\/i0.wp.com\/blogs.granada.escolapiosemaus.org\/biblioteca\/wp-content\/uploads\/sites\/18\/2025\/10\/redes.webp?fit=119%2C166&ssl=1\",\"width\":119,\"height\":166},{\"@type\":\"BreadcrumbList\",\"@id\":\"https:\/\/blogs.granada.escolapiosemaus.org\/biblioteca\/2025\/10\/03\/bienvenida-al-nuevo-curso-recomendacion-lectora\/#breadcrumb\",\"itemListElement\":[{\"@type\":\"ListItem\",\"position\":1,\"name\":\"Portada\",\"item\":\"https:\/\/blogs.granada.escolapiosemaus.org\/biblioteca\/\"},{\"@type\":\"ListItem\",\"position\":2,\"name\":\"Bienvenida al nuevo curso: Recomendaci\u00f3n lectora\"}]},{\"@type\":\"WebSite\",\"@id\":\"https:\/\/blogs.granada.escolapiosemaus.org\/biblioteca\/#website\",\"url\":\"https:\/\/blogs.granada.escolapiosemaus.org\/biblioteca\/\",\"name\":\"Biblioteca Escolar - Escolapios Granada\",\"description\":\"Colegio Dulce Nombre de Mar\u00eda -PP.Escolapios- Granada\",\"potentialAction\":[{\"@type\":\"SearchAction\",\"target\":{\"@type\":\"EntryPoint\",\"urlTemplate\":\"https:\/\/blogs.granada.escolapiosemaus.org\/biblioteca\/?s={search_term_string}\"},\"query-input\":{\"@type\":\"PropertyValueSpecification\",\"valueRequired\":true,\"valueName\":\"search_term_string\"}}],\"inLanguage\":\"es\"},{\"@type\":\"Person\",\"@id\":\"https:\/\/blogs.granada.escolapiosemaus.org\/biblioteca\/#\/schema\/person\/539ef207bab7f990bb0ab333ae2ead2b\",\"name\":\"Encarna L\u00f3pez\",\"image\":{\"@type\":\"ImageObject\",\"inLanguage\":\"es\",\"@id\":\"https:\/\/blogs.granada.escolapiosemaus.org\/biblioteca\/#\/schema\/person\/image\/\",\"url\":\"https:\/\/secure.gravatar.com\/avatar\/2b177c2497e8c91c65f03aa86717c8f6?s=96&d=mm&r=g\",\"contentUrl\":\"https:\/\/secure.gravatar.com\/avatar\/2b177c2497e8c91c65f03aa86717c8f6?s=96&d=mm&r=g\",\"caption\":\"Encarna L\u00f3pez\"},\"sameAs\":[\"https:\/\/blogs.granada.escolapiosemaus.org\"],\"url\":\"https:\/\/blogs.granada.escolapiosemaus.org\/biblioteca\/author\/encarnalopez\/\"}]}<\/script>\n<!-- \/ Yoast SEO plugin. -->","yoast_head_json":{"title":"Bienvenida al nuevo curso: Recomendaci\u00f3n lectora - Biblioteca Escolar - Escolapios Granada","robots":{"index":"index","follow":"follow","max-snippet":"max-snippet:-1","max-image-preview":"max-image-preview:large","max-video-preview":"max-video-preview:-1"},"canonical":"https:\/\/blogs.granada.escolapiosemaus.org\/biblioteca\/2025\/10\/03\/bienvenida-al-nuevo-curso-recomendacion-lectora\/","og_locale":"es_ES","og_type":"article","og_title":"Bienvenida al nuevo curso: Recomendaci\u00f3n lectora - Biblioteca Escolar - Escolapios Granada","og_description":"Os damos la bienvenida un a\u00f1o m\u00e1s a nuestro blog de la Biblioteca Escolar. Esperamos compartir muchas actividades y din\u00e1micas interesantes y dar mas vida, si cabe, a este peque\u00f1o espacio de nuestro cole que es la biblioteca. Para comenzar vamos a recomendar este libro. Ya se que est\u00e1 en todas partes pero\u00a0 est\u00e1 con [&hellip;]","og_url":"https:\/\/blogs.granada.escolapiosemaus.org\/biblioteca\/2025\/10\/03\/bienvenida-al-nuevo-curso-recomendacion-lectora\/","og_site_name":"Biblioteca Escolar - Escolapios Granada","article_published_time":"2025-10-03T08:23:52+00:00","og_image":[{"url":"https:\/\/blogs.granada.escolapiosemaus.org\/biblioteca\/wp-content\/uploads\/sites\/18\/2025\/10\/redes.webp","type":"","width":"","height":""}],"author":"Encarna L\u00f3pez","twitter_card":"summary_large_image","twitter_misc":{"Escrito por":"Encarna L\u00f3pez","Tiempo de lectura":"2 minutos"},"schema":{"@context":"https:\/\/schema.org","@graph":[{"@type":"Article","@id":"https:\/\/blogs.granada.escolapiosemaus.org\/biblioteca\/2025\/10\/03\/bienvenida-al-nuevo-curso-recomendacion-lectora\/#article","isPartOf":{"@id":"https:\/\/blogs.granada.escolapiosemaus.org\/biblioteca\/2025\/10\/03\/bienvenida-al-nuevo-curso-recomendacion-lectora\/"},"author":{"name":"Encarna L\u00f3pez","@id":"https:\/\/blogs.granada.escolapiosemaus.org\/biblioteca\/#\/schema\/person\/539ef207bab7f990bb0ab333ae2ead2b"},"headline":"Bienvenida al nuevo curso: Recomendaci\u00f3n lectora","datePublished":"2025-10-03T08:23:52+00:00","mainEntityOfPage":{"@id":"https:\/\/blogs.granada.escolapiosemaus.org\/biblioteca\/2025\/10\/03\/bienvenida-al-nuevo-curso-recomendacion-lectora\/"},"wordCount":270,"commentCount":0,"image":{"@id":"https:\/\/blogs.granada.escolapiosemaus.org\/biblioteca\/2025\/10\/03\/bienvenida-al-nuevo-curso-recomendacion-lectora\/#primaryimage"},"thumbnailUrl":"https:\/\/blogs.granada.escolapiosemaus.org\/biblioteca\/wp-content\/uploads\/sites\/18\/2025\/10\/redes.webp","keywords":["biblioteca escolar","Escolapios Granada","Lecturas recomendadas","Valores"],"articleSection":["Coeducaci\u00f3n. Igualdad","Padres","Plan lector","Recomendaciones"],"inLanguage":"es","potentialAction":[{"@type":"CommentAction","name":"Comment","target":["https:\/\/blogs.granada.escolapiosemaus.org\/biblioteca\/2025\/10\/03\/bienvenida-al-nuevo-curso-recomendacion-lectora\/#respond"]}]},{"@type":"WebPage","@id":"https:\/\/blogs.granada.escolapiosemaus.org\/biblioteca\/2025\/10\/03\/bienvenida-al-nuevo-curso-recomendacion-lectora\/","url":"https:\/\/blogs.granada.escolapiosemaus.org\/biblioteca\/2025\/10\/03\/bienvenida-al-nuevo-curso-recomendacion-lectora\/","name":"Bienvenida al nuevo curso: Recomendaci\u00f3n lectora - Biblioteca Escolar - Escolapios Granada","isPartOf":{"@id":"https:\/\/blogs.granada.escolapiosemaus.org\/biblioteca\/#website"},"primaryImageOfPage":{"@id":"https:\/\/blogs.granada.escolapiosemaus.org\/biblioteca\/2025\/10\/03\/bienvenida-al-nuevo-curso-recomendacion-lectora\/#primaryimage"},"image":{"@id":"https:\/\/blogs.granada.escolapiosemaus.org\/biblioteca\/2025\/10\/03\/bienvenida-al-nuevo-curso-recomendacion-lectora\/#primaryimage"},"thumbnailUrl":"https:\/\/blogs.granada.escolapiosemaus.org\/biblioteca\/wp-content\/uploads\/sites\/18\/2025\/10\/redes.webp","datePublished":"2025-10-03T08:23:52+00:00","author":{"@id":"https:\/\/blogs.granada.escolapiosemaus.org\/biblioteca\/#\/schema\/person\/539ef207bab7f990bb0ab333ae2ead2b"},"breadcrumb":{"@id":"https:\/\/blogs.granada.escolapiosemaus.org\/biblioteca\/2025\/10\/03\/bienvenida-al-nuevo-curso-recomendacion-lectora\/#breadcrumb"},"inLanguage":"es","potentialAction":[{"@type":"ReadAction","target":["https:\/\/blogs.granada.escolapiosemaus.org\/biblioteca\/2025\/10\/03\/bienvenida-al-nuevo-curso-recomendacion-lectora\/"]}]},{"@type":"ImageObject","inLanguage":"es","@id":"https:\/\/blogs.granada.escolapiosemaus.org\/biblioteca\/2025\/10\/03\/bienvenida-al-nuevo-curso-recomendacion-lectora\/#primaryimage","url":"https:\/\/i0.wp.com\/blogs.granada.escolapiosemaus.org\/biblioteca\/wp-content\/uploads\/sites\/18\/2025\/10\/redes.webp?fit=119%2C166&ssl=1","contentUrl":"https:\/\/i0.wp.com\/blogs.granada.escolapiosemaus.org\/biblioteca\/wp-content\/uploads\/sites\/18\/2025\/10\/redes.webp?fit=119%2C166&ssl=1","width":119,"height":166},{"@type":"BreadcrumbList","@id":"https:\/\/blogs.granada.escolapiosemaus.org\/biblioteca\/2025\/10\/03\/bienvenida-al-nuevo-curso-recomendacion-lectora\/#breadcrumb","itemListElement":[{"@type":"ListItem","position":1,"name":"Portada","item":"https:\/\/blogs.granada.escolapiosemaus.org\/biblioteca\/"},{"@type":"ListItem","position":2,"name":"Bienvenida al nuevo curso: Recomendaci\u00f3n lectora"}]},{"@type":"WebSite","@id":"https:\/\/blogs.granada.escolapiosemaus.org\/biblioteca\/#website","url":"https:\/\/blogs.granada.escolapiosemaus.org\/biblioteca\/","name":"Biblioteca Escolar - Escolapios Granada","description":"Colegio Dulce Nombre de Mar\u00eda -PP.Escolapios- Granada","potentialAction":[{"@type":"SearchAction","target":{"@type":"EntryPoint","urlTemplate":"https:\/\/blogs.granada.escolapiosemaus.org\/biblioteca\/?s={search_term_string}"},"query-input":{"@type":"PropertyValueSpecification","valueRequired":true,"valueName":"search_term_string"}}],"inLanguage":"es"},{"@type":"Person","@id":"https:\/\/blogs.granada.escolapiosemaus.org\/biblioteca\/#\/schema\/person\/539ef207bab7f990bb0ab333ae2ead2b","name":"Encarna L\u00f3pez","image":{"@type":"ImageObject","inLanguage":"es","@id":"https:\/\/blogs.granada.escolapiosemaus.org\/biblioteca\/#\/schema\/person\/image\/","url":"https:\/\/secure.gravatar.com\/avatar\/2b177c2497e8c91c65f03aa86717c8f6?s=96&d=mm&r=g","contentUrl":"https:\/\/secure.gravatar.com\/avatar\/2b177c2497e8c91c65f03aa86717c8f6?s=96&d=mm&r=g","caption":"Encarna L\u00f3pez"},"sameAs":["https:\/\/blogs.granada.escolapiosemaus.org"],"url":"https:\/\/blogs.granada.escolapiosemaus.org\/biblioteca\/author\/encarnalopez\/"}]}},"jetpack_publicize_connections":[],"jetpack_featured_media_url":"","jetpack_sharing_enabled":true,"jetpack_shortlink":"https:\/\/wp.me\/p8qkgn-1vo","jetpack-related-posts":[],"_links":{"self":[{"href":"https:\/\/blogs.granada.escolapiosemaus.org\/biblioteca\/wp-json\/wp\/v2\/posts\/5790","targetHints":{"allow":["GET"]}}],"collection":[{"href":"https:\/\/blogs.granada.escolapiosemaus.org\/biblioteca\/wp-json\/wp\/v2\/posts"}],"about":[{"href":"https:\/\/blogs.granada.escolapiosemaus.org\/biblioteca\/wp-json\/wp\/v2\/types\/post"}],"author":[{"embeddable":true,"href":"https:\/\/blogs.granada.escolapiosemaus.org\/biblioteca\/wp-json\/wp\/v2\/users\/20"}],"replies":[{"embeddable":true,"href":"https:\/\/blogs.granada.escolapiosemaus.org\/biblioteca\/wp-json\/wp\/v2\/comments?post=5790"}],"version-history":[{"count":2,"href":"https:\/\/blogs.granada.escolapiosemaus.org\/biblioteca\/wp-json\/wp\/v2\/posts\/5790\/revisions"}],"predecessor-version":[{"id":5793,"href":"https:\/\/blogs.granada.escolapiosemaus.org\/biblioteca\/wp-json\/wp\/v2\/posts\/5790\/revisions\/5793"}],"wp:attachment":[{"href":"https:\/\/blogs.granada.escolapiosemaus.org\/biblioteca\/wp-json\/wp\/v2\/media?parent=5790"}],"wp:term":[{"taxonomy":"category","embeddable":true,"href":"https:\/\/blogs.granada.escolapiosemaus.org\/biblioteca\/wp-json\/wp\/v2\/categories?post=5790"},{"taxonomy":"post_tag","embeddable":true,"href":"https:\/\/blogs.granada.escolapiosemaus.org\/biblioteca\/wp-json\/wp\/v2\/tags?post=5790"}],"curies":[{"name":"wp","href":"https:\/\/api.w.org\/{rel}","templated":true}]}}