{"id":4871,"date":"2023-12-16T10:00:11","date_gmt":"2023-12-16T09:00:11","guid":{"rendered":"https:\/\/blogs.granada.escolapiosemaus.org\/biblioteca\/?p=4871"},"modified":"2023-12-15T13:44:35","modified_gmt":"2023-12-15T12:44:35","slug":"dia-de-la-lectura-en-andalucia","status":"publish","type":"post","link":"https:\/\/blogs.granada.escolapiosemaus.org\/biblioteca\/2023\/12\/16\/dia-de-la-lectura-en-andalucia\/","title":{"rendered":"D\u00eda de la lectura en Andaluc\u00eda"},"content":{"rendered":"<div class=\"field field-name-body field-type-text-with-summary field-label-hidden\">\n<div class=\"field-items\">\n<div class=\"field-item even\">\n<p><img data-recalc-dims=\"1\" loading=\"lazy\" decoding=\"async\" class=\"aligncenter\" src=\"https:\/\/i0.wp.com\/www.juntadeandalucia.es\/cultura\/caletras\/sites\/default\/files\/cartel_individual_banner.pagina_web.jpg?resize=600%2C225&#038;ssl=1\" width=\"600\" height=\"225\" \/><\/p>\n<p>&nbsp;<\/p>\n<p>El\u00a0<strong>D\u00eda de la Lectura en Andaluc\u00eda<\/strong> fue instituido por la Junta de Andaluc\u00eda el 16 de diciembre, d\u00eda del nacimiento del poeta Rafael Alberti y fecha del homenaje a G\u00f3ngora celebrado en el Ateneo de Sevilla en 1927 que dar\u00eda lugar a la Generaci\u00f3n del 27, reuni\u00f3n en la que, adem\u00e1s de Alberti, participaron Lorca, Bergam\u00edn, Cernuda, Gerardo Diego o D\u00e1maso Alonso.<\/p>\n<p><a href=\"https:\/\/blogs.granada.escolapiosemaus.org\/biblioteca\/wp-content\/uploads\/sites\/18\/2023\/12\/alocucion_ciudadana_2023-1_compressed.pdf\">alocucion_ciudadana_2023 (1)_compressed<\/a><\/p>\n<\/div>\n<p>&nbsp;<\/p>\n<\/div>\n<\/div>\n","protected":false},"excerpt":{"rendered":"<p>&nbsp; El\u00a0D\u00eda de la Lectura en Andaluc\u00eda fue instituido por la Junta de Andaluc\u00eda el 16 de diciembre, d\u00eda del nacimiento del poeta Rafael Alberti y fecha del homenaje a G\u00f3ngora celebrado en el Ateneo de Sevilla en 1927 que dar\u00eda lugar a la Generaci\u00f3n del 27, reuni\u00f3n en la que, adem\u00e1s de Alberti, participaron [&hellip;]<\/p>\n","protected":false},"author":20,"featured_media":0,"comment_status":"open","ping_status":"open","sticky":false,"template":"","format":"standard","meta":{"_monsterinsights_skip_tracking":false,"_monsterinsights_sitenote_active":false,"_monsterinsights_sitenote_note":"","_monsterinsights_sitenote_category":0,"jetpack_post_was_ever_published":false,"_jetpack_newsletter_access":"","_jetpack_dont_email_post_to_subs":false,"_jetpack_newsletter_tier_id":0,"_jetpack_memberships_contains_paywalled_content":false,"_jetpack_memberships_contains_paid_content":false,"footnotes":"","jetpack_publicize_message":"","jetpack_publicize_feature_enabled":true,"jetpack_social_post_already_shared":true,"jetpack_social_options":{"image_generator_settings":{"template":"highway","default_image_id":0,"font":"","enabled":false},"version":2}},"categories":[108,24,15],"tags":[223,124,105,204,106,141],"class_list":["post-4871","post","type-post","status-publish","format-standard","hentry","category-actividades","category-aniversarios","category-mujer","tag-andalucia","tag-biblioteca-escolar","tag-escolapios","tag-fomento-de-la-lectura","tag-granada","tag-mujer"],"yoast_head":"<!-- This site is optimized with the Yoast SEO plugin v26.8 - https:\/\/yoast.com\/product\/yoast-seo-wordpress\/ -->\n<title>D\u00eda de la lectura en Andaluc\u00eda - Biblioteca Escolar - Escolapios Granada<\/title>\n<meta name=\"robots\" content=\"index, follow, max-snippet:-1, max-image-preview:large, max-video-preview:-1\" \/>\n<link rel=\"canonical\" href=\"https:\/\/blogs.granada.escolapiosemaus.org\/biblioteca\/2023\/12\/16\/dia-de-la-lectura-en-andalucia\/\" \/>\n<meta property=\"og:locale\" content=\"es_ES\" \/>\n<meta property=\"og:type\" content=\"article\" \/>\n<meta property=\"og:title\" content=\"D\u00eda de la lectura en Andaluc\u00eda - Biblioteca Escolar - Escolapios Granada\" \/>\n<meta property=\"og:description\" content=\"&nbsp; El\u00a0D\u00eda de la Lectura en Andaluc\u00eda fue instituido por la Junta de Andaluc\u00eda el 16 de diciembre, d\u00eda del nacimiento del poeta Rafael Alberti y fecha del homenaje a G\u00f3ngora celebrado en el Ateneo de Sevilla en 1927 que dar\u00eda lugar a la Generaci\u00f3n del 27, reuni\u00f3n en la que, adem\u00e1s de Alberti, participaron [&hellip;]\" \/>\n<meta property=\"og:url\" content=\"https:\/\/blogs.granada.escolapiosemaus.org\/biblioteca\/2023\/12\/16\/dia-de-la-lectura-en-andalucia\/\" \/>\n<meta property=\"og:site_name\" content=\"Biblioteca Escolar - Escolapios Granada\" \/>\n<meta property=\"article:published_time\" content=\"2023-12-16T09:00:11+00:00\" \/>\n<meta property=\"og:image\" content=\"https:\/\/www.juntadeandalucia.es\/cultura\/caletras\/sites\/default\/files\/cartel_individual_banner.pagina_web.jpg\" \/>\n<meta name=\"author\" content=\"Encarna L\u00f3pez\" \/>\n<meta name=\"twitter:card\" content=\"summary_large_image\" \/>\n<meta name=\"twitter:label1\" content=\"Escrito por\" \/>\n\t<meta name=\"twitter:data1\" content=\"Encarna L\u00f3pez\" \/>\n\t<meta name=\"twitter:label2\" content=\"Tiempo de lectura\" \/>\n\t<meta name=\"twitter:data2\" content=\"1 minuto\" \/>\n<script type=\"application\/ld+json\" class=\"yoast-schema-graph\">{\"@context\":\"https:\/\/schema.org\",\"@graph\":[{\"@type\":\"Article\",\"@id\":\"https:\/\/blogs.granada.escolapiosemaus.org\/biblioteca\/2023\/12\/16\/dia-de-la-lectura-en-andalucia\/#article\",\"isPartOf\":{\"@id\":\"https:\/\/blogs.granada.escolapiosemaus.org\/biblioteca\/2023\/12\/16\/dia-de-la-lectura-en-andalucia\/\"},\"author\":{\"name\":\"Encarna L\u00f3pez\",\"@id\":\"https:\/\/blogs.granada.escolapiosemaus.org\/biblioteca\/#\/schema\/person\/539ef207bab7f990bb0ab333ae2ead2b\"},\"headline\":\"D\u00eda de la lectura en Andaluc\u00eda\",\"datePublished\":\"2023-12-16T09:00:11+00:00\",\"mainEntityOfPage\":{\"@id\":\"https:\/\/blogs.granada.escolapiosemaus.org\/biblioteca\/2023\/12\/16\/dia-de-la-lectura-en-andalucia\/\"},\"wordCount\":84,\"commentCount\":0,\"image\":{\"@id\":\"https:\/\/blogs.granada.escolapiosemaus.org\/biblioteca\/2023\/12\/16\/dia-de-la-lectura-en-andalucia\/#primaryimage\"},\"thumbnailUrl\":\"https:\/\/www.juntadeandalucia.es\/cultura\/caletras\/sites\/default\/files\/cartel_individual_banner.pagina_web.jpg\",\"keywords\":[\"Andaluc\u00eda\",\"biblioteca escolar\",\"Escolapios\",\"Fomento de la lectura\",\"Granada\",\"mujer\"],\"articleSection\":[\"Actividades\",\"Aniversarios\",\"Mujer\"],\"inLanguage\":\"es\",\"potentialAction\":[{\"@type\":\"CommentAction\",\"name\":\"Comment\",\"target\":[\"https:\/\/blogs.granada.escolapiosemaus.org\/biblioteca\/2023\/12\/16\/dia-de-la-lectura-en-andalucia\/#respond\"]}]},{\"@type\":\"WebPage\",\"@id\":\"https:\/\/blogs.granada.escolapiosemaus.org\/biblioteca\/2023\/12\/16\/dia-de-la-lectura-en-andalucia\/\",\"url\":\"https:\/\/blogs.granada.escolapiosemaus.org\/biblioteca\/2023\/12\/16\/dia-de-la-lectura-en-andalucia\/\",\"name\":\"D\u00eda de la lectura en Andaluc\u00eda - Biblioteca Escolar - Escolapios Granada\",\"isPartOf\":{\"@id\":\"https:\/\/blogs.granada.escolapiosemaus.org\/biblioteca\/#website\"},\"primaryImageOfPage\":{\"@id\":\"https:\/\/blogs.granada.escolapiosemaus.org\/biblioteca\/2023\/12\/16\/dia-de-la-lectura-en-andalucia\/#primaryimage\"},\"image\":{\"@id\":\"https:\/\/blogs.granada.escolapiosemaus.org\/biblioteca\/2023\/12\/16\/dia-de-la-lectura-en-andalucia\/#primaryimage\"},\"thumbnailUrl\":\"https:\/\/www.juntadeandalucia.es\/cultura\/caletras\/sites\/default\/files\/cartel_individual_banner.pagina_web.jpg\",\"datePublished\":\"2023-12-16T09:00:11+00:00\",\"author\":{\"@id\":\"https:\/\/blogs.granada.escolapiosemaus.org\/biblioteca\/#\/schema\/person\/539ef207bab7f990bb0ab333ae2ead2b\"},\"breadcrumb\":{\"@id\":\"https:\/\/blogs.granada.escolapiosemaus.org\/biblioteca\/2023\/12\/16\/dia-de-la-lectura-en-andalucia\/#breadcrumb\"},\"inLanguage\":\"es\",\"potentialAction\":[{\"@type\":\"ReadAction\",\"target\":[\"https:\/\/blogs.granada.escolapiosemaus.org\/biblioteca\/2023\/12\/16\/dia-de-la-lectura-en-andalucia\/\"]}]},{\"@type\":\"ImageObject\",\"inLanguage\":\"es\",\"@id\":\"https:\/\/blogs.granada.escolapiosemaus.org\/biblioteca\/2023\/12\/16\/dia-de-la-lectura-en-andalucia\/#primaryimage\",\"url\":\"https:\/\/www.juntadeandalucia.es\/cultura\/caletras\/sites\/default\/files\/cartel_individual_banner.pagina_web.jpg\",\"contentUrl\":\"https:\/\/www.juntadeandalucia.es\/cultura\/caletras\/sites\/default\/files\/cartel_individual_banner.pagina_web.jpg\"},{\"@type\":\"BreadcrumbList\",\"@id\":\"https:\/\/blogs.granada.escolapiosemaus.org\/biblioteca\/2023\/12\/16\/dia-de-la-lectura-en-andalucia\/#breadcrumb\",\"itemListElement\":[{\"@type\":\"ListItem\",\"position\":1,\"name\":\"Portada\",\"item\":\"https:\/\/blogs.granada.escolapiosemaus.org\/biblioteca\/\"},{\"@type\":\"ListItem\",\"position\":2,\"name\":\"D\u00eda de la lectura en Andaluc\u00eda\"}]},{\"@type\":\"WebSite\",\"@id\":\"https:\/\/blogs.granada.escolapiosemaus.org\/biblioteca\/#website\",\"url\":\"https:\/\/blogs.granada.escolapiosemaus.org\/biblioteca\/\",\"name\":\"Biblioteca Escolar - Escolapios Granada\",\"description\":\"Colegio Dulce Nombre de Mar\u00eda -PP.Escolapios- Granada\",\"potentialAction\":[{\"@type\":\"SearchAction\",\"target\":{\"@type\":\"EntryPoint\",\"urlTemplate\":\"https:\/\/blogs.granada.escolapiosemaus.org\/biblioteca\/?s={search_term_string}\"},\"query-input\":{\"@type\":\"PropertyValueSpecification\",\"valueRequired\":true,\"valueName\":\"search_term_string\"}}],\"inLanguage\":\"es\"},{\"@type\":\"Person\",\"@id\":\"https:\/\/blogs.granada.escolapiosemaus.org\/biblioteca\/#\/schema\/person\/539ef207bab7f990bb0ab333ae2ead2b\",\"name\":\"Encarna L\u00f3pez\",\"image\":{\"@type\":\"ImageObject\",\"inLanguage\":\"es\",\"@id\":\"https:\/\/blogs.granada.escolapiosemaus.org\/biblioteca\/#\/schema\/person\/image\/\",\"url\":\"https:\/\/secure.gravatar.com\/avatar\/2b177c2497e8c91c65f03aa86717c8f6?s=96&d=mm&r=g\",\"contentUrl\":\"https:\/\/secure.gravatar.com\/avatar\/2b177c2497e8c91c65f03aa86717c8f6?s=96&d=mm&r=g\",\"caption\":\"Encarna L\u00f3pez\"},\"sameAs\":[\"https:\/\/blogs.granada.escolapiosemaus.org\"],\"url\":\"https:\/\/blogs.granada.escolapiosemaus.org\/biblioteca\/author\/encarnalopez\/\"}]}<\/script>\n<!-- \/ Yoast SEO plugin. -->","yoast_head_json":{"title":"D\u00eda de la lectura en Andaluc\u00eda - Biblioteca Escolar - Escolapios Granada","robots":{"index":"index","follow":"follow","max-snippet":"max-snippet:-1","max-image-preview":"max-image-preview:large","max-video-preview":"max-video-preview:-1"},"canonical":"https:\/\/blogs.granada.escolapiosemaus.org\/biblioteca\/2023\/12\/16\/dia-de-la-lectura-en-andalucia\/","og_locale":"es_ES","og_type":"article","og_title":"D\u00eda de la lectura en Andaluc\u00eda - Biblioteca Escolar - Escolapios Granada","og_description":"&nbsp; El\u00a0D\u00eda de la Lectura en Andaluc\u00eda fue instituido por la Junta de Andaluc\u00eda el 16 de diciembre, d\u00eda del nacimiento del poeta Rafael Alberti y fecha del homenaje a G\u00f3ngora celebrado en el Ateneo de Sevilla en 1927 que dar\u00eda lugar a la Generaci\u00f3n del 27, reuni\u00f3n en la que, adem\u00e1s de Alberti, participaron [&hellip;]","og_url":"https:\/\/blogs.granada.escolapiosemaus.org\/biblioteca\/2023\/12\/16\/dia-de-la-lectura-en-andalucia\/","og_site_name":"Biblioteca Escolar - Escolapios Granada","article_published_time":"2023-12-16T09:00:11+00:00","og_image":[{"url":"https:\/\/www.juntadeandalucia.es\/cultura\/caletras\/sites\/default\/files\/cartel_individual_banner.pagina_web.jpg","type":"","width":"","height":""}],"author":"Encarna L\u00f3pez","twitter_card":"summary_large_image","twitter_misc":{"Escrito por":"Encarna L\u00f3pez","Tiempo de lectura":"1 minuto"},"schema":{"@context":"https:\/\/schema.org","@graph":[{"@type":"Article","@id":"https:\/\/blogs.granada.escolapiosemaus.org\/biblioteca\/2023\/12\/16\/dia-de-la-lectura-en-andalucia\/#article","isPartOf":{"@id":"https:\/\/blogs.granada.escolapiosemaus.org\/biblioteca\/2023\/12\/16\/dia-de-la-lectura-en-andalucia\/"},"author":{"name":"Encarna L\u00f3pez","@id":"https:\/\/blogs.granada.escolapiosemaus.org\/biblioteca\/#\/schema\/person\/539ef207bab7f990bb0ab333ae2ead2b"},"headline":"D\u00eda de la lectura en Andaluc\u00eda","datePublished":"2023-12-16T09:00:11+00:00","mainEntityOfPage":{"@id":"https:\/\/blogs.granada.escolapiosemaus.org\/biblioteca\/2023\/12\/16\/dia-de-la-lectura-en-andalucia\/"},"wordCount":84,"commentCount":0,"image":{"@id":"https:\/\/blogs.granada.escolapiosemaus.org\/biblioteca\/2023\/12\/16\/dia-de-la-lectura-en-andalucia\/#primaryimage"},"thumbnailUrl":"https:\/\/www.juntadeandalucia.es\/cultura\/caletras\/sites\/default\/files\/cartel_individual_banner.pagina_web.jpg","keywords":["Andaluc\u00eda","biblioteca escolar","Escolapios","Fomento de la lectura","Granada","mujer"],"articleSection":["Actividades","Aniversarios","Mujer"],"inLanguage":"es","potentialAction":[{"@type":"CommentAction","name":"Comment","target":["https:\/\/blogs.granada.escolapiosemaus.org\/biblioteca\/2023\/12\/16\/dia-de-la-lectura-en-andalucia\/#respond"]}]},{"@type":"WebPage","@id":"https:\/\/blogs.granada.escolapiosemaus.org\/biblioteca\/2023\/12\/16\/dia-de-la-lectura-en-andalucia\/","url":"https:\/\/blogs.granada.escolapiosemaus.org\/biblioteca\/2023\/12\/16\/dia-de-la-lectura-en-andalucia\/","name":"D\u00eda de la lectura en Andaluc\u00eda - Biblioteca Escolar - Escolapios Granada","isPartOf":{"@id":"https:\/\/blogs.granada.escolapiosemaus.org\/biblioteca\/#website"},"primaryImageOfPage":{"@id":"https:\/\/blogs.granada.escolapiosemaus.org\/biblioteca\/2023\/12\/16\/dia-de-la-lectura-en-andalucia\/#primaryimage"},"image":{"@id":"https:\/\/blogs.granada.escolapiosemaus.org\/biblioteca\/2023\/12\/16\/dia-de-la-lectura-en-andalucia\/#primaryimage"},"thumbnailUrl":"https:\/\/www.juntadeandalucia.es\/cultura\/caletras\/sites\/default\/files\/cartel_individual_banner.pagina_web.jpg","datePublished":"2023-12-16T09:00:11+00:00","author":{"@id":"https:\/\/blogs.granada.escolapiosemaus.org\/biblioteca\/#\/schema\/person\/539ef207bab7f990bb0ab333ae2ead2b"},"breadcrumb":{"@id":"https:\/\/blogs.granada.escolapiosemaus.org\/biblioteca\/2023\/12\/16\/dia-de-la-lectura-en-andalucia\/#breadcrumb"},"inLanguage":"es","potentialAction":[{"@type":"ReadAction","target":["https:\/\/blogs.granada.escolapiosemaus.org\/biblioteca\/2023\/12\/16\/dia-de-la-lectura-en-andalucia\/"]}]},{"@type":"ImageObject","inLanguage":"es","@id":"https:\/\/blogs.granada.escolapiosemaus.org\/biblioteca\/2023\/12\/16\/dia-de-la-lectura-en-andalucia\/#primaryimage","url":"https:\/\/www.juntadeandalucia.es\/cultura\/caletras\/sites\/default\/files\/cartel_individual_banner.pagina_web.jpg","contentUrl":"https:\/\/www.juntadeandalucia.es\/cultura\/caletras\/sites\/default\/files\/cartel_individual_banner.pagina_web.jpg"},{"@type":"BreadcrumbList","@id":"https:\/\/blogs.granada.escolapiosemaus.org\/biblioteca\/2023\/12\/16\/dia-de-la-lectura-en-andalucia\/#breadcrumb","itemListElement":[{"@type":"ListItem","position":1,"name":"Portada","item":"https:\/\/blogs.granada.escolapiosemaus.org\/biblioteca\/"},{"@type":"ListItem","position":2,"name":"D\u00eda de la lectura en Andaluc\u00eda"}]},{"@type":"WebSite","@id":"https:\/\/blogs.granada.escolapiosemaus.org\/biblioteca\/#website","url":"https:\/\/blogs.granada.escolapiosemaus.org\/biblioteca\/","name":"Biblioteca Escolar - Escolapios Granada","description":"Colegio Dulce Nombre de Mar\u00eda -PP.Escolapios- Granada","potentialAction":[{"@type":"SearchAction","target":{"@type":"EntryPoint","urlTemplate":"https:\/\/blogs.granada.escolapiosemaus.org\/biblioteca\/?s={search_term_string}"},"query-input":{"@type":"PropertyValueSpecification","valueRequired":true,"valueName":"search_term_string"}}],"inLanguage":"es"},{"@type":"Person","@id":"https:\/\/blogs.granada.escolapiosemaus.org\/biblioteca\/#\/schema\/person\/539ef207bab7f990bb0ab333ae2ead2b","name":"Encarna L\u00f3pez","image":{"@type":"ImageObject","inLanguage":"es","@id":"https:\/\/blogs.granada.escolapiosemaus.org\/biblioteca\/#\/schema\/person\/image\/","url":"https:\/\/secure.gravatar.com\/avatar\/2b177c2497e8c91c65f03aa86717c8f6?s=96&d=mm&r=g","contentUrl":"https:\/\/secure.gravatar.com\/avatar\/2b177c2497e8c91c65f03aa86717c8f6?s=96&d=mm&r=g","caption":"Encarna L\u00f3pez"},"sameAs":["https:\/\/blogs.granada.escolapiosemaus.org"],"url":"https:\/\/blogs.granada.escolapiosemaus.org\/biblioteca\/author\/encarnalopez\/"}]}},"jetpack_publicize_connections":[],"jetpack_featured_media_url":"","jetpack_sharing_enabled":true,"jetpack_shortlink":"https:\/\/wp.me\/p8qkgn-1gz","jetpack-related-posts":[],"_links":{"self":[{"href":"https:\/\/blogs.granada.escolapiosemaus.org\/biblioteca\/wp-json\/wp\/v2\/posts\/4871","targetHints":{"allow":["GET"]}}],"collection":[{"href":"https:\/\/blogs.granada.escolapiosemaus.org\/biblioteca\/wp-json\/wp\/v2\/posts"}],"about":[{"href":"https:\/\/blogs.granada.escolapiosemaus.org\/biblioteca\/wp-json\/wp\/v2\/types\/post"}],"author":[{"embeddable":true,"href":"https:\/\/blogs.granada.escolapiosemaus.org\/biblioteca\/wp-json\/wp\/v2\/users\/20"}],"replies":[{"embeddable":true,"href":"https:\/\/blogs.granada.escolapiosemaus.org\/biblioteca\/wp-json\/wp\/v2\/comments?post=4871"}],"version-history":[{"count":1,"href":"https:\/\/blogs.granada.escolapiosemaus.org\/biblioteca\/wp-json\/wp\/v2\/posts\/4871\/revisions"}],"predecessor-version":[{"id":4873,"href":"https:\/\/blogs.granada.escolapiosemaus.org\/biblioteca\/wp-json\/wp\/v2\/posts\/4871\/revisions\/4873"}],"wp:attachment":[{"href":"https:\/\/blogs.granada.escolapiosemaus.org\/biblioteca\/wp-json\/wp\/v2\/media?parent=4871"}],"wp:term":[{"taxonomy":"category","embeddable":true,"href":"https:\/\/blogs.granada.escolapiosemaus.org\/biblioteca\/wp-json\/wp\/v2\/categories?post=4871"},{"taxonomy":"post_tag","embeddable":true,"href":"https:\/\/blogs.granada.escolapiosemaus.org\/biblioteca\/wp-json\/wp\/v2\/tags?post=4871"}],"curies":[{"name":"wp","href":"https:\/\/api.w.org\/{rel}","templated":true}]}}