{"id":48,"date":"2022-03-21T09:10:00","date_gmt":"2022-03-21T08:10:00","guid":{"rendered":"http:\/\/blogs.granada.escolapiosemaus.org\/biblioteca\/2014\/03\/20\/21-de-marzo-dia-internacional-de-la-poesia\/"},"modified":"2022-03-17T13:41:44","modified_gmt":"2022-03-17T12:41:44","slug":"21-de-marzo-dia-internacional-de-la-poesia","status":"publish","type":"post","link":"https:\/\/blogs.granada.escolapiosemaus.org\/biblioteca\/2022\/03\/21\/21-de-marzo-dia-internacional-de-la-poesia\/","title":{"rendered":"21  DE MARZO D\u00cdA INTERNACIONAL DE LA POES\u00cdA"},"content":{"rendered":"<p>Para conocer a G\u00f3ngora, os presentamos dos libritos muy did\u00e1cticos e ilustrados que os pueden interesar. Esten disponibles en nuestra biblioteca<\/p>\n<p><span style=\"background-color: white\"><strong><u>Luis de G\u00f3ngora.La fiesta de la lectura<\/u><\/strong><\/span> ( Antolog\u00eda po\u00e9tica)<br \/>\nAntolog\u00eda po\u00e9tica dirigida al alumnado de <span style=\"background-color: white\">ESO<\/span><\/p>\n<p><strong><u>Luis de G\u00f3ngora.Los placeres de la palabra.<\/u><\/strong><br \/>\nAntolog\u00eda po\u00e9tica dirigida a los alumnos de Bachillerato<\/p>\n<p><a href=\"https:\/\/i0.wp.com\/blogs.granada.escolapiosemaus.org\/biblioteca\/wp-content\/uploads\/sites\/18\/2014\/03\/D%C3%ADa-Internacional-de-la-poes%C3%ADa.-Blog.jpg?ssl=1\"><img data-recalc-dims=\"1\" loading=\"lazy\" decoding=\"async\" data-attachment-id=\"1643\" data-permalink=\"https:\/\/blogs.granada.escolapiosemaus.org\/biblioteca\/2022\/03\/21\/21-de-marzo-dia-internacional-de-la-poesia\/dia-internacional-de-la-poesia-blog\/\" data-orig-file=\"https:\/\/i0.wp.com\/blogs.granada.escolapiosemaus.org\/biblioteca\/wp-content\/uploads\/sites\/18\/2014\/03\/D%C3%ADa-Internacional-de-la-poes%C3%ADa.-Blog.jpg?fit=254%2C182&amp;ssl=1\" data-orig-size=\"254,182\" data-comments-opened=\"1\" data-image-meta=\"{&quot;aperture&quot;:&quot;0&quot;,&quot;credit&quot;:&quot;&quot;,&quot;camera&quot;:&quot;&quot;,&quot;caption&quot;:&quot;&quot;,&quot;created_timestamp&quot;:&quot;0&quot;,&quot;copyright&quot;:&quot;&quot;,&quot;focal_length&quot;:&quot;0&quot;,&quot;iso&quot;:&quot;0&quot;,&quot;shutter_speed&quot;:&quot;0&quot;,&quot;title&quot;:&quot;&quot;,&quot;orientation&quot;:&quot;0&quot;}\" data-image-title=\"D\u00eda Internacional de la poes\u00eda. Blog\" data-image-description=\"\" data-image-caption=\"\" data-medium-file=\"https:\/\/i0.wp.com\/blogs.granada.escolapiosemaus.org\/biblioteca\/wp-content\/uploads\/sites\/18\/2014\/03\/D%C3%ADa-Internacional-de-la-poes%C3%ADa.-Blog.jpg?fit=254%2C182&amp;ssl=1\" data-large-file=\"https:\/\/i0.wp.com\/blogs.granada.escolapiosemaus.org\/biblioteca\/wp-content\/uploads\/sites\/18\/2014\/03\/D%C3%ADa-Internacional-de-la-poes%C3%ADa.-Blog.jpg?fit=254%2C182&amp;ssl=1\" class=\"alignnone wp-image-1643 \" src=\"https:\/\/i0.wp.com\/blogs.granada.escolapiosemaus.org\/biblioteca\/wp-content\/uploads\/sites\/18\/2014\/03\/D%C3%ADa-Internacional-de-la-poes%C3%ADa.-Blog.jpg?resize=266%2C190&#038;ssl=1\" alt=\"\" width=\"266\" height=\"190\" srcset=\"https:\/\/i0.wp.com\/blogs.granada.escolapiosemaus.org\/biblioteca\/wp-content\/uploads\/sites\/18\/2014\/03\/D%C3%ADa-Internacional-de-la-poes%C3%ADa.-Blog.jpg?resize=200%2C143&amp;ssl=1 200w, https:\/\/i0.wp.com\/blogs.granada.escolapiosemaus.org\/biblioteca\/wp-content\/uploads\/sites\/18\/2014\/03\/D%C3%ADa-Internacional-de-la-poes%C3%ADa.-Blog.jpg?w=254&amp;ssl=1 254w\" sizes=\"auto, (max-width: 266px) 100vw, 266px\" \/><\/a><\/p>\n<div style=\"clear: both;text-align: center\"><\/div>\n<p><strong>A Don Antonio Chac\u00f3n (<\/strong>amigo de G\u00f3ngora, que recogi\u00f3 casi todas sus obras y prepar\u00f3 un libro escrito\u00a0 a mano con muy\u00a0 bella caligraf\u00eda)<strong> que desde Colmenar Viejo <\/strong>( pueblo de Madrid) <strong>le hab\u00eda enviado un reques\u00f3n (<\/strong>leche cuajada)<\/p>\n<p>Este de <strong>mimbres<\/strong> vestido<br \/>\nreques\u00f3n de <strong>Colmenar<\/strong><br \/>\nbien le podemos llamar<br \/>\n<strong>panal<\/strong> de suero cocido.<br \/>\nA leche y miel me ha sabido:<br \/>\ndecidme en otro <strong>papel<\/strong><br \/>\nlo que se confunde en \u00e9l,<br \/>\nque sin duda <strong>alada oveja,<\/strong><br \/>\ncuando no <strong>lanuda<\/strong> <strong>abeja,<\/strong><br \/>\nleche le dieron, y <strong>miel.<\/strong><\/p>\n<p>Mimbres: Varitas flexibles de un arbusto .En este reques\u00f3n de Colmenar, vestido ( rodeado) de mimbres, que le sirven de molde.<br \/>\nPanal: Donde las abejas depositan la miel.El reques\u00f3n esta tan dulce que puede llamarse panal de miel<br \/>\nPapel: Carta<br \/>\nAlada Oveja: Oveja con alas<br \/>\nLanuda Abeja: Abeja con lana<br \/>\nMiel: Como el reques\u00f3n sabe a leche y a miel, G\u00f3ngora hace un chiste y dice que lo hicieron una mezcla de ovejas y abejas<\/p>\n","protected":false},"excerpt":{"rendered":"<p>Para conocer a G\u00f3ngora, os presentamos dos libritos muy did\u00e1cticos e ilustrados que os pueden interesar. Esten disponibles en nuestra biblioteca Luis de G\u00f3ngora.La fiesta de la lectura ( Antolog\u00eda po\u00e9tica) Antolog\u00eda po\u00e9tica dirigida al alumnado de ESO Luis de G\u00f3ngora.Los placeres de la palabra. Antolog\u00eda po\u00e9tica dirigida a los alumnos de Bachillerato A Don [&hellip;]<\/p>\n","protected":false},"author":20,"featured_media":0,"comment_status":"open","ping_status":"open","sticky":false,"template":"","format":"standard","meta":{"_monsterinsights_skip_tracking":false,"_monsterinsights_sitenote_active":false,"_monsterinsights_sitenote_note":"","_monsterinsights_sitenote_category":0,"jetpack_post_was_ever_published":false,"_jetpack_newsletter_access":"","_jetpack_dont_email_post_to_subs":false,"_jetpack_newsletter_tier_id":0,"_jetpack_memberships_contains_paywalled_content":false,"_jetpack_memberships_contains_paid_content":false,"footnotes":"","jetpack_publicize_message":"","jetpack_publicize_feature_enabled":true,"jetpack_social_post_already_shared":true,"jetpack_social_options":{"image_generator_settings":{"template":"highway","default_image_id":0,"font":"","enabled":false},"version":2}},"categories":[109,63,114,32],"tags":[],"class_list":["post-48","post","type-post","status-publish","format-standard","hentry","category-autores-destacados","category-efemerides","category-poesia-2","category-gianni-rodari-taller-escritura"],"yoast_head":"<!-- This site is optimized with the Yoast SEO plugin v26.8 - https:\/\/yoast.com\/product\/yoast-seo-wordpress\/ -->\n<title>21 DE MARZO D\u00cdA INTERNACIONAL DE LA POES\u00cdA - Biblioteca Escolar - Escolapios Granada<\/title>\n<meta name=\"robots\" content=\"index, follow, max-snippet:-1, max-image-preview:large, max-video-preview:-1\" \/>\n<link rel=\"canonical\" href=\"https:\/\/blogs.granada.escolapiosemaus.org\/biblioteca\/2022\/03\/21\/21-de-marzo-dia-internacional-de-la-poesia\/\" \/>\n<meta property=\"og:locale\" content=\"es_ES\" \/>\n<meta property=\"og:type\" content=\"article\" \/>\n<meta property=\"og:title\" content=\"21 DE MARZO D\u00cdA INTERNACIONAL DE LA POES\u00cdA - Biblioteca Escolar - Escolapios Granada\" \/>\n<meta property=\"og:description\" content=\"Para conocer a G\u00f3ngora, os presentamos dos libritos muy did\u00e1cticos e ilustrados que os pueden interesar. Esten disponibles en nuestra biblioteca Luis de G\u00f3ngora.La fiesta de la lectura ( Antolog\u00eda po\u00e9tica) Antolog\u00eda po\u00e9tica dirigida al alumnado de ESO Luis de G\u00f3ngora.Los placeres de la palabra. Antolog\u00eda po\u00e9tica dirigida a los alumnos de Bachillerato A Don [&hellip;]\" \/>\n<meta property=\"og:url\" content=\"https:\/\/blogs.granada.escolapiosemaus.org\/biblioteca\/2022\/03\/21\/21-de-marzo-dia-internacional-de-la-poesia\/\" \/>\n<meta property=\"og:site_name\" content=\"Biblioteca Escolar - Escolapios Granada\" \/>\n<meta property=\"article:published_time\" content=\"2022-03-21T08:10:00+00:00\" \/>\n<meta property=\"og:image\" content=\"https:\/\/blogs.granada.escolapiosemaus.org\/biblioteca\/wp-content\/uploads\/sites\/18\/2014\/03\/D\u00eda-Internacional-de-la-poes\u00eda.-Blog-200x143.jpg\" \/>\n<meta name=\"author\" content=\"Encarna L\u00f3pez\" \/>\n<meta name=\"twitter:card\" content=\"summary_large_image\" \/>\n<meta name=\"twitter:label1\" content=\"Escrito por\" \/>\n\t<meta name=\"twitter:data1\" content=\"Encarna L\u00f3pez\" \/>\n\t<meta name=\"twitter:label2\" content=\"Tiempo de lectura\" \/>\n\t<meta name=\"twitter:data2\" content=\"1 minuto\" \/>\n<script type=\"application\/ld+json\" class=\"yoast-schema-graph\">{\"@context\":\"https:\/\/schema.org\",\"@graph\":[{\"@type\":\"Article\",\"@id\":\"https:\/\/blogs.granada.escolapiosemaus.org\/biblioteca\/2022\/03\/21\/21-de-marzo-dia-internacional-de-la-poesia\/#article\",\"isPartOf\":{\"@id\":\"https:\/\/blogs.granada.escolapiosemaus.org\/biblioteca\/2022\/03\/21\/21-de-marzo-dia-internacional-de-la-poesia\/\"},\"author\":{\"name\":\"Encarna L\u00f3pez\",\"@id\":\"https:\/\/blogs.granada.escolapiosemaus.org\/biblioteca\/#\/schema\/person\/539ef207bab7f990bb0ab333ae2ead2b\"},\"headline\":\"21 DE MARZO D\u00cdA INTERNACIONAL DE LA POES\u00cdA\",\"datePublished\":\"2022-03-21T08:10:00+00:00\",\"mainEntityOfPage\":{\"@id\":\"https:\/\/blogs.granada.escolapiosemaus.org\/biblioteca\/2022\/03\/21\/21-de-marzo-dia-internacional-de-la-poesia\/\"},\"wordCount\":242,\"commentCount\":0,\"articleSection\":[\"Autores destacados\",\"Efem\u00e9rides\",\"Poes\u00eda\",\"Semana del libro\"],\"inLanguage\":\"es\",\"potentialAction\":[{\"@type\":\"CommentAction\",\"name\":\"Comment\",\"target\":[\"https:\/\/blogs.granada.escolapiosemaus.org\/biblioteca\/2022\/03\/21\/21-de-marzo-dia-internacional-de-la-poesia\/#respond\"]}]},{\"@type\":\"WebPage\",\"@id\":\"https:\/\/blogs.granada.escolapiosemaus.org\/biblioteca\/2022\/03\/21\/21-de-marzo-dia-internacional-de-la-poesia\/\",\"url\":\"https:\/\/blogs.granada.escolapiosemaus.org\/biblioteca\/2022\/03\/21\/21-de-marzo-dia-internacional-de-la-poesia\/\",\"name\":\"21 DE MARZO D\u00cdA INTERNACIONAL DE LA POES\u00cdA - Biblioteca Escolar - Escolapios Granada\",\"isPartOf\":{\"@id\":\"https:\/\/blogs.granada.escolapiosemaus.org\/biblioteca\/#website\"},\"datePublished\":\"2022-03-21T08:10:00+00:00\",\"author\":{\"@id\":\"https:\/\/blogs.granada.escolapiosemaus.org\/biblioteca\/#\/schema\/person\/539ef207bab7f990bb0ab333ae2ead2b\"},\"breadcrumb\":{\"@id\":\"https:\/\/blogs.granada.escolapiosemaus.org\/biblioteca\/2022\/03\/21\/21-de-marzo-dia-internacional-de-la-poesia\/#breadcrumb\"},\"inLanguage\":\"es\",\"potentialAction\":[{\"@type\":\"ReadAction\",\"target\":[\"https:\/\/blogs.granada.escolapiosemaus.org\/biblioteca\/2022\/03\/21\/21-de-marzo-dia-internacional-de-la-poesia\/\"]}]},{\"@type\":\"BreadcrumbList\",\"@id\":\"https:\/\/blogs.granada.escolapiosemaus.org\/biblioteca\/2022\/03\/21\/21-de-marzo-dia-internacional-de-la-poesia\/#breadcrumb\",\"itemListElement\":[{\"@type\":\"ListItem\",\"position\":1,\"name\":\"Portada\",\"item\":\"https:\/\/blogs.granada.escolapiosemaus.org\/biblioteca\/\"},{\"@type\":\"ListItem\",\"position\":2,\"name\":\"21 DE MARZO D\u00cdA INTERNACIONAL DE LA POES\u00cdA\"}]},{\"@type\":\"WebSite\",\"@id\":\"https:\/\/blogs.granada.escolapiosemaus.org\/biblioteca\/#website\",\"url\":\"https:\/\/blogs.granada.escolapiosemaus.org\/biblioteca\/\",\"name\":\"Biblioteca Escolar - Escolapios Granada\",\"description\":\"Colegio Dulce Nombre de Mar\u00eda -PP.Escolapios- Granada\",\"potentialAction\":[{\"@type\":\"SearchAction\",\"target\":{\"@type\":\"EntryPoint\",\"urlTemplate\":\"https:\/\/blogs.granada.escolapiosemaus.org\/biblioteca\/?s={search_term_string}\"},\"query-input\":{\"@type\":\"PropertyValueSpecification\",\"valueRequired\":true,\"valueName\":\"search_term_string\"}}],\"inLanguage\":\"es\"},{\"@type\":\"Person\",\"@id\":\"https:\/\/blogs.granada.escolapiosemaus.org\/biblioteca\/#\/schema\/person\/539ef207bab7f990bb0ab333ae2ead2b\",\"name\":\"Encarna L\u00f3pez\",\"image\":{\"@type\":\"ImageObject\",\"inLanguage\":\"es\",\"@id\":\"https:\/\/blogs.granada.escolapiosemaus.org\/biblioteca\/#\/schema\/person\/image\/\",\"url\":\"https:\/\/secure.gravatar.com\/avatar\/2b177c2497e8c91c65f03aa86717c8f6?s=96&d=mm&r=g\",\"contentUrl\":\"https:\/\/secure.gravatar.com\/avatar\/2b177c2497e8c91c65f03aa86717c8f6?s=96&d=mm&r=g\",\"caption\":\"Encarna L\u00f3pez\"},\"sameAs\":[\"https:\/\/blogs.granada.escolapiosemaus.org\"],\"url\":\"https:\/\/blogs.granada.escolapiosemaus.org\/biblioteca\/author\/encarnalopez\/\"}]}<\/script>\n<!-- \/ Yoast SEO plugin. -->","yoast_head_json":{"title":"21 DE MARZO D\u00cdA INTERNACIONAL DE LA POES\u00cdA - Biblioteca Escolar - Escolapios Granada","robots":{"index":"index","follow":"follow","max-snippet":"max-snippet:-1","max-image-preview":"max-image-preview:large","max-video-preview":"max-video-preview:-1"},"canonical":"https:\/\/blogs.granada.escolapiosemaus.org\/biblioteca\/2022\/03\/21\/21-de-marzo-dia-internacional-de-la-poesia\/","og_locale":"es_ES","og_type":"article","og_title":"21 DE MARZO D\u00cdA INTERNACIONAL DE LA POES\u00cdA - Biblioteca Escolar - Escolapios Granada","og_description":"Para conocer a G\u00f3ngora, os presentamos dos libritos muy did\u00e1cticos e ilustrados que os pueden interesar. Esten disponibles en nuestra biblioteca Luis de G\u00f3ngora.La fiesta de la lectura ( Antolog\u00eda po\u00e9tica) Antolog\u00eda po\u00e9tica dirigida al alumnado de ESO Luis de G\u00f3ngora.Los placeres de la palabra. Antolog\u00eda po\u00e9tica dirigida a los alumnos de Bachillerato A Don [&hellip;]","og_url":"https:\/\/blogs.granada.escolapiosemaus.org\/biblioteca\/2022\/03\/21\/21-de-marzo-dia-internacional-de-la-poesia\/","og_site_name":"Biblioteca Escolar - Escolapios Granada","article_published_time":"2022-03-21T08:10:00+00:00","og_image":[{"url":"https:\/\/blogs.granada.escolapiosemaus.org\/biblioteca\/wp-content\/uploads\/sites\/18\/2014\/03\/D\u00eda-Internacional-de-la-poes\u00eda.-Blog-200x143.jpg","type":"","width":"","height":""}],"author":"Encarna L\u00f3pez","twitter_card":"summary_large_image","twitter_misc":{"Escrito por":"Encarna L\u00f3pez","Tiempo de lectura":"1 minuto"},"schema":{"@context":"https:\/\/schema.org","@graph":[{"@type":"Article","@id":"https:\/\/blogs.granada.escolapiosemaus.org\/biblioteca\/2022\/03\/21\/21-de-marzo-dia-internacional-de-la-poesia\/#article","isPartOf":{"@id":"https:\/\/blogs.granada.escolapiosemaus.org\/biblioteca\/2022\/03\/21\/21-de-marzo-dia-internacional-de-la-poesia\/"},"author":{"name":"Encarna L\u00f3pez","@id":"https:\/\/blogs.granada.escolapiosemaus.org\/biblioteca\/#\/schema\/person\/539ef207bab7f990bb0ab333ae2ead2b"},"headline":"21 DE MARZO D\u00cdA INTERNACIONAL DE LA POES\u00cdA","datePublished":"2022-03-21T08:10:00+00:00","mainEntityOfPage":{"@id":"https:\/\/blogs.granada.escolapiosemaus.org\/biblioteca\/2022\/03\/21\/21-de-marzo-dia-internacional-de-la-poesia\/"},"wordCount":242,"commentCount":0,"articleSection":["Autores destacados","Efem\u00e9rides","Poes\u00eda","Semana del libro"],"inLanguage":"es","potentialAction":[{"@type":"CommentAction","name":"Comment","target":["https:\/\/blogs.granada.escolapiosemaus.org\/biblioteca\/2022\/03\/21\/21-de-marzo-dia-internacional-de-la-poesia\/#respond"]}]},{"@type":"WebPage","@id":"https:\/\/blogs.granada.escolapiosemaus.org\/biblioteca\/2022\/03\/21\/21-de-marzo-dia-internacional-de-la-poesia\/","url":"https:\/\/blogs.granada.escolapiosemaus.org\/biblioteca\/2022\/03\/21\/21-de-marzo-dia-internacional-de-la-poesia\/","name":"21 DE MARZO D\u00cdA INTERNACIONAL DE LA POES\u00cdA - Biblioteca Escolar - Escolapios Granada","isPartOf":{"@id":"https:\/\/blogs.granada.escolapiosemaus.org\/biblioteca\/#website"},"datePublished":"2022-03-21T08:10:00+00:00","author":{"@id":"https:\/\/blogs.granada.escolapiosemaus.org\/biblioteca\/#\/schema\/person\/539ef207bab7f990bb0ab333ae2ead2b"},"breadcrumb":{"@id":"https:\/\/blogs.granada.escolapiosemaus.org\/biblioteca\/2022\/03\/21\/21-de-marzo-dia-internacional-de-la-poesia\/#breadcrumb"},"inLanguage":"es","potentialAction":[{"@type":"ReadAction","target":["https:\/\/blogs.granada.escolapiosemaus.org\/biblioteca\/2022\/03\/21\/21-de-marzo-dia-internacional-de-la-poesia\/"]}]},{"@type":"BreadcrumbList","@id":"https:\/\/blogs.granada.escolapiosemaus.org\/biblioteca\/2022\/03\/21\/21-de-marzo-dia-internacional-de-la-poesia\/#breadcrumb","itemListElement":[{"@type":"ListItem","position":1,"name":"Portada","item":"https:\/\/blogs.granada.escolapiosemaus.org\/biblioteca\/"},{"@type":"ListItem","position":2,"name":"21 DE MARZO D\u00cdA INTERNACIONAL DE LA POES\u00cdA"}]},{"@type":"WebSite","@id":"https:\/\/blogs.granada.escolapiosemaus.org\/biblioteca\/#website","url":"https:\/\/blogs.granada.escolapiosemaus.org\/biblioteca\/","name":"Biblioteca Escolar - Escolapios Granada","description":"Colegio Dulce Nombre de Mar\u00eda -PP.Escolapios- Granada","potentialAction":[{"@type":"SearchAction","target":{"@type":"EntryPoint","urlTemplate":"https:\/\/blogs.granada.escolapiosemaus.org\/biblioteca\/?s={search_term_string}"},"query-input":{"@type":"PropertyValueSpecification","valueRequired":true,"valueName":"search_term_string"}}],"inLanguage":"es"},{"@type":"Person","@id":"https:\/\/blogs.granada.escolapiosemaus.org\/biblioteca\/#\/schema\/person\/539ef207bab7f990bb0ab333ae2ead2b","name":"Encarna L\u00f3pez","image":{"@type":"ImageObject","inLanguage":"es","@id":"https:\/\/blogs.granada.escolapiosemaus.org\/biblioteca\/#\/schema\/person\/image\/","url":"https:\/\/secure.gravatar.com\/avatar\/2b177c2497e8c91c65f03aa86717c8f6?s=96&d=mm&r=g","contentUrl":"https:\/\/secure.gravatar.com\/avatar\/2b177c2497e8c91c65f03aa86717c8f6?s=96&d=mm&r=g","caption":"Encarna L\u00f3pez"},"sameAs":["https:\/\/blogs.granada.escolapiosemaus.org"],"url":"https:\/\/blogs.granada.escolapiosemaus.org\/biblioteca\/author\/encarnalopez\/"}]}},"jetpack_publicize_connections":[],"jetpack_featured_media_url":"","jetpack_sharing_enabled":true,"jetpack_shortlink":"https:\/\/wp.me\/p8qkgn-M","jetpack-related-posts":[],"_links":{"self":[{"href":"https:\/\/blogs.granada.escolapiosemaus.org\/biblioteca\/wp-json\/wp\/v2\/posts\/48","targetHints":{"allow":["GET"]}}],"collection":[{"href":"https:\/\/blogs.granada.escolapiosemaus.org\/biblioteca\/wp-json\/wp\/v2\/posts"}],"about":[{"href":"https:\/\/blogs.granada.escolapiosemaus.org\/biblioteca\/wp-json\/wp\/v2\/types\/post"}],"author":[{"embeddable":true,"href":"https:\/\/blogs.granada.escolapiosemaus.org\/biblioteca\/wp-json\/wp\/v2\/users\/20"}],"replies":[{"embeddable":true,"href":"https:\/\/blogs.granada.escolapiosemaus.org\/biblioteca\/wp-json\/wp\/v2\/comments?post=48"}],"version-history":[{"count":5,"href":"https:\/\/blogs.granada.escolapiosemaus.org\/biblioteca\/wp-json\/wp\/v2\/posts\/48\/revisions"}],"predecessor-version":[{"id":3240,"href":"https:\/\/blogs.granada.escolapiosemaus.org\/biblioteca\/wp-json\/wp\/v2\/posts\/48\/revisions\/3240"}],"wp:attachment":[{"href":"https:\/\/blogs.granada.escolapiosemaus.org\/biblioteca\/wp-json\/wp\/v2\/media?parent=48"}],"wp:term":[{"taxonomy":"category","embeddable":true,"href":"https:\/\/blogs.granada.escolapiosemaus.org\/biblioteca\/wp-json\/wp\/v2\/categories?post=48"},{"taxonomy":"post_tag","embeddable":true,"href":"https:\/\/blogs.granada.escolapiosemaus.org\/biblioteca\/wp-json\/wp\/v2\/tags?post=48"}],"curies":[{"name":"wp","href":"https:\/\/api.w.org\/{rel}","templated":true}]}}