{"id":3612,"date":"2025-11-25T11:32:09","date_gmt":"2025-11-25T10:32:09","guid":{"rendered":"http:\/\/blogs.granada.escolapiosemaus.org\/biblioteca\/?p=3612"},"modified":"2025-11-25T10:09:46","modified_gmt":"2025-11-25T09:09:46","slug":"te-cuento-mariposa-2","status":"publish","type":"post","link":"https:\/\/blogs.granada.escolapiosemaus.org\/biblioteca\/2025\/11\/25\/te-cuento-mariposa-2\/","title":{"rendered":"Te cuento, Mariposa..."},"content":{"rendered":"<p>El 25 de noviembre se celebra el D\u00eda contra la Violencia de G\u00e9nero.<\/p>\n<p>Compartimos estas lecturas y recursos para reflexionar<\/p>\n<div>\n<div>\n<div>\n<div>https:\/\/radialistas.net\/un-revoloteo-de-mariposas\/<\/div>\n<\/div>\n<\/div>\n<div>\n<div>\n<div>\n<div>\n<div>\n<div><a title=\"https:\/\/www.youtube.com\/watch?v=y_c1tu1zgci\" href=\"https:\/\/www.youtube.com\/watch?v=Y_c1Tu1zgcI\">https:\/\/www.youtube.com\/watch?v=Y_c1Tu1zgcI<\/a><\/div>\n<\/div>\n<\/div>\n<\/div>\n<\/div>\n<\/div>\n<div>\n<div>\n<div>\n<div>\n<div>\n<div><a title=\"https:\/\/www.youtube.com\/watch?v=mnisa_popaw\" href=\"https:\/\/www.youtube.com\/watch?v=MNiSa_pOPAw\">https:\/\/www.youtube.com\/watch?v=MNiSa_pOPAw<\/a><\/div>\n<\/div>\n<\/div>\n<\/div>\n<\/div>\n<\/div>\n<div>\n<div>\n<div>\n<div>\n<div>\n<div><a title=\"https:\/\/www.youtube.com\/watch?v=iigyva5xftw\" href=\"https:\/\/www.youtube.com\/watch?v=IIGyVa5Xftw\">https:\/\/www.youtube.com\/watch?v=IIGyVa5Xftw<\/a><\/div>\n<\/div>\n<\/div>\n<\/div>\n<\/div>\n<\/div>\n<div>\n<div>\n<div>\n<div>\n<div>\n<div><a title=\"https:\/\/www.youtube.com\/watch?v=vprifkywecu\" href=\"https:\/\/www.youtube.com\/watch?v=vpRiFKYweCU\">https:\/\/www.youtube.com\/watch?v=vpRiFKYweCU<\/a>[<\/div>\n<\/div>\n<\/div>\n<\/div>\n<\/div>\n<\/div>\n<div>\n<div>\n<div>\n<div>\n<div>\n<div><a title=\"https:\/\/www.youtube.com\/watch?v=1fxk35mzt28&amp;app=desdktop\" href=\"https:\/\/www.youtube.com\/watch?v=1FXk35Mzt28&amp;app=desdktop\">https:\/\/www.youtube.com\/watch?v=1FXk35Mzt28&amp;app=desdktop<\/a><\/div>\n<\/div>\n<\/div>\n<\/div>\n<\/div>\n<\/div>\n<div>\n<div>\n<div>\n<div>\n<div>\n<div><a title=\"http:\/\/contranoviazgosviolentos.blogspot.com\/\" href=\"http:\/\/contranoviazgosviolentos.blogspot.com\/\">http:\/\/contranoviazgosviolentos.blogspot.com\/<\/a><\/div>\n<\/div>\n<\/div>\n<\/div>\n<\/div>\n<\/div>\n<div>\u200b<a title=\"http:\/\/defensadelpublico.gob.ar\/producciones-para-promover-la-equidad-de-genero-en-radio-y-television\/\" href=\"http:\/\/defensadelpublico.gob.ar\/producciones-para-promover-la-equidad-de-genero-en-radio-y-television\/\">http:\/\/defensadelpublico.gob.ar\/producciones-para-promover-la-equidad-de-genero-en-radio-y-television\/<\/a><\/div>\n<div>\n<div>\n<div>\n<div>\n<div>\n<div><a title=\"https:\/\/www.youtube.com\/watch?v=jreyzzk5mae\" href=\"https:\/\/www.youtube.com\/watch?v=JrEYZZk5MAE\">https:\/\/www.youtube.com\/watch?v=JrEYZZk5MAE<\/a><\/div>\n<\/div>\n<\/div>\n<\/div>\n<\/div>\n<div>\n<div>\n<div><\/div>\n<\/div>\n<\/div>\n<\/div>\n<div>\n<div>\n<div>\n<div>\n<div>\n<div><a title=\"https:\/\/www.eldiario.es\/sociedad\/brecha-premios-nobel-concedidos-mujeres_0_404909688.html\" href=\"https:\/\/www.eldiario.es\/sociedad\/brecha-premios-Nobel-concedidos-mujeres_0_404909688.html\">https:\/\/www.eldiario.es\/sociedad\/brecha-premios-Nobel-concedidos-mujeres_0_404909688.html<\/a><\/div>\n<\/div>\n<\/div>\n<\/div>\n<\/div>\n<div>\n<div>\n<div>\n<div title=\"Los Premios Nobel son el Nobel del machismo\">Los Premios Nobel son el Nobel del machismo<\/div>\n<div title=\"Desde 1901, solo 47 mujeres han recibido el galard\u00f3n frente a 815 hombres, lo que representa un 5,28% del total de premiadosLas categor\u00edas que menos reconocen a mujeres son F\u00edsica, Qu\u00edmica y Econom...\">Desde 1901, solo 47 mujeres han recibido el galard\u00f3n frente a 815 hombres, lo que representa un 5,28% del total de premiados Las categor\u00edas que menos reconocen a mujeres son F\u00edsica, Qu\u00edmica y Econom...<\/div>\n<\/div>\n<div>www.eldiario.es<\/div>\n<div><\/div>\n<div><a href=\"https:\/\/i0.wp.com\/blogs.granada.escolapiosemaus.org\/biblioteca\/wp-content\/uploads\/sites\/18\/2019\/12\/20191125_102859.jpg?ssl=1\"><img data-recalc-dims=\"1\" loading=\"lazy\" decoding=\"async\" data-attachment-id=\"2275\" data-permalink=\"https:\/\/blogs.granada.escolapiosemaus.org\/biblioteca\/2020\/11\/25\/te-cuento-mariposa\/20191125_102859\/\" data-orig-file=\"https:\/\/i0.wp.com\/blogs.granada.escolapiosemaus.org\/biblioteca\/wp-content\/uploads\/sites\/18\/2019\/12\/20191125_102859.jpg?fit=2560%2C1536&amp;ssl=1\" data-orig-size=\"2560,1536\" data-comments-opened=\"1\" data-image-meta=\"{&quot;aperture&quot;:&quot;2.6&quot;,&quot;credit&quot;:&quot;&quot;,&quot;camera&quot;:&quot;GT-I8200&quot;,&quot;caption&quot;:&quot;&quot;,&quot;created_timestamp&quot;:&quot;1574677739&quot;,&quot;copyright&quot;:&quot;&quot;,&quot;focal_length&quot;:&quot;3.31&quot;,&quot;iso&quot;:&quot;100&quot;,&quot;shutter_speed&quot;:&quot;0.071426391601562&quot;,&quot;title&quot;:&quot;&quot;,&quot;orientation&quot;:&quot;1&quot;}\" data-image-title=\"20191125_102859\" data-image-description=\"\" data-image-caption=\"\" data-medium-file=\"https:\/\/i0.wp.com\/blogs.granada.escolapiosemaus.org\/biblioteca\/wp-content\/uploads\/sites\/18\/2019\/12\/20191125_102859.jpg?fit=300%2C180&amp;ssl=1\" data-large-file=\"https:\/\/i0.wp.com\/blogs.granada.escolapiosemaus.org\/biblioteca\/wp-content\/uploads\/sites\/18\/2019\/12\/20191125_102859.jpg?fit=600%2C360&amp;ssl=1\" class=\"alignnone size-medium wp-image-2275\" src=\"https:\/\/i0.wp.com\/blogs.granada.escolapiosemaus.org\/biblioteca\/wp-content\/uploads\/sites\/18\/2019\/12\/20191125_102859.jpg?resize=300%2C180&#038;ssl=1\" alt=\"\" width=\"300\" height=\"180\" srcset=\"https:\/\/i0.wp.com\/blogs.granada.escolapiosemaus.org\/biblioteca\/wp-content\/uploads\/sites\/18\/2019\/12\/20191125_102859.jpg?resize=300%2C180&amp;ssl=1 300w, https:\/\/i0.wp.com\/blogs.granada.escolapiosemaus.org\/biblioteca\/wp-content\/uploads\/sites\/18\/2019\/12\/20191125_102859.jpg?resize=768%2C461&amp;ssl=1 768w, https:\/\/i0.wp.com\/blogs.granada.escolapiosemaus.org\/biblioteca\/wp-content\/uploads\/sites\/18\/2019\/12\/20191125_102859.jpg?resize=1024%2C614&amp;ssl=1 1024w, https:\/\/i0.wp.com\/blogs.granada.escolapiosemaus.org\/biblioteca\/wp-content\/uploads\/sites\/18\/2019\/12\/20191125_102859.jpg?resize=200%2C120&amp;ssl=1 200w, https:\/\/i0.wp.com\/blogs.granada.escolapiosemaus.org\/biblioteca\/wp-content\/uploads\/sites\/18\/2019\/12\/20191125_102859.jpg?w=1200&amp;ssl=1 1200w, https:\/\/i0.wp.com\/blogs.granada.escolapiosemaus.org\/biblioteca\/wp-content\/uploads\/sites\/18\/2019\/12\/20191125_102859.jpg?w=1800&amp;ssl=1 1800w\" sizes=\"auto, (max-width: 300px) 100vw, 300px\" \/><\/a><a href=\"https:\/\/i0.wp.com\/blogs.granada.escolapiosemaus.org\/biblioteca\/wp-content\/uploads\/sites\/18\/2019\/12\/20191125_095949-min.jpg?ssl=1\"><img data-recalc-dims=\"1\" loading=\"lazy\" decoding=\"async\" data-attachment-id=\"2277\" data-permalink=\"https:\/\/blogs.granada.escolapiosemaus.org\/biblioteca\/2020\/11\/25\/te-cuento-mariposa\/20191125_095949-min\/\" data-orig-file=\"https:\/\/i0.wp.com\/blogs.granada.escolapiosemaus.org\/biblioteca\/wp-content\/uploads\/sites\/18\/2019\/12\/20191125_095949-min.jpg?fit=2560%2C1536&amp;ssl=1\" data-orig-size=\"2560,1536\" data-comments-opened=\"1\" data-image-meta=\"{&quot;aperture&quot;:&quot;0&quot;,&quot;credit&quot;:&quot;&quot;,&quot;camera&quot;:&quot;&quot;,&quot;caption&quot;:&quot;&quot;,&quot;created_timestamp&quot;:&quot;0&quot;,&quot;copyright&quot;:&quot;&quot;,&quot;focal_length&quot;:&quot;0&quot;,&quot;iso&quot;:&quot;0&quot;,&quot;shutter_speed&quot;:&quot;0&quot;,&quot;title&quot;:&quot;&quot;,&quot;orientation&quot;:&quot;0&quot;}\" data-image-title=\"20191125_095949-min\" data-image-description=\"\" data-image-caption=\"\" data-medium-file=\"https:\/\/i0.wp.com\/blogs.granada.escolapiosemaus.org\/biblioteca\/wp-content\/uploads\/sites\/18\/2019\/12\/20191125_095949-min.jpg?fit=300%2C180&amp;ssl=1\" data-large-file=\"https:\/\/i0.wp.com\/blogs.granada.escolapiosemaus.org\/biblioteca\/wp-content\/uploads\/sites\/18\/2019\/12\/20191125_095949-min.jpg?fit=600%2C360&amp;ssl=1\" class=\"alignnone size-medium wp-image-2277\" src=\"https:\/\/i0.wp.com\/blogs.granada.escolapiosemaus.org\/biblioteca\/wp-content\/uploads\/sites\/18\/2019\/12\/20191125_095949-min.jpg?resize=300%2C180&#038;ssl=1\" alt=\"\" width=\"300\" height=\"180\" srcset=\"https:\/\/i0.wp.com\/blogs.granada.escolapiosemaus.org\/biblioteca\/wp-content\/uploads\/sites\/18\/2019\/12\/20191125_095949-min.jpg?resize=300%2C180&amp;ssl=1 300w, https:\/\/i0.wp.com\/blogs.granada.escolapiosemaus.org\/biblioteca\/wp-content\/uploads\/sites\/18\/2019\/12\/20191125_095949-min.jpg?resize=768%2C461&amp;ssl=1 768w, https:\/\/i0.wp.com\/blogs.granada.escolapiosemaus.org\/biblioteca\/wp-content\/uploads\/sites\/18\/2019\/12\/20191125_095949-min.jpg?resize=1024%2C614&amp;ssl=1 1024w, https:\/\/i0.wp.com\/blogs.granada.escolapiosemaus.org\/biblioteca\/wp-content\/uploads\/sites\/18\/2019\/12\/20191125_095949-min.jpg?resize=200%2C120&amp;ssl=1 200w, https:\/\/i0.wp.com\/blogs.granada.escolapiosemaus.org\/biblioteca\/wp-content\/uploads\/sites\/18\/2019\/12\/20191125_095949-min.jpg?w=1200&amp;ssl=1 1200w, https:\/\/i0.wp.com\/blogs.granada.escolapiosemaus.org\/biblioteca\/wp-content\/uploads\/sites\/18\/2019\/12\/20191125_095949-min.jpg?w=1800&amp;ssl=1 1800w\" sizes=\"auto, (max-width: 300px) 100vw, 300px\" \/><\/a><a href=\"https:\/\/i0.wp.com\/blogs.granada.escolapiosemaus.org\/biblioteca\/wp-content\/uploads\/sites\/18\/2019\/12\/20191125_095939-min.jpg?ssl=1\"><img data-recalc-dims=\"1\" loading=\"lazy\" decoding=\"async\" data-attachment-id=\"2278\" data-permalink=\"https:\/\/blogs.granada.escolapiosemaus.org\/biblioteca\/2020\/11\/25\/te-cuento-mariposa\/20191125_095939-min\/\" data-orig-file=\"https:\/\/i0.wp.com\/blogs.granada.escolapiosemaus.org\/biblioteca\/wp-content\/uploads\/sites\/18\/2019\/12\/20191125_095939-min.jpg?fit=2560%2C1536&amp;ssl=1\" data-orig-size=\"2560,1536\" data-comments-opened=\"1\" data-image-meta=\"{&quot;aperture&quot;:&quot;0&quot;,&quot;credit&quot;:&quot;&quot;,&quot;camera&quot;:&quot;&quot;,&quot;caption&quot;:&quot;&quot;,&quot;created_timestamp&quot;:&quot;0&quot;,&quot;copyright&quot;:&quot;&quot;,&quot;focal_length&quot;:&quot;0&quot;,&quot;iso&quot;:&quot;0&quot;,&quot;shutter_speed&quot;:&quot;0&quot;,&quot;title&quot;:&quot;&quot;,&quot;orientation&quot;:&quot;0&quot;}\" data-image-title=\"20191125_095939-min\" data-image-description=\"\" data-image-caption=\"\" data-medium-file=\"https:\/\/i0.wp.com\/blogs.granada.escolapiosemaus.org\/biblioteca\/wp-content\/uploads\/sites\/18\/2019\/12\/20191125_095939-min.jpg?fit=300%2C180&amp;ssl=1\" data-large-file=\"https:\/\/i0.wp.com\/blogs.granada.escolapiosemaus.org\/biblioteca\/wp-content\/uploads\/sites\/18\/2019\/12\/20191125_095939-min.jpg?fit=600%2C360&amp;ssl=1\" class=\"alignnone size-medium wp-image-2278\" src=\"https:\/\/i0.wp.com\/blogs.granada.escolapiosemaus.org\/biblioteca\/wp-content\/uploads\/sites\/18\/2019\/12\/20191125_095939-min.jpg?resize=300%2C180&#038;ssl=1\" alt=\"\" width=\"300\" height=\"180\" srcset=\"https:\/\/i0.wp.com\/blogs.granada.escolapiosemaus.org\/biblioteca\/wp-content\/uploads\/sites\/18\/2019\/12\/20191125_095939-min.jpg?resize=300%2C180&amp;ssl=1 300w, https:\/\/i0.wp.com\/blogs.granada.escolapiosemaus.org\/biblioteca\/wp-content\/uploads\/sites\/18\/2019\/12\/20191125_095939-min.jpg?resize=768%2C461&amp;ssl=1 768w, https:\/\/i0.wp.com\/blogs.granada.escolapiosemaus.org\/biblioteca\/wp-content\/uploads\/sites\/18\/2019\/12\/20191125_095939-min.jpg?resize=1024%2C614&amp;ssl=1 1024w, https:\/\/i0.wp.com\/blogs.granada.escolapiosemaus.org\/biblioteca\/wp-content\/uploads\/sites\/18\/2019\/12\/20191125_095939-min.jpg?resize=200%2C120&amp;ssl=1 200w, https:\/\/i0.wp.com\/blogs.granada.escolapiosemaus.org\/biblioteca\/wp-content\/uploads\/sites\/18\/2019\/12\/20191125_095939-min.jpg?w=1200&amp;ssl=1 1200w, https:\/\/i0.wp.com\/blogs.granada.escolapiosemaus.org\/biblioteca\/wp-content\/uploads\/sites\/18\/2019\/12\/20191125_095939-min.jpg?w=1800&amp;ssl=1 1800w\" sizes=\"auto, (max-width: 300px) 100vw, 300px\" \/><\/a><\/div>\n<\/div>\n<\/div>\n<\/div>\n<\/div>\n","protected":false},"excerpt":{"rendered":"<p>El 25 de noviembre se celebra el D\u00eda contra la Violencia de G\u00e9nero. Compartimos estas lecturas y recursos para reflexionar https:\/\/radialistas.net\/un-revoloteo-de-mariposas\/ https:\/\/www.youtube.com\/watch?v=Y_c1Tu1zgcI https:\/\/www.youtube.com\/watch?v=MNiSa_pOPAw https:\/\/www.youtube.com\/watch?v=IIGyVa5Xftw https:\/\/www.youtube.com\/watch?v=vpRiFKYweCU[ https:\/\/www.youtube.com\/watch?v=1FXk35Mzt28&amp;app=desdktop http:\/\/contranoviazgosviolentos.blogspot.com\/ \u200bhttp:\/\/defensadelpublico.gob.ar\/producciones-para-promover-la-equidad-de-genero-en-radio-y-television\/ https:\/\/www.youtube.com\/watch?v=JrEYZZk5MAE https:\/\/www.eldiario.es\/sociedad\/brecha-premios-Nobel-concedidos-mujeres_0_404909688.html Los Premios Nobel son el Nobel del machismo Desde 1901, solo 47 mujeres han recibido el galard\u00f3n frente a 815 hombres, lo que representa un [&hellip;]<\/p>\n","protected":false},"author":20,"featured_media":0,"comment_status":"open","ping_status":"open","sticky":false,"template":"","format":"standard","meta":{"_monsterinsights_skip_tracking":false,"_monsterinsights_sitenote_active":false,"_monsterinsights_sitenote_note":"","_monsterinsights_sitenote_category":0,"jetpack_post_was_ever_published":false,"_jetpack_newsletter_access":"","_jetpack_dont_email_post_to_subs":false,"_jetpack_newsletter_tier_id":0,"_jetpack_memberships_contains_paywalled_content":false,"_jetpack_memberships_contains_paid_content":false,"footnotes":"","jetpack_publicize_message":"","jetpack_publicize_feature_enabled":true,"jetpack_social_post_already_shared":true,"jetpack_social_options":{"image_generator_settings":{"template":"highway","default_image_id":0,"font":"","enabled":false},"version":2}},"categories":[108,24,161,110,63,117,23,15],"tags":[124,86,105,106],"class_list":["post-3612","post","type-post","status-publish","format-standard","hentry","category-actividades","category-aniversarios","category-coeducacion-igualdad","category-dia-de-la-mujer","category-efemerides","category-enlaces-de-interes","category-fotos","category-mujer","tag-biblioteca-escolar","tag-dia-de-la-mujer","tag-escolapios","tag-granada"],"yoast_head":"<!-- This site is optimized with the Yoast SEO plugin v26.8 - https:\/\/yoast.com\/product\/yoast-seo-wordpress\/ -->\n<title>Te cuento, Mariposa... - Biblioteca Escolar - Escolapios Granada<\/title>\n<meta name=\"robots\" content=\"index, follow, max-snippet:-1, max-image-preview:large, max-video-preview:-1\" \/>\n<link rel=\"canonical\" href=\"https:\/\/blogs.granada.escolapiosemaus.org\/biblioteca\/2025\/11\/25\/te-cuento-mariposa-2\/\" \/>\n<meta property=\"og:locale\" content=\"es_ES\" \/>\n<meta property=\"og:type\" content=\"article\" \/>\n<meta property=\"og:title\" content=\"Te cuento, Mariposa... - Biblioteca Escolar - Escolapios Granada\" \/>\n<meta property=\"og:description\" content=\"El 25 de noviembre se celebra el D\u00eda contra la Violencia de G\u00e9nero. Compartimos estas lecturas y recursos para reflexionar https:\/\/radialistas.net\/un-revoloteo-de-mariposas\/ https:\/\/www.youtube.com\/watch?v=Y_c1Tu1zgcI https:\/\/www.youtube.com\/watch?v=MNiSa_pOPAw https:\/\/www.youtube.com\/watch?v=IIGyVa5Xftw https:\/\/www.youtube.com\/watch?v=vpRiFKYweCU[ https:\/\/www.youtube.com\/watch?v=1FXk35Mzt28&amp;app=desdktop http:\/\/contranoviazgosviolentos.blogspot.com\/ \u200bhttp:\/\/defensadelpublico.gob.ar\/producciones-para-promover-la-equidad-de-genero-en-radio-y-television\/ https:\/\/www.youtube.com\/watch?v=JrEYZZk5MAE https:\/\/www.eldiario.es\/sociedad\/brecha-premios-Nobel-concedidos-mujeres_0_404909688.html Los Premios Nobel son el Nobel del machismo Desde 1901, solo 47 mujeres han recibido el galard\u00f3n frente a 815 hombres, lo que representa un [&hellip;]\" \/>\n<meta property=\"og:url\" content=\"https:\/\/blogs.granada.escolapiosemaus.org\/biblioteca\/2025\/11\/25\/te-cuento-mariposa-2\/\" \/>\n<meta property=\"og:site_name\" content=\"Biblioteca Escolar - Escolapios Granada\" \/>\n<meta property=\"article:published_time\" content=\"2025-11-25T10:32:09+00:00\" \/>\n<meta property=\"og:image\" content=\"https:\/\/blogs.granada.escolapiosemaus.org\/biblioteca\/wp-content\/uploads\/sites\/18\/2019\/12\/20191125_102859-300x180.jpg\" \/>\n<meta name=\"author\" content=\"Encarna L\u00f3pez\" \/>\n<meta name=\"twitter:card\" content=\"summary_large_image\" \/>\n<meta name=\"twitter:label1\" content=\"Escrito por\" \/>\n\t<meta name=\"twitter:data1\" content=\"Encarna L\u00f3pez\" \/>\n\t<meta name=\"twitter:label2\" content=\"Tiempo de lectura\" \/>\n\t<meta name=\"twitter:data2\" content=\"1 minuto\" \/>\n<script type=\"application\/ld+json\" class=\"yoast-schema-graph\">{\"@context\":\"https:\/\/schema.org\",\"@graph\":[{\"@type\":\"Article\",\"@id\":\"https:\/\/blogs.granada.escolapiosemaus.org\/biblioteca\/2025\/11\/25\/te-cuento-mariposa-2\/#article\",\"isPartOf\":{\"@id\":\"https:\/\/blogs.granada.escolapiosemaus.org\/biblioteca\/2025\/11\/25\/te-cuento-mariposa-2\/\"},\"author\":{\"name\":\"Encarna L\u00f3pez\",\"@id\":\"https:\/\/blogs.granada.escolapiosemaus.org\/biblioteca\/#\/schema\/person\/539ef207bab7f990bb0ab333ae2ead2b\"},\"headline\":\"Te cuento, Mariposa...\",\"datePublished\":\"2025-11-25T10:32:09+00:00\",\"mainEntityOfPage\":{\"@id\":\"https:\/\/blogs.granada.escolapiosemaus.org\/biblioteca\/2025\/11\/25\/te-cuento-mariposa-2\/\"},\"wordCount\":141,\"commentCount\":0,\"image\":{\"@id\":\"https:\/\/blogs.granada.escolapiosemaus.org\/biblioteca\/2025\/11\/25\/te-cuento-mariposa-2\/#primaryimage\"},\"thumbnailUrl\":\"https:\/\/blogs.granada.escolapiosemaus.org\/biblioteca\/wp-content\/uploads\/sites\/18\/2019\/12\/20191125_102859-300x180.jpg\",\"keywords\":[\"biblioteca escolar\",\"D\u00eda de la mujer\",\"Escolapios\",\"Granada\"],\"articleSection\":[\"Actividades\",\"Aniversarios\",\"Coeducaci\u00f3n. Igualdad\",\"D\u00eda de la mujer\",\"Efem\u00e9rides\",\"Enlaces de inter\u00e9s\",\"Fotos\",\"Mujer\"],\"inLanguage\":\"es\",\"potentialAction\":[{\"@type\":\"CommentAction\",\"name\":\"Comment\",\"target\":[\"https:\/\/blogs.granada.escolapiosemaus.org\/biblioteca\/2025\/11\/25\/te-cuento-mariposa-2\/#respond\"]}]},{\"@type\":\"WebPage\",\"@id\":\"https:\/\/blogs.granada.escolapiosemaus.org\/biblioteca\/2025\/11\/25\/te-cuento-mariposa-2\/\",\"url\":\"https:\/\/blogs.granada.escolapiosemaus.org\/biblioteca\/2025\/11\/25\/te-cuento-mariposa-2\/\",\"name\":\"Te cuento, Mariposa... - Biblioteca Escolar - Escolapios Granada\",\"isPartOf\":{\"@id\":\"https:\/\/blogs.granada.escolapiosemaus.org\/biblioteca\/#website\"},\"primaryImageOfPage\":{\"@id\":\"https:\/\/blogs.granada.escolapiosemaus.org\/biblioteca\/2025\/11\/25\/te-cuento-mariposa-2\/#primaryimage\"},\"image\":{\"@id\":\"https:\/\/blogs.granada.escolapiosemaus.org\/biblioteca\/2025\/11\/25\/te-cuento-mariposa-2\/#primaryimage\"},\"thumbnailUrl\":\"https:\/\/blogs.granada.escolapiosemaus.org\/biblioteca\/wp-content\/uploads\/sites\/18\/2019\/12\/20191125_102859-300x180.jpg\",\"datePublished\":\"2025-11-25T10:32:09+00:00\",\"author\":{\"@id\":\"https:\/\/blogs.granada.escolapiosemaus.org\/biblioteca\/#\/schema\/person\/539ef207bab7f990bb0ab333ae2ead2b\"},\"breadcrumb\":{\"@id\":\"https:\/\/blogs.granada.escolapiosemaus.org\/biblioteca\/2025\/11\/25\/te-cuento-mariposa-2\/#breadcrumb\"},\"inLanguage\":\"es\",\"potentialAction\":[{\"@type\":\"ReadAction\",\"target\":[\"https:\/\/blogs.granada.escolapiosemaus.org\/biblioteca\/2025\/11\/25\/te-cuento-mariposa-2\/\"]}]},{\"@type\":\"ImageObject\",\"inLanguage\":\"es\",\"@id\":\"https:\/\/blogs.granada.escolapiosemaus.org\/biblioteca\/2025\/11\/25\/te-cuento-mariposa-2\/#primaryimage\",\"url\":\"https:\/\/i0.wp.com\/blogs.granada.escolapiosemaus.org\/biblioteca\/wp-content\/uploads\/sites\/18\/2019\/12\/20191125_102859.jpg?fit=2560%2C1536&ssl=1\",\"contentUrl\":\"https:\/\/i0.wp.com\/blogs.granada.escolapiosemaus.org\/biblioteca\/wp-content\/uploads\/sites\/18\/2019\/12\/20191125_102859.jpg?fit=2560%2C1536&ssl=1\",\"width\":2560,\"height\":1536},{\"@type\":\"BreadcrumbList\",\"@id\":\"https:\/\/blogs.granada.escolapiosemaus.org\/biblioteca\/2025\/11\/25\/te-cuento-mariposa-2\/#breadcrumb\",\"itemListElement\":[{\"@type\":\"ListItem\",\"position\":1,\"name\":\"Portada\",\"item\":\"https:\/\/blogs.granada.escolapiosemaus.org\/biblioteca\/\"},{\"@type\":\"ListItem\",\"position\":2,\"name\":\"Te cuento, Mariposa...\"}]},{\"@type\":\"WebSite\",\"@id\":\"https:\/\/blogs.granada.escolapiosemaus.org\/biblioteca\/#website\",\"url\":\"https:\/\/blogs.granada.escolapiosemaus.org\/biblioteca\/\",\"name\":\"Biblioteca Escolar - Escolapios Granada\",\"description\":\"Colegio Dulce Nombre de Mar\u00eda -PP.Escolapios- Granada\",\"potentialAction\":[{\"@type\":\"SearchAction\",\"target\":{\"@type\":\"EntryPoint\",\"urlTemplate\":\"https:\/\/blogs.granada.escolapiosemaus.org\/biblioteca\/?s={search_term_string}\"},\"query-input\":{\"@type\":\"PropertyValueSpecification\",\"valueRequired\":true,\"valueName\":\"search_term_string\"}}],\"inLanguage\":\"es\"},{\"@type\":\"Person\",\"@id\":\"https:\/\/blogs.granada.escolapiosemaus.org\/biblioteca\/#\/schema\/person\/539ef207bab7f990bb0ab333ae2ead2b\",\"name\":\"Encarna L\u00f3pez\",\"image\":{\"@type\":\"ImageObject\",\"inLanguage\":\"es\",\"@id\":\"https:\/\/blogs.granada.escolapiosemaus.org\/biblioteca\/#\/schema\/person\/image\/\",\"url\":\"https:\/\/secure.gravatar.com\/avatar\/2b177c2497e8c91c65f03aa86717c8f6?s=96&d=mm&r=g\",\"contentUrl\":\"https:\/\/secure.gravatar.com\/avatar\/2b177c2497e8c91c65f03aa86717c8f6?s=96&d=mm&r=g\",\"caption\":\"Encarna L\u00f3pez\"},\"sameAs\":[\"https:\/\/blogs.granada.escolapiosemaus.org\"],\"url\":\"https:\/\/blogs.granada.escolapiosemaus.org\/biblioteca\/author\/encarnalopez\/\"}]}<\/script>\n<!-- \/ Yoast SEO plugin. -->","yoast_head_json":{"title":"Te cuento, Mariposa... - Biblioteca Escolar - Escolapios Granada","robots":{"index":"index","follow":"follow","max-snippet":"max-snippet:-1","max-image-preview":"max-image-preview:large","max-video-preview":"max-video-preview:-1"},"canonical":"https:\/\/blogs.granada.escolapiosemaus.org\/biblioteca\/2025\/11\/25\/te-cuento-mariposa-2\/","og_locale":"es_ES","og_type":"article","og_title":"Te cuento, Mariposa... - Biblioteca Escolar - Escolapios Granada","og_description":"El 25 de noviembre se celebra el D\u00eda contra la Violencia de G\u00e9nero. Compartimos estas lecturas y recursos para reflexionar https:\/\/radialistas.net\/un-revoloteo-de-mariposas\/ https:\/\/www.youtube.com\/watch?v=Y_c1Tu1zgcI https:\/\/www.youtube.com\/watch?v=MNiSa_pOPAw https:\/\/www.youtube.com\/watch?v=IIGyVa5Xftw https:\/\/www.youtube.com\/watch?v=vpRiFKYweCU[ https:\/\/www.youtube.com\/watch?v=1FXk35Mzt28&amp;app=desdktop http:\/\/contranoviazgosviolentos.blogspot.com\/ \u200bhttp:\/\/defensadelpublico.gob.ar\/producciones-para-promover-la-equidad-de-genero-en-radio-y-television\/ https:\/\/www.youtube.com\/watch?v=JrEYZZk5MAE https:\/\/www.eldiario.es\/sociedad\/brecha-premios-Nobel-concedidos-mujeres_0_404909688.html Los Premios Nobel son el Nobel del machismo Desde 1901, solo 47 mujeres han recibido el galard\u00f3n frente a 815 hombres, lo que representa un [&hellip;]","og_url":"https:\/\/blogs.granada.escolapiosemaus.org\/biblioteca\/2025\/11\/25\/te-cuento-mariposa-2\/","og_site_name":"Biblioteca Escolar - Escolapios Granada","article_published_time":"2025-11-25T10:32:09+00:00","og_image":[{"url":"https:\/\/blogs.granada.escolapiosemaus.org\/biblioteca\/wp-content\/uploads\/sites\/18\/2019\/12\/20191125_102859-300x180.jpg","type":"","width":"","height":""}],"author":"Encarna L\u00f3pez","twitter_card":"summary_large_image","twitter_misc":{"Escrito por":"Encarna L\u00f3pez","Tiempo de lectura":"1 minuto"},"schema":{"@context":"https:\/\/schema.org","@graph":[{"@type":"Article","@id":"https:\/\/blogs.granada.escolapiosemaus.org\/biblioteca\/2025\/11\/25\/te-cuento-mariposa-2\/#article","isPartOf":{"@id":"https:\/\/blogs.granada.escolapiosemaus.org\/biblioteca\/2025\/11\/25\/te-cuento-mariposa-2\/"},"author":{"name":"Encarna L\u00f3pez","@id":"https:\/\/blogs.granada.escolapiosemaus.org\/biblioteca\/#\/schema\/person\/539ef207bab7f990bb0ab333ae2ead2b"},"headline":"Te cuento, Mariposa...","datePublished":"2025-11-25T10:32:09+00:00","mainEntityOfPage":{"@id":"https:\/\/blogs.granada.escolapiosemaus.org\/biblioteca\/2025\/11\/25\/te-cuento-mariposa-2\/"},"wordCount":141,"commentCount":0,"image":{"@id":"https:\/\/blogs.granada.escolapiosemaus.org\/biblioteca\/2025\/11\/25\/te-cuento-mariposa-2\/#primaryimage"},"thumbnailUrl":"https:\/\/blogs.granada.escolapiosemaus.org\/biblioteca\/wp-content\/uploads\/sites\/18\/2019\/12\/20191125_102859-300x180.jpg","keywords":["biblioteca escolar","D\u00eda de la mujer","Escolapios","Granada"],"articleSection":["Actividades","Aniversarios","Coeducaci\u00f3n. Igualdad","D\u00eda de la mujer","Efem\u00e9rides","Enlaces de inter\u00e9s","Fotos","Mujer"],"inLanguage":"es","potentialAction":[{"@type":"CommentAction","name":"Comment","target":["https:\/\/blogs.granada.escolapiosemaus.org\/biblioteca\/2025\/11\/25\/te-cuento-mariposa-2\/#respond"]}]},{"@type":"WebPage","@id":"https:\/\/blogs.granada.escolapiosemaus.org\/biblioteca\/2025\/11\/25\/te-cuento-mariposa-2\/","url":"https:\/\/blogs.granada.escolapiosemaus.org\/biblioteca\/2025\/11\/25\/te-cuento-mariposa-2\/","name":"Te cuento, Mariposa... - Biblioteca Escolar - Escolapios Granada","isPartOf":{"@id":"https:\/\/blogs.granada.escolapiosemaus.org\/biblioteca\/#website"},"primaryImageOfPage":{"@id":"https:\/\/blogs.granada.escolapiosemaus.org\/biblioteca\/2025\/11\/25\/te-cuento-mariposa-2\/#primaryimage"},"image":{"@id":"https:\/\/blogs.granada.escolapiosemaus.org\/biblioteca\/2025\/11\/25\/te-cuento-mariposa-2\/#primaryimage"},"thumbnailUrl":"https:\/\/blogs.granada.escolapiosemaus.org\/biblioteca\/wp-content\/uploads\/sites\/18\/2019\/12\/20191125_102859-300x180.jpg","datePublished":"2025-11-25T10:32:09+00:00","author":{"@id":"https:\/\/blogs.granada.escolapiosemaus.org\/biblioteca\/#\/schema\/person\/539ef207bab7f990bb0ab333ae2ead2b"},"breadcrumb":{"@id":"https:\/\/blogs.granada.escolapiosemaus.org\/biblioteca\/2025\/11\/25\/te-cuento-mariposa-2\/#breadcrumb"},"inLanguage":"es","potentialAction":[{"@type":"ReadAction","target":["https:\/\/blogs.granada.escolapiosemaus.org\/biblioteca\/2025\/11\/25\/te-cuento-mariposa-2\/"]}]},{"@type":"ImageObject","inLanguage":"es","@id":"https:\/\/blogs.granada.escolapiosemaus.org\/biblioteca\/2025\/11\/25\/te-cuento-mariposa-2\/#primaryimage","url":"https:\/\/i0.wp.com\/blogs.granada.escolapiosemaus.org\/biblioteca\/wp-content\/uploads\/sites\/18\/2019\/12\/20191125_102859.jpg?fit=2560%2C1536&ssl=1","contentUrl":"https:\/\/i0.wp.com\/blogs.granada.escolapiosemaus.org\/biblioteca\/wp-content\/uploads\/sites\/18\/2019\/12\/20191125_102859.jpg?fit=2560%2C1536&ssl=1","width":2560,"height":1536},{"@type":"BreadcrumbList","@id":"https:\/\/blogs.granada.escolapiosemaus.org\/biblioteca\/2025\/11\/25\/te-cuento-mariposa-2\/#breadcrumb","itemListElement":[{"@type":"ListItem","position":1,"name":"Portada","item":"https:\/\/blogs.granada.escolapiosemaus.org\/biblioteca\/"},{"@type":"ListItem","position":2,"name":"Te cuento, Mariposa..."}]},{"@type":"WebSite","@id":"https:\/\/blogs.granada.escolapiosemaus.org\/biblioteca\/#website","url":"https:\/\/blogs.granada.escolapiosemaus.org\/biblioteca\/","name":"Biblioteca Escolar - Escolapios Granada","description":"Colegio Dulce Nombre de Mar\u00eda -PP.Escolapios- Granada","potentialAction":[{"@type":"SearchAction","target":{"@type":"EntryPoint","urlTemplate":"https:\/\/blogs.granada.escolapiosemaus.org\/biblioteca\/?s={search_term_string}"},"query-input":{"@type":"PropertyValueSpecification","valueRequired":true,"valueName":"search_term_string"}}],"inLanguage":"es"},{"@type":"Person","@id":"https:\/\/blogs.granada.escolapiosemaus.org\/biblioteca\/#\/schema\/person\/539ef207bab7f990bb0ab333ae2ead2b","name":"Encarna L\u00f3pez","image":{"@type":"ImageObject","inLanguage":"es","@id":"https:\/\/blogs.granada.escolapiosemaus.org\/biblioteca\/#\/schema\/person\/image\/","url":"https:\/\/secure.gravatar.com\/avatar\/2b177c2497e8c91c65f03aa86717c8f6?s=96&d=mm&r=g","contentUrl":"https:\/\/secure.gravatar.com\/avatar\/2b177c2497e8c91c65f03aa86717c8f6?s=96&d=mm&r=g","caption":"Encarna L\u00f3pez"},"sameAs":["https:\/\/blogs.granada.escolapiosemaus.org"],"url":"https:\/\/blogs.granada.escolapiosemaus.org\/biblioteca\/author\/encarnalopez\/"}]}},"jetpack_publicize_connections":[],"jetpack_featured_media_url":"","jetpack_sharing_enabled":true,"jetpack_shortlink":"https:\/\/wp.me\/p8qkgn-Wg","jetpack-related-posts":[],"_links":{"self":[{"href":"https:\/\/blogs.granada.escolapiosemaus.org\/biblioteca\/wp-json\/wp\/v2\/posts\/3612","targetHints":{"allow":["GET"]}}],"collection":[{"href":"https:\/\/blogs.granada.escolapiosemaus.org\/biblioteca\/wp-json\/wp\/v2\/posts"}],"about":[{"href":"https:\/\/blogs.granada.escolapiosemaus.org\/biblioteca\/wp-json\/wp\/v2\/types\/post"}],"author":[{"embeddable":true,"href":"https:\/\/blogs.granada.escolapiosemaus.org\/biblioteca\/wp-json\/wp\/v2\/users\/20"}],"replies":[{"embeddable":true,"href":"https:\/\/blogs.granada.escolapiosemaus.org\/biblioteca\/wp-json\/wp\/v2\/comments?post=3612"}],"version-history":[{"count":1,"href":"https:\/\/blogs.granada.escolapiosemaus.org\/biblioteca\/wp-json\/wp\/v2\/posts\/3612\/revisions"}],"predecessor-version":[{"id":3613,"href":"https:\/\/blogs.granada.escolapiosemaus.org\/biblioteca\/wp-json\/wp\/v2\/posts\/3612\/revisions\/3613"}],"wp:attachment":[{"href":"https:\/\/blogs.granada.escolapiosemaus.org\/biblioteca\/wp-json\/wp\/v2\/media?parent=3612"}],"wp:term":[{"taxonomy":"category","embeddable":true,"href":"https:\/\/blogs.granada.escolapiosemaus.org\/biblioteca\/wp-json\/wp\/v2\/categories?post=3612"},{"taxonomy":"post_tag","embeddable":true,"href":"https:\/\/blogs.granada.escolapiosemaus.org\/biblioteca\/wp-json\/wp\/v2\/tags?post=3612"}],"curies":[{"name":"wp","href":"https:\/\/api.w.org\/{rel}","templated":true}]}}