{"id":3607,"date":"2025-11-25T12:21:00","date_gmt":"2025-11-25T11:21:00","guid":{"rendered":"http:\/\/blogs.granada.escolapiosemaus.org\/biblioteca\/?p=3607"},"modified":"2025-11-25T10:45:46","modified_gmt":"2025-11-25T09:45:46","slug":"ni-un-dia-sin-poesia-libre-te-quiero-25-de-noviembre-2","status":"publish","type":"post","link":"https:\/\/blogs.granada.escolapiosemaus.org\/biblioteca\/2025\/11\/25\/ni-un-dia-sin-poesia-libre-te-quiero-25-de-noviembre-2\/","title":{"rendered":"Ni un d\u00eda sin poes\u00eda. Libre te quiero. 25 de Noviembre"},"content":{"rendered":"<p><a href=\"https:\/\/i0.wp.com\/blogs.granada.escolapiosemaus.org\/biblioteca\/wp-content\/uploads\/sites\/18\/2020\/11\/Libre-te-quiero.Blog_.jpg?ssl=1\"><img data-recalc-dims=\"1\" loading=\"lazy\" decoding=\"async\" class=\"\" src=\"https:\/\/i0.wp.com\/blogs.iesoretania.es\/biblioteca\/files\/2013\/11\/letras-companeras-1.jpg?resize=471%2C790\" alt=\"letras-companeras-1\" width=\"471\" height=\"790\" \/><\/a><\/p>\n<p><span style=\"color: #3366ff\"><em>https:\/\/blogs.iesoretania.es\/biblioteca\/category\/dia-25-de-noviembre\/<\/em><\/span><\/p>\n<p>El D\u00eda Internacional de la Eliminaci\u00f3n de la Violencia contra la Mujer fue aprobado por la Asamblea General de las Naciones Unidas en 1999, y se celebra anualmente cada 25 de noviembre en recuerdo de las tres hermanas Mirabal que fueron asesinadas el 25 de noviembre de 1960 en Rep\u00fablica Dominicana por \u00f3rdenes del dictador dominicano Rafael Le\u00f3nidas Trujillo.<a href=\"http:\/\/blogs.iesoretania.es\/biblioteca\/files\/2013\/11\/beautiful-2315_640.jpg\">\u00a0\u00a0\u00a0\u00a0\u00a0\u00a0\u00a0\u00a0\u00a0\u00a0\u00a0\u00a0\u00a0\u00a0\u00a0\u00a0\u00a0\u00a0\u00a0\u00a0\u00a0\u00a0\u00a0\u00a0\u00a0\u00a0\u00a0\u00a0\u00a0\u00a0\u00a0\u00a0\u00a0\u00a0\u00a0\u00a0\u00a0\u00a0\u00a0\u00a0\u00a0\u00a0\u00a0\u00a0\u00a0\u00a0\u00a0\u00a0\u00a0\u00a0\u00a0\u00a0\u00a0\u00a0\u00a0\u00a0\u00a0\u00a0\u00a0\u00a0\u00a0\u00a0\u00a0\u00a0\u00a0\u00a0<\/a><\/p>\n<p><strong>FRASES PARA REFLEXIONAR EL D\u00cdA 25 DE NOVIEMBRE<\/strong><\/p>\n<p>&nbsp;<\/p>\n<p align=\"LEFT\">1)\u00a0<i>\u00abTengo un sue\u00f1o, un solo sue\u00f1o, seguir so\u00f1ando. So\u00f1ar con la libertad, so\u00f1ar con la justicia, so\u00f1ar con la igualdad y ojal\u00e1 ya no tuviera necesidad de so\u00f1arlas\u00bb.\u00a0<\/i>Martin Luther King.<\/p>\n<p align=\"LEFT\">2)\u201c<i>Lo blando es m\u00e1s fuerte que lo duro; el agua es m\u00e1s fuerte que la roca, el amor es m\u00e1s fuerte que la violencia\u201d<\/i>\u00a0. Hermann Hesse<\/p>\n<p>3)<i>\u00abA trav\u00e9s de la paz interior se puede conseguir la paz mundial. La atm\u00f3sfera de paz debe ser creada dentro de uno mismo, entonces se podr\u00e1 crear en la familia y luego en la comunidad\u00bb .<\/i>Dalai Lama<\/p>\n<p>4)\u201c<i>El amor y la violencia, hablando con propiedad, son los opuestos polares. El amor permite al otro ser, pero con afecto y preocupaci\u00f3n. La violencia intenta limitar la libertad del otro, para obligarlo a actuar de la forma que ella desea, con falta de preocupaci\u00f3n e indiferencia\u2026\u201d\u00a0<\/i>Ronald Laing<\/p>\n<p>5)<i>\u00abLos b\u00e1rbaros que todo lo conf\u00edan a la fuerza y a la violencia, nada construyen, porque sus simientes son de odio\u00bb<\/i>\u00a0. Jos\u00e9 Mart\u00ed<\/p>\n<p>6)\u201c<i>La violencia es el \u00faltimo recurso del incompetente\u201d<\/i>. Isaac Asimov<\/p>\n<p>7)\u00a0<i>\u00abLa paz comienza con una sonrisa\u00bb.\u00a0<\/i>Madre Teresa De Calcuta<\/p>\n<p align=\"LEFT\">8)\u201c<i>La violencia crea m\u00e1s problemas sociales que los que resuelve\u201d.\u00a0<\/i>Martin Luther King.<\/p>\n<p align=\"LEFT\">9)\u201c<i>La violencia es el miedo a los ideales de los dem\u00e1s\u201d<\/i>. Mahatma Gandhi.<\/p>\n<p align=\"LEFT\">10)\u201c<i>Nunca se entra, por la violencia, dentro de un coraz\u00f3n\u201d<\/i>.Jean-Baptiste Poquelin \u201cMoli\u00e8re<\/p>\n<p align=\"LEFT\">11)<i>\u00abLa primera igualdad es la equidad\u00bb.<\/i>Victor Hugo<\/p>\n<p align=\"LEFT\">12). \u201c<i>La violencia no es una fuerza. Es el abuso de la fuerza\u201d.<\/i>Michel Lancelot<\/p>\n<p align=\"LEFT\">13)<i>\u00abLa igualdad de las mujeres debe ser un componente central en cualquier intento para resolver los problemas sociales, econ\u00f3micos y pol\u00edticos\u00bb<\/i>.Kofi Annan<\/p>\n<p align=\"LEFT\">14)\u201c<i>La violencia es miedo de las ideas de los dem\u00e1s y poca fe en las propias\u201d<\/i>\u00a0.Antonio Fraguas Forges.<\/p>\n<p align=\"LEFT\">15)<i>\u00abSi queremos un mundo de paz y de justicia hay que poner, decididamente, la inteligencia al servicio del amor\u00bb<\/i>Antoine De Saint Exupery.<\/p>\n<p align=\"LEFT\">16)<i>\u00abSin sonrisa de mujer no hay gloria completa de hombre\u00bb.<\/i>Jos\u00e9 Marti<\/p>\n<p align=\"LEFT\">17)<i>\u00abGuardarme de la violencia, ya se exprese mediante la lengua, el pu\u00f1o o el coraz\u00f3n\u00bb.\u00a0<\/i>Martin Luther King<\/p>\n<p align=\"LEFT\">18)<i>\u00abUna completa igualdad\u00a0<\/i>(para la mujer)\u00a0<i>significa m\u00e1s que el logro de objetivos estad\u00edsticos; debe cambiar la cultura\u00bb.<\/i>Kofi annan<\/p>\n<p align=\"LEFT\">19)<i>\u00abLa tolerancia es un crimen cuando lo que se tolera es la maldad\u00bb.<\/i>Thomas Mann<\/p>\n<p align=\"LEFT\">20)<i>\u00ab\u00c9l te dir\u00e1: \u201cNunca encontrar\u00e1s a un hombre que te quiera como yo\u201d, y tu responder\u00e1s \u201c\u00a1NO DESEO UN HOMBRE QUE ME QUIERA M\u00c1S, SINO UNO QUE ME QUIERA MEJOR!\u00bb.\u00a0<\/i>An\u00f3nimo<\/p>\n<p align=\"LEFT\">21)\u201c<i>Todos tienen derecho a la vida y a la integridad f\u00edsica y moral, sin que en ning\u00fan caso puedan ser sometidos a tortura ni a penas o tratos inhumanos o degradantes\u201d\u00a0<\/i>Constituci\u00f3n espa\u00f1ola, art\u00edculo 15.<\/p>\n<p align=\"LEFT\">22)<i>\u00abLa igualdad de g\u00e9nero tiene que ser una realidad vivida\u00bb<\/i>.Michellle Bachelet<\/p>\n<p>23)<i>\u00abLos derechos humanos son sus derechos. T\u00f3menlos. Defi\u00e9ndanlos. Promu\u00e9vanlos. Enti\u00e9ndanlos e insistan en ellos. N\u00fatranlos y enriqu\u00e9zcanlos\u2026 Son lo mejor de nosotros. D\u00e9nles vida\u00bb\u00a0<\/i>Kofi Annan<\/p>\n","protected":false},"excerpt":{"rendered":"<p>https:\/\/blogs.iesoretania.es\/biblioteca\/category\/dia-25-de-noviembre\/ El D\u00eda Internacional de la Eliminaci\u00f3n de la Violencia contra la Mujer fue aprobado por la Asamblea General de las Naciones Unidas en 1999, y se celebra anualmente cada 25 de noviembre en recuerdo de las tres hermanas Mirabal que fueron asesinadas el 25 de noviembre de 1960 en Rep\u00fablica Dominicana por \u00f3rdenes del [&hellip;]<\/p>\n","protected":false},"author":20,"featured_media":0,"comment_status":"open","ping_status":"open","sticky":false,"template":"","format":"standard","meta":{"_monsterinsights_skip_tracking":false,"_monsterinsights_sitenote_active":false,"_monsterinsights_sitenote_note":"","_monsterinsights_sitenote_category":0,"jetpack_post_was_ever_published":false,"_jetpack_newsletter_access":"","_jetpack_dont_email_post_to_subs":false,"_jetpack_newsletter_tier_id":0,"_jetpack_memberships_contains_paywalled_content":false,"_jetpack_memberships_contains_paid_content":false,"footnotes":"","jetpack_publicize_message":"","jetpack_publicize_feature_enabled":true,"jetpack_social_post_already_shared":true,"jetpack_social_options":{"image_generator_settings":{"template":"highway","default_image_id":0,"font":"","enabled":false},"version":2}},"categories":[108,24,161,110,63,117,149,114],"tags":[124,106,139,187],"class_list":["post-3607","post","type-post","status-publish","format-standard","hentry","category-actividades","category-aniversarios","category-coeducacion-igualdad","category-dia-de-la-mujer","category-efemerides","category-enlaces-de-interes","category-frase-de-hoy","category-poesia-2","tag-biblioteca-escolar","tag-granada","tag-igualdad","tag-valores"],"yoast_head":"<!-- This site is optimized with the Yoast SEO plugin v26.8 - https:\/\/yoast.com\/product\/yoast-seo-wordpress\/ -->\n<title>Ni un d\u00eda sin poes\u00eda. Libre te quiero. 25 de Noviembre - Biblioteca Escolar - Escolapios Granada<\/title>\n<meta name=\"robots\" content=\"index, follow, max-snippet:-1, max-image-preview:large, max-video-preview:-1\" \/>\n<link rel=\"canonical\" href=\"https:\/\/blogs.granada.escolapiosemaus.org\/biblioteca\/2025\/11\/25\/ni-un-dia-sin-poesia-libre-te-quiero-25-de-noviembre-2\/\" \/>\n<meta property=\"og:locale\" content=\"es_ES\" \/>\n<meta property=\"og:type\" content=\"article\" \/>\n<meta property=\"og:title\" content=\"Ni un d\u00eda sin poes\u00eda. Libre te quiero. 25 de Noviembre - Biblioteca Escolar - Escolapios Granada\" \/>\n<meta property=\"og:description\" content=\"https:\/\/blogs.iesoretania.es\/biblioteca\/category\/dia-25-de-noviembre\/ El D\u00eda Internacional de la Eliminaci\u00f3n de la Violencia contra la Mujer fue aprobado por la Asamblea General de las Naciones Unidas en 1999, y se celebra anualmente cada 25 de noviembre en recuerdo de las tres hermanas Mirabal que fueron asesinadas el 25 de noviembre de 1960 en Rep\u00fablica Dominicana por \u00f3rdenes del [&hellip;]\" \/>\n<meta property=\"og:url\" content=\"https:\/\/blogs.granada.escolapiosemaus.org\/biblioteca\/2025\/11\/25\/ni-un-dia-sin-poesia-libre-te-quiero-25-de-noviembre-2\/\" \/>\n<meta property=\"og:site_name\" content=\"Biblioteca Escolar - Escolapios Granada\" \/>\n<meta property=\"article:published_time\" content=\"2025-11-25T11:21:00+00:00\" \/>\n<meta property=\"og:image\" content=\"http:\/\/blogs.iesoretania.es\/biblioteca\/files\/2013\/11\/letras-companeras-1.jpg\" \/>\n<meta name=\"author\" content=\"Encarna L\u00f3pez\" \/>\n<meta name=\"twitter:card\" content=\"summary_large_image\" \/>\n<meta name=\"twitter:label1\" content=\"Escrito por\" \/>\n\t<meta name=\"twitter:data1\" content=\"Encarna L\u00f3pez\" \/>\n\t<meta name=\"twitter:label2\" content=\"Tiempo de lectura\" \/>\n\t<meta name=\"twitter:data2\" content=\"3 minutos\" \/>\n<script type=\"application\/ld+json\" class=\"yoast-schema-graph\">{\"@context\":\"https:\/\/schema.org\",\"@graph\":[{\"@type\":\"Article\",\"@id\":\"https:\/\/blogs.granada.escolapiosemaus.org\/biblioteca\/2025\/11\/25\/ni-un-dia-sin-poesia-libre-te-quiero-25-de-noviembre-2\/#article\",\"isPartOf\":{\"@id\":\"https:\/\/blogs.granada.escolapiosemaus.org\/biblioteca\/2025\/11\/25\/ni-un-dia-sin-poesia-libre-te-quiero-25-de-noviembre-2\/\"},\"author\":{\"name\":\"Encarna L\u00f3pez\",\"@id\":\"https:\/\/blogs.granada.escolapiosemaus.org\/biblioteca\/#\/schema\/person\/539ef207bab7f990bb0ab333ae2ead2b\"},\"headline\":\"Ni un d\u00eda sin poes\u00eda. Libre te quiero. 25 de Noviembre\",\"datePublished\":\"2025-11-25T11:21:00+00:00\",\"mainEntityOfPage\":{\"@id\":\"https:\/\/blogs.granada.escolapiosemaus.org\/biblioteca\/2025\/11\/25\/ni-un-dia-sin-poesia-libre-te-quiero-25-de-noviembre-2\/\"},\"wordCount\":612,\"commentCount\":0,\"image\":{\"@id\":\"https:\/\/blogs.granada.escolapiosemaus.org\/biblioteca\/2025\/11\/25\/ni-un-dia-sin-poesia-libre-te-quiero-25-de-noviembre-2\/#primaryimage\"},\"thumbnailUrl\":\"http:\/\/blogs.iesoretania.es\/biblioteca\/files\/2013\/11\/letras-companeras-1.jpg\",\"keywords\":[\"biblioteca escolar\",\"Granada\",\"Igualdad\",\"Valores\"],\"articleSection\":[\"Actividades\",\"Aniversarios\",\"Coeducaci\u00f3n. Igualdad\",\"D\u00eda de la mujer\",\"Efem\u00e9rides\",\"Enlaces de inter\u00e9s\",\"Frase de hoy\",\"Poes\u00eda\"],\"inLanguage\":\"es\",\"potentialAction\":[{\"@type\":\"CommentAction\",\"name\":\"Comment\",\"target\":[\"https:\/\/blogs.granada.escolapiosemaus.org\/biblioteca\/2025\/11\/25\/ni-un-dia-sin-poesia-libre-te-quiero-25-de-noviembre-2\/#respond\"]}]},{\"@type\":\"WebPage\",\"@id\":\"https:\/\/blogs.granada.escolapiosemaus.org\/biblioteca\/2025\/11\/25\/ni-un-dia-sin-poesia-libre-te-quiero-25-de-noviembre-2\/\",\"url\":\"https:\/\/blogs.granada.escolapiosemaus.org\/biblioteca\/2025\/11\/25\/ni-un-dia-sin-poesia-libre-te-quiero-25-de-noviembre-2\/\",\"name\":\"Ni un d\u00eda sin poes\u00eda. Libre te quiero. 25 de Noviembre - Biblioteca Escolar - Escolapios Granada\",\"isPartOf\":{\"@id\":\"https:\/\/blogs.granada.escolapiosemaus.org\/biblioteca\/#website\"},\"primaryImageOfPage\":{\"@id\":\"https:\/\/blogs.granada.escolapiosemaus.org\/biblioteca\/2025\/11\/25\/ni-un-dia-sin-poesia-libre-te-quiero-25-de-noviembre-2\/#primaryimage\"},\"image\":{\"@id\":\"https:\/\/blogs.granada.escolapiosemaus.org\/biblioteca\/2025\/11\/25\/ni-un-dia-sin-poesia-libre-te-quiero-25-de-noviembre-2\/#primaryimage\"},\"thumbnailUrl\":\"http:\/\/blogs.iesoretania.es\/biblioteca\/files\/2013\/11\/letras-companeras-1.jpg\",\"datePublished\":\"2025-11-25T11:21:00+00:00\",\"author\":{\"@id\":\"https:\/\/blogs.granada.escolapiosemaus.org\/biblioteca\/#\/schema\/person\/539ef207bab7f990bb0ab333ae2ead2b\"},\"breadcrumb\":{\"@id\":\"https:\/\/blogs.granada.escolapiosemaus.org\/biblioteca\/2025\/11\/25\/ni-un-dia-sin-poesia-libre-te-quiero-25-de-noviembre-2\/#breadcrumb\"},\"inLanguage\":\"es\",\"potentialAction\":[{\"@type\":\"ReadAction\",\"target\":[\"https:\/\/blogs.granada.escolapiosemaus.org\/biblioteca\/2025\/11\/25\/ni-un-dia-sin-poesia-libre-te-quiero-25-de-noviembre-2\/\"]}]},{\"@type\":\"ImageObject\",\"inLanguage\":\"es\",\"@id\":\"https:\/\/blogs.granada.escolapiosemaus.org\/biblioteca\/2025\/11\/25\/ni-un-dia-sin-poesia-libre-te-quiero-25-de-noviembre-2\/#primaryimage\",\"url\":\"http:\/\/blogs.iesoretania.es\/biblioteca\/files\/2013\/11\/letras-companeras-1.jpg\",\"contentUrl\":\"http:\/\/blogs.iesoretania.es\/biblioteca\/files\/2013\/11\/letras-companeras-1.jpg\"},{\"@type\":\"BreadcrumbList\",\"@id\":\"https:\/\/blogs.granada.escolapiosemaus.org\/biblioteca\/2025\/11\/25\/ni-un-dia-sin-poesia-libre-te-quiero-25-de-noviembre-2\/#breadcrumb\",\"itemListElement\":[{\"@type\":\"ListItem\",\"position\":1,\"name\":\"Portada\",\"item\":\"https:\/\/blogs.granada.escolapiosemaus.org\/biblioteca\/\"},{\"@type\":\"ListItem\",\"position\":2,\"name\":\"Ni un d\u00eda sin poes\u00eda. Libre te quiero. 25 de Noviembre\"}]},{\"@type\":\"WebSite\",\"@id\":\"https:\/\/blogs.granada.escolapiosemaus.org\/biblioteca\/#website\",\"url\":\"https:\/\/blogs.granada.escolapiosemaus.org\/biblioteca\/\",\"name\":\"Biblioteca Escolar - Escolapios Granada\",\"description\":\"Colegio Dulce Nombre de Mar\u00eda -PP.Escolapios- Granada\",\"potentialAction\":[{\"@type\":\"SearchAction\",\"target\":{\"@type\":\"EntryPoint\",\"urlTemplate\":\"https:\/\/blogs.granada.escolapiosemaus.org\/biblioteca\/?s={search_term_string}\"},\"query-input\":{\"@type\":\"PropertyValueSpecification\",\"valueRequired\":true,\"valueName\":\"search_term_string\"}}],\"inLanguage\":\"es\"},{\"@type\":\"Person\",\"@id\":\"https:\/\/blogs.granada.escolapiosemaus.org\/biblioteca\/#\/schema\/person\/539ef207bab7f990bb0ab333ae2ead2b\",\"name\":\"Encarna L\u00f3pez\",\"image\":{\"@type\":\"ImageObject\",\"inLanguage\":\"es\",\"@id\":\"https:\/\/blogs.granada.escolapiosemaus.org\/biblioteca\/#\/schema\/person\/image\/\",\"url\":\"https:\/\/secure.gravatar.com\/avatar\/2b177c2497e8c91c65f03aa86717c8f6?s=96&d=mm&r=g\",\"contentUrl\":\"https:\/\/secure.gravatar.com\/avatar\/2b177c2497e8c91c65f03aa86717c8f6?s=96&d=mm&r=g\",\"caption\":\"Encarna L\u00f3pez\"},\"sameAs\":[\"https:\/\/blogs.granada.escolapiosemaus.org\"],\"url\":\"https:\/\/blogs.granada.escolapiosemaus.org\/biblioteca\/author\/encarnalopez\/\"}]}<\/script>\n<!-- \/ Yoast SEO plugin. -->","yoast_head_json":{"title":"Ni un d\u00eda sin poes\u00eda. Libre te quiero. 25 de Noviembre - Biblioteca Escolar - Escolapios Granada","robots":{"index":"index","follow":"follow","max-snippet":"max-snippet:-1","max-image-preview":"max-image-preview:large","max-video-preview":"max-video-preview:-1"},"canonical":"https:\/\/blogs.granada.escolapiosemaus.org\/biblioteca\/2025\/11\/25\/ni-un-dia-sin-poesia-libre-te-quiero-25-de-noviembre-2\/","og_locale":"es_ES","og_type":"article","og_title":"Ni un d\u00eda sin poes\u00eda. Libre te quiero. 25 de Noviembre - Biblioteca Escolar - Escolapios Granada","og_description":"https:\/\/blogs.iesoretania.es\/biblioteca\/category\/dia-25-de-noviembre\/ El D\u00eda Internacional de la Eliminaci\u00f3n de la Violencia contra la Mujer fue aprobado por la Asamblea General de las Naciones Unidas en 1999, y se celebra anualmente cada 25 de noviembre en recuerdo de las tres hermanas Mirabal que fueron asesinadas el 25 de noviembre de 1960 en Rep\u00fablica Dominicana por \u00f3rdenes del [&hellip;]","og_url":"https:\/\/blogs.granada.escolapiosemaus.org\/biblioteca\/2025\/11\/25\/ni-un-dia-sin-poesia-libre-te-quiero-25-de-noviembre-2\/","og_site_name":"Biblioteca Escolar - Escolapios Granada","article_published_time":"2025-11-25T11:21:00+00:00","og_image":[{"url":"http:\/\/blogs.iesoretania.es\/biblioteca\/files\/2013\/11\/letras-companeras-1.jpg","type":"","width":"","height":""}],"author":"Encarna L\u00f3pez","twitter_card":"summary_large_image","twitter_misc":{"Escrito por":"Encarna L\u00f3pez","Tiempo de lectura":"3 minutos"},"schema":{"@context":"https:\/\/schema.org","@graph":[{"@type":"Article","@id":"https:\/\/blogs.granada.escolapiosemaus.org\/biblioteca\/2025\/11\/25\/ni-un-dia-sin-poesia-libre-te-quiero-25-de-noviembre-2\/#article","isPartOf":{"@id":"https:\/\/blogs.granada.escolapiosemaus.org\/biblioteca\/2025\/11\/25\/ni-un-dia-sin-poesia-libre-te-quiero-25-de-noviembre-2\/"},"author":{"name":"Encarna L\u00f3pez","@id":"https:\/\/blogs.granada.escolapiosemaus.org\/biblioteca\/#\/schema\/person\/539ef207bab7f990bb0ab333ae2ead2b"},"headline":"Ni un d\u00eda sin poes\u00eda. Libre te quiero. 25 de Noviembre","datePublished":"2025-11-25T11:21:00+00:00","mainEntityOfPage":{"@id":"https:\/\/blogs.granada.escolapiosemaus.org\/biblioteca\/2025\/11\/25\/ni-un-dia-sin-poesia-libre-te-quiero-25-de-noviembre-2\/"},"wordCount":612,"commentCount":0,"image":{"@id":"https:\/\/blogs.granada.escolapiosemaus.org\/biblioteca\/2025\/11\/25\/ni-un-dia-sin-poesia-libre-te-quiero-25-de-noviembre-2\/#primaryimage"},"thumbnailUrl":"http:\/\/blogs.iesoretania.es\/biblioteca\/files\/2013\/11\/letras-companeras-1.jpg","keywords":["biblioteca escolar","Granada","Igualdad","Valores"],"articleSection":["Actividades","Aniversarios","Coeducaci\u00f3n. Igualdad","D\u00eda de la mujer","Efem\u00e9rides","Enlaces de inter\u00e9s","Frase de hoy","Poes\u00eda"],"inLanguage":"es","potentialAction":[{"@type":"CommentAction","name":"Comment","target":["https:\/\/blogs.granada.escolapiosemaus.org\/biblioteca\/2025\/11\/25\/ni-un-dia-sin-poesia-libre-te-quiero-25-de-noviembre-2\/#respond"]}]},{"@type":"WebPage","@id":"https:\/\/blogs.granada.escolapiosemaus.org\/biblioteca\/2025\/11\/25\/ni-un-dia-sin-poesia-libre-te-quiero-25-de-noviembre-2\/","url":"https:\/\/blogs.granada.escolapiosemaus.org\/biblioteca\/2025\/11\/25\/ni-un-dia-sin-poesia-libre-te-quiero-25-de-noviembre-2\/","name":"Ni un d\u00eda sin poes\u00eda. Libre te quiero. 25 de Noviembre - Biblioteca Escolar - Escolapios Granada","isPartOf":{"@id":"https:\/\/blogs.granada.escolapiosemaus.org\/biblioteca\/#website"},"primaryImageOfPage":{"@id":"https:\/\/blogs.granada.escolapiosemaus.org\/biblioteca\/2025\/11\/25\/ni-un-dia-sin-poesia-libre-te-quiero-25-de-noviembre-2\/#primaryimage"},"image":{"@id":"https:\/\/blogs.granada.escolapiosemaus.org\/biblioteca\/2025\/11\/25\/ni-un-dia-sin-poesia-libre-te-quiero-25-de-noviembre-2\/#primaryimage"},"thumbnailUrl":"http:\/\/blogs.iesoretania.es\/biblioteca\/files\/2013\/11\/letras-companeras-1.jpg","datePublished":"2025-11-25T11:21:00+00:00","author":{"@id":"https:\/\/blogs.granada.escolapiosemaus.org\/biblioteca\/#\/schema\/person\/539ef207bab7f990bb0ab333ae2ead2b"},"breadcrumb":{"@id":"https:\/\/blogs.granada.escolapiosemaus.org\/biblioteca\/2025\/11\/25\/ni-un-dia-sin-poesia-libre-te-quiero-25-de-noviembre-2\/#breadcrumb"},"inLanguage":"es","potentialAction":[{"@type":"ReadAction","target":["https:\/\/blogs.granada.escolapiosemaus.org\/biblioteca\/2025\/11\/25\/ni-un-dia-sin-poesia-libre-te-quiero-25-de-noviembre-2\/"]}]},{"@type":"ImageObject","inLanguage":"es","@id":"https:\/\/blogs.granada.escolapiosemaus.org\/biblioteca\/2025\/11\/25\/ni-un-dia-sin-poesia-libre-te-quiero-25-de-noviembre-2\/#primaryimage","url":"http:\/\/blogs.iesoretania.es\/biblioteca\/files\/2013\/11\/letras-companeras-1.jpg","contentUrl":"http:\/\/blogs.iesoretania.es\/biblioteca\/files\/2013\/11\/letras-companeras-1.jpg"},{"@type":"BreadcrumbList","@id":"https:\/\/blogs.granada.escolapiosemaus.org\/biblioteca\/2025\/11\/25\/ni-un-dia-sin-poesia-libre-te-quiero-25-de-noviembre-2\/#breadcrumb","itemListElement":[{"@type":"ListItem","position":1,"name":"Portada","item":"https:\/\/blogs.granada.escolapiosemaus.org\/biblioteca\/"},{"@type":"ListItem","position":2,"name":"Ni un d\u00eda sin poes\u00eda. Libre te quiero. 25 de Noviembre"}]},{"@type":"WebSite","@id":"https:\/\/blogs.granada.escolapiosemaus.org\/biblioteca\/#website","url":"https:\/\/blogs.granada.escolapiosemaus.org\/biblioteca\/","name":"Biblioteca Escolar - Escolapios Granada","description":"Colegio Dulce Nombre de Mar\u00eda -PP.Escolapios- Granada","potentialAction":[{"@type":"SearchAction","target":{"@type":"EntryPoint","urlTemplate":"https:\/\/blogs.granada.escolapiosemaus.org\/biblioteca\/?s={search_term_string}"},"query-input":{"@type":"PropertyValueSpecification","valueRequired":true,"valueName":"search_term_string"}}],"inLanguage":"es"},{"@type":"Person","@id":"https:\/\/blogs.granada.escolapiosemaus.org\/biblioteca\/#\/schema\/person\/539ef207bab7f990bb0ab333ae2ead2b","name":"Encarna L\u00f3pez","image":{"@type":"ImageObject","inLanguage":"es","@id":"https:\/\/blogs.granada.escolapiosemaus.org\/biblioteca\/#\/schema\/person\/image\/","url":"https:\/\/secure.gravatar.com\/avatar\/2b177c2497e8c91c65f03aa86717c8f6?s=96&d=mm&r=g","contentUrl":"https:\/\/secure.gravatar.com\/avatar\/2b177c2497e8c91c65f03aa86717c8f6?s=96&d=mm&r=g","caption":"Encarna L\u00f3pez"},"sameAs":["https:\/\/blogs.granada.escolapiosemaus.org"],"url":"https:\/\/blogs.granada.escolapiosemaus.org\/biblioteca\/author\/encarnalopez\/"}]}},"jetpack_publicize_connections":[],"jetpack_featured_media_url":"","jetpack_sharing_enabled":true,"jetpack_shortlink":"https:\/\/wp.me\/p8qkgn-Wb","jetpack-related-posts":[],"_links":{"self":[{"href":"https:\/\/blogs.granada.escolapiosemaus.org\/biblioteca\/wp-json\/wp\/v2\/posts\/3607","targetHints":{"allow":["GET"]}}],"collection":[{"href":"https:\/\/blogs.granada.escolapiosemaus.org\/biblioteca\/wp-json\/wp\/v2\/posts"}],"about":[{"href":"https:\/\/blogs.granada.escolapiosemaus.org\/biblioteca\/wp-json\/wp\/v2\/types\/post"}],"author":[{"embeddable":true,"href":"https:\/\/blogs.granada.escolapiosemaus.org\/biblioteca\/wp-json\/wp\/v2\/users\/20"}],"replies":[{"embeddable":true,"href":"https:\/\/blogs.granada.escolapiosemaus.org\/biblioteca\/wp-json\/wp\/v2\/comments?post=3607"}],"version-history":[{"count":1,"href":"https:\/\/blogs.granada.escolapiosemaus.org\/biblioteca\/wp-json\/wp\/v2\/posts\/3607\/revisions"}],"predecessor-version":[{"id":3608,"href":"https:\/\/blogs.granada.escolapiosemaus.org\/biblioteca\/wp-json\/wp\/v2\/posts\/3607\/revisions\/3608"}],"wp:attachment":[{"href":"https:\/\/blogs.granada.escolapiosemaus.org\/biblioteca\/wp-json\/wp\/v2\/media?parent=3607"}],"wp:term":[{"taxonomy":"category","embeddable":true,"href":"https:\/\/blogs.granada.escolapiosemaus.org\/biblioteca\/wp-json\/wp\/v2\/categories?post=3607"},{"taxonomy":"post_tag","embeddable":true,"href":"https:\/\/blogs.granada.escolapiosemaus.org\/biblioteca\/wp-json\/wp\/v2\/tags?post=3607"}],"curies":[{"name":"wp","href":"https:\/\/api.w.org\/{rel}","templated":true}]}}