{"id":3391,"date":"2021-06-08T11:11:41","date_gmt":"2021-06-08T10:11:41","guid":{"rendered":"http:\/\/blogs.granada.escolapiosemaus.org\/biblioteca\/?p=3391"},"modified":"2021-06-08T12:02:43","modified_gmt":"2021-06-08T11:02:43","slug":"bibliotecas-e-igualdad","status":"publish","type":"post","link":"https:\/\/blogs.granada.escolapiosemaus.org\/biblioteca\/2021\/06\/08\/bibliotecas-e-igualdad\/","title":{"rendered":"Bibliotecas e igualdad"},"content":{"rendered":"<header class=\"\">\n<h6><\/h6>\n<h2 id=\"detalle_introduccion-monografico-num\" class=\"titulo\">Introducci\u00f3n - BIBLIOTECAS E IGUALDAD<\/h2>\n<\/header>\n<div class=\"contenido_detalle\">\n<div class=\"imagen-representativa imagen-web image-position-right\">\n<figure><img decoding=\"async\" src=\"https:\/\/www.juntadeandalucia.es\/educacion\/portals\/delegate\/thumbnail\/abaco_big\/21e85f24-052a-4da3-8c46-37106005f1ff\" alt=\"Bibliotecas e igualdad\" \/>\u00a0 \u00a0 \u00a0 \u00a0 <a href=\"https:\/\/i0.wp.com\/blogs.granada.escolapiosemaus.org\/biblioteca\/wp-content\/uploads\/sites\/18\/2021\/06\/Bibliotecas-e-igualdad-1-1.jpg?ssl=1\"><img data-recalc-dims=\"1\" loading=\"lazy\" decoding=\"async\" data-attachment-id=\"3393\" data-permalink=\"https:\/\/blogs.granada.escolapiosemaus.org\/biblioteca\/2021\/06\/08\/bibliotecas-e-igualdad\/bibliotecas-e-igualdad-1-1\/\" data-orig-file=\"https:\/\/i0.wp.com\/blogs.granada.escolapiosemaus.org\/biblioteca\/wp-content\/uploads\/sites\/18\/2021\/06\/Bibliotecas-e-igualdad-1-1.jpg?fit=375%2C300&amp;ssl=1\" data-orig-size=\"375,300\" data-comments-opened=\"1\" data-image-meta=\"{&quot;aperture&quot;:&quot;0&quot;,&quot;credit&quot;:&quot;&quot;,&quot;camera&quot;:&quot;&quot;,&quot;caption&quot;:&quot;&quot;,&quot;created_timestamp&quot;:&quot;0&quot;,&quot;copyright&quot;:&quot;&quot;,&quot;focal_length&quot;:&quot;0&quot;,&quot;iso&quot;:&quot;0&quot;,&quot;shutter_speed&quot;:&quot;0&quot;,&quot;title&quot;:&quot;&quot;,&quot;orientation&quot;:&quot;1&quot;}\" data-image-title=\"Bibliotecas e igualdad 1 (1)\" data-image-description=\"\" data-image-caption=\"\" data-medium-file=\"https:\/\/i0.wp.com\/blogs.granada.escolapiosemaus.org\/biblioteca\/wp-content\/uploads\/sites\/18\/2021\/06\/Bibliotecas-e-igualdad-1-1.jpg?fit=300%2C240&amp;ssl=1\" data-large-file=\"https:\/\/i0.wp.com\/blogs.granada.escolapiosemaus.org\/biblioteca\/wp-content\/uploads\/sites\/18\/2021\/06\/Bibliotecas-e-igualdad-1-1.jpg?fit=375%2C300&amp;ssl=1\" class=\"alignright wp-image-3393 size-full\" src=\"https:\/\/i0.wp.com\/blogs.granada.escolapiosemaus.org\/biblioteca\/wp-content\/uploads\/sites\/18\/2021\/06\/Bibliotecas-e-igualdad-1-1.jpg?resize=375%2C300&#038;ssl=1\" alt=\"\" width=\"375\" height=\"300\" srcset=\"https:\/\/i0.wp.com\/blogs.granada.escolapiosemaus.org\/biblioteca\/wp-content\/uploads\/sites\/18\/2021\/06\/Bibliotecas-e-igualdad-1-1.jpg?w=375&amp;ssl=1 375w, https:\/\/i0.wp.com\/blogs.granada.escolapiosemaus.org\/biblioteca\/wp-content\/uploads\/sites\/18\/2021\/06\/Bibliotecas-e-igualdad-1-1.jpg?resize=300%2C240&amp;ssl=1 300w, https:\/\/i0.wp.com\/blogs.granada.escolapiosemaus.org\/biblioteca\/wp-content\/uploads\/sites\/18\/2021\/06\/Bibliotecas-e-igualdad-1-1.jpg?resize=200%2C160&amp;ssl=1 200w\" sizes=\"auto, (max-width: 375px) 100vw, 375px\" \/><\/a><\/figure>\n<\/div>\n<section class=\"cuerpo detalle_html\">\n<div class=\"inner_cuerpo\">\n<div><strong>M\u00aa Esperanza Mirabet Medina<\/strong><\/div>\n<div>Consejo de Redacci\u00f3n de Libro Abierto<\/div>\n<p>Una de las funciones fundamentales de las Bibliotecas Escolares es la de \u201cpaliar las desigualdades en el acceso a los bienes culturales\u201d (v\u00e9ase al respecto el Marco de Referencia para las Bibliotecas Escolares. 2011). En este concepto de \u201cdesigualdad\u201d parece obvio que la BECREA, como pilar que une y construye planes y proyectos de los Centros educativos en los que se ubica, tiene bastante que decir.<\/p>\n<p>El concepto de \u201cdesigualdad\u201d es amplio, ya que por esta entendemos, y as\u00ed lo recoge la normativa educativa vigente, la que provenga de cualquier aspecto de \u00edndole social, cultural, entre otros. En la lucha para minimizar, si no suprimir estas desigualdades debe estar inmersa la educaci\u00f3n de un pa\u00eds.<\/p>\n<p>La Educaci\u00f3n en Igualdad es entendida como la eliminaci\u00f3n de aquellos estereotipos sexistas y la discriminaci\u00f3n de g\u00e9nero, sin obviar la igualdad de colectivos homosexuales, etnias, nacionalidades,\u2026 (Gu\u00eda de Buenas Pr\u00e1cticas de Educaci\u00f3n en Igualdad en Europa). La discriminaci\u00f3n por g\u00e9nero es una brecha a\u00fan considerable en nuestra sociedad actual. Es por eso que se hace necesario insistir en la propuesta de formaci\u00f3n y educaci\u00f3n, de mujeres y hombres en las mismas condiciones y ofreciendo las mismas oportunidades a los grupos de ambos sexos (Gu\u00eda de Coeducaci\u00f3n, 2007).<\/p>\n<p>La educaci\u00f3n en igualdad, la Coeducaci\u00f3n, es una tarea que debe implicar a toda la Comunidad Educativa ya que todos y todas estamos inmersos en este proceso: \u201cEducar en el respeto y la tolerancia, en igualdad de condiciones, de trato y de oportunidades, es educar para la democracia\u201d (Instituto Andaluz para la Mujer).<\/p>\n<p>De lo dicho hasta el momento se desprende el valor fundamental que tiene la Biblioteca Escolar en todo este proceso: no solo por recoger entre sus funciones el ser la promotora de la igualdad de sus usuarios, ya sean alumnado o docentes; sino que al tiempo se convierte en fuente de recursos y oportunidades para que la Coeducaci\u00f3n est\u00e9 en todas las \u00e1reas del centro educativo; es m\u00e1s, para que la Educaci\u00f3n en Igualdad traspase las paredes del propio centro educativo.<\/p>\n<p>Y prueba de ello son los m\u00faltiples proyectos que han ido naciendo al amparo de las leyes educativas y de la mano del compromiso del profesorado que trabajando en la Biblioteca Escolar o junto a ella los han echado a andar en los centros educativos: Leo en violeta, las Mochilas violetas, el Rinc\u00f3n violeta, T.Transformando, entre otros tantos.<\/p>\n<p>En el presente monogr\u00e1fico recogemos opiniones y experiencias enriquecedoras:<\/p>\n<p>As\u00ed contamos con la opini\u00f3n especializada de<strong>\u00a0Elisa Constanza Zamora P\u00e9rez<\/strong>, escritora y docente que forma parte del Equipo Responsable de la Biblioteca Escolar del IES Santa Isabel de Hungr\u00eda (Jerez de la Frontera) en C\u00e1diz.<\/p>\n<p>Entrevistamos a\u00a0<strong>Mercedes S\u00e1nchez Vico\u00a0<\/strong>del IES Al-Baytar (Benalm\u00e1dema) en M\u00e1laga, coordinadora del Plan de Igualdad.<\/p>\n<p><strong>Noem\u00ed Gonz\u00e1lez Lavado<\/strong>, miembro del Equipo de apoyo de la biblioteca y Coordinadora de Igualdad y Coeducaci\u00f3n del IES Andr\u00e9s Ben\u00edtez de Jerez de la Frontera en C\u00e1diz, nos ilustra con la experiencia recogida en su art\u00edculo: \"La secci\u00f3n n\u00famero 13\".<\/p>\n<p>Otra experiencia motivadora llega de la mano de\u00a0<strong>Isidro Rodr\u00edguez Pulido<\/strong>\u00a0del CEIP El Tejar (Fuengirola) de M\u00e1laga en su art\u00edculo: \"Hist\u00f3ricas mentiras sobre mujeres hist\u00f3ricas\".<\/p>\n<p><a href=\"https:\/\/i0.wp.com\/blogs.granada.escolapiosemaus.org\/biblioteca\/wp-content\/uploads\/sites\/18\/2021\/06\/banner_afondo.jpg?ssl=1\"><img data-recalc-dims=\"1\" loading=\"lazy\" decoding=\"async\" data-attachment-id=\"3396\" data-permalink=\"https:\/\/blogs.granada.escolapiosemaus.org\/biblioteca\/2021\/06\/08\/bibliotecas-e-igualdad\/banner_afondo\/\" data-orig-file=\"https:\/\/i0.wp.com\/blogs.granada.escolapiosemaus.org\/biblioteca\/wp-content\/uploads\/sites\/18\/2021\/06\/banner_afondo.jpg?fit=728%2C90&amp;ssl=1\" data-orig-size=\"728,90\" data-comments-opened=\"1\" data-image-meta=\"{&quot;aperture&quot;:&quot;0&quot;,&quot;credit&quot;:&quot;&quot;,&quot;camera&quot;:&quot;&quot;,&quot;caption&quot;:&quot;&quot;,&quot;created_timestamp&quot;:&quot;0&quot;,&quot;copyright&quot;:&quot;&quot;,&quot;focal_length&quot;:&quot;0&quot;,&quot;iso&quot;:&quot;0&quot;,&quot;shutter_speed&quot;:&quot;0&quot;,&quot;title&quot;:&quot;&quot;,&quot;orientation&quot;:&quot;0&quot;}\" data-image-title=\"banner_afondo\" data-image-description=\"\" data-image-caption=\"\" data-medium-file=\"https:\/\/i0.wp.com\/blogs.granada.escolapiosemaus.org\/biblioteca\/wp-content\/uploads\/sites\/18\/2021\/06\/banner_afondo.jpg?fit=300%2C37&amp;ssl=1\" data-large-file=\"https:\/\/i0.wp.com\/blogs.granada.escolapiosemaus.org\/biblioteca\/wp-content\/uploads\/sites\/18\/2021\/06\/banner_afondo.jpg?fit=600%2C74&amp;ssl=1\" class=\"alignnone size-medium wp-image-3396\" src=\"https:\/\/i0.wp.com\/blogs.granada.escolapiosemaus.org\/biblioteca\/wp-content\/uploads\/sites\/18\/2021\/06\/banner_afondo.jpg?resize=300%2C37&#038;ssl=1\" alt=\"\" width=\"300\" height=\"37\" srcset=\"https:\/\/i0.wp.com\/blogs.granada.escolapiosemaus.org\/biblioteca\/wp-content\/uploads\/sites\/18\/2021\/06\/banner_afondo.jpg?resize=300%2C37&amp;ssl=1 300w, https:\/\/i0.wp.com\/blogs.granada.escolapiosemaus.org\/biblioteca\/wp-content\/uploads\/sites\/18\/2021\/06\/banner_afondo.jpg?resize=200%2C25&amp;ssl=1 200w, https:\/\/i0.wp.com\/blogs.granada.escolapiosemaus.org\/biblioteca\/wp-content\/uploads\/sites\/18\/2021\/06\/banner_afondo.jpg?w=728&amp;ssl=1 728w\" sizes=\"auto, (max-width: 300px) 100vw, 300px\" \/><\/a><\/p>\n<\/div>\n<\/section>\n<\/div>\n<p>&nbsp;<\/p>\n","protected":false},"excerpt":{"rendered":"<p>Introducci\u00f3n - BIBLIOTECAS E IGUALDAD \u00a0 \u00a0 \u00a0 \u00a0 M\u00aa Esperanza Mirabet Medina Consejo de Redacci\u00f3n de Libro Abierto Una de las funciones fundamentales de las Bibliotecas Escolares es la de \u201cpaliar las desigualdades en el acceso a los bienes culturales\u201d (v\u00e9ase al respecto el Marco de Referencia para las Bibliotecas Escolares. 2011). En este [&hellip;]<\/p>\n","protected":false},"author":20,"featured_media":0,"comment_status":"open","ping_status":"open","sticky":false,"template":"","format":"standard","meta":{"_monsterinsights_skip_tracking":false,"_monsterinsights_sitenote_active":false,"_monsterinsights_sitenote_note":"","_monsterinsights_sitenote_category":0,"jetpack_post_was_ever_published":false,"_jetpack_newsletter_access":"","_jetpack_dont_email_post_to_subs":false,"_jetpack_newsletter_tier_id":0,"_jetpack_memberships_contains_paywalled_content":false,"_jetpack_memberships_contains_paid_content":false,"footnotes":"","jetpack_publicize_message":"","jetpack_publicize_feature_enabled":true,"jetpack_social_post_already_shared":true,"jetpack_social_options":{"image_generator_settings":{"template":"highway","default_image_id":0,"font":"","enabled":false},"version":2}},"categories":[161,63,117,15],"tags":[292,139,141,295,294],"class_list":["post-3391","post","type-post","status-publish","format-standard","hentry","category-coeducacion-igualdad","category-efemerides","category-enlaces-de-interes","category-mujer","tag-boletin","tag-igualdad","tag-mujer","tag-publicaciones","tag-rincon-violeta"],"yoast_head":"<!-- This site is optimized with the Yoast SEO plugin v26.8 - https:\/\/yoast.com\/product\/yoast-seo-wordpress\/ -->\n<title>Bibliotecas e igualdad - Biblioteca Escolar - Escolapios Granada<\/title>\n<meta name=\"robots\" content=\"index, follow, max-snippet:-1, max-image-preview:large, max-video-preview:-1\" \/>\n<link rel=\"canonical\" href=\"https:\/\/blogs.granada.escolapiosemaus.org\/biblioteca\/2021\/06\/08\/bibliotecas-e-igualdad\/\" \/>\n<meta property=\"og:locale\" content=\"es_ES\" \/>\n<meta property=\"og:type\" content=\"article\" \/>\n<meta property=\"og:title\" content=\"Bibliotecas e igualdad - Biblioteca Escolar - Escolapios Granada\" \/>\n<meta property=\"og:description\" content=\"Introducci\u00f3n - BIBLIOTECAS E IGUALDAD \u00a0 \u00a0 \u00a0 \u00a0 M\u00aa Esperanza Mirabet Medina Consejo de Redacci\u00f3n de Libro Abierto Una de las funciones fundamentales de las Bibliotecas Escolares es la de \u201cpaliar las desigualdades en el acceso a los bienes culturales\u201d (v\u00e9ase al respecto el Marco de Referencia para las Bibliotecas Escolares. 2011). En este [&hellip;]\" \/>\n<meta property=\"og:url\" content=\"https:\/\/blogs.granada.escolapiosemaus.org\/biblioteca\/2021\/06\/08\/bibliotecas-e-igualdad\/\" \/>\n<meta property=\"og:site_name\" content=\"Biblioteca Escolar - Escolapios Granada\" \/>\n<meta property=\"article:published_time\" content=\"2021-06-08T10:11:41+00:00\" \/>\n<meta property=\"article:modified_time\" content=\"2021-06-08T11:02:43+00:00\" \/>\n<meta property=\"og:image\" content=\"https:\/\/www.juntadeandalucia.es\/educacion\/portals\/delegate\/thumbnail\/abaco_big\/21e85f24-052a-4da3-8c46-37106005f1ff\" \/>\n<meta name=\"author\" content=\"Encarna L\u00f3pez\" \/>\n<meta name=\"twitter:card\" content=\"summary_large_image\" \/>\n<meta name=\"twitter:label1\" content=\"Escrito por\" \/>\n\t<meta name=\"twitter:data1\" content=\"Encarna L\u00f3pez\" \/>\n\t<meta name=\"twitter:label2\" content=\"Tiempo de lectura\" \/>\n\t<meta name=\"twitter:data2\" content=\"3 minutos\" \/>\n<script type=\"application\/ld+json\" class=\"yoast-schema-graph\">{\"@context\":\"https:\/\/schema.org\",\"@graph\":[{\"@type\":\"Article\",\"@id\":\"https:\/\/blogs.granada.escolapiosemaus.org\/biblioteca\/2021\/06\/08\/bibliotecas-e-igualdad\/#article\",\"isPartOf\":{\"@id\":\"https:\/\/blogs.granada.escolapiosemaus.org\/biblioteca\/2021\/06\/08\/bibliotecas-e-igualdad\/\"},\"author\":{\"name\":\"Encarna L\u00f3pez\",\"@id\":\"https:\/\/blogs.granada.escolapiosemaus.org\/biblioteca\/#\/schema\/person\/539ef207bab7f990bb0ab333ae2ead2b\"},\"headline\":\"Bibliotecas e igualdad\",\"datePublished\":\"2021-06-08T10:11:41+00:00\",\"dateModified\":\"2021-06-08T11:02:43+00:00\",\"mainEntityOfPage\":{\"@id\":\"https:\/\/blogs.granada.escolapiosemaus.org\/biblioteca\/2021\/06\/08\/bibliotecas-e-igualdad\/\"},\"wordCount\":587,\"commentCount\":0,\"image\":{\"@id\":\"https:\/\/blogs.granada.escolapiosemaus.org\/biblioteca\/2021\/06\/08\/bibliotecas-e-igualdad\/#primaryimage\"},\"thumbnailUrl\":\"https:\/\/www.juntadeandalucia.es\/educacion\/portals\/delegate\/thumbnail\/abaco_big\/21e85f24-052a-4da3-8c46-37106005f1ff\",\"keywords\":[\"Bolet\u00edn\",\"Igualdad\",\"mujer\",\"publicaciones\",\"Rinc\u00f3n Violeta\"],\"articleSection\":[\"Coeducaci\u00f3n. Igualdad\",\"Efem\u00e9rides\",\"Enlaces de inter\u00e9s\",\"Mujer\"],\"inLanguage\":\"es\",\"potentialAction\":[{\"@type\":\"CommentAction\",\"name\":\"Comment\",\"target\":[\"https:\/\/blogs.granada.escolapiosemaus.org\/biblioteca\/2021\/06\/08\/bibliotecas-e-igualdad\/#respond\"]}]},{\"@type\":\"WebPage\",\"@id\":\"https:\/\/blogs.granada.escolapiosemaus.org\/biblioteca\/2021\/06\/08\/bibliotecas-e-igualdad\/\",\"url\":\"https:\/\/blogs.granada.escolapiosemaus.org\/biblioteca\/2021\/06\/08\/bibliotecas-e-igualdad\/\",\"name\":\"Bibliotecas e igualdad - Biblioteca Escolar - Escolapios Granada\",\"isPartOf\":{\"@id\":\"https:\/\/blogs.granada.escolapiosemaus.org\/biblioteca\/#website\"},\"primaryImageOfPage\":{\"@id\":\"https:\/\/blogs.granada.escolapiosemaus.org\/biblioteca\/2021\/06\/08\/bibliotecas-e-igualdad\/#primaryimage\"},\"image\":{\"@id\":\"https:\/\/blogs.granada.escolapiosemaus.org\/biblioteca\/2021\/06\/08\/bibliotecas-e-igualdad\/#primaryimage\"},\"thumbnailUrl\":\"https:\/\/www.juntadeandalucia.es\/educacion\/portals\/delegate\/thumbnail\/abaco_big\/21e85f24-052a-4da3-8c46-37106005f1ff\",\"datePublished\":\"2021-06-08T10:11:41+00:00\",\"dateModified\":\"2021-06-08T11:02:43+00:00\",\"author\":{\"@id\":\"https:\/\/blogs.granada.escolapiosemaus.org\/biblioteca\/#\/schema\/person\/539ef207bab7f990bb0ab333ae2ead2b\"},\"breadcrumb\":{\"@id\":\"https:\/\/blogs.granada.escolapiosemaus.org\/biblioteca\/2021\/06\/08\/bibliotecas-e-igualdad\/#breadcrumb\"},\"inLanguage\":\"es\",\"potentialAction\":[{\"@type\":\"ReadAction\",\"target\":[\"https:\/\/blogs.granada.escolapiosemaus.org\/biblioteca\/2021\/06\/08\/bibliotecas-e-igualdad\/\"]}]},{\"@type\":\"ImageObject\",\"inLanguage\":\"es\",\"@id\":\"https:\/\/blogs.granada.escolapiosemaus.org\/biblioteca\/2021\/06\/08\/bibliotecas-e-igualdad\/#primaryimage\",\"url\":\"https:\/\/www.juntadeandalucia.es\/educacion\/portals\/delegate\/thumbnail\/abaco_big\/21e85f24-052a-4da3-8c46-37106005f1ff\",\"contentUrl\":\"https:\/\/www.juntadeandalucia.es\/educacion\/portals\/delegate\/thumbnail\/abaco_big\/21e85f24-052a-4da3-8c46-37106005f1ff\"},{\"@type\":\"BreadcrumbList\",\"@id\":\"https:\/\/blogs.granada.escolapiosemaus.org\/biblioteca\/2021\/06\/08\/bibliotecas-e-igualdad\/#breadcrumb\",\"itemListElement\":[{\"@type\":\"ListItem\",\"position\":1,\"name\":\"Portada\",\"item\":\"https:\/\/blogs.granada.escolapiosemaus.org\/biblioteca\/\"},{\"@type\":\"ListItem\",\"position\":2,\"name\":\"Bibliotecas e igualdad\"}]},{\"@type\":\"WebSite\",\"@id\":\"https:\/\/blogs.granada.escolapiosemaus.org\/biblioteca\/#website\",\"url\":\"https:\/\/blogs.granada.escolapiosemaus.org\/biblioteca\/\",\"name\":\"Biblioteca Escolar - Escolapios Granada\",\"description\":\"Colegio Dulce Nombre de Mar\u00eda -PP.Escolapios- Granada\",\"potentialAction\":[{\"@type\":\"SearchAction\",\"target\":{\"@type\":\"EntryPoint\",\"urlTemplate\":\"https:\/\/blogs.granada.escolapiosemaus.org\/biblioteca\/?s={search_term_string}\"},\"query-input\":{\"@type\":\"PropertyValueSpecification\",\"valueRequired\":true,\"valueName\":\"search_term_string\"}}],\"inLanguage\":\"es\"},{\"@type\":\"Person\",\"@id\":\"https:\/\/blogs.granada.escolapiosemaus.org\/biblioteca\/#\/schema\/person\/539ef207bab7f990bb0ab333ae2ead2b\",\"name\":\"Encarna L\u00f3pez\",\"image\":{\"@type\":\"ImageObject\",\"inLanguage\":\"es\",\"@id\":\"https:\/\/blogs.granada.escolapiosemaus.org\/biblioteca\/#\/schema\/person\/image\/\",\"url\":\"https:\/\/secure.gravatar.com\/avatar\/2b177c2497e8c91c65f03aa86717c8f6?s=96&d=mm&r=g\",\"contentUrl\":\"https:\/\/secure.gravatar.com\/avatar\/2b177c2497e8c91c65f03aa86717c8f6?s=96&d=mm&r=g\",\"caption\":\"Encarna L\u00f3pez\"},\"sameAs\":[\"https:\/\/blogs.granada.escolapiosemaus.org\"],\"url\":\"https:\/\/blogs.granada.escolapiosemaus.org\/biblioteca\/author\/encarnalopez\/\"}]}<\/script>\n<!-- \/ Yoast SEO plugin. -->","yoast_head_json":{"title":"Bibliotecas e igualdad - Biblioteca Escolar - Escolapios Granada","robots":{"index":"index","follow":"follow","max-snippet":"max-snippet:-1","max-image-preview":"max-image-preview:large","max-video-preview":"max-video-preview:-1"},"canonical":"https:\/\/blogs.granada.escolapiosemaus.org\/biblioteca\/2021\/06\/08\/bibliotecas-e-igualdad\/","og_locale":"es_ES","og_type":"article","og_title":"Bibliotecas e igualdad - Biblioteca Escolar - Escolapios Granada","og_description":"Introducci\u00f3n - BIBLIOTECAS E IGUALDAD \u00a0 \u00a0 \u00a0 \u00a0 M\u00aa Esperanza Mirabet Medina Consejo de Redacci\u00f3n de Libro Abierto Una de las funciones fundamentales de las Bibliotecas Escolares es la de \u201cpaliar las desigualdades en el acceso a los bienes culturales\u201d (v\u00e9ase al respecto el Marco de Referencia para las Bibliotecas Escolares. 2011). En este [&hellip;]","og_url":"https:\/\/blogs.granada.escolapiosemaus.org\/biblioteca\/2021\/06\/08\/bibliotecas-e-igualdad\/","og_site_name":"Biblioteca Escolar - Escolapios Granada","article_published_time":"2021-06-08T10:11:41+00:00","article_modified_time":"2021-06-08T11:02:43+00:00","og_image":[{"url":"https:\/\/www.juntadeandalucia.es\/educacion\/portals\/delegate\/thumbnail\/abaco_big\/21e85f24-052a-4da3-8c46-37106005f1ff","type":"","width":"","height":""}],"author":"Encarna L\u00f3pez","twitter_card":"summary_large_image","twitter_misc":{"Escrito por":"Encarna L\u00f3pez","Tiempo de lectura":"3 minutos"},"schema":{"@context":"https:\/\/schema.org","@graph":[{"@type":"Article","@id":"https:\/\/blogs.granada.escolapiosemaus.org\/biblioteca\/2021\/06\/08\/bibliotecas-e-igualdad\/#article","isPartOf":{"@id":"https:\/\/blogs.granada.escolapiosemaus.org\/biblioteca\/2021\/06\/08\/bibliotecas-e-igualdad\/"},"author":{"name":"Encarna L\u00f3pez","@id":"https:\/\/blogs.granada.escolapiosemaus.org\/biblioteca\/#\/schema\/person\/539ef207bab7f990bb0ab333ae2ead2b"},"headline":"Bibliotecas e igualdad","datePublished":"2021-06-08T10:11:41+00:00","dateModified":"2021-06-08T11:02:43+00:00","mainEntityOfPage":{"@id":"https:\/\/blogs.granada.escolapiosemaus.org\/biblioteca\/2021\/06\/08\/bibliotecas-e-igualdad\/"},"wordCount":587,"commentCount":0,"image":{"@id":"https:\/\/blogs.granada.escolapiosemaus.org\/biblioteca\/2021\/06\/08\/bibliotecas-e-igualdad\/#primaryimage"},"thumbnailUrl":"https:\/\/www.juntadeandalucia.es\/educacion\/portals\/delegate\/thumbnail\/abaco_big\/21e85f24-052a-4da3-8c46-37106005f1ff","keywords":["Bolet\u00edn","Igualdad","mujer","publicaciones","Rinc\u00f3n Violeta"],"articleSection":["Coeducaci\u00f3n. Igualdad","Efem\u00e9rides","Enlaces de inter\u00e9s","Mujer"],"inLanguage":"es","potentialAction":[{"@type":"CommentAction","name":"Comment","target":["https:\/\/blogs.granada.escolapiosemaus.org\/biblioteca\/2021\/06\/08\/bibliotecas-e-igualdad\/#respond"]}]},{"@type":"WebPage","@id":"https:\/\/blogs.granada.escolapiosemaus.org\/biblioteca\/2021\/06\/08\/bibliotecas-e-igualdad\/","url":"https:\/\/blogs.granada.escolapiosemaus.org\/biblioteca\/2021\/06\/08\/bibliotecas-e-igualdad\/","name":"Bibliotecas e igualdad - Biblioteca Escolar - Escolapios Granada","isPartOf":{"@id":"https:\/\/blogs.granada.escolapiosemaus.org\/biblioteca\/#website"},"primaryImageOfPage":{"@id":"https:\/\/blogs.granada.escolapiosemaus.org\/biblioteca\/2021\/06\/08\/bibliotecas-e-igualdad\/#primaryimage"},"image":{"@id":"https:\/\/blogs.granada.escolapiosemaus.org\/biblioteca\/2021\/06\/08\/bibliotecas-e-igualdad\/#primaryimage"},"thumbnailUrl":"https:\/\/www.juntadeandalucia.es\/educacion\/portals\/delegate\/thumbnail\/abaco_big\/21e85f24-052a-4da3-8c46-37106005f1ff","datePublished":"2021-06-08T10:11:41+00:00","dateModified":"2021-06-08T11:02:43+00:00","author":{"@id":"https:\/\/blogs.granada.escolapiosemaus.org\/biblioteca\/#\/schema\/person\/539ef207bab7f990bb0ab333ae2ead2b"},"breadcrumb":{"@id":"https:\/\/blogs.granada.escolapiosemaus.org\/biblioteca\/2021\/06\/08\/bibliotecas-e-igualdad\/#breadcrumb"},"inLanguage":"es","potentialAction":[{"@type":"ReadAction","target":["https:\/\/blogs.granada.escolapiosemaus.org\/biblioteca\/2021\/06\/08\/bibliotecas-e-igualdad\/"]}]},{"@type":"ImageObject","inLanguage":"es","@id":"https:\/\/blogs.granada.escolapiosemaus.org\/biblioteca\/2021\/06\/08\/bibliotecas-e-igualdad\/#primaryimage","url":"https:\/\/www.juntadeandalucia.es\/educacion\/portals\/delegate\/thumbnail\/abaco_big\/21e85f24-052a-4da3-8c46-37106005f1ff","contentUrl":"https:\/\/www.juntadeandalucia.es\/educacion\/portals\/delegate\/thumbnail\/abaco_big\/21e85f24-052a-4da3-8c46-37106005f1ff"},{"@type":"BreadcrumbList","@id":"https:\/\/blogs.granada.escolapiosemaus.org\/biblioteca\/2021\/06\/08\/bibliotecas-e-igualdad\/#breadcrumb","itemListElement":[{"@type":"ListItem","position":1,"name":"Portada","item":"https:\/\/blogs.granada.escolapiosemaus.org\/biblioteca\/"},{"@type":"ListItem","position":2,"name":"Bibliotecas e igualdad"}]},{"@type":"WebSite","@id":"https:\/\/blogs.granada.escolapiosemaus.org\/biblioteca\/#website","url":"https:\/\/blogs.granada.escolapiosemaus.org\/biblioteca\/","name":"Biblioteca Escolar - Escolapios Granada","description":"Colegio Dulce Nombre de Mar\u00eda -PP.Escolapios- Granada","potentialAction":[{"@type":"SearchAction","target":{"@type":"EntryPoint","urlTemplate":"https:\/\/blogs.granada.escolapiosemaus.org\/biblioteca\/?s={search_term_string}"},"query-input":{"@type":"PropertyValueSpecification","valueRequired":true,"valueName":"search_term_string"}}],"inLanguage":"es"},{"@type":"Person","@id":"https:\/\/blogs.granada.escolapiosemaus.org\/biblioteca\/#\/schema\/person\/539ef207bab7f990bb0ab333ae2ead2b","name":"Encarna L\u00f3pez","image":{"@type":"ImageObject","inLanguage":"es","@id":"https:\/\/blogs.granada.escolapiosemaus.org\/biblioteca\/#\/schema\/person\/image\/","url":"https:\/\/secure.gravatar.com\/avatar\/2b177c2497e8c91c65f03aa86717c8f6?s=96&d=mm&r=g","contentUrl":"https:\/\/secure.gravatar.com\/avatar\/2b177c2497e8c91c65f03aa86717c8f6?s=96&d=mm&r=g","caption":"Encarna L\u00f3pez"},"sameAs":["https:\/\/blogs.granada.escolapiosemaus.org"],"url":"https:\/\/blogs.granada.escolapiosemaus.org\/biblioteca\/author\/encarnalopez\/"}]}},"jetpack_publicize_connections":[],"jetpack_featured_media_url":"","jetpack_sharing_enabled":true,"jetpack_shortlink":"https:\/\/wp.me\/p8qkgn-SH","jetpack-related-posts":[],"_links":{"self":[{"href":"https:\/\/blogs.granada.escolapiosemaus.org\/biblioteca\/wp-json\/wp\/v2\/posts\/3391","targetHints":{"allow":["GET"]}}],"collection":[{"href":"https:\/\/blogs.granada.escolapiosemaus.org\/biblioteca\/wp-json\/wp\/v2\/posts"}],"about":[{"href":"https:\/\/blogs.granada.escolapiosemaus.org\/biblioteca\/wp-json\/wp\/v2\/types\/post"}],"author":[{"embeddable":true,"href":"https:\/\/blogs.granada.escolapiosemaus.org\/biblioteca\/wp-json\/wp\/v2\/users\/20"}],"replies":[{"embeddable":true,"href":"https:\/\/blogs.granada.escolapiosemaus.org\/biblioteca\/wp-json\/wp\/v2\/comments?post=3391"}],"version-history":[{"count":4,"href":"https:\/\/blogs.granada.escolapiosemaus.org\/biblioteca\/wp-json\/wp\/v2\/posts\/3391\/revisions"}],"predecessor-version":[{"id":3398,"href":"https:\/\/blogs.granada.escolapiosemaus.org\/biblioteca\/wp-json\/wp\/v2\/posts\/3391\/revisions\/3398"}],"wp:attachment":[{"href":"https:\/\/blogs.granada.escolapiosemaus.org\/biblioteca\/wp-json\/wp\/v2\/media?parent=3391"}],"wp:term":[{"taxonomy":"category","embeddable":true,"href":"https:\/\/blogs.granada.escolapiosemaus.org\/biblioteca\/wp-json\/wp\/v2\/categories?post=3391"},{"taxonomy":"post_tag","embeddable":true,"href":"https:\/\/blogs.granada.escolapiosemaus.org\/biblioteca\/wp-json\/wp\/v2\/tags?post=3391"}],"curies":[{"name":"wp","href":"https:\/\/api.w.org\/{rel}","templated":true}]}}