{"id":2820,"date":"2023-03-08T10:29:49","date_gmt":"2023-03-08T09:29:49","guid":{"rendered":"http:\/\/blogs.granada.escolapiosemaus.org\/biblioteca\/?p=2820"},"modified":"2023-03-08T10:27:56","modified_gmt":"2023-03-08T09:27:56","slug":"dia-de-la-mujer-sor-juana-ines-de-la-cruz","status":"publish","type":"post","link":"https:\/\/blogs.granada.escolapiosemaus.org\/biblioteca\/2023\/03\/08\/dia-de-la-mujer-sor-juana-ines-de-la-cruz\/","title":{"rendered":"D\u00eda de la mujer. Sor Juana In\u00e9s de la Cruz"},"content":{"rendered":"<header class=\"cabecera_libro row\">\n<h2><a href=\"https:\/\/i0.wp.com\/blogs.granada.escolapiosemaus.org\/biblioteca\/wp-content\/uploads\/sites\/18\/2020\/11\/Mujer.-Sor-Juana-Ines-de-la-Cruz.Encabezamiento-blog.jpg?ssl=1\"><img data-recalc-dims=\"1\" loading=\"lazy\" decoding=\"async\" data-attachment-id=\"2822\" data-permalink=\"https:\/\/blogs.granada.escolapiosemaus.org\/biblioteca\/2023\/03\/08\/dia-de-la-mujer-sor-juana-ines-de-la-cruz\/mujer-sor-juana-ines-de-la-cruz-encabezamiento-blog\/\" data-orig-file=\"https:\/\/i0.wp.com\/blogs.granada.escolapiosemaus.org\/biblioteca\/wp-content\/uploads\/sites\/18\/2020\/11\/Mujer.-Sor-Juana-Ines-de-la-Cruz.Encabezamiento-blog.jpg?fit=1371%2C376&amp;ssl=1\" data-orig-size=\"1371,376\" data-comments-opened=\"1\" data-image-meta=\"{&quot;aperture&quot;:&quot;0&quot;,&quot;credit&quot;:&quot;Encarna L\\u00f3pez Guerrero&quot;,&quot;camera&quot;:&quot;&quot;,&quot;caption&quot;:&quot;&quot;,&quot;created_timestamp&quot;:&quot;1605087110&quot;,&quot;copyright&quot;:&quot;&quot;,&quot;focal_length&quot;:&quot;0&quot;,&quot;iso&quot;:&quot;0&quot;,&quot;shutter_speed&quot;:&quot;0&quot;,&quot;title&quot;:&quot;&quot;,&quot;orientation&quot;:&quot;0&quot;}\" data-image-title=\"Mujer. Sor Juana Ines de la Cruz.Encabezamiento blog\" data-image-description=\"\" data-image-caption=\"\" data-medium-file=\"https:\/\/i0.wp.com\/blogs.granada.escolapiosemaus.org\/biblioteca\/wp-content\/uploads\/sites\/18\/2020\/11\/Mujer.-Sor-Juana-Ines-de-la-Cruz.Encabezamiento-blog.jpg?fit=300%2C82&amp;ssl=1\" data-large-file=\"https:\/\/i0.wp.com\/blogs.granada.escolapiosemaus.org\/biblioteca\/wp-content\/uploads\/sites\/18\/2020\/11\/Mujer.-Sor-Juana-Ines-de-la-Cruz.Encabezamiento-blog.jpg?fit=600%2C165&amp;ssl=1\" class=\"alignnone wp-image-2822 size-full\" src=\"https:\/\/i0.wp.com\/blogs.granada.escolapiosemaus.org\/biblioteca\/wp-content\/uploads\/sites\/18\/2020\/11\/Mujer.-Sor-Juana-Ines-de-la-Cruz.Encabezamiento-blog.jpg?resize=600%2C165&#038;ssl=1\" alt=\"\" width=\"600\" height=\"165\" srcset=\"https:\/\/i0.wp.com\/blogs.granada.escolapiosemaus.org\/biblioteca\/wp-content\/uploads\/sites\/18\/2020\/11\/Mujer.-Sor-Juana-Ines-de-la-Cruz.Encabezamiento-blog.jpg?w=1371&amp;ssl=1 1371w, https:\/\/i0.wp.com\/blogs.granada.escolapiosemaus.org\/biblioteca\/wp-content\/uploads\/sites\/18\/2020\/11\/Mujer.-Sor-Juana-Ines-de-la-Cruz.Encabezamiento-blog.jpg?resize=300%2C82&amp;ssl=1 300w, https:\/\/i0.wp.com\/blogs.granada.escolapiosemaus.org\/biblioteca\/wp-content\/uploads\/sites\/18\/2020\/11\/Mujer.-Sor-Juana-Ines-de-la-Cruz.Encabezamiento-blog.jpg?resize=1024%2C281&amp;ssl=1 1024w, https:\/\/i0.wp.com\/blogs.granada.escolapiosemaus.org\/biblioteca\/wp-content\/uploads\/sites\/18\/2020\/11\/Mujer.-Sor-Juana-Ines-de-la-Cruz.Encabezamiento-blog.jpg?resize=768%2C211&amp;ssl=1 768w, https:\/\/i0.wp.com\/blogs.granada.escolapiosemaus.org\/biblioteca\/wp-content\/uploads\/sites\/18\/2020\/11\/Mujer.-Sor-Juana-Ines-de-la-Cruz.Encabezamiento-blog.jpg?resize=200%2C55&amp;ssl=1 200w, https:\/\/i0.wp.com\/blogs.granada.escolapiosemaus.org\/biblioteca\/wp-content\/uploads\/sites\/18\/2020\/11\/Mujer.-Sor-Juana-Ines-de-la-Cruz.Encabezamiento-blog.jpg?w=1200&amp;ssl=1 1200w\" sizes=\"auto, (max-width: 600px) 100vw, 600px\" \/><\/a><\/h2>\n<h2>Sor Juana In\u00e9s de la Cruz, el mejor escritor de Am\u00e9rica fue una chica<\/h2>\n<div>CUENTO: ANG\u00c9LICA RUIZ\u00a0|\u00a0ILUSTRACI\u00d3N: ULISES CULEBRO<\/div>\n<\/header>\n<div class=\"cuerpo\">\n<div class=\"bloque bloque_texto\">\n<div class=\"row reajustado\">\n<p>Hace muchos a\u00f1os, en una aldea mexicana al pie de dos volcanes, una ni\u00f1a muy peque\u00f1a llamada Juana se present\u00f3 ante su mam\u00e1 en la cocina de su casa vestida de chico y dijo:<\/p>\n<p>\u2014Mami, quiero que me cortes el pelo como un ni\u00f1o.<\/p>\n<p>Su madre Isabel, sorprendida, dej\u00f3 de moler el ma\u00edz y se gir\u00f3 para mirarla.<\/p>\n<p>\u2014Pero Juanita, cari\u00f1o, \u00bfpor qu\u00e9 te has vestido as\u00ed? \u00bfY para qu\u00e9 quieres cortarte esa melena tan bonita y larga?<\/p>\n<p>\u2014Quiero ser como un chamaco para poder ir a ese colegio al que solo van ellos que se llama universidad.<\/p>\n<p>\u2014Juana, amor m\u00edo, eso no puede ser, aunque te corte el pelo, la universidad es para los hombres. Adem\u00e1s, solo tienes cinco a\u00f1os.<\/p>\n<p>\u2014Pero ya s\u00e9 leer, mami.<\/p>\n<p>\u2014Amor, no puede ser. A tu hermana mayor le ense\u00f1an en casa y, aun as\u00ed, apenas sabe deletrear \u00bfC\u00f3mo has podido aprender?<\/p>\n<p>\u2014Mirando desde la puerta la pizarra de la profesora.<\/p>\n<p>En aquella ocasi\u00f3n, su mam\u00e1 la calm\u00f3 y no le cort\u00f3 el pelo.<\/p>\n<p><a href=\"https:\/\/i0.wp.com\/blogs.granada.escolapiosemaus.org\/biblioteca\/wp-content\/uploads\/sites\/18\/2020\/11\/Mujer-.Sor-Juana-Ines-de-la-Cruz.-Imagen-central.Blog_.jpg?ssl=1\"><img data-recalc-dims=\"1\" loading=\"lazy\" decoding=\"async\" data-attachment-id=\"2821\" data-permalink=\"https:\/\/blogs.granada.escolapiosemaus.org\/biblioteca\/2023\/03\/08\/dia-de-la-mujer-sor-juana-ines-de-la-cruz\/mujer-sor-juana-ines-de-la-cruz-imagen-central-blog\/\" data-orig-file=\"https:\/\/i0.wp.com\/blogs.granada.escolapiosemaus.org\/biblioteca\/wp-content\/uploads\/sites\/18\/2020\/11\/Mujer-.Sor-Juana-Ines-de-la-Cruz.-Imagen-central.Blog_.jpg?fit=889%2C603&amp;ssl=1\" data-orig-size=\"889,603\" data-comments-opened=\"1\" data-image-meta=\"{&quot;aperture&quot;:&quot;0&quot;,&quot;credit&quot;:&quot;Encarna L\\u00f3pez Guerrero&quot;,&quot;camera&quot;:&quot;&quot;,&quot;caption&quot;:&quot;&quot;,&quot;created_timestamp&quot;:&quot;1605087193&quot;,&quot;copyright&quot;:&quot;&quot;,&quot;focal_length&quot;:&quot;0&quot;,&quot;iso&quot;:&quot;0&quot;,&quot;shutter_speed&quot;:&quot;0&quot;,&quot;title&quot;:&quot;&quot;,&quot;orientation&quot;:&quot;0&quot;}\" data-image-title=\"Mujer .Sor Juana In\u00e9s de la Cruz. Imagen central.Blog\" data-image-description=\"\" data-image-caption=\"\" data-medium-file=\"https:\/\/i0.wp.com\/blogs.granada.escolapiosemaus.org\/biblioteca\/wp-content\/uploads\/sites\/18\/2020\/11\/Mujer-.Sor-Juana-Ines-de-la-Cruz.-Imagen-central.Blog_.jpg?fit=300%2C203&amp;ssl=1\" data-large-file=\"https:\/\/i0.wp.com\/blogs.granada.escolapiosemaus.org\/biblioteca\/wp-content\/uploads\/sites\/18\/2020\/11\/Mujer-.Sor-Juana-Ines-de-la-Cruz.-Imagen-central.Blog_.jpg?fit=600%2C407&amp;ssl=1\" class=\"alignnone size-medium wp-image-2821\" src=\"https:\/\/i0.wp.com\/blogs.granada.escolapiosemaus.org\/biblioteca\/wp-content\/uploads\/sites\/18\/2020\/11\/Mujer-.Sor-Juana-Ines-de-la-Cruz.-Imagen-central.Blog_.jpg?resize=300%2C203&#038;ssl=1\" alt=\"\" width=\"300\" height=\"203\" srcset=\"https:\/\/i0.wp.com\/blogs.granada.escolapiosemaus.org\/biblioteca\/wp-content\/uploads\/sites\/18\/2020\/11\/Mujer-.Sor-Juana-Ines-de-la-Cruz.-Imagen-central.Blog_.jpg?resize=300%2C203&amp;ssl=1 300w, https:\/\/i0.wp.com\/blogs.granada.escolapiosemaus.org\/biblioteca\/wp-content\/uploads\/sites\/18\/2020\/11\/Mujer-.Sor-Juana-Ines-de-la-Cruz.-Imagen-central.Blog_.jpg?resize=768%2C521&amp;ssl=1 768w, https:\/\/i0.wp.com\/blogs.granada.escolapiosemaus.org\/biblioteca\/wp-content\/uploads\/sites\/18\/2020\/11\/Mujer-.Sor-Juana-Ines-de-la-Cruz.-Imagen-central.Blog_.jpg?resize=200%2C136&amp;ssl=1 200w, https:\/\/i0.wp.com\/blogs.granada.escolapiosemaus.org\/biblioteca\/wp-content\/uploads\/sites\/18\/2020\/11\/Mujer-.Sor-Juana-Ines-de-la-Cruz.-Imagen-central.Blog_.jpg?resize=75%2C50&amp;ssl=1 75w, https:\/\/i0.wp.com\/blogs.granada.escolapiosemaus.org\/biblioteca\/wp-content\/uploads\/sites\/18\/2020\/11\/Mujer-.Sor-Juana-Ines-de-la-Cruz.-Imagen-central.Blog_.jpg?w=889&amp;ssl=1 889w\" sizes=\"auto, (max-width: 300px) 100vw, 300px\" \/><\/a><\/p>\n<div class=\"bloque bloque_texto\">\n<div class=\"row reajustado\">\n<p>Pero la ni\u00f1a no se rindi\u00f3: si no pod\u00eda ir a la universidad, aprender\u00eda sola con los libros de la gran biblioteca que ten\u00eda su abuelo Pedro.<\/p>\n<p>Juana, a pesar de su corta edad, estudiaba all\u00ed materias muy dif\u00edciles, como lat\u00edn, el idioma en el que estaban escritos los libros m\u00e1s importantes, para as\u00ed poder leerlos todos. Y cuando jugaba con otros ni\u00f1os de su pueblo, hablaba con ellos n\u00e1huatl, la lengua de los mexicanos.<\/p>\n<p>Juana ten\u00eda un truco para motivarse: cuando no se aprend\u00eda la lecci\u00f3n a tiempo, se cortaba mechones de pelo con una tijera porque \u201cel pelo crece deprisa y yo aprendo despacio\u201d. Y como ya no quer\u00eda parecer un chico ni hacerse escabechinas en su cabello, consegu\u00eda ser la estudiante m\u00e1s veloz.<\/p>\n<p>Entre libro y libro escrib\u00eda poes\u00edas muy bonitas y sab\u00eda tantas cosas que empez\u00f3 a trabajar para los virreyes, que eran las personas que m\u00e1s mandaban en M\u00e9xico. En aquella corte, una vez la examinaron los doctores m\u00e1s sabios de la universidad para ver si era tan lista como dec\u00eda su jefa y amiga la virreina. Juana sac\u00f3 un diez, porque contesto bien a todas las preguntas.<\/p>\n<p>Por aquellos d\u00edas, cuando una chica cumpl\u00eda quince a\u00f1os ten\u00eda que elegir entre casarse o hacerse monja y pasar el resto de su vida encerrada en un convento.<\/p>\n<p>\u00bfSabes qu\u00e9 hizo Juana? Prefiri\u00f3 ser monja.<\/p>\n<p>Y Juana In\u00e9s Ram\u00edrez pas\u00f3 a ser conocida como sor Juana In\u00e9s de la Cruz. Desde su celda en el convento, se dedic\u00f3 por entero a leer, a estudiar y a escribir algunos de los textos m\u00e1s bellos, ingeniosos e importantes de nuestro idioma.<\/p>\n<p>Y, por si no lo sab\u00edas, para ser monja tuvo que\u2026 cortarse mucho el pelo.<\/p>\n<\/div>\n<\/div>\n<div class=\"bloque bloque_texto\">\n<div class=\"row reajustado\">\n<p><strong>Y as\u00ed fue como, a pesar de vivir en un mundo en el que las mujeres eran consideradas inferiores, Juana In\u00e9s de Asbaje y Ram\u00edrez de Santillana, m\u00e1s conocida como sor Juana In\u00e9s de la Cruz, se convirti\u00f3 en una persona muy culta y en la escritora m\u00e1s importante del Siglo de Oro en Am\u00e9rica. Admirada por todo el mundo en M\u00e9xico y en Espa\u00f1a, hasta el punto de que, en honor a esta mujer tan portentosa, algunos billetes mexicanos actuales llevan impreso su rostro.<\/strong><\/p>\n<\/div>\n<\/div>\n<\/div>\n<p><a href=\"https:\/\/i0.wp.com\/blogs.granada.escolapiosemaus.org\/biblioteca\/wp-content\/uploads\/sites\/18\/2020\/11\/Mujer.Sor-Juana-Ines-de-la-Cruz.-Biografia-foto-cuqui.Blog_.jpg?ssl=1\"><img data-recalc-dims=\"1\" loading=\"lazy\" decoding=\"async\" data-attachment-id=\"2823\" data-permalink=\"https:\/\/blogs.granada.escolapiosemaus.org\/biblioteca\/2023\/03\/08\/dia-de-la-mujer-sor-juana-ines-de-la-cruz\/mujer-sor-juana-ines-de-la-cruz-biografia-foto-cuqui-blog\/\" data-orig-file=\"https:\/\/i0.wp.com\/blogs.granada.escolapiosemaus.org\/biblioteca\/wp-content\/uploads\/sites\/18\/2020\/11\/Mujer.Sor-Juana-Ines-de-la-Cruz.-Biografia-foto-cuqui.Blog_.jpg?fit=688%2C438&amp;ssl=1\" data-orig-size=\"688,438\" data-comments-opened=\"1\" data-image-meta=\"{&quot;aperture&quot;:&quot;0&quot;,&quot;credit&quot;:&quot;Encarna L\\u00f3pez Guerrero&quot;,&quot;camera&quot;:&quot;&quot;,&quot;caption&quot;:&quot;&quot;,&quot;created_timestamp&quot;:&quot;1605087413&quot;,&quot;copyright&quot;:&quot;&quot;,&quot;focal_length&quot;:&quot;0&quot;,&quot;iso&quot;:&quot;0&quot;,&quot;shutter_speed&quot;:&quot;0&quot;,&quot;title&quot;:&quot;&quot;,&quot;orientation&quot;:&quot;0&quot;}\" data-image-title=\"Mujer.Sor Juana In\u00e9s de la Cruz. Biograf\u00eda foto cuqui.Blog\" data-image-description=\"\" data-image-caption=\"\" data-medium-file=\"https:\/\/i0.wp.com\/blogs.granada.escolapiosemaus.org\/biblioteca\/wp-content\/uploads\/sites\/18\/2020\/11\/Mujer.Sor-Juana-Ines-de-la-Cruz.-Biografia-foto-cuqui.Blog_.jpg?fit=300%2C191&amp;ssl=1\" data-large-file=\"https:\/\/i0.wp.com\/blogs.granada.escolapiosemaus.org\/biblioteca\/wp-content\/uploads\/sites\/18\/2020\/11\/Mujer.Sor-Juana-Ines-de-la-Cruz.-Biografia-foto-cuqui.Blog_.jpg?fit=600%2C382&amp;ssl=1\" class=\"alignnone wp-image-2823 size-full\" src=\"https:\/\/i0.wp.com\/blogs.granada.escolapiosemaus.org\/biblioteca\/wp-content\/uploads\/sites\/18\/2020\/11\/Mujer.Sor-Juana-Ines-de-la-Cruz.-Biografia-foto-cuqui.Blog_.jpg?resize=600%2C382&#038;ssl=1\" alt=\"\" width=\"600\" height=\"382\" srcset=\"https:\/\/i0.wp.com\/blogs.granada.escolapiosemaus.org\/biblioteca\/wp-content\/uploads\/sites\/18\/2020\/11\/Mujer.Sor-Juana-Ines-de-la-Cruz.-Biografia-foto-cuqui.Blog_.jpg?w=688&amp;ssl=1 688w, https:\/\/i0.wp.com\/blogs.granada.escolapiosemaus.org\/biblioteca\/wp-content\/uploads\/sites\/18\/2020\/11\/Mujer.Sor-Juana-Ines-de-la-Cruz.-Biografia-foto-cuqui.Blog_.jpg?resize=300%2C191&amp;ssl=1 300w, https:\/\/i0.wp.com\/blogs.granada.escolapiosemaus.org\/biblioteca\/wp-content\/uploads\/sites\/18\/2020\/11\/Mujer.Sor-Juana-Ines-de-la-Cruz.-Biografia-foto-cuqui.Blog_.jpg?resize=200%2C127&amp;ssl=1 200w\" sizes=\"auto, (max-width: 600px) 100vw, 600px\" \/><\/a><\/p>\n<\/div>\n<\/div>\n","protected":false},"excerpt":{"rendered":"<p>Sor Juana In\u00e9s de la Cruz, el mejor escritor de Am\u00e9rica fue una chica CUENTO: ANG\u00c9LICA RUIZ\u00a0|\u00a0ILUSTRACI\u00d3N: ULISES CULEBRO Hace muchos a\u00f1os, en una aldea mexicana al pie de dos volcanes, una ni\u00f1a muy peque\u00f1a llamada Juana se present\u00f3 ante su mam\u00e1 en la cocina de su casa vestida de chico y dijo: \u2014Mami, quiero [&hellip;]<\/p>\n","protected":false},"author":20,"featured_media":0,"comment_status":"open","ping_status":"open","sticky":false,"template":"","format":"standard","meta":{"_monsterinsights_skip_tracking":false,"_monsterinsights_sitenote_active":false,"_monsterinsights_sitenote_note":"","_monsterinsights_sitenote_category":0,"jetpack_post_was_ever_published":false,"_jetpack_newsletter_access":"","_jetpack_dont_email_post_to_subs":false,"_jetpack_newsletter_tier_id":0,"_jetpack_memberships_contains_paywalled_content":false,"_jetpack_memberships_contains_paid_content":false,"footnotes":"","jetpack_publicize_message":"","jetpack_publicize_feature_enabled":true,"jetpack_social_post_already_shared":true,"jetpack_social_options":{"image_generator_settings":{"template":"highway","default_image_id":0,"font":"","enabled":false},"version":2}},"categories":[110,63,15],"tags":[124,86,156,106,141],"class_list":["post-2820","post","type-post","status-publish","format-standard","hentry","category-dia-de-la-mujer","category-efemerides","category-mujer","tag-biblioteca-escolar","tag-dia-de-la-mujer","tag-escritoras","tag-granada","tag-mujer"],"yoast_head":"<!-- This site is optimized with the Yoast SEO plugin v26.8 - https:\/\/yoast.com\/product\/yoast-seo-wordpress\/ -->\n<title>D\u00eda de la mujer. Sor Juana In\u00e9s de la Cruz - Biblioteca Escolar - Escolapios Granada<\/title>\n<meta name=\"robots\" content=\"index, follow, max-snippet:-1, max-image-preview:large, max-video-preview:-1\" \/>\n<link rel=\"canonical\" href=\"https:\/\/blogs.granada.escolapiosemaus.org\/biblioteca\/2023\/03\/08\/dia-de-la-mujer-sor-juana-ines-de-la-cruz\/\" \/>\n<meta property=\"og:locale\" content=\"es_ES\" \/>\n<meta property=\"og:type\" content=\"article\" \/>\n<meta property=\"og:title\" content=\"D\u00eda de la mujer. Sor Juana In\u00e9s de la Cruz - Biblioteca Escolar - Escolapios Granada\" \/>\n<meta property=\"og:description\" content=\"Sor Juana In\u00e9s de la Cruz, el mejor escritor de Am\u00e9rica fue una chica CUENTO: ANG\u00c9LICA RUIZ\u00a0|\u00a0ILUSTRACI\u00d3N: ULISES CULEBRO Hace muchos a\u00f1os, en una aldea mexicana al pie de dos volcanes, una ni\u00f1a muy peque\u00f1a llamada Juana se present\u00f3 ante su mam\u00e1 en la cocina de su casa vestida de chico y dijo: \u2014Mami, quiero [&hellip;]\" \/>\n<meta property=\"og:url\" content=\"https:\/\/blogs.granada.escolapiosemaus.org\/biblioteca\/2023\/03\/08\/dia-de-la-mujer-sor-juana-ines-de-la-cruz\/\" \/>\n<meta property=\"og:site_name\" content=\"Biblioteca Escolar - Escolapios Granada\" \/>\n<meta property=\"article:published_time\" content=\"2023-03-08T09:29:49+00:00\" \/>\n<meta property=\"og:image\" content=\"https:\/\/blogs.granada.escolapiosemaus.org\/biblioteca\/wp-content\/uploads\/sites\/18\/2020\/11\/Mujer.-Sor-Juana-Ines-de-la-Cruz.Encabezamiento-blog.jpg\" \/>\n<meta name=\"author\" content=\"Encarna L\u00f3pez\" \/>\n<meta name=\"twitter:card\" content=\"summary_large_image\" \/>\n<meta name=\"twitter:label1\" content=\"Escrito por\" \/>\n\t<meta name=\"twitter:data1\" content=\"Encarna L\u00f3pez\" \/>\n\t<meta name=\"twitter:label2\" content=\"Tiempo de lectura\" \/>\n\t<meta name=\"twitter:data2\" content=\"4 minutos\" \/>\n<script type=\"application\/ld+json\" class=\"yoast-schema-graph\">{\"@context\":\"https:\/\/schema.org\",\"@graph\":[{\"@type\":\"Article\",\"@id\":\"https:\/\/blogs.granada.escolapiosemaus.org\/biblioteca\/2023\/03\/08\/dia-de-la-mujer-sor-juana-ines-de-la-cruz\/#article\",\"isPartOf\":{\"@id\":\"https:\/\/blogs.granada.escolapiosemaus.org\/biblioteca\/2023\/03\/08\/dia-de-la-mujer-sor-juana-ines-de-la-cruz\/\"},\"author\":{\"name\":\"Encarna L\u00f3pez\",\"@id\":\"https:\/\/blogs.granada.escolapiosemaus.org\/biblioteca\/#\/schema\/person\/539ef207bab7f990bb0ab333ae2ead2b\"},\"headline\":\"D\u00eda de la mujer. Sor Juana In\u00e9s de la Cruz\",\"datePublished\":\"2023-03-08T09:29:49+00:00\",\"mainEntityOfPage\":{\"@id\":\"https:\/\/blogs.granada.escolapiosemaus.org\/biblioteca\/2023\/03\/08\/dia-de-la-mujer-sor-juana-ines-de-la-cruz\/\"},\"wordCount\":629,\"commentCount\":0,\"image\":{\"@id\":\"https:\/\/blogs.granada.escolapiosemaus.org\/biblioteca\/2023\/03\/08\/dia-de-la-mujer-sor-juana-ines-de-la-cruz\/#primaryimage\"},\"thumbnailUrl\":\"https:\/\/blogs.granada.escolapiosemaus.org\/biblioteca\/wp-content\/uploads\/sites\/18\/2020\/11\/Mujer.-Sor-Juana-Ines-de-la-Cruz.Encabezamiento-blog.jpg\",\"keywords\":[\"biblioteca escolar\",\"D\u00eda de la mujer\",\"Escritoras\",\"Granada\",\"mujer\"],\"articleSection\":[\"D\u00eda de la mujer\",\"Efem\u00e9rides\",\"Mujer\"],\"inLanguage\":\"es\",\"potentialAction\":[{\"@type\":\"CommentAction\",\"name\":\"Comment\",\"target\":[\"https:\/\/blogs.granada.escolapiosemaus.org\/biblioteca\/2023\/03\/08\/dia-de-la-mujer-sor-juana-ines-de-la-cruz\/#respond\"]}]},{\"@type\":\"WebPage\",\"@id\":\"https:\/\/blogs.granada.escolapiosemaus.org\/biblioteca\/2023\/03\/08\/dia-de-la-mujer-sor-juana-ines-de-la-cruz\/\",\"url\":\"https:\/\/blogs.granada.escolapiosemaus.org\/biblioteca\/2023\/03\/08\/dia-de-la-mujer-sor-juana-ines-de-la-cruz\/\",\"name\":\"D\u00eda de la mujer. Sor Juana In\u00e9s de la Cruz - Biblioteca Escolar - Escolapios Granada\",\"isPartOf\":{\"@id\":\"https:\/\/blogs.granada.escolapiosemaus.org\/biblioteca\/#website\"},\"primaryImageOfPage\":{\"@id\":\"https:\/\/blogs.granada.escolapiosemaus.org\/biblioteca\/2023\/03\/08\/dia-de-la-mujer-sor-juana-ines-de-la-cruz\/#primaryimage\"},\"image\":{\"@id\":\"https:\/\/blogs.granada.escolapiosemaus.org\/biblioteca\/2023\/03\/08\/dia-de-la-mujer-sor-juana-ines-de-la-cruz\/#primaryimage\"},\"thumbnailUrl\":\"https:\/\/blogs.granada.escolapiosemaus.org\/biblioteca\/wp-content\/uploads\/sites\/18\/2020\/11\/Mujer.-Sor-Juana-Ines-de-la-Cruz.Encabezamiento-blog.jpg\",\"datePublished\":\"2023-03-08T09:29:49+00:00\",\"author\":{\"@id\":\"https:\/\/blogs.granada.escolapiosemaus.org\/biblioteca\/#\/schema\/person\/539ef207bab7f990bb0ab333ae2ead2b\"},\"breadcrumb\":{\"@id\":\"https:\/\/blogs.granada.escolapiosemaus.org\/biblioteca\/2023\/03\/08\/dia-de-la-mujer-sor-juana-ines-de-la-cruz\/#breadcrumb\"},\"inLanguage\":\"es\",\"potentialAction\":[{\"@type\":\"ReadAction\",\"target\":[\"https:\/\/blogs.granada.escolapiosemaus.org\/biblioteca\/2023\/03\/08\/dia-de-la-mujer-sor-juana-ines-de-la-cruz\/\"]}]},{\"@type\":\"ImageObject\",\"inLanguage\":\"es\",\"@id\":\"https:\/\/blogs.granada.escolapiosemaus.org\/biblioteca\/2023\/03\/08\/dia-de-la-mujer-sor-juana-ines-de-la-cruz\/#primaryimage\",\"url\":\"https:\/\/i0.wp.com\/blogs.granada.escolapiosemaus.org\/biblioteca\/wp-content\/uploads\/sites\/18\/2020\/11\/Mujer.-Sor-Juana-Ines-de-la-Cruz.Encabezamiento-blog.jpg?fit=1371%2C376&ssl=1\",\"contentUrl\":\"https:\/\/i0.wp.com\/blogs.granada.escolapiosemaus.org\/biblioteca\/wp-content\/uploads\/sites\/18\/2020\/11\/Mujer.-Sor-Juana-Ines-de-la-Cruz.Encabezamiento-blog.jpg?fit=1371%2C376&ssl=1\",\"width\":1371,\"height\":376},{\"@type\":\"BreadcrumbList\",\"@id\":\"https:\/\/blogs.granada.escolapiosemaus.org\/biblioteca\/2023\/03\/08\/dia-de-la-mujer-sor-juana-ines-de-la-cruz\/#breadcrumb\",\"itemListElement\":[{\"@type\":\"ListItem\",\"position\":1,\"name\":\"Portada\",\"item\":\"https:\/\/blogs.granada.escolapiosemaus.org\/biblioteca\/\"},{\"@type\":\"ListItem\",\"position\":2,\"name\":\"D\u00eda de la mujer. Sor Juana In\u00e9s de la Cruz\"}]},{\"@type\":\"WebSite\",\"@id\":\"https:\/\/blogs.granada.escolapiosemaus.org\/biblioteca\/#website\",\"url\":\"https:\/\/blogs.granada.escolapiosemaus.org\/biblioteca\/\",\"name\":\"Biblioteca Escolar - Escolapios Granada\",\"description\":\"Colegio Dulce Nombre de Mar\u00eda -PP.Escolapios- Granada\",\"potentialAction\":[{\"@type\":\"SearchAction\",\"target\":{\"@type\":\"EntryPoint\",\"urlTemplate\":\"https:\/\/blogs.granada.escolapiosemaus.org\/biblioteca\/?s={search_term_string}\"},\"query-input\":{\"@type\":\"PropertyValueSpecification\",\"valueRequired\":true,\"valueName\":\"search_term_string\"}}],\"inLanguage\":\"es\"},{\"@type\":\"Person\",\"@id\":\"https:\/\/blogs.granada.escolapiosemaus.org\/biblioteca\/#\/schema\/person\/539ef207bab7f990bb0ab333ae2ead2b\",\"name\":\"Encarna L\u00f3pez\",\"image\":{\"@type\":\"ImageObject\",\"inLanguage\":\"es\",\"@id\":\"https:\/\/blogs.granada.escolapiosemaus.org\/biblioteca\/#\/schema\/person\/image\/\",\"url\":\"https:\/\/secure.gravatar.com\/avatar\/2b177c2497e8c91c65f03aa86717c8f6?s=96&d=mm&r=g\",\"contentUrl\":\"https:\/\/secure.gravatar.com\/avatar\/2b177c2497e8c91c65f03aa86717c8f6?s=96&d=mm&r=g\",\"caption\":\"Encarna L\u00f3pez\"},\"sameAs\":[\"https:\/\/blogs.granada.escolapiosemaus.org\"],\"url\":\"https:\/\/blogs.granada.escolapiosemaus.org\/biblioteca\/author\/encarnalopez\/\"}]}<\/script>\n<!-- \/ Yoast SEO plugin. -->","yoast_head_json":{"title":"D\u00eda de la mujer. Sor Juana In\u00e9s de la Cruz - Biblioteca Escolar - Escolapios Granada","robots":{"index":"index","follow":"follow","max-snippet":"max-snippet:-1","max-image-preview":"max-image-preview:large","max-video-preview":"max-video-preview:-1"},"canonical":"https:\/\/blogs.granada.escolapiosemaus.org\/biblioteca\/2023\/03\/08\/dia-de-la-mujer-sor-juana-ines-de-la-cruz\/","og_locale":"es_ES","og_type":"article","og_title":"D\u00eda de la mujer. Sor Juana In\u00e9s de la Cruz - Biblioteca Escolar - Escolapios Granada","og_description":"Sor Juana In\u00e9s de la Cruz, el mejor escritor de Am\u00e9rica fue una chica CUENTO: ANG\u00c9LICA RUIZ\u00a0|\u00a0ILUSTRACI\u00d3N: ULISES CULEBRO Hace muchos a\u00f1os, en una aldea mexicana al pie de dos volcanes, una ni\u00f1a muy peque\u00f1a llamada Juana se present\u00f3 ante su mam\u00e1 en la cocina de su casa vestida de chico y dijo: \u2014Mami, quiero [&hellip;]","og_url":"https:\/\/blogs.granada.escolapiosemaus.org\/biblioteca\/2023\/03\/08\/dia-de-la-mujer-sor-juana-ines-de-la-cruz\/","og_site_name":"Biblioteca Escolar - Escolapios Granada","article_published_time":"2023-03-08T09:29:49+00:00","og_image":[{"url":"https:\/\/blogs.granada.escolapiosemaus.org\/biblioteca\/wp-content\/uploads\/sites\/18\/2020\/11\/Mujer.-Sor-Juana-Ines-de-la-Cruz.Encabezamiento-blog.jpg","type":"","width":"","height":""}],"author":"Encarna L\u00f3pez","twitter_card":"summary_large_image","twitter_misc":{"Escrito por":"Encarna L\u00f3pez","Tiempo de lectura":"4 minutos"},"schema":{"@context":"https:\/\/schema.org","@graph":[{"@type":"Article","@id":"https:\/\/blogs.granada.escolapiosemaus.org\/biblioteca\/2023\/03\/08\/dia-de-la-mujer-sor-juana-ines-de-la-cruz\/#article","isPartOf":{"@id":"https:\/\/blogs.granada.escolapiosemaus.org\/biblioteca\/2023\/03\/08\/dia-de-la-mujer-sor-juana-ines-de-la-cruz\/"},"author":{"name":"Encarna L\u00f3pez","@id":"https:\/\/blogs.granada.escolapiosemaus.org\/biblioteca\/#\/schema\/person\/539ef207bab7f990bb0ab333ae2ead2b"},"headline":"D\u00eda de la mujer. Sor Juana In\u00e9s de la Cruz","datePublished":"2023-03-08T09:29:49+00:00","mainEntityOfPage":{"@id":"https:\/\/blogs.granada.escolapiosemaus.org\/biblioteca\/2023\/03\/08\/dia-de-la-mujer-sor-juana-ines-de-la-cruz\/"},"wordCount":629,"commentCount":0,"image":{"@id":"https:\/\/blogs.granada.escolapiosemaus.org\/biblioteca\/2023\/03\/08\/dia-de-la-mujer-sor-juana-ines-de-la-cruz\/#primaryimage"},"thumbnailUrl":"https:\/\/blogs.granada.escolapiosemaus.org\/biblioteca\/wp-content\/uploads\/sites\/18\/2020\/11\/Mujer.-Sor-Juana-Ines-de-la-Cruz.Encabezamiento-blog.jpg","keywords":["biblioteca escolar","D\u00eda de la mujer","Escritoras","Granada","mujer"],"articleSection":["D\u00eda de la mujer","Efem\u00e9rides","Mujer"],"inLanguage":"es","potentialAction":[{"@type":"CommentAction","name":"Comment","target":["https:\/\/blogs.granada.escolapiosemaus.org\/biblioteca\/2023\/03\/08\/dia-de-la-mujer-sor-juana-ines-de-la-cruz\/#respond"]}]},{"@type":"WebPage","@id":"https:\/\/blogs.granada.escolapiosemaus.org\/biblioteca\/2023\/03\/08\/dia-de-la-mujer-sor-juana-ines-de-la-cruz\/","url":"https:\/\/blogs.granada.escolapiosemaus.org\/biblioteca\/2023\/03\/08\/dia-de-la-mujer-sor-juana-ines-de-la-cruz\/","name":"D\u00eda de la mujer. Sor Juana In\u00e9s de la Cruz - Biblioteca Escolar - Escolapios Granada","isPartOf":{"@id":"https:\/\/blogs.granada.escolapiosemaus.org\/biblioteca\/#website"},"primaryImageOfPage":{"@id":"https:\/\/blogs.granada.escolapiosemaus.org\/biblioteca\/2023\/03\/08\/dia-de-la-mujer-sor-juana-ines-de-la-cruz\/#primaryimage"},"image":{"@id":"https:\/\/blogs.granada.escolapiosemaus.org\/biblioteca\/2023\/03\/08\/dia-de-la-mujer-sor-juana-ines-de-la-cruz\/#primaryimage"},"thumbnailUrl":"https:\/\/blogs.granada.escolapiosemaus.org\/biblioteca\/wp-content\/uploads\/sites\/18\/2020\/11\/Mujer.-Sor-Juana-Ines-de-la-Cruz.Encabezamiento-blog.jpg","datePublished":"2023-03-08T09:29:49+00:00","author":{"@id":"https:\/\/blogs.granada.escolapiosemaus.org\/biblioteca\/#\/schema\/person\/539ef207bab7f990bb0ab333ae2ead2b"},"breadcrumb":{"@id":"https:\/\/blogs.granada.escolapiosemaus.org\/biblioteca\/2023\/03\/08\/dia-de-la-mujer-sor-juana-ines-de-la-cruz\/#breadcrumb"},"inLanguage":"es","potentialAction":[{"@type":"ReadAction","target":["https:\/\/blogs.granada.escolapiosemaus.org\/biblioteca\/2023\/03\/08\/dia-de-la-mujer-sor-juana-ines-de-la-cruz\/"]}]},{"@type":"ImageObject","inLanguage":"es","@id":"https:\/\/blogs.granada.escolapiosemaus.org\/biblioteca\/2023\/03\/08\/dia-de-la-mujer-sor-juana-ines-de-la-cruz\/#primaryimage","url":"https:\/\/i0.wp.com\/blogs.granada.escolapiosemaus.org\/biblioteca\/wp-content\/uploads\/sites\/18\/2020\/11\/Mujer.-Sor-Juana-Ines-de-la-Cruz.Encabezamiento-blog.jpg?fit=1371%2C376&ssl=1","contentUrl":"https:\/\/i0.wp.com\/blogs.granada.escolapiosemaus.org\/biblioteca\/wp-content\/uploads\/sites\/18\/2020\/11\/Mujer.-Sor-Juana-Ines-de-la-Cruz.Encabezamiento-blog.jpg?fit=1371%2C376&ssl=1","width":1371,"height":376},{"@type":"BreadcrumbList","@id":"https:\/\/blogs.granada.escolapiosemaus.org\/biblioteca\/2023\/03\/08\/dia-de-la-mujer-sor-juana-ines-de-la-cruz\/#breadcrumb","itemListElement":[{"@type":"ListItem","position":1,"name":"Portada","item":"https:\/\/blogs.granada.escolapiosemaus.org\/biblioteca\/"},{"@type":"ListItem","position":2,"name":"D\u00eda de la mujer. Sor Juana In\u00e9s de la Cruz"}]},{"@type":"WebSite","@id":"https:\/\/blogs.granada.escolapiosemaus.org\/biblioteca\/#website","url":"https:\/\/blogs.granada.escolapiosemaus.org\/biblioteca\/","name":"Biblioteca Escolar - Escolapios Granada","description":"Colegio Dulce Nombre de Mar\u00eda -PP.Escolapios- Granada","potentialAction":[{"@type":"SearchAction","target":{"@type":"EntryPoint","urlTemplate":"https:\/\/blogs.granada.escolapiosemaus.org\/biblioteca\/?s={search_term_string}"},"query-input":{"@type":"PropertyValueSpecification","valueRequired":true,"valueName":"search_term_string"}}],"inLanguage":"es"},{"@type":"Person","@id":"https:\/\/blogs.granada.escolapiosemaus.org\/biblioteca\/#\/schema\/person\/539ef207bab7f990bb0ab333ae2ead2b","name":"Encarna L\u00f3pez","image":{"@type":"ImageObject","inLanguage":"es","@id":"https:\/\/blogs.granada.escolapiosemaus.org\/biblioteca\/#\/schema\/person\/image\/","url":"https:\/\/secure.gravatar.com\/avatar\/2b177c2497e8c91c65f03aa86717c8f6?s=96&d=mm&r=g","contentUrl":"https:\/\/secure.gravatar.com\/avatar\/2b177c2497e8c91c65f03aa86717c8f6?s=96&d=mm&r=g","caption":"Encarna L\u00f3pez"},"sameAs":["https:\/\/blogs.granada.escolapiosemaus.org"],"url":"https:\/\/blogs.granada.escolapiosemaus.org\/biblioteca\/author\/encarnalopez\/"}]}},"jetpack_publicize_connections":[],"jetpack_featured_media_url":"","jetpack_sharing_enabled":true,"jetpack_shortlink":"https:\/\/wp.me\/p8qkgn-Ju","jetpack-related-posts":[],"_links":{"self":[{"href":"https:\/\/blogs.granada.escolapiosemaus.org\/biblioteca\/wp-json\/wp\/v2\/posts\/2820","targetHints":{"allow":["GET"]}}],"collection":[{"href":"https:\/\/blogs.granada.escolapiosemaus.org\/biblioteca\/wp-json\/wp\/v2\/posts"}],"about":[{"href":"https:\/\/blogs.granada.escolapiosemaus.org\/biblioteca\/wp-json\/wp\/v2\/types\/post"}],"author":[{"embeddable":true,"href":"https:\/\/blogs.granada.escolapiosemaus.org\/biblioteca\/wp-json\/wp\/v2\/users\/20"}],"replies":[{"embeddable":true,"href":"https:\/\/blogs.granada.escolapiosemaus.org\/biblioteca\/wp-json\/wp\/v2\/comments?post=2820"}],"version-history":[{"count":2,"href":"https:\/\/blogs.granada.escolapiosemaus.org\/biblioteca\/wp-json\/wp\/v2\/posts\/2820\/revisions"}],"predecessor-version":[{"id":3229,"href":"https:\/\/blogs.granada.escolapiosemaus.org\/biblioteca\/wp-json\/wp\/v2\/posts\/2820\/revisions\/3229"}],"wp:attachment":[{"href":"https:\/\/blogs.granada.escolapiosemaus.org\/biblioteca\/wp-json\/wp\/v2\/media?parent=2820"}],"wp:term":[{"taxonomy":"category","embeddable":true,"href":"https:\/\/blogs.granada.escolapiosemaus.org\/biblioteca\/wp-json\/wp\/v2\/categories?post=2820"},{"taxonomy":"post_tag","embeddable":true,"href":"https:\/\/blogs.granada.escolapiosemaus.org\/biblioteca\/wp-json\/wp\/v2\/tags?post=2820"}],"curies":[{"name":"wp","href":"https:\/\/api.w.org\/{rel}","templated":true}]}}