{"id":1123,"date":"2016-05-20T09:54:22","date_gmt":"2016-05-20T09:54:22","guid":{"rendered":"http:\/\/blogs.granada.escolapiosemaus.org\/biblioteca\/?p=1123"},"modified":"2016-05-20T09:54:22","modified_gmt":"2016-05-20T09:54:22","slug":"1o-c-visita-la-biblioteca","status":"publish","type":"post","link":"https:\/\/blogs.granada.escolapiosemaus.org\/biblioteca\/2016\/05\/20\/1o-c-visita-la-biblioteca\/","title":{"rendered":"1\u00ba C ESO visita la biblioteca"},"content":{"rendered":"<p>Hoy hemos recibido la visita de unos grandes poetas que son nuestros alumnos de 1\u00ba C deESO.<\/p>\n<p>Celebramos de esta forma, el d\u00eda del libro en nuestra biblioteca :\u00a1 leyendo y recitando!<\/p>\n<p>Os dejamos algunos para que disfruteis:<\/p>\n<p>LA PRIMAVERA<\/p>\n<p>Hoy, 21 de marzo<\/p>\n<p>es el d\u00eda en que llega mi querida primavera.<\/p>\n<p>Primavera es la estaci\u00f3n en que nacen las flores,<\/p>\n<p>comienza el calor<\/p>\n<p>y explosionan los colores.<\/p>\n<p>Y no le falta raz\u00f3n<\/p>\n<p>a quien la llama bonita<\/p>\n<p>porque crecen los \u00e1rboles<\/p>\n<p>y florecen las margaritas.<\/p>\n<p>Mientras jugamos en el verde prado<\/p>\n<p>que la primavera ha coloreado<\/p>\n<p>\u00a1Todos admiramos a la primavera<\/p>\n<p>que como cada a\u00f1o , ha regresado!<\/p>\n<p>Y aunque el 21 de junio<\/p>\n<p>nos despidamos<\/p>\n<p>yo la espero un a\u00f1o<\/p>\n<p>con todo entusiasmo.<\/p>\n<p>\u00a1Todos te admiramos!<\/p>\n<p>Es la estaci\u00f3n m\u00e1s bonita<\/p>\n<p>y la que transmite m\u00e1s alegr\u00eda<\/p>\n<p>por eso durante ella,<\/p>\n<p>yo sonr\u00edo todos los d\u00edas.<\/p>\n<p>Luc\u00eda G\u00f3mez Garach<\/p>\n<p>LOS ZOMBIES<\/p>\n<p>Treinta zombies en hilera<\/p>\n<p>horripilan a cualquiera.<\/p>\n<p>Caminan juntos y el caso<\/p>\n<p>es que nadie pierde paso.<\/p>\n<p>Si el primer zombie vacila,<\/p>\n<p>vacila toda la fila.<\/p>\n<p>Si va bailando al comp\u00e1s,<\/p>\n<p>bailan los dem\u00e1s detr\u00e1s.<\/p>\n<p>V\u00edctor G\u00f3nzalez P\u00e9rez<\/p>\n<p>\u00c9L ERA VERANO<\/p>\n<p>\u00c9l era verano,<\/p>\n<p>en mi eterno invierno.<\/p>\n<p>El silencio<\/p>\n<p>en mi ruidoso pensamiento.<\/p>\n<p>La alegr\u00eda<\/p>\n<p>de mi triste poes\u00eda.<\/p>\n<p>La estrella polar<\/p>\n<p>que guiaba ni torpe andar.<\/p>\n<p>\u00c9l era, en general,<\/p>\n<p>el bien que contrarrestaba el mal.<\/p>\n<p>Y me am\u00f3 aunque estuviera rota,<\/p>\n<p>por si hubiera alguna casualidad remota<\/p>\n<p>de que yo le correspondiera,<\/p>\n<p>y as\u00ed era.<\/p>\n<p>B.C.<\/p>\n<p>LA CASA SIN VENTANAS<\/p>\n<p>Es un dolor que te ahoga<\/p>\n<p>cuando te arrebatan algo que a\u00f1oras.<\/p>\n<p>Como una l\u00e1grima recorre tu mejilla<\/p>\n<p>tan r\u00e1pida como luz a una orilla.<\/p>\n<p>Como una casa sin ventanas<\/p>\n<p>donde un agujero es suficiente<\/p>\n<p>para darte cuenta de que hay<\/p>\n<p>algo que de verdad quiere tenerte<\/p>\n<p>pero una tormenta lo ensombrece<\/p>\n<p>y te quieta todo ,hasta lo que m\u00e1s mereces<\/p>\n<p>y pasa de largo sin pedirte perd\u00f3n<\/p>\n<p>porque no sabe que te rob\u00f3 el coraz\u00f3n.<\/p>\n<p>Blanca Fern\u00e1ndez Morell<\/p>\n<p>&nbsp;<\/p>\n<p>&nbsp;<\/p>\n<p><a href=\"https:\/\/i0.wp.com\/blogs.granada.escolapiosemaus.org\/biblioteca\/wp-content\/uploads\/sites\/18\/2016\/05\/160520-1%C2%BA-c-1.jpg?ssl=1\"><img data-recalc-dims=\"1\" loading=\"lazy\" decoding=\"async\" data-attachment-id=\"1124\" data-permalink=\"https:\/\/blogs.granada.escolapiosemaus.org\/biblioteca\/160520-1o-c-1\/\" data-orig-file=\"https:\/\/i0.wp.com\/blogs.granada.escolapiosemaus.org\/biblioteca\/wp-content\/uploads\/sites\/18\/2016\/05\/160520-1%C2%BA-c-1.jpg?fit=3264%2C2448&amp;ssl=1\" data-orig-size=\"3264,2448\" data-comments-opened=\"1\" data-image-meta=\"{&quot;aperture&quot;:&quot;0&quot;,&quot;credit&quot;:&quot;&quot;,&quot;camera&quot;:&quot;&quot;,&quot;caption&quot;:&quot;&quot;,&quot;created_timestamp&quot;:&quot;0&quot;,&quot;copyright&quot;:&quot;&quot;,&quot;focal_length&quot;:&quot;0&quot;,&quot;iso&quot;:&quot;0&quot;,&quot;shutter_speed&quot;:&quot;0&quot;,&quot;title&quot;:&quot;&quot;,&quot;orientation&quot;:&quot;1&quot;}\" data-image-title=\"160520-1\u00ba c-1\" data-image-description=\"\" data-image-caption=\"\" data-medium-file=\"https:\/\/i0.wp.com\/blogs.granada.escolapiosemaus.org\/biblioteca\/wp-content\/uploads\/sites\/18\/2016\/05\/160520-1%C2%BA-c-1.jpg?fit=300%2C225&amp;ssl=1\" data-large-file=\"https:\/\/i0.wp.com\/blogs.granada.escolapiosemaus.org\/biblioteca\/wp-content\/uploads\/sites\/18\/2016\/05\/160520-1%C2%BA-c-1.jpg?fit=600%2C450&amp;ssl=1\" class=\"alignnone size-medium wp-image-1124\" src=\"https:\/\/i0.wp.com\/blogs.granada.escolapiosemaus.org\/biblioteca\/wp-content\/uploads\/sites\/18\/2016\/05\/160520-1%C2%BA-c-1.jpg?resize=300%2C225&#038;ssl=1\" alt=\"160520-1\u00ba c-1\" width=\"300\" height=\"225\" srcset=\"https:\/\/i0.wp.com\/blogs.granada.escolapiosemaus.org\/biblioteca\/wp-content\/uploads\/sites\/18\/2016\/05\/160520-1%C2%BA-c-1.jpg?resize=300%2C225&amp;ssl=1 300w, https:\/\/i0.wp.com\/blogs.granada.escolapiosemaus.org\/biblioteca\/wp-content\/uploads\/sites\/18\/2016\/05\/160520-1%C2%BA-c-1.jpg?resize=768%2C576&amp;ssl=1 768w, https:\/\/i0.wp.com\/blogs.granada.escolapiosemaus.org\/biblioteca\/wp-content\/uploads\/sites\/18\/2016\/05\/160520-1%C2%BA-c-1.jpg?resize=1024%2C768&amp;ssl=1 1024w, https:\/\/i0.wp.com\/blogs.granada.escolapiosemaus.org\/biblioteca\/wp-content\/uploads\/sites\/18\/2016\/05\/160520-1%C2%BA-c-1.jpg?resize=200%2C150&amp;ssl=1 200w, https:\/\/i0.wp.com\/blogs.granada.escolapiosemaus.org\/biblioteca\/wp-content\/uploads\/sites\/18\/2016\/05\/160520-1%C2%BA-c-1.jpg?w=1200&amp;ssl=1 1200w, https:\/\/i0.wp.com\/blogs.granada.escolapiosemaus.org\/biblioteca\/wp-content\/uploads\/sites\/18\/2016\/05\/160520-1%C2%BA-c-1.jpg?w=1800&amp;ssl=1 1800w\" sizes=\"auto, (max-width: 300px) 100vw, 300px\" \/><\/a><a href=\"https:\/\/i0.wp.com\/blogs.granada.escolapiosemaus.org\/biblioteca\/wp-content\/uploads\/sites\/18\/2016\/05\/160520-1%C2%BA-C-2.jpg?ssl=1\"><img data-recalc-dims=\"1\" loading=\"lazy\" decoding=\"async\" data-attachment-id=\"1125\" data-permalink=\"https:\/\/blogs.granada.escolapiosemaus.org\/biblioteca\/160520-1o-c-2\/\" data-orig-file=\"https:\/\/i0.wp.com\/blogs.granada.escolapiosemaus.org\/biblioteca\/wp-content\/uploads\/sites\/18\/2016\/05\/160520-1%C2%BA-C-2.jpg?fit=3264%2C2448&amp;ssl=1\" data-orig-size=\"3264,2448\" data-comments-opened=\"1\" data-image-meta=\"{&quot;aperture&quot;:&quot;0&quot;,&quot;credit&quot;:&quot;&quot;,&quot;camera&quot;:&quot;&quot;,&quot;caption&quot;:&quot;&quot;,&quot;created_timestamp&quot;:&quot;0&quot;,&quot;copyright&quot;:&quot;&quot;,&quot;focal_length&quot;:&quot;0&quot;,&quot;iso&quot;:&quot;0&quot;,&quot;shutter_speed&quot;:&quot;0&quot;,&quot;title&quot;:&quot;&quot;,&quot;orientation&quot;:&quot;1&quot;}\" data-image-title=\"160520 1\u00ba C-2\" data-image-description=\"\" data-image-caption=\"\" data-medium-file=\"https:\/\/i0.wp.com\/blogs.granada.escolapiosemaus.org\/biblioteca\/wp-content\/uploads\/sites\/18\/2016\/05\/160520-1%C2%BA-C-2.jpg?fit=300%2C225&amp;ssl=1\" data-large-file=\"https:\/\/i0.wp.com\/blogs.granada.escolapiosemaus.org\/biblioteca\/wp-content\/uploads\/sites\/18\/2016\/05\/160520-1%C2%BA-C-2.jpg?fit=600%2C450&amp;ssl=1\" class=\"alignnone size-medium wp-image-1125\" src=\"https:\/\/i0.wp.com\/blogs.granada.escolapiosemaus.org\/biblioteca\/wp-content\/uploads\/sites\/18\/2016\/05\/160520-1%C2%BA-C-2.jpg?resize=300%2C225&#038;ssl=1\" alt=\"160520 1\u00ba C-2\" width=\"300\" height=\"225\" srcset=\"https:\/\/i0.wp.com\/blogs.granada.escolapiosemaus.org\/biblioteca\/wp-content\/uploads\/sites\/18\/2016\/05\/160520-1%C2%BA-C-2.jpg?resize=300%2C225&amp;ssl=1 300w, https:\/\/i0.wp.com\/blogs.granada.escolapiosemaus.org\/biblioteca\/wp-content\/uploads\/sites\/18\/2016\/05\/160520-1%C2%BA-C-2.jpg?resize=768%2C576&amp;ssl=1 768w, https:\/\/i0.wp.com\/blogs.granada.escolapiosemaus.org\/biblioteca\/wp-content\/uploads\/sites\/18\/2016\/05\/160520-1%C2%BA-C-2.jpg?resize=1024%2C768&amp;ssl=1 1024w, https:\/\/i0.wp.com\/blogs.granada.escolapiosemaus.org\/biblioteca\/wp-content\/uploads\/sites\/18\/2016\/05\/160520-1%C2%BA-C-2.jpg?resize=200%2C150&amp;ssl=1 200w, https:\/\/i0.wp.com\/blogs.granada.escolapiosemaus.org\/biblioteca\/wp-content\/uploads\/sites\/18\/2016\/05\/160520-1%C2%BA-C-2.jpg?w=1200&amp;ssl=1 1200w, https:\/\/i0.wp.com\/blogs.granada.escolapiosemaus.org\/biblioteca\/wp-content\/uploads\/sites\/18\/2016\/05\/160520-1%C2%BA-C-2.jpg?w=1800&amp;ssl=1 1800w\" sizes=\"auto, (max-width: 300px) 100vw, 300px\" \/><\/a><\/p>\n","protected":false},"excerpt":{"rendered":"<p>Hoy hemos recibido la visita de unos grandes poetas que son nuestros alumnos de 1\u00ba C deESO. Celebramos de esta forma, el d\u00eda del libro en nuestra biblioteca :\u00a1 leyendo y recitando! Os dejamos algunos para que disfruteis: LA PRIMAVERA Hoy, 21 de marzo es el d\u00eda en que llega mi querida primavera. Primavera es [&hellip;]<\/p>\n","protected":false},"author":20,"featured_media":0,"comment_status":"open","ping_status":"open","sticky":false,"template":"","format":"standard","meta":{"_monsterinsights_skip_tracking":false,"_monsterinsights_sitenote_active":false,"_monsterinsights_sitenote_note":"","_monsterinsights_sitenote_category":0,"jetpack_post_was_ever_published":false,"_jetpack_newsletter_access":"","_jetpack_dont_email_post_to_subs":false,"_jetpack_newsletter_tier_id":0,"_jetpack_memberships_contains_paywalled_content":false,"_jetpack_memberships_contains_paid_content":false,"footnotes":"","jetpack_publicize_message":"","jetpack_publicize_feature_enabled":true,"jetpack_social_post_already_shared":false,"jetpack_social_options":{"image_generator_settings":{"template":"highway","default_image_id":0,"font":"","enabled":false},"version":2}},"categories":[23,114,32],"tags":[107,105,106],"class_list":["post-1123","post","type-post","status-publish","format-standard","hentry","category-fotos","category-poesia-2","category-gianni-rodari-taller-escritura","tag-biblioteca","tag-escolapios","tag-granada"],"yoast_head":"<!-- This site is optimized with the Yoast SEO plugin v26.8 - https:\/\/yoast.com\/product\/yoast-seo-wordpress\/ -->\n<title>1\u00ba C ESO visita la biblioteca - Biblioteca Escolar - Escolapios Granada<\/title>\n<meta name=\"robots\" content=\"index, follow, max-snippet:-1, max-image-preview:large, max-video-preview:-1\" \/>\n<link rel=\"canonical\" href=\"https:\/\/blogs.granada.escolapiosemaus.org\/biblioteca\/2016\/05\/20\/1o-c-visita-la-biblioteca\/\" \/>\n<meta property=\"og:locale\" content=\"es_ES\" \/>\n<meta property=\"og:type\" content=\"article\" \/>\n<meta property=\"og:title\" content=\"1\u00ba C ESO visita la biblioteca - Biblioteca Escolar - Escolapios Granada\" \/>\n<meta property=\"og:description\" content=\"Hoy hemos recibido la visita de unos grandes poetas que son nuestros alumnos de 1\u00ba C deESO. Celebramos de esta forma, el d\u00eda del libro en nuestra biblioteca :\u00a1 leyendo y recitando! Os dejamos algunos para que disfruteis: LA PRIMAVERA Hoy, 21 de marzo es el d\u00eda en que llega mi querida primavera. Primavera es [&hellip;]\" \/>\n<meta property=\"og:url\" content=\"https:\/\/blogs.granada.escolapiosemaus.org\/biblioteca\/2016\/05\/20\/1o-c-visita-la-biblioteca\/\" \/>\n<meta property=\"og:site_name\" content=\"Biblioteca Escolar - Escolapios Granada\" \/>\n<meta property=\"article:published_time\" content=\"2016-05-20T09:54:22+00:00\" \/>\n<meta property=\"og:image\" content=\"https:\/\/blogs.granada.escolapiosemaus.org\/biblioteca\/wp-content\/uploads\/sites\/18\/2016\/05\/160520-1\u00ba-c-1-300x225.jpg\" \/>\n<meta name=\"author\" content=\"Encarna L\u00f3pez\" \/>\n<meta name=\"twitter:card\" content=\"summary_large_image\" \/>\n<meta name=\"twitter:label1\" content=\"Escrito por\" \/>\n\t<meta name=\"twitter:data1\" content=\"Encarna L\u00f3pez\" \/>\n\t<meta name=\"twitter:label2\" content=\"Tiempo de lectura\" \/>\n\t<meta name=\"twitter:data2\" content=\"2 minutos\" \/>\n<script type=\"application\/ld+json\" class=\"yoast-schema-graph\">{\"@context\":\"https:\/\/schema.org\",\"@graph\":[{\"@type\":\"Article\",\"@id\":\"https:\/\/blogs.granada.escolapiosemaus.org\/biblioteca\/2016\/05\/20\/1o-c-visita-la-biblioteca\/#article\",\"isPartOf\":{\"@id\":\"https:\/\/blogs.granada.escolapiosemaus.org\/biblioteca\/2016\/05\/20\/1o-c-visita-la-biblioteca\/\"},\"author\":{\"name\":\"Encarna L\u00f3pez\",\"@id\":\"https:\/\/blogs.granada.escolapiosemaus.org\/biblioteca\/#\/schema\/person\/539ef207bab7f990bb0ab333ae2ead2b\"},\"headline\":\"1\u00ba C ESO visita la biblioteca\",\"datePublished\":\"2016-05-20T09:54:22+00:00\",\"mainEntityOfPage\":{\"@id\":\"https:\/\/blogs.granada.escolapiosemaus.org\/biblioteca\/2016\/05\/20\/1o-c-visita-la-biblioteca\/\"},\"wordCount\":368,\"commentCount\":0,\"keywords\":[\"Biblioteca\",\"Escolapios\",\"Granada\"],\"articleSection\":[\"Fotos\",\"Poes\u00eda\",\"Semana del libro\"],\"inLanguage\":\"es\",\"potentialAction\":[{\"@type\":\"CommentAction\",\"name\":\"Comment\",\"target\":[\"https:\/\/blogs.granada.escolapiosemaus.org\/biblioteca\/2016\/05\/20\/1o-c-visita-la-biblioteca\/#respond\"]}]},{\"@type\":\"WebPage\",\"@id\":\"https:\/\/blogs.granada.escolapiosemaus.org\/biblioteca\/2016\/05\/20\/1o-c-visita-la-biblioteca\/\",\"url\":\"https:\/\/blogs.granada.escolapiosemaus.org\/biblioteca\/2016\/05\/20\/1o-c-visita-la-biblioteca\/\",\"name\":\"1\u00ba C ESO visita la biblioteca - Biblioteca Escolar - Escolapios Granada\",\"isPartOf\":{\"@id\":\"https:\/\/blogs.granada.escolapiosemaus.org\/biblioteca\/#website\"},\"datePublished\":\"2016-05-20T09:54:22+00:00\",\"author\":{\"@id\":\"https:\/\/blogs.granada.escolapiosemaus.org\/biblioteca\/#\/schema\/person\/539ef207bab7f990bb0ab333ae2ead2b\"},\"breadcrumb\":{\"@id\":\"https:\/\/blogs.granada.escolapiosemaus.org\/biblioteca\/2016\/05\/20\/1o-c-visita-la-biblioteca\/#breadcrumb\"},\"inLanguage\":\"es\",\"potentialAction\":[{\"@type\":\"ReadAction\",\"target\":[\"https:\/\/blogs.granada.escolapiosemaus.org\/biblioteca\/2016\/05\/20\/1o-c-visita-la-biblioteca\/\"]}]},{\"@type\":\"BreadcrumbList\",\"@id\":\"https:\/\/blogs.granada.escolapiosemaus.org\/biblioteca\/2016\/05\/20\/1o-c-visita-la-biblioteca\/#breadcrumb\",\"itemListElement\":[{\"@type\":\"ListItem\",\"position\":1,\"name\":\"Portada\",\"item\":\"https:\/\/blogs.granada.escolapiosemaus.org\/biblioteca\/\"},{\"@type\":\"ListItem\",\"position\":2,\"name\":\"1\u00ba C ESO visita la biblioteca\"}]},{\"@type\":\"WebSite\",\"@id\":\"https:\/\/blogs.granada.escolapiosemaus.org\/biblioteca\/#website\",\"url\":\"https:\/\/blogs.granada.escolapiosemaus.org\/biblioteca\/\",\"name\":\"Biblioteca Escolar - Escolapios Granada\",\"description\":\"Colegio Dulce Nombre de Mar\u00eda -PP.Escolapios- Granada\",\"potentialAction\":[{\"@type\":\"SearchAction\",\"target\":{\"@type\":\"EntryPoint\",\"urlTemplate\":\"https:\/\/blogs.granada.escolapiosemaus.org\/biblioteca\/?s={search_term_string}\"},\"query-input\":{\"@type\":\"PropertyValueSpecification\",\"valueRequired\":true,\"valueName\":\"search_term_string\"}}],\"inLanguage\":\"es\"},{\"@type\":\"Person\",\"@id\":\"https:\/\/blogs.granada.escolapiosemaus.org\/biblioteca\/#\/schema\/person\/539ef207bab7f990bb0ab333ae2ead2b\",\"name\":\"Encarna L\u00f3pez\",\"image\":{\"@type\":\"ImageObject\",\"inLanguage\":\"es\",\"@id\":\"https:\/\/blogs.granada.escolapiosemaus.org\/biblioteca\/#\/schema\/person\/image\/\",\"url\":\"https:\/\/secure.gravatar.com\/avatar\/2b177c2497e8c91c65f03aa86717c8f6?s=96&d=mm&r=g\",\"contentUrl\":\"https:\/\/secure.gravatar.com\/avatar\/2b177c2497e8c91c65f03aa86717c8f6?s=96&d=mm&r=g\",\"caption\":\"Encarna L\u00f3pez\"},\"sameAs\":[\"https:\/\/blogs.granada.escolapiosemaus.org\"],\"url\":\"https:\/\/blogs.granada.escolapiosemaus.org\/biblioteca\/author\/encarnalopez\/\"}]}<\/script>\n<!-- \/ Yoast SEO plugin. -->","yoast_head_json":{"title":"1\u00ba C ESO visita la biblioteca - Biblioteca Escolar - Escolapios Granada","robots":{"index":"index","follow":"follow","max-snippet":"max-snippet:-1","max-image-preview":"max-image-preview:large","max-video-preview":"max-video-preview:-1"},"canonical":"https:\/\/blogs.granada.escolapiosemaus.org\/biblioteca\/2016\/05\/20\/1o-c-visita-la-biblioteca\/","og_locale":"es_ES","og_type":"article","og_title":"1\u00ba C ESO visita la biblioteca - Biblioteca Escolar - Escolapios Granada","og_description":"Hoy hemos recibido la visita de unos grandes poetas que son nuestros alumnos de 1\u00ba C deESO. Celebramos de esta forma, el d\u00eda del libro en nuestra biblioteca :\u00a1 leyendo y recitando! Os dejamos algunos para que disfruteis: LA PRIMAVERA Hoy, 21 de marzo es el d\u00eda en que llega mi querida primavera. Primavera es [&hellip;]","og_url":"https:\/\/blogs.granada.escolapiosemaus.org\/biblioteca\/2016\/05\/20\/1o-c-visita-la-biblioteca\/","og_site_name":"Biblioteca Escolar - Escolapios Granada","article_published_time":"2016-05-20T09:54:22+00:00","og_image":[{"url":"https:\/\/blogs.granada.escolapiosemaus.org\/biblioteca\/wp-content\/uploads\/sites\/18\/2016\/05\/160520-1\u00ba-c-1-300x225.jpg","type":"","width":"","height":""}],"author":"Encarna L\u00f3pez","twitter_card":"summary_large_image","twitter_misc":{"Escrito por":"Encarna L\u00f3pez","Tiempo de lectura":"2 minutos"},"schema":{"@context":"https:\/\/schema.org","@graph":[{"@type":"Article","@id":"https:\/\/blogs.granada.escolapiosemaus.org\/biblioteca\/2016\/05\/20\/1o-c-visita-la-biblioteca\/#article","isPartOf":{"@id":"https:\/\/blogs.granada.escolapiosemaus.org\/biblioteca\/2016\/05\/20\/1o-c-visita-la-biblioteca\/"},"author":{"name":"Encarna L\u00f3pez","@id":"https:\/\/blogs.granada.escolapiosemaus.org\/biblioteca\/#\/schema\/person\/539ef207bab7f990bb0ab333ae2ead2b"},"headline":"1\u00ba C ESO visita la biblioteca","datePublished":"2016-05-20T09:54:22+00:00","mainEntityOfPage":{"@id":"https:\/\/blogs.granada.escolapiosemaus.org\/biblioteca\/2016\/05\/20\/1o-c-visita-la-biblioteca\/"},"wordCount":368,"commentCount":0,"keywords":["Biblioteca","Escolapios","Granada"],"articleSection":["Fotos","Poes\u00eda","Semana del libro"],"inLanguage":"es","potentialAction":[{"@type":"CommentAction","name":"Comment","target":["https:\/\/blogs.granada.escolapiosemaus.org\/biblioteca\/2016\/05\/20\/1o-c-visita-la-biblioteca\/#respond"]}]},{"@type":"WebPage","@id":"https:\/\/blogs.granada.escolapiosemaus.org\/biblioteca\/2016\/05\/20\/1o-c-visita-la-biblioteca\/","url":"https:\/\/blogs.granada.escolapiosemaus.org\/biblioteca\/2016\/05\/20\/1o-c-visita-la-biblioteca\/","name":"1\u00ba C ESO visita la biblioteca - Biblioteca Escolar - Escolapios Granada","isPartOf":{"@id":"https:\/\/blogs.granada.escolapiosemaus.org\/biblioteca\/#website"},"datePublished":"2016-05-20T09:54:22+00:00","author":{"@id":"https:\/\/blogs.granada.escolapiosemaus.org\/biblioteca\/#\/schema\/person\/539ef207bab7f990bb0ab333ae2ead2b"},"breadcrumb":{"@id":"https:\/\/blogs.granada.escolapiosemaus.org\/biblioteca\/2016\/05\/20\/1o-c-visita-la-biblioteca\/#breadcrumb"},"inLanguage":"es","potentialAction":[{"@type":"ReadAction","target":["https:\/\/blogs.granada.escolapiosemaus.org\/biblioteca\/2016\/05\/20\/1o-c-visita-la-biblioteca\/"]}]},{"@type":"BreadcrumbList","@id":"https:\/\/blogs.granada.escolapiosemaus.org\/biblioteca\/2016\/05\/20\/1o-c-visita-la-biblioteca\/#breadcrumb","itemListElement":[{"@type":"ListItem","position":1,"name":"Portada","item":"https:\/\/blogs.granada.escolapiosemaus.org\/biblioteca\/"},{"@type":"ListItem","position":2,"name":"1\u00ba C ESO visita la biblioteca"}]},{"@type":"WebSite","@id":"https:\/\/blogs.granada.escolapiosemaus.org\/biblioteca\/#website","url":"https:\/\/blogs.granada.escolapiosemaus.org\/biblioteca\/","name":"Biblioteca Escolar - Escolapios Granada","description":"Colegio Dulce Nombre de Mar\u00eda -PP.Escolapios- Granada","potentialAction":[{"@type":"SearchAction","target":{"@type":"EntryPoint","urlTemplate":"https:\/\/blogs.granada.escolapiosemaus.org\/biblioteca\/?s={search_term_string}"},"query-input":{"@type":"PropertyValueSpecification","valueRequired":true,"valueName":"search_term_string"}}],"inLanguage":"es"},{"@type":"Person","@id":"https:\/\/blogs.granada.escolapiosemaus.org\/biblioteca\/#\/schema\/person\/539ef207bab7f990bb0ab333ae2ead2b","name":"Encarna L\u00f3pez","image":{"@type":"ImageObject","inLanguage":"es","@id":"https:\/\/blogs.granada.escolapiosemaus.org\/biblioteca\/#\/schema\/person\/image\/","url":"https:\/\/secure.gravatar.com\/avatar\/2b177c2497e8c91c65f03aa86717c8f6?s=96&d=mm&r=g","contentUrl":"https:\/\/secure.gravatar.com\/avatar\/2b177c2497e8c91c65f03aa86717c8f6?s=96&d=mm&r=g","caption":"Encarna L\u00f3pez"},"sameAs":["https:\/\/blogs.granada.escolapiosemaus.org"],"url":"https:\/\/blogs.granada.escolapiosemaus.org\/biblioteca\/author\/encarnalopez\/"}]}},"jetpack_publicize_connections":[],"jetpack_featured_media_url":"","jetpack_sharing_enabled":true,"jetpack_shortlink":"https:\/\/wp.me\/p8qkgn-i7","jetpack-related-posts":[],"_links":{"self":[{"href":"https:\/\/blogs.granada.escolapiosemaus.org\/biblioteca\/wp-json\/wp\/v2\/posts\/1123","targetHints":{"allow":["GET"]}}],"collection":[{"href":"https:\/\/blogs.granada.escolapiosemaus.org\/biblioteca\/wp-json\/wp\/v2\/posts"}],"about":[{"href":"https:\/\/blogs.granada.escolapiosemaus.org\/biblioteca\/wp-json\/wp\/v2\/types\/post"}],"author":[{"embeddable":true,"href":"https:\/\/blogs.granada.escolapiosemaus.org\/biblioteca\/wp-json\/wp\/v2\/users\/20"}],"replies":[{"embeddable":true,"href":"https:\/\/blogs.granada.escolapiosemaus.org\/biblioteca\/wp-json\/wp\/v2\/comments?post=1123"}],"version-history":[{"count":1,"href":"https:\/\/blogs.granada.escolapiosemaus.org\/biblioteca\/wp-json\/wp\/v2\/posts\/1123\/revisions"}],"predecessor-version":[{"id":1126,"href":"https:\/\/blogs.granada.escolapiosemaus.org\/biblioteca\/wp-json\/wp\/v2\/posts\/1123\/revisions\/1126"}],"wp:attachment":[{"href":"https:\/\/blogs.granada.escolapiosemaus.org\/biblioteca\/wp-json\/wp\/v2\/media?parent=1123"}],"wp:term":[{"taxonomy":"category","embeddable":true,"href":"https:\/\/blogs.granada.escolapiosemaus.org\/biblioteca\/wp-json\/wp\/v2\/categories?post=1123"},{"taxonomy":"post_tag","embeddable":true,"href":"https:\/\/blogs.granada.escolapiosemaus.org\/biblioteca\/wp-json\/wp\/v2\/tags?post=1123"}],"curies":[{"name":"wp","href":"https:\/\/api.w.org\/{rel}","templated":true}]}}