{"id":444,"date":"2016-06-10T07:33:23","date_gmt":"2016-06-10T07:33:23","guid":{"rendered":"http:\/\/blogs.granada.escolapiosemaus.org\/ampa\/?p=444"},"modified":"2016-06-10T07:33:23","modified_gmt":"2016-06-10T07:33:23","slug":"coro-voces-blancas-escolapios-actuara-palacete-quinta-alegre","status":"publish","type":"post","link":"https:\/\/blogs.granada.escolapiosemaus.org\/ampa\/2016\/06\/10\/coro-voces-blancas-escolapios-actuara-palacete-quinta-alegre\/","title":{"rendered":"El Coro de Voces Blancas de Escolapios actuar\u00e1 en el Palacete de Quinta Alegre"},"content":{"rendered":"<p>Soy Pilar Mart\u00edn, la directora del Coro de Voces Blancas del colegio.<br \/>\nLes escribo para comunicarles e invitarles al Concierto en el que intervendr\u00e1 nuestro coro pr\u00f3ximamente.<br \/>\nPara nosotros es todo un orgullo poder llevar el nombre de nuestro colegio por toda la ciudad.<br \/>\nEl viernes, 17 de junio al las 20.00 en el \" Palacete de Quinta Alegre\" situado en la Avenida de Cervantes.<br \/>\nEl coro actuar\u00e1, junto al otras agrupaciones musicales en el homenaje a Juan- Alfonso Garc\u00eda, compositor y organista de Granada, organizado por la Asociaci\u00f3n de vecinos Cervantes, barrio en el que vivi\u00f3 este gran m\u00fasico durante m\u00e1s de 50 a\u00f1os.<br \/>\nEl barrio quiere rendir un cari\u00f1oso homenaje y por eso intervendremos en ducho evento.<br \/>\nLes env\u00edo el cartel del concierto para que, si lo ven oportuno lo difundan en la p\u00e1gina web de la asociaci\u00f3n.<br \/>\nLa entrada es libre, hasta completar aforo.<br \/>\nNos encantar\u00eda que nos acompa\u00f1ar\u00e1n en este concierto tan importante para nosotros y el cual hemos preparado con mucho cari\u00f1o y esmero.<br \/>\nUn abrazo; Pilar.<\/p>\n","protected":false},"excerpt":{"rendered":"<p>Soy Pilar Mart\u00edn, la directora del Coro de Voces Blancas del colegio. Les escribo para comunicarles e invitarles al Concierto en el que intervendr\u00e1 nuestro coro pr\u00f3ximamente. Para nosotros es todo un orgullo poder llevar el nombre de nuestro colegio por toda la ciudad. El viernes, 17 de junio al las 20.00 en el \" [&hellip;]<\/p>\n","protected":false},"author":33,"featured_media":445,"comment_status":"open","ping_status":"open","sticky":false,"template":"","format":"standard","meta":{"_monsterinsights_skip_tracking":false,"_monsterinsights_sitenote_active":false,"_monsterinsights_sitenote_note":"","_monsterinsights_sitenote_category":0,"jetpack_post_was_ever_published":false,"_jetpack_newsletter_access":"","_jetpack_dont_email_post_to_subs":false,"_jetpack_newsletter_tier_id":0,"_jetpack_memberships_contains_paywalled_content":false,"_jetpack_memberships_contains_paid_content":false,"footnotes":"","jetpack_publicize_message":"","jetpack_publicize_feature_enabled":true,"jetpack_social_post_already_shared":true,"jetpack_social_options":{"image_generator_settings":{"template":"highway","default_image_id":0,"font":"","enabled":false},"version":2}},"categories":[8],"tags":[],"class_list":["post-444","post","type-post","status-publish","format-standard","has-post-thumbnail","hentry","category-noticias-de-interes"],"yoast_head":"<!-- This site is optimized with the Yoast SEO plugin v26.8 - https:\/\/yoast.com\/product\/yoast-seo-wordpress\/ -->\n<title>El Coro de Voces Blancas de Escolapios actuar\u00e1 en el Palacete de Quinta Alegre - Asociaci\u00f3n de Madres y Padres de Alumnos<\/title>\n<meta name=\"robots\" content=\"index, follow, max-snippet:-1, max-image-preview:large, max-video-preview:-1\" \/>\n<link rel=\"canonical\" href=\"https:\/\/blogs.granada.escolapiosemaus.org\/ampa\/2016\/06\/10\/coro-voces-blancas-escolapios-actuara-palacete-quinta-alegre\/\" \/>\n<meta property=\"og:locale\" content=\"es_ES\" \/>\n<meta property=\"og:type\" content=\"article\" \/>\n<meta property=\"og:title\" content=\"El Coro de Voces Blancas de Escolapios actuar\u00e1 en el Palacete de Quinta Alegre - Asociaci\u00f3n de Madres y Padres de Alumnos\" \/>\n<meta property=\"og:description\" content=\"Soy Pilar Mart\u00edn, la directora del Coro de Voces Blancas del colegio. Les escribo para comunicarles e invitarles al Concierto en el que intervendr\u00e1 nuestro coro pr\u00f3ximamente. Para nosotros es todo un orgullo poder llevar el nombre de nuestro colegio por toda la ciudad. El viernes, 17 de junio al las 20.00 en el &quot; [&hellip;]\" \/>\n<meta property=\"og:url\" content=\"https:\/\/blogs.granada.escolapiosemaus.org\/ampa\/2016\/06\/10\/coro-voces-blancas-escolapios-actuara-palacete-quinta-alegre\/\" \/>\n<meta property=\"og:site_name\" content=\"Asociaci\u00f3n de Madres y Padres de Alumnos\" \/>\n<meta property=\"article:published_time\" content=\"2016-06-10T07:33:23+00:00\" \/>\n<meta property=\"og:image\" content=\"https:\/\/blogs.granada.escolapiosemaus.org\/ampa\/wp-content\/uploads\/sites\/34\/2016\/06\/IMG-20160609-WA0002.jpg\" \/>\n\t<meta property=\"og:image:width\" content=\"1367\" \/>\n\t<meta property=\"og:image:height\" content=\"884\" \/>\n\t<meta property=\"og:image:type\" content=\"image\/jpeg\" \/>\n<meta name=\"author\" content=\"Asociaci\u00f3n de Madres y Padres de Alumnos\" \/>\n<meta name=\"twitter:card\" content=\"summary_large_image\" \/>\n<meta name=\"twitter:label1\" content=\"Escrito por\" \/>\n\t<meta name=\"twitter:data1\" content=\"Asociaci\u00f3n de Madres y Padres de Alumnos\" \/>\n\t<meta name=\"twitter:label2\" content=\"Tiempo de lectura\" \/>\n\t<meta name=\"twitter:data2\" content=\"1 minuto\" \/>\n<script type=\"application\/ld+json\" class=\"yoast-schema-graph\">{\"@context\":\"https:\/\/schema.org\",\"@graph\":[{\"@type\":\"Article\",\"@id\":\"https:\/\/blogs.granada.escolapiosemaus.org\/ampa\/2016\/06\/10\/coro-voces-blancas-escolapios-actuara-palacete-quinta-alegre\/#article\",\"isPartOf\":{\"@id\":\"https:\/\/blogs.granada.escolapiosemaus.org\/ampa\/2016\/06\/10\/coro-voces-blancas-escolapios-actuara-palacete-quinta-alegre\/\"},\"author\":{\"name\":\"Asociaci\u00f3n de Madres y Padres de Alumnos\",\"@id\":\"https:\/\/blogs.granada.escolapiosemaus.org\/ampa\/#\/schema\/person\/6e74f47fd4f2a6d36649beb508e8a2d0\"},\"headline\":\"El Coro de Voces Blancas de Escolapios actuar\u00e1 en el Palacete de Quinta Alegre\",\"datePublished\":\"2016-06-10T07:33:23+00:00\",\"mainEntityOfPage\":{\"@id\":\"https:\/\/blogs.granada.escolapiosemaus.org\/ampa\/2016\/06\/10\/coro-voces-blancas-escolapios-actuara-palacete-quinta-alegre\/\"},\"wordCount\":197,\"commentCount\":0,\"image\":{\"@id\":\"https:\/\/blogs.granada.escolapiosemaus.org\/ampa\/2016\/06\/10\/coro-voces-blancas-escolapios-actuara-palacete-quinta-alegre\/#primaryimage\"},\"thumbnailUrl\":\"https:\/\/blogs.granada.escolapiosemaus.org\/ampa\/wp-content\/uploads\/sites\/34\/2016\/06\/IMG-20160609-WA0002.jpg\",\"articleSection\":[\"Noticias de Inter\u00e9s\"],\"inLanguage\":\"es\",\"potentialAction\":[{\"@type\":\"CommentAction\",\"name\":\"Comment\",\"target\":[\"https:\/\/blogs.granada.escolapiosemaus.org\/ampa\/2016\/06\/10\/coro-voces-blancas-escolapios-actuara-palacete-quinta-alegre\/#respond\"]}]},{\"@type\":\"WebPage\",\"@id\":\"https:\/\/blogs.granada.escolapiosemaus.org\/ampa\/2016\/06\/10\/coro-voces-blancas-escolapios-actuara-palacete-quinta-alegre\/\",\"url\":\"https:\/\/blogs.granada.escolapiosemaus.org\/ampa\/2016\/06\/10\/coro-voces-blancas-escolapios-actuara-palacete-quinta-alegre\/\",\"name\":\"El Coro de Voces Blancas de Escolapios actuar\u00e1 en el Palacete de Quinta Alegre - Asociaci\u00f3n de Madres y Padres de Alumnos\",\"isPartOf\":{\"@id\":\"https:\/\/blogs.granada.escolapiosemaus.org\/ampa\/#website\"},\"primaryImageOfPage\":{\"@id\":\"https:\/\/blogs.granada.escolapiosemaus.org\/ampa\/2016\/06\/10\/coro-voces-blancas-escolapios-actuara-palacete-quinta-alegre\/#primaryimage\"},\"image\":{\"@id\":\"https:\/\/blogs.granada.escolapiosemaus.org\/ampa\/2016\/06\/10\/coro-voces-blancas-escolapios-actuara-palacete-quinta-alegre\/#primaryimage\"},\"thumbnailUrl\":\"https:\/\/blogs.granada.escolapiosemaus.org\/ampa\/wp-content\/uploads\/sites\/34\/2016\/06\/IMG-20160609-WA0002.jpg\",\"datePublished\":\"2016-06-10T07:33:23+00:00\",\"author\":{\"@id\":\"https:\/\/blogs.granada.escolapiosemaus.org\/ampa\/#\/schema\/person\/6e74f47fd4f2a6d36649beb508e8a2d0\"},\"breadcrumb\":{\"@id\":\"https:\/\/blogs.granada.escolapiosemaus.org\/ampa\/2016\/06\/10\/coro-voces-blancas-escolapios-actuara-palacete-quinta-alegre\/#breadcrumb\"},\"inLanguage\":\"es\",\"potentialAction\":[{\"@type\":\"ReadAction\",\"target\":[\"https:\/\/blogs.granada.escolapiosemaus.org\/ampa\/2016\/06\/10\/coro-voces-blancas-escolapios-actuara-palacete-quinta-alegre\/\"]}]},{\"@type\":\"ImageObject\",\"inLanguage\":\"es\",\"@id\":\"https:\/\/blogs.granada.escolapiosemaus.org\/ampa\/2016\/06\/10\/coro-voces-blancas-escolapios-actuara-palacete-quinta-alegre\/#primaryimage\",\"url\":\"https:\/\/blogs.granada.escolapiosemaus.org\/ampa\/wp-content\/uploads\/sites\/34\/2016\/06\/IMG-20160609-WA0002.jpg\",\"contentUrl\":\"https:\/\/blogs.granada.escolapiosemaus.org\/ampa\/wp-content\/uploads\/sites\/34\/2016\/06\/IMG-20160609-WA0002.jpg\",\"width\":1367,\"height\":884},{\"@type\":\"BreadcrumbList\",\"@id\":\"https:\/\/blogs.granada.escolapiosemaus.org\/ampa\/2016\/06\/10\/coro-voces-blancas-escolapios-actuara-palacete-quinta-alegre\/#breadcrumb\",\"itemListElement\":[{\"@type\":\"ListItem\",\"position\":1,\"name\":\"Portada\",\"item\":\"https:\/\/blogs.granada.escolapiosemaus.org\/ampa\/\"},{\"@type\":\"ListItem\",\"position\":2,\"name\":\"El Coro de Voces Blancas de Escolapios actuar\u00e1 en el Palacete de Quinta Alegre\"}]},{\"@type\":\"WebSite\",\"@id\":\"https:\/\/blogs.granada.escolapiosemaus.org\/ampa\/#website\",\"url\":\"https:\/\/blogs.granada.escolapiosemaus.org\/ampa\/\",\"name\":\"Asociaci\u00f3n de Madres y Padres de Alumnos\",\"description\":\"Colegio Dulce Nombre de Mar\u00eda - Escolapios Granada\",\"potentialAction\":[{\"@type\":\"SearchAction\",\"target\":{\"@type\":\"EntryPoint\",\"urlTemplate\":\"https:\/\/blogs.granada.escolapiosemaus.org\/ampa\/?s={search_term_string}\"},\"query-input\":{\"@type\":\"PropertyValueSpecification\",\"valueRequired\":true,\"valueName\":\"search_term_string\"}}],\"inLanguage\":\"es\"},{\"@type\":\"Person\",\"@id\":\"https:\/\/blogs.granada.escolapiosemaus.org\/ampa\/#\/schema\/person\/6e74f47fd4f2a6d36649beb508e8a2d0\",\"name\":\"Asociaci\u00f3n de Madres y Padres de Alumnos\",\"image\":{\"@type\":\"ImageObject\",\"inLanguage\":\"es\",\"@id\":\"https:\/\/blogs.granada.escolapiosemaus.org\/ampa\/#\/schema\/person\/image\/\",\"url\":\"https:\/\/secure.gravatar.com\/avatar\/a512ecd4739f2e32dc739a5fe7eb95e8?s=96&d=mm&r=g\",\"contentUrl\":\"https:\/\/secure.gravatar.com\/avatar\/a512ecd4739f2e32dc739a5fe7eb95e8?s=96&d=mm&r=g\",\"caption\":\"Asociaci\u00f3n de Madres y Padres de Alumnos\"},\"sameAs\":[\"https:\/\/blogs.granada.escolapiosemaus.org\"],\"url\":\"https:\/\/blogs.granada.escolapiosemaus.org\/ampa\/author\/ampa\/\"}]}<\/script>\n<!-- \/ Yoast SEO plugin. -->","yoast_head_json":{"title":"El Coro de Voces Blancas de Escolapios actuar\u00e1 en el Palacete de Quinta Alegre - Asociaci\u00f3n de Madres y Padres de Alumnos","robots":{"index":"index","follow":"follow","max-snippet":"max-snippet:-1","max-image-preview":"max-image-preview:large","max-video-preview":"max-video-preview:-1"},"canonical":"https:\/\/blogs.granada.escolapiosemaus.org\/ampa\/2016\/06\/10\/coro-voces-blancas-escolapios-actuara-palacete-quinta-alegre\/","og_locale":"es_ES","og_type":"article","og_title":"El Coro de Voces Blancas de Escolapios actuar\u00e1 en el Palacete de Quinta Alegre - Asociaci\u00f3n de Madres y Padres de Alumnos","og_description":"Soy Pilar Mart\u00edn, la directora del Coro de Voces Blancas del colegio. Les escribo para comunicarles e invitarles al Concierto en el que intervendr\u00e1 nuestro coro pr\u00f3ximamente. Para nosotros es todo un orgullo poder llevar el nombre de nuestro colegio por toda la ciudad. El viernes, 17 de junio al las 20.00 en el \" [&hellip;]","og_url":"https:\/\/blogs.granada.escolapiosemaus.org\/ampa\/2016\/06\/10\/coro-voces-blancas-escolapios-actuara-palacete-quinta-alegre\/","og_site_name":"Asociaci\u00f3n de Madres y Padres de Alumnos","article_published_time":"2016-06-10T07:33:23+00:00","og_image":[{"width":1367,"height":884,"url":"https:\/\/blogs.granada.escolapiosemaus.org\/ampa\/wp-content\/uploads\/sites\/34\/2016\/06\/IMG-20160609-WA0002.jpg","type":"image\/jpeg"}],"author":"Asociaci\u00f3n de Madres y Padres de Alumnos","twitter_card":"summary_large_image","twitter_misc":{"Escrito por":"Asociaci\u00f3n de Madres y Padres de Alumnos","Tiempo de lectura":"1 minuto"},"schema":{"@context":"https:\/\/schema.org","@graph":[{"@type":"Article","@id":"https:\/\/blogs.granada.escolapiosemaus.org\/ampa\/2016\/06\/10\/coro-voces-blancas-escolapios-actuara-palacete-quinta-alegre\/#article","isPartOf":{"@id":"https:\/\/blogs.granada.escolapiosemaus.org\/ampa\/2016\/06\/10\/coro-voces-blancas-escolapios-actuara-palacete-quinta-alegre\/"},"author":{"name":"Asociaci\u00f3n de Madres y Padres de Alumnos","@id":"https:\/\/blogs.granada.escolapiosemaus.org\/ampa\/#\/schema\/person\/6e74f47fd4f2a6d36649beb508e8a2d0"},"headline":"El Coro de Voces Blancas de Escolapios actuar\u00e1 en el Palacete de Quinta Alegre","datePublished":"2016-06-10T07:33:23+00:00","mainEntityOfPage":{"@id":"https:\/\/blogs.granada.escolapiosemaus.org\/ampa\/2016\/06\/10\/coro-voces-blancas-escolapios-actuara-palacete-quinta-alegre\/"},"wordCount":197,"commentCount":0,"image":{"@id":"https:\/\/blogs.granada.escolapiosemaus.org\/ampa\/2016\/06\/10\/coro-voces-blancas-escolapios-actuara-palacete-quinta-alegre\/#primaryimage"},"thumbnailUrl":"https:\/\/blogs.granada.escolapiosemaus.org\/ampa\/wp-content\/uploads\/sites\/34\/2016\/06\/IMG-20160609-WA0002.jpg","articleSection":["Noticias de Inter\u00e9s"],"inLanguage":"es","potentialAction":[{"@type":"CommentAction","name":"Comment","target":["https:\/\/blogs.granada.escolapiosemaus.org\/ampa\/2016\/06\/10\/coro-voces-blancas-escolapios-actuara-palacete-quinta-alegre\/#respond"]}]},{"@type":"WebPage","@id":"https:\/\/blogs.granada.escolapiosemaus.org\/ampa\/2016\/06\/10\/coro-voces-blancas-escolapios-actuara-palacete-quinta-alegre\/","url":"https:\/\/blogs.granada.escolapiosemaus.org\/ampa\/2016\/06\/10\/coro-voces-blancas-escolapios-actuara-palacete-quinta-alegre\/","name":"El Coro de Voces Blancas de Escolapios actuar\u00e1 en el Palacete de Quinta Alegre - Asociaci\u00f3n de Madres y Padres de Alumnos","isPartOf":{"@id":"https:\/\/blogs.granada.escolapiosemaus.org\/ampa\/#website"},"primaryImageOfPage":{"@id":"https:\/\/blogs.granada.escolapiosemaus.org\/ampa\/2016\/06\/10\/coro-voces-blancas-escolapios-actuara-palacete-quinta-alegre\/#primaryimage"},"image":{"@id":"https:\/\/blogs.granada.escolapiosemaus.org\/ampa\/2016\/06\/10\/coro-voces-blancas-escolapios-actuara-palacete-quinta-alegre\/#primaryimage"},"thumbnailUrl":"https:\/\/blogs.granada.escolapiosemaus.org\/ampa\/wp-content\/uploads\/sites\/34\/2016\/06\/IMG-20160609-WA0002.jpg","datePublished":"2016-06-10T07:33:23+00:00","author":{"@id":"https:\/\/blogs.granada.escolapiosemaus.org\/ampa\/#\/schema\/person\/6e74f47fd4f2a6d36649beb508e8a2d0"},"breadcrumb":{"@id":"https:\/\/blogs.granada.escolapiosemaus.org\/ampa\/2016\/06\/10\/coro-voces-blancas-escolapios-actuara-palacete-quinta-alegre\/#breadcrumb"},"inLanguage":"es","potentialAction":[{"@type":"ReadAction","target":["https:\/\/blogs.granada.escolapiosemaus.org\/ampa\/2016\/06\/10\/coro-voces-blancas-escolapios-actuara-palacete-quinta-alegre\/"]}]},{"@type":"ImageObject","inLanguage":"es","@id":"https:\/\/blogs.granada.escolapiosemaus.org\/ampa\/2016\/06\/10\/coro-voces-blancas-escolapios-actuara-palacete-quinta-alegre\/#primaryimage","url":"https:\/\/blogs.granada.escolapiosemaus.org\/ampa\/wp-content\/uploads\/sites\/34\/2016\/06\/IMG-20160609-WA0002.jpg","contentUrl":"https:\/\/blogs.granada.escolapiosemaus.org\/ampa\/wp-content\/uploads\/sites\/34\/2016\/06\/IMG-20160609-WA0002.jpg","width":1367,"height":884},{"@type":"BreadcrumbList","@id":"https:\/\/blogs.granada.escolapiosemaus.org\/ampa\/2016\/06\/10\/coro-voces-blancas-escolapios-actuara-palacete-quinta-alegre\/#breadcrumb","itemListElement":[{"@type":"ListItem","position":1,"name":"Portada","item":"https:\/\/blogs.granada.escolapiosemaus.org\/ampa\/"},{"@type":"ListItem","position":2,"name":"El Coro de Voces Blancas de Escolapios actuar\u00e1 en el Palacete de Quinta Alegre"}]},{"@type":"WebSite","@id":"https:\/\/blogs.granada.escolapiosemaus.org\/ampa\/#website","url":"https:\/\/blogs.granada.escolapiosemaus.org\/ampa\/","name":"Asociaci\u00f3n de Madres y Padres de Alumnos","description":"Colegio Dulce Nombre de Mar\u00eda - Escolapios Granada","potentialAction":[{"@type":"SearchAction","target":{"@type":"EntryPoint","urlTemplate":"https:\/\/blogs.granada.escolapiosemaus.org\/ampa\/?s={search_term_string}"},"query-input":{"@type":"PropertyValueSpecification","valueRequired":true,"valueName":"search_term_string"}}],"inLanguage":"es"},{"@type":"Person","@id":"https:\/\/blogs.granada.escolapiosemaus.org\/ampa\/#\/schema\/person\/6e74f47fd4f2a6d36649beb508e8a2d0","name":"Asociaci\u00f3n de Madres y Padres de Alumnos","image":{"@type":"ImageObject","inLanguage":"es","@id":"https:\/\/blogs.granada.escolapiosemaus.org\/ampa\/#\/schema\/person\/image\/","url":"https:\/\/secure.gravatar.com\/avatar\/a512ecd4739f2e32dc739a5fe7eb95e8?s=96&d=mm&r=g","contentUrl":"https:\/\/secure.gravatar.com\/avatar\/a512ecd4739f2e32dc739a5fe7eb95e8?s=96&d=mm&r=g","caption":"Asociaci\u00f3n de Madres y Padres de Alumnos"},"sameAs":["https:\/\/blogs.granada.escolapiosemaus.org"],"url":"https:\/\/blogs.granada.escolapiosemaus.org\/ampa\/author\/ampa\/"}]}},"jetpack_publicize_connections":[],"jetpack_featured_media_url":"https:\/\/blogs.granada.escolapiosemaus.org\/ampa\/wp-content\/uploads\/sites\/34\/2016\/06\/IMG-20160609-WA0002.jpg","jetpack_sharing_enabled":true,"jetpack_shortlink":"https:\/\/wp.me\/p5Ub4B-7a","_links":{"self":[{"href":"https:\/\/blogs.granada.escolapiosemaus.org\/ampa\/wp-json\/wp\/v2\/posts\/444","targetHints":{"allow":["GET"]}}],"collection":[{"href":"https:\/\/blogs.granada.escolapiosemaus.org\/ampa\/wp-json\/wp\/v2\/posts"}],"about":[{"href":"https:\/\/blogs.granada.escolapiosemaus.org\/ampa\/wp-json\/wp\/v2\/types\/post"}],"author":[{"embeddable":true,"href":"https:\/\/blogs.granada.escolapiosemaus.org\/ampa\/wp-json\/wp\/v2\/users\/33"}],"replies":[{"embeddable":true,"href":"https:\/\/blogs.granada.escolapiosemaus.org\/ampa\/wp-json\/wp\/v2\/comments?post=444"}],"version-history":[{"count":3,"href":"https:\/\/blogs.granada.escolapiosemaus.org\/ampa\/wp-json\/wp\/v2\/posts\/444\/revisions"}],"predecessor-version":[{"id":450,"href":"https:\/\/blogs.granada.escolapiosemaus.org\/ampa\/wp-json\/wp\/v2\/posts\/444\/revisions\/450"}],"wp:featuredmedia":[{"embeddable":true,"href":"https:\/\/blogs.granada.escolapiosemaus.org\/ampa\/wp-json\/wp\/v2\/media\/445"}],"wp:attachment":[{"href":"https:\/\/blogs.granada.escolapiosemaus.org\/ampa\/wp-json\/wp\/v2\/media?parent=444"}],"wp:term":[{"taxonomy":"category","embeddable":true,"href":"https:\/\/blogs.granada.escolapiosemaus.org\/ampa\/wp-json\/wp\/v2\/categories?post=444"},{"taxonomy":"post_tag","embeddable":true,"href":"https:\/\/blogs.granada.escolapiosemaus.org\/ampa\/wp-json\/wp\/v2\/tags?post=444"}],"curies":[{"name":"wp","href":"https:\/\/api.w.org\/{rel}","templated":true}]}}