{"id":211,"date":"2013-12-03T14:21:50","date_gmt":"2013-12-03T13:21:50","guid":{"rendered":"http:\/\/ampaescolapiosgranada.es\/?p=211"},"modified":"2013-12-03T14:21:50","modified_gmt":"2013-12-03T13:21:50","slug":"convocatoria-asamblea-general-2","status":"publish","type":"post","link":"https:\/\/blogs.granada.escolapiosemaus.org\/ampa\/2013\/12\/03\/convocatoria-asamblea-general-2\/","title":{"rendered":"CONVOCATORIA ASAMBLEA GENERAL"},"content":{"rendered":"<p>Para todos los padres interesados, os recordamos que el pr\u00f3ximo <strong>jueves 12 de Diciembre a las 18h en primera convocatoria, y a las 18:30h<\/strong> en segunda, tendr\u00e1 lugar <strong>en la SALA VERDE,<\/strong> la Asamblea General del AMPA.<\/p>\n<p>Pod\u00e9is ampliar m\u00e1s informaci\u00f3n en los siguientes enlaces.<\/p>\n<p><a href=\"http:\/\/ampaescolapiosgranada.es\/wp-content\/uploads\/2013\/12\/Convocatoria-Asamblea-General-AMPA-12.12.13.pdf\">Convocatoria Asamblea General AMPA 12.12.13<\/a><\/p>\n<p><a href=\"http:\/\/ampaescolapiosgranada.es\/wp-content\/uploads\/2013\/12\/Liquidaci\u00f3n-cuentas-curso-2012.2013.pdf\">Liquidaci\u00f3n cuentas curso 2012.2013<\/a><\/p>\n<p><a href=\"http:\/\/ampaescolapiosgranada.es\/wp-content\/uploads\/2013\/12\/Propuesta-Presupuesto-2013.2014.pdf\">Propuesta Presupuesto 2013.2014<\/a><\/p>\n","protected":false},"excerpt":{"rendered":"<p>Para todos los padres interesados, os recordamos que el pr\u00f3ximo jueves 12 de Diciembre a las 18h en primera convocatoria, y a las 18:30h en segunda, tendr\u00e1 lugar en la SALA VERDE, la Asamblea General del AMPA. Pod\u00e9is ampliar m\u00e1s informaci\u00f3n en los siguientes enlaces. Convocatoria Asamblea General AMPA 12.12.13 Liquidaci\u00f3n cuentas curso 2012.2013 Propuesta [&hellip;]<\/p>\n","protected":false},"author":33,"featured_media":0,"comment_status":"open","ping_status":"open","sticky":false,"template":"","format":"standard","meta":{"_monsterinsights_skip_tracking":false,"_monsterinsights_sitenote_active":false,"_monsterinsights_sitenote_note":"","_monsterinsights_sitenote_category":0,"jetpack_post_was_ever_published":false,"_jetpack_newsletter_access":"","_jetpack_dont_email_post_to_subs":false,"_jetpack_newsletter_tier_id":0,"_jetpack_memberships_contains_paywalled_content":false,"_jetpack_memberships_contains_paid_content":false,"footnotes":"","jetpack_publicize_message":"","jetpack_publicize_feature_enabled":true,"jetpack_social_post_already_shared":false,"jetpack_social_options":{"image_generator_settings":{"template":"highway","default_image_id":0,"font":"","enabled":false},"version":2}},"categories":[2,5,9],"tags":[12,15,19],"class_list":["post-211","post","type-post","status-publish","format-standard","hentry","category-asamblea","category-comunicacion","category-presupuestos","tag-asamblea","tag-comunicacion","tag-presupuestos"],"yoast_head":"<!-- This site is optimized with the Yoast SEO plugin v26.8 - https:\/\/yoast.com\/product\/yoast-seo-wordpress\/ -->\n<title>CONVOCATORIA ASAMBLEA GENERAL - Asociaci\u00f3n de Madres y Padres de Alumnos<\/title>\n<meta name=\"robots\" content=\"index, follow, max-snippet:-1, max-image-preview:large, max-video-preview:-1\" \/>\n<link rel=\"canonical\" href=\"https:\/\/blogs.granada.escolapiosemaus.org\/ampa\/2013\/12\/03\/convocatoria-asamblea-general-2\/\" \/>\n<meta property=\"og:locale\" content=\"es_ES\" \/>\n<meta property=\"og:type\" content=\"article\" \/>\n<meta property=\"og:title\" content=\"CONVOCATORIA ASAMBLEA GENERAL - Asociaci\u00f3n de Madres y Padres de Alumnos\" \/>\n<meta property=\"og:description\" content=\"Para todos los padres interesados, os recordamos que el pr\u00f3ximo jueves 12 de Diciembre a las 18h en primera convocatoria, y a las 18:30h en segunda, tendr\u00e1 lugar en la SALA VERDE, la Asamblea General del AMPA. Pod\u00e9is ampliar m\u00e1s informaci\u00f3n en los siguientes enlaces. Convocatoria Asamblea General AMPA 12.12.13 Liquidaci\u00f3n cuentas curso 2012.2013 Propuesta [&hellip;]\" \/>\n<meta property=\"og:url\" content=\"https:\/\/blogs.granada.escolapiosemaus.org\/ampa\/2013\/12\/03\/convocatoria-asamblea-general-2\/\" \/>\n<meta property=\"og:site_name\" content=\"Asociaci\u00f3n de Madres y Padres de Alumnos\" \/>\n<meta property=\"article:published_time\" content=\"2013-12-03T13:21:50+00:00\" \/>\n<meta name=\"author\" content=\"Asociaci\u00f3n de Madres y Padres de Alumnos\" \/>\n<meta name=\"twitter:card\" content=\"summary_large_image\" \/>\n<meta name=\"twitter:label1\" content=\"Escrito por\" \/>\n\t<meta name=\"twitter:data1\" content=\"Asociaci\u00f3n de Madres y Padres de Alumnos\" \/>\n<script type=\"application\/ld+json\" class=\"yoast-schema-graph\">{\"@context\":\"https:\/\/schema.org\",\"@graph\":[{\"@type\":\"Article\",\"@id\":\"https:\/\/blogs.granada.escolapiosemaus.org\/ampa\/2013\/12\/03\/convocatoria-asamblea-general-2\/#article\",\"isPartOf\":{\"@id\":\"https:\/\/blogs.granada.escolapiosemaus.org\/ampa\/2013\/12\/03\/convocatoria-asamblea-general-2\/\"},\"author\":{\"name\":\"Asociaci\u00f3n de Madres y Padres de Alumnos\",\"@id\":\"https:\/\/blogs.granada.escolapiosemaus.org\/ampa\/#\/schema\/person\/6e74f47fd4f2a6d36649beb508e8a2d0\"},\"headline\":\"CONVOCATORIA ASAMBLEA GENERAL\",\"datePublished\":\"2013-12-03T13:21:50+00:00\",\"mainEntityOfPage\":{\"@id\":\"https:\/\/blogs.granada.escolapiosemaus.org\/ampa\/2013\/12\/03\/convocatoria-asamblea-general-2\/\"},\"wordCount\":61,\"commentCount\":0,\"keywords\":[\"Asamblea\",\"Comunicaci\u00f3n\",\"Presupuestos\"],\"articleSection\":[\"Asamblea\",\"Comunicaci\u00f3n\",\"Presupuestos\"],\"inLanguage\":\"es\",\"potentialAction\":[{\"@type\":\"CommentAction\",\"name\":\"Comment\",\"target\":[\"https:\/\/blogs.granada.escolapiosemaus.org\/ampa\/2013\/12\/03\/convocatoria-asamblea-general-2\/#respond\"]}]},{\"@type\":\"WebPage\",\"@id\":\"https:\/\/blogs.granada.escolapiosemaus.org\/ampa\/2013\/12\/03\/convocatoria-asamblea-general-2\/\",\"url\":\"https:\/\/blogs.granada.escolapiosemaus.org\/ampa\/2013\/12\/03\/convocatoria-asamblea-general-2\/\",\"name\":\"CONVOCATORIA ASAMBLEA GENERAL - Asociaci\u00f3n de Madres y Padres de Alumnos\",\"isPartOf\":{\"@id\":\"https:\/\/blogs.granada.escolapiosemaus.org\/ampa\/#website\"},\"datePublished\":\"2013-12-03T13:21:50+00:00\",\"author\":{\"@id\":\"https:\/\/blogs.granada.escolapiosemaus.org\/ampa\/#\/schema\/person\/6e74f47fd4f2a6d36649beb508e8a2d0\"},\"breadcrumb\":{\"@id\":\"https:\/\/blogs.granada.escolapiosemaus.org\/ampa\/2013\/12\/03\/convocatoria-asamblea-general-2\/#breadcrumb\"},\"inLanguage\":\"es\",\"potentialAction\":[{\"@type\":\"ReadAction\",\"target\":[\"https:\/\/blogs.granada.escolapiosemaus.org\/ampa\/2013\/12\/03\/convocatoria-asamblea-general-2\/\"]}]},{\"@type\":\"BreadcrumbList\",\"@id\":\"https:\/\/blogs.granada.escolapiosemaus.org\/ampa\/2013\/12\/03\/convocatoria-asamblea-general-2\/#breadcrumb\",\"itemListElement\":[{\"@type\":\"ListItem\",\"position\":1,\"name\":\"Portada\",\"item\":\"https:\/\/blogs.granada.escolapiosemaus.org\/ampa\/\"},{\"@type\":\"ListItem\",\"position\":2,\"name\":\"CONVOCATORIA ASAMBLEA GENERAL\"}]},{\"@type\":\"WebSite\",\"@id\":\"https:\/\/blogs.granada.escolapiosemaus.org\/ampa\/#website\",\"url\":\"https:\/\/blogs.granada.escolapiosemaus.org\/ampa\/\",\"name\":\"Asociaci\u00f3n de Madres y Padres de Alumnos\",\"description\":\"Colegio Dulce Nombre de Mar\u00eda - Escolapios Granada\",\"potentialAction\":[{\"@type\":\"SearchAction\",\"target\":{\"@type\":\"EntryPoint\",\"urlTemplate\":\"https:\/\/blogs.granada.escolapiosemaus.org\/ampa\/?s={search_term_string}\"},\"query-input\":{\"@type\":\"PropertyValueSpecification\",\"valueRequired\":true,\"valueName\":\"search_term_string\"}}],\"inLanguage\":\"es\"},{\"@type\":\"Person\",\"@id\":\"https:\/\/blogs.granada.escolapiosemaus.org\/ampa\/#\/schema\/person\/6e74f47fd4f2a6d36649beb508e8a2d0\",\"name\":\"Asociaci\u00f3n de Madres y Padres de Alumnos\",\"image\":{\"@type\":\"ImageObject\",\"inLanguage\":\"es\",\"@id\":\"https:\/\/blogs.granada.escolapiosemaus.org\/ampa\/#\/schema\/person\/image\/\",\"url\":\"https:\/\/secure.gravatar.com\/avatar\/a512ecd4739f2e32dc739a5fe7eb95e8?s=96&d=mm&r=g\",\"contentUrl\":\"https:\/\/secure.gravatar.com\/avatar\/a512ecd4739f2e32dc739a5fe7eb95e8?s=96&d=mm&r=g\",\"caption\":\"Asociaci\u00f3n de Madres y Padres de Alumnos\"},\"sameAs\":[\"https:\/\/blogs.granada.escolapiosemaus.org\"],\"url\":\"https:\/\/blogs.granada.escolapiosemaus.org\/ampa\/author\/ampa\/\"}]}<\/script>\n<!-- \/ Yoast SEO plugin. -->","yoast_head_json":{"title":"CONVOCATORIA ASAMBLEA GENERAL - Asociaci\u00f3n de Madres y Padres de Alumnos","robots":{"index":"index","follow":"follow","max-snippet":"max-snippet:-1","max-image-preview":"max-image-preview:large","max-video-preview":"max-video-preview:-1"},"canonical":"https:\/\/blogs.granada.escolapiosemaus.org\/ampa\/2013\/12\/03\/convocatoria-asamblea-general-2\/","og_locale":"es_ES","og_type":"article","og_title":"CONVOCATORIA ASAMBLEA GENERAL - Asociaci\u00f3n de Madres y Padres de Alumnos","og_description":"Para todos los padres interesados, os recordamos que el pr\u00f3ximo jueves 12 de Diciembre a las 18h en primera convocatoria, y a las 18:30h en segunda, tendr\u00e1 lugar en la SALA VERDE, la Asamblea General del AMPA. Pod\u00e9is ampliar m\u00e1s informaci\u00f3n en los siguientes enlaces. Convocatoria Asamblea General AMPA 12.12.13 Liquidaci\u00f3n cuentas curso 2012.2013 Propuesta [&hellip;]","og_url":"https:\/\/blogs.granada.escolapiosemaus.org\/ampa\/2013\/12\/03\/convocatoria-asamblea-general-2\/","og_site_name":"Asociaci\u00f3n de Madres y Padres de Alumnos","article_published_time":"2013-12-03T13:21:50+00:00","author":"Asociaci\u00f3n de Madres y Padres de Alumnos","twitter_card":"summary_large_image","twitter_misc":{"Escrito por":"Asociaci\u00f3n de Madres y Padres de Alumnos"},"schema":{"@context":"https:\/\/schema.org","@graph":[{"@type":"Article","@id":"https:\/\/blogs.granada.escolapiosemaus.org\/ampa\/2013\/12\/03\/convocatoria-asamblea-general-2\/#article","isPartOf":{"@id":"https:\/\/blogs.granada.escolapiosemaus.org\/ampa\/2013\/12\/03\/convocatoria-asamblea-general-2\/"},"author":{"name":"Asociaci\u00f3n de Madres y Padres de Alumnos","@id":"https:\/\/blogs.granada.escolapiosemaus.org\/ampa\/#\/schema\/person\/6e74f47fd4f2a6d36649beb508e8a2d0"},"headline":"CONVOCATORIA ASAMBLEA GENERAL","datePublished":"2013-12-03T13:21:50+00:00","mainEntityOfPage":{"@id":"https:\/\/blogs.granada.escolapiosemaus.org\/ampa\/2013\/12\/03\/convocatoria-asamblea-general-2\/"},"wordCount":61,"commentCount":0,"keywords":["Asamblea","Comunicaci\u00f3n","Presupuestos"],"articleSection":["Asamblea","Comunicaci\u00f3n","Presupuestos"],"inLanguage":"es","potentialAction":[{"@type":"CommentAction","name":"Comment","target":["https:\/\/blogs.granada.escolapiosemaus.org\/ampa\/2013\/12\/03\/convocatoria-asamblea-general-2\/#respond"]}]},{"@type":"WebPage","@id":"https:\/\/blogs.granada.escolapiosemaus.org\/ampa\/2013\/12\/03\/convocatoria-asamblea-general-2\/","url":"https:\/\/blogs.granada.escolapiosemaus.org\/ampa\/2013\/12\/03\/convocatoria-asamblea-general-2\/","name":"CONVOCATORIA ASAMBLEA GENERAL - Asociaci\u00f3n de Madres y Padres de Alumnos","isPartOf":{"@id":"https:\/\/blogs.granada.escolapiosemaus.org\/ampa\/#website"},"datePublished":"2013-12-03T13:21:50+00:00","author":{"@id":"https:\/\/blogs.granada.escolapiosemaus.org\/ampa\/#\/schema\/person\/6e74f47fd4f2a6d36649beb508e8a2d0"},"breadcrumb":{"@id":"https:\/\/blogs.granada.escolapiosemaus.org\/ampa\/2013\/12\/03\/convocatoria-asamblea-general-2\/#breadcrumb"},"inLanguage":"es","potentialAction":[{"@type":"ReadAction","target":["https:\/\/blogs.granada.escolapiosemaus.org\/ampa\/2013\/12\/03\/convocatoria-asamblea-general-2\/"]}]},{"@type":"BreadcrumbList","@id":"https:\/\/blogs.granada.escolapiosemaus.org\/ampa\/2013\/12\/03\/convocatoria-asamblea-general-2\/#breadcrumb","itemListElement":[{"@type":"ListItem","position":1,"name":"Portada","item":"https:\/\/blogs.granada.escolapiosemaus.org\/ampa\/"},{"@type":"ListItem","position":2,"name":"CONVOCATORIA ASAMBLEA GENERAL"}]},{"@type":"WebSite","@id":"https:\/\/blogs.granada.escolapiosemaus.org\/ampa\/#website","url":"https:\/\/blogs.granada.escolapiosemaus.org\/ampa\/","name":"Asociaci\u00f3n de Madres y Padres de Alumnos","description":"Colegio Dulce Nombre de Mar\u00eda - Escolapios Granada","potentialAction":[{"@type":"SearchAction","target":{"@type":"EntryPoint","urlTemplate":"https:\/\/blogs.granada.escolapiosemaus.org\/ampa\/?s={search_term_string}"},"query-input":{"@type":"PropertyValueSpecification","valueRequired":true,"valueName":"search_term_string"}}],"inLanguage":"es"},{"@type":"Person","@id":"https:\/\/blogs.granada.escolapiosemaus.org\/ampa\/#\/schema\/person\/6e74f47fd4f2a6d36649beb508e8a2d0","name":"Asociaci\u00f3n de Madres y Padres de Alumnos","image":{"@type":"ImageObject","inLanguage":"es","@id":"https:\/\/blogs.granada.escolapiosemaus.org\/ampa\/#\/schema\/person\/image\/","url":"https:\/\/secure.gravatar.com\/avatar\/a512ecd4739f2e32dc739a5fe7eb95e8?s=96&d=mm&r=g","contentUrl":"https:\/\/secure.gravatar.com\/avatar\/a512ecd4739f2e32dc739a5fe7eb95e8?s=96&d=mm&r=g","caption":"Asociaci\u00f3n de Madres y Padres de Alumnos"},"sameAs":["https:\/\/blogs.granada.escolapiosemaus.org"],"url":"https:\/\/blogs.granada.escolapiosemaus.org\/ampa\/author\/ampa\/"}]}},"jetpack_publicize_connections":[],"jetpack_featured_media_url":"","jetpack_sharing_enabled":true,"jetpack_shortlink":"https:\/\/wp.me\/p5Ub4B-3p","_links":{"self":[{"href":"https:\/\/blogs.granada.escolapiosemaus.org\/ampa\/wp-json\/wp\/v2\/posts\/211","targetHints":{"allow":["GET"]}}],"collection":[{"href":"https:\/\/blogs.granada.escolapiosemaus.org\/ampa\/wp-json\/wp\/v2\/posts"}],"about":[{"href":"https:\/\/blogs.granada.escolapiosemaus.org\/ampa\/wp-json\/wp\/v2\/types\/post"}],"author":[{"embeddable":true,"href":"https:\/\/blogs.granada.escolapiosemaus.org\/ampa\/wp-json\/wp\/v2\/users\/33"}],"replies":[{"embeddable":true,"href":"https:\/\/blogs.granada.escolapiosemaus.org\/ampa\/wp-json\/wp\/v2\/comments?post=211"}],"version-history":[{"count":0,"href":"https:\/\/blogs.granada.escolapiosemaus.org\/ampa\/wp-json\/wp\/v2\/posts\/211\/revisions"}],"wp:attachment":[{"href":"https:\/\/blogs.granada.escolapiosemaus.org\/ampa\/wp-json\/wp\/v2\/media?parent=211"}],"wp:term":[{"taxonomy":"category","embeddable":true,"href":"https:\/\/blogs.granada.escolapiosemaus.org\/ampa\/wp-json\/wp\/v2\/categories?post=211"},{"taxonomy":"post_tag","embeddable":true,"href":"https:\/\/blogs.granada.escolapiosemaus.org\/ampa\/wp-json\/wp\/v2\/tags?post=211"}],"curies":[{"name":"wp","href":"https:\/\/api.w.org\/{rel}","templated":true}]}}