{"id":6,"date":"2014-02-28T09:48:00","date_gmt":"2014-02-28T09:48:00","guid":{"rendered":"http:\/\/blogs.granada.escolapiosemaus.org\/agenda21\/2014\/02\/28\/recorre-tu-casa-y-aprende-a-reciclar\/"},"modified":"2014-03-25T12:48:12","modified_gmt":"2014-03-25T12:48:12","slug":"recorre-tu-casa-y-aprende-a-reciclar","status":"publish","type":"post","link":"https:\/\/blogs.granada.escolapiosemaus.org\/agenda21\/2014\/02\/28\/recorre-tu-casa-y-aprende-a-reciclar\/","title":{"rendered":"RECORRE TU CASA Y APRENDE A RECICLAR"},"content":{"rendered":"<p align=\"justify\">Europa avanza en la mejora del tratamiento de los residuos. Si en 2001 s\u00f3lo se reciclaba el 27% de los desechos urbanos tratados, una d\u00e9cada despu\u00e9s el porcentaje ha llegado al 40%. Pero de las 16 toneladas de materias primas que cada europeo consume en un a\u00f1o, seis acaban siendo residuos y, de estas, la mitad termina en vertederos. As\u00ed como el 37% de los residuos urbanos. A pesar de las mejoras, queda mucho camino por recorrer. Y la Comisi\u00f3n Europea ha decidido redoblar el esfuerzo para concienciar sobre la importancia de un uso m\u00e1s responsable de los recursos. Por eso, la campa\u00f1a <a href=\"http:\/\/www.generationawake.eu\/es\/\">Generation Awake<\/a>, lanzada en 2011, se centra ahora en una gesti\u00f3n m\u00e1s inteligente de los residuos que generamos, algo que la Comisi\u00f3n considera \u201cun recurso enormemente infrautilizado\u201d, con importantes p\u00e9rdidas para la econom\u00eda: si se aplicara la legislaci\u00f3n existente, se ahorrar\u00edan 72.000 millones de euros al a\u00f1o y se crear\u00edan 400.000 puestos de trabajo de aqu\u00ed a 2020, seg\u00fan <a href=\"http:\/\/ec.europa.eu\/environment\/waste\/studies\/pdf\/study%2012%20FINAL%20REPORT.pdf\">un estudio<\/a> elaborado para la UE.<\/p>\n<p align=\"justify\">Leer <a href=\"http:\/\/elpais.com\/elpais\/2014\/02\/26\/planeta_futuro\/1393440348_786550.html\" target=\"_blank\"><u>ART\u00cdCULO COMPLETO<\/u><\/a><\/p>\n<p><iframe loading=\"lazy\" height=\"360\" src=\"\/\/www.youtube.com\/embed\/-YW-tc2BkNc\" frameborder=\"0\" width=\"640\" allowfullscreen><\/iframe> <\/p>\n<p align=\"justify\">&nbsp;<\/p>\n<p align=\"justify\">Pod\u00e9is entrar en la p\u00e1gina interactiva de <a href=\"http:\/\/www.generationawake.eu\/es\/#\" target=\"_blank\"><u>Generation Awake<\/u><\/a> y descubrir muchas cosas interesantes sobre el reciclado, la sostenibilidad, etc.<\/p>\n<p><a href=\"http:\/\/www.generationawake.eu\/es\/#\" target=\"_blank\"><img loading=\"lazy\" decoding=\"async\" title=\"New Picture (7)\" style=\"border-top: 0px; border-right: 0px; background-image: none; border-bottom: 0px; padding-top: 0px; padding-left: 0px; border-left: 0px; display: inline; padding-right: 0px\" border=\"0\" alt=\"New Picture (7)\" src=\"https:\/\/blogs.granada.escolapiosemaus.org\/agenda21\/wp-content\/uploads\/sites\/12\/2014\/02\/New-252520Picture-252520-2525287-252529-25255B3-25255D-300x137.png\" width=\"620\" height=\"284\" \/><\/a><\/p>\n","protected":false},"excerpt":{"rendered":"<p>Europa avanza en la mejora del tratamiento de los residuos. Si en 2001 s\u00f3lo se reciclaba el 27% de los desechos urbanos tratados, una d\u00e9cada despu\u00e9s el porcentaje ha llegado al 40%. Pero de las 16 toneladas de materias primas que cada europeo consume en un a\u00f1o, seis acaban siendo residuos y, de estas, la [&hellip;]<\/p>\n","protected":false},"author":14,"featured_media":28,"comment_status":"open","ping_status":"open","sticky":false,"template":"","format":"standard","meta":{"_monsterinsights_skip_tracking":false,"_monsterinsights_sitenote_active":false,"_monsterinsights_sitenote_note":"","_monsterinsights_sitenote_category":0,"jetpack_post_was_ever_published":false,"footnotes":""},"categories":[6,5,7,4,10,8,9],"tags":[],"class_list":["post-6","post","type-post","status-publish","format-standard","has-post-thumbnail","hentry","category-electricidad","category-energia","category-luz","category-reciclar","category-reducir","category-reutilizar","category-videos"],"yoast_head":"<!-- This site is optimized with the Yoast SEO plugin v26.8 - https:\/\/yoast.com\/product\/yoast-seo-wordpress\/ -->\n<title>RECORRE TU CASA Y APRENDE A RECICLAR - Blog de AGENDA 21 en ESCOLAPIOS Granada<\/title>\n<meta name=\"robots\" content=\"index, follow, max-snippet:-1, max-image-preview:large, max-video-preview:-1\" \/>\n<link rel=\"canonical\" href=\"https:\/\/blogs.granada.escolapiosemaus.org\/agenda21\/2014\/02\/28\/recorre-tu-casa-y-aprende-a-reciclar\/\" \/>\n<meta property=\"og:locale\" content=\"es_ES\" \/>\n<meta property=\"og:type\" content=\"article\" \/>\n<meta property=\"og:title\" content=\"RECORRE TU CASA Y APRENDE A RECICLAR - Blog de AGENDA 21 en ESCOLAPIOS Granada\" \/>\n<meta property=\"og:description\" content=\"Europa avanza en la mejora del tratamiento de los residuos. Si en 2001 s\u00f3lo se reciclaba el 27% de los desechos urbanos tratados, una d\u00e9cada despu\u00e9s el porcentaje ha llegado al 40%. Pero de las 16 toneladas de materias primas que cada europeo consume en un a\u00f1o, seis acaban siendo residuos y, de estas, la [&hellip;]\" \/>\n<meta property=\"og:url\" content=\"https:\/\/blogs.granada.escolapiosemaus.org\/agenda21\/2014\/02\/28\/recorre-tu-casa-y-aprende-a-reciclar\/\" \/>\n<meta property=\"og:site_name\" content=\"Blog de AGENDA 21 en ESCOLAPIOS Granada\" \/>\n<meta property=\"article:published_time\" content=\"2014-02-28T09:48:00+00:00\" \/>\n<meta property=\"article:modified_time\" content=\"2014-03-25T12:48:12+00:00\" \/>\n<meta property=\"og:image\" content=\"https:\/\/blogs.granada.escolapiosemaus.org\/agenda21\/wp-content\/uploads\/sites\/12\/2014\/02\/New-252520Picture-252520-2525287-252529-25255B3-25255D.png\" \/>\n\t<meta property=\"og:image:width\" content=\"512\" \/>\n\t<meta property=\"og:image:height\" content=\"235\" \/>\n\t<meta property=\"og:image:type\" content=\"image\/png\" \/>\n<meta name=\"author\" content=\"saragleiznyte\" \/>\n<meta name=\"twitter:card\" content=\"summary_large_image\" \/>\n<meta name=\"twitter:label1\" content=\"Escrito por\" \/>\n\t<meta name=\"twitter:data1\" content=\"saragleiznyte\" \/>\n\t<meta name=\"twitter:label2\" content=\"Tiempo de lectura\" \/>\n\t<meta name=\"twitter:data2\" content=\"1 minuto\" \/>\n<script type=\"application\/ld+json\" class=\"yoast-schema-graph\">{\"@context\":\"https:\/\/schema.org\",\"@graph\":[{\"@type\":\"Article\",\"@id\":\"https:\/\/blogs.granada.escolapiosemaus.org\/agenda21\/2014\/02\/28\/recorre-tu-casa-y-aprende-a-reciclar\/#article\",\"isPartOf\":{\"@id\":\"https:\/\/blogs.granada.escolapiosemaus.org\/agenda21\/2014\/02\/28\/recorre-tu-casa-y-aprende-a-reciclar\/\"},\"author\":{\"name\":\"saragleiznyte\",\"@id\":\"https:\/\/blogs.granada.escolapiosemaus.org\/agenda21\/#\/schema\/person\/786927974728488182d1edd465acd5dc\"},\"headline\":\"RECORRE TU CASA Y APRENDE A RECICLAR\",\"datePublished\":\"2014-02-28T09:48:00+00:00\",\"dateModified\":\"2014-03-25T12:48:12+00:00\",\"mainEntityOfPage\":{\"@id\":\"https:\/\/blogs.granada.escolapiosemaus.org\/agenda21\/2014\/02\/28\/recorre-tu-casa-y-aprende-a-reciclar\/\"},\"wordCount\":210,\"commentCount\":0,\"image\":{\"@id\":\"https:\/\/blogs.granada.escolapiosemaus.org\/agenda21\/2014\/02\/28\/recorre-tu-casa-y-aprende-a-reciclar\/#primaryimage\"},\"thumbnailUrl\":\"https:\/\/blogs.granada.escolapiosemaus.org\/agenda21\/wp-content\/uploads\/sites\/12\/2014\/02\/New-252520Picture-252520-2525287-252529-25255B3-25255D.png\",\"articleSection\":[\"Electricidad\",\"Energ\u00eda\",\"Luz\",\"REciclar\",\"REducir\",\"REutilizar\",\"Videos\"],\"inLanguage\":\"es\",\"potentialAction\":[{\"@type\":\"CommentAction\",\"name\":\"Comment\",\"target\":[\"https:\/\/blogs.granada.escolapiosemaus.org\/agenda21\/2014\/02\/28\/recorre-tu-casa-y-aprende-a-reciclar\/#respond\"]}]},{\"@type\":\"WebPage\",\"@id\":\"https:\/\/blogs.granada.escolapiosemaus.org\/agenda21\/2014\/02\/28\/recorre-tu-casa-y-aprende-a-reciclar\/\",\"url\":\"https:\/\/blogs.granada.escolapiosemaus.org\/agenda21\/2014\/02\/28\/recorre-tu-casa-y-aprende-a-reciclar\/\",\"name\":\"RECORRE TU CASA Y APRENDE A RECICLAR - Blog de AGENDA 21 en ESCOLAPIOS Granada\",\"isPartOf\":{\"@id\":\"https:\/\/blogs.granada.escolapiosemaus.org\/agenda21\/#website\"},\"primaryImageOfPage\":{\"@id\":\"https:\/\/blogs.granada.escolapiosemaus.org\/agenda21\/2014\/02\/28\/recorre-tu-casa-y-aprende-a-reciclar\/#primaryimage\"},\"image\":{\"@id\":\"https:\/\/blogs.granada.escolapiosemaus.org\/agenda21\/2014\/02\/28\/recorre-tu-casa-y-aprende-a-reciclar\/#primaryimage\"},\"thumbnailUrl\":\"https:\/\/blogs.granada.escolapiosemaus.org\/agenda21\/wp-content\/uploads\/sites\/12\/2014\/02\/New-252520Picture-252520-2525287-252529-25255B3-25255D.png\",\"datePublished\":\"2014-02-28T09:48:00+00:00\",\"dateModified\":\"2014-03-25T12:48:12+00:00\",\"author\":{\"@id\":\"https:\/\/blogs.granada.escolapiosemaus.org\/agenda21\/#\/schema\/person\/786927974728488182d1edd465acd5dc\"},\"breadcrumb\":{\"@id\":\"https:\/\/blogs.granada.escolapiosemaus.org\/agenda21\/2014\/02\/28\/recorre-tu-casa-y-aprende-a-reciclar\/#breadcrumb\"},\"inLanguage\":\"es\",\"potentialAction\":[{\"@type\":\"ReadAction\",\"target\":[\"https:\/\/blogs.granada.escolapiosemaus.org\/agenda21\/2014\/02\/28\/recorre-tu-casa-y-aprende-a-reciclar\/\"]}]},{\"@type\":\"ImageObject\",\"inLanguage\":\"es\",\"@id\":\"https:\/\/blogs.granada.escolapiosemaus.org\/agenda21\/2014\/02\/28\/recorre-tu-casa-y-aprende-a-reciclar\/#primaryimage\",\"url\":\"https:\/\/blogs.granada.escolapiosemaus.org\/agenda21\/wp-content\/uploads\/sites\/12\/2014\/02\/New-252520Picture-252520-2525287-252529-25255B3-25255D.png\",\"contentUrl\":\"https:\/\/blogs.granada.escolapiosemaus.org\/agenda21\/wp-content\/uploads\/sites\/12\/2014\/02\/New-252520Picture-252520-2525287-252529-25255B3-25255D.png\",\"width\":512,\"height\":235},{\"@type\":\"BreadcrumbList\",\"@id\":\"https:\/\/blogs.granada.escolapiosemaus.org\/agenda21\/2014\/02\/28\/recorre-tu-casa-y-aprende-a-reciclar\/#breadcrumb\",\"itemListElement\":[{\"@type\":\"ListItem\",\"position\":1,\"name\":\"Portada\",\"item\":\"https:\/\/blogs.granada.escolapiosemaus.org\/agenda21\/\"},{\"@type\":\"ListItem\",\"position\":2,\"name\":\"RECORRE TU CASA Y APRENDE A RECICLAR\"}]},{\"@type\":\"WebSite\",\"@id\":\"https:\/\/blogs.granada.escolapiosemaus.org\/agenda21\/#website\",\"url\":\"https:\/\/blogs.granada.escolapiosemaus.org\/agenda21\/\",\"name\":\"Blog de AGENDA 21 en ESCOLAPIOS Granada\",\"description\":\"\",\"potentialAction\":[{\"@type\":\"SearchAction\",\"target\":{\"@type\":\"EntryPoint\",\"urlTemplate\":\"https:\/\/blogs.granada.escolapiosemaus.org\/agenda21\/?s={search_term_string}\"},\"query-input\":{\"@type\":\"PropertyValueSpecification\",\"valueRequired\":true,\"valueName\":\"search_term_string\"}}],\"inLanguage\":\"es\"},{\"@type\":\"Person\",\"@id\":\"https:\/\/blogs.granada.escolapiosemaus.org\/agenda21\/#\/schema\/person\/786927974728488182d1edd465acd5dc\",\"name\":\"saragleiznyte\",\"image\":{\"@type\":\"ImageObject\",\"inLanguage\":\"es\",\"@id\":\"https:\/\/blogs.granada.escolapiosemaus.org\/agenda21\/#\/schema\/person\/image\/\",\"url\":\"https:\/\/secure.gravatar.com\/avatar\/f12bc98278f0c287f3d13e7634560588?s=96&d=mm&r=g\",\"contentUrl\":\"https:\/\/secure.gravatar.com\/avatar\/f12bc98278f0c287f3d13e7634560588?s=96&d=mm&r=g\",\"caption\":\"saragleiznyte\"},\"sameAs\":[\"https:\/\/blogs.granada.escolapiosemaus.org\"],\"url\":\"https:\/\/blogs.granada.escolapiosemaus.org\/agenda21\/author\/saragleiznyte\/\"}]}<\/script>\n<!-- \/ Yoast SEO plugin. -->","yoast_head_json":{"title":"RECORRE TU CASA Y APRENDE A RECICLAR - Blog de AGENDA 21 en ESCOLAPIOS Granada","robots":{"index":"index","follow":"follow","max-snippet":"max-snippet:-1","max-image-preview":"max-image-preview:large","max-video-preview":"max-video-preview:-1"},"canonical":"https:\/\/blogs.granada.escolapiosemaus.org\/agenda21\/2014\/02\/28\/recorre-tu-casa-y-aprende-a-reciclar\/","og_locale":"es_ES","og_type":"article","og_title":"RECORRE TU CASA Y APRENDE A RECICLAR - Blog de AGENDA 21 en ESCOLAPIOS Granada","og_description":"Europa avanza en la mejora del tratamiento de los residuos. Si en 2001 s\u00f3lo se reciclaba el 27% de los desechos urbanos tratados, una d\u00e9cada despu\u00e9s el porcentaje ha llegado al 40%. Pero de las 16 toneladas de materias primas que cada europeo consume en un a\u00f1o, seis acaban siendo residuos y, de estas, la [&hellip;]","og_url":"https:\/\/blogs.granada.escolapiosemaus.org\/agenda21\/2014\/02\/28\/recorre-tu-casa-y-aprende-a-reciclar\/","og_site_name":"Blog de AGENDA 21 en ESCOLAPIOS Granada","article_published_time":"2014-02-28T09:48:00+00:00","article_modified_time":"2014-03-25T12:48:12+00:00","og_image":[{"width":512,"height":235,"url":"https:\/\/blogs.granada.escolapiosemaus.org\/agenda21\/wp-content\/uploads\/sites\/12\/2014\/02\/New-252520Picture-252520-2525287-252529-25255B3-25255D.png","type":"image\/png"}],"author":"saragleiznyte","twitter_card":"summary_large_image","twitter_misc":{"Escrito por":"saragleiznyte","Tiempo de lectura":"1 minuto"},"schema":{"@context":"https:\/\/schema.org","@graph":[{"@type":"Article","@id":"https:\/\/blogs.granada.escolapiosemaus.org\/agenda21\/2014\/02\/28\/recorre-tu-casa-y-aprende-a-reciclar\/#article","isPartOf":{"@id":"https:\/\/blogs.granada.escolapiosemaus.org\/agenda21\/2014\/02\/28\/recorre-tu-casa-y-aprende-a-reciclar\/"},"author":{"name":"saragleiznyte","@id":"https:\/\/blogs.granada.escolapiosemaus.org\/agenda21\/#\/schema\/person\/786927974728488182d1edd465acd5dc"},"headline":"RECORRE TU CASA Y APRENDE A RECICLAR","datePublished":"2014-02-28T09:48:00+00:00","dateModified":"2014-03-25T12:48:12+00:00","mainEntityOfPage":{"@id":"https:\/\/blogs.granada.escolapiosemaus.org\/agenda21\/2014\/02\/28\/recorre-tu-casa-y-aprende-a-reciclar\/"},"wordCount":210,"commentCount":0,"image":{"@id":"https:\/\/blogs.granada.escolapiosemaus.org\/agenda21\/2014\/02\/28\/recorre-tu-casa-y-aprende-a-reciclar\/#primaryimage"},"thumbnailUrl":"https:\/\/blogs.granada.escolapiosemaus.org\/agenda21\/wp-content\/uploads\/sites\/12\/2014\/02\/New-252520Picture-252520-2525287-252529-25255B3-25255D.png","articleSection":["Electricidad","Energ\u00eda","Luz","REciclar","REducir","REutilizar","Videos"],"inLanguage":"es","potentialAction":[{"@type":"CommentAction","name":"Comment","target":["https:\/\/blogs.granada.escolapiosemaus.org\/agenda21\/2014\/02\/28\/recorre-tu-casa-y-aprende-a-reciclar\/#respond"]}]},{"@type":"WebPage","@id":"https:\/\/blogs.granada.escolapiosemaus.org\/agenda21\/2014\/02\/28\/recorre-tu-casa-y-aprende-a-reciclar\/","url":"https:\/\/blogs.granada.escolapiosemaus.org\/agenda21\/2014\/02\/28\/recorre-tu-casa-y-aprende-a-reciclar\/","name":"RECORRE TU CASA Y APRENDE A RECICLAR - Blog de AGENDA 21 en ESCOLAPIOS Granada","isPartOf":{"@id":"https:\/\/blogs.granada.escolapiosemaus.org\/agenda21\/#website"},"primaryImageOfPage":{"@id":"https:\/\/blogs.granada.escolapiosemaus.org\/agenda21\/2014\/02\/28\/recorre-tu-casa-y-aprende-a-reciclar\/#primaryimage"},"image":{"@id":"https:\/\/blogs.granada.escolapiosemaus.org\/agenda21\/2014\/02\/28\/recorre-tu-casa-y-aprende-a-reciclar\/#primaryimage"},"thumbnailUrl":"https:\/\/blogs.granada.escolapiosemaus.org\/agenda21\/wp-content\/uploads\/sites\/12\/2014\/02\/New-252520Picture-252520-2525287-252529-25255B3-25255D.png","datePublished":"2014-02-28T09:48:00+00:00","dateModified":"2014-03-25T12:48:12+00:00","author":{"@id":"https:\/\/blogs.granada.escolapiosemaus.org\/agenda21\/#\/schema\/person\/786927974728488182d1edd465acd5dc"},"breadcrumb":{"@id":"https:\/\/blogs.granada.escolapiosemaus.org\/agenda21\/2014\/02\/28\/recorre-tu-casa-y-aprende-a-reciclar\/#breadcrumb"},"inLanguage":"es","potentialAction":[{"@type":"ReadAction","target":["https:\/\/blogs.granada.escolapiosemaus.org\/agenda21\/2014\/02\/28\/recorre-tu-casa-y-aprende-a-reciclar\/"]}]},{"@type":"ImageObject","inLanguage":"es","@id":"https:\/\/blogs.granada.escolapiosemaus.org\/agenda21\/2014\/02\/28\/recorre-tu-casa-y-aprende-a-reciclar\/#primaryimage","url":"https:\/\/blogs.granada.escolapiosemaus.org\/agenda21\/wp-content\/uploads\/sites\/12\/2014\/02\/New-252520Picture-252520-2525287-252529-25255B3-25255D.png","contentUrl":"https:\/\/blogs.granada.escolapiosemaus.org\/agenda21\/wp-content\/uploads\/sites\/12\/2014\/02\/New-252520Picture-252520-2525287-252529-25255B3-25255D.png","width":512,"height":235},{"@type":"BreadcrumbList","@id":"https:\/\/blogs.granada.escolapiosemaus.org\/agenda21\/2014\/02\/28\/recorre-tu-casa-y-aprende-a-reciclar\/#breadcrumb","itemListElement":[{"@type":"ListItem","position":1,"name":"Portada","item":"https:\/\/blogs.granada.escolapiosemaus.org\/agenda21\/"},{"@type":"ListItem","position":2,"name":"RECORRE TU CASA Y APRENDE A RECICLAR"}]},{"@type":"WebSite","@id":"https:\/\/blogs.granada.escolapiosemaus.org\/agenda21\/#website","url":"https:\/\/blogs.granada.escolapiosemaus.org\/agenda21\/","name":"Blog de AGENDA 21 en ESCOLAPIOS Granada","description":"","potentialAction":[{"@type":"SearchAction","target":{"@type":"EntryPoint","urlTemplate":"https:\/\/blogs.granada.escolapiosemaus.org\/agenda21\/?s={search_term_string}"},"query-input":{"@type":"PropertyValueSpecification","valueRequired":true,"valueName":"search_term_string"}}],"inLanguage":"es"},{"@type":"Person","@id":"https:\/\/blogs.granada.escolapiosemaus.org\/agenda21\/#\/schema\/person\/786927974728488182d1edd465acd5dc","name":"saragleiznyte","image":{"@type":"ImageObject","inLanguage":"es","@id":"https:\/\/blogs.granada.escolapiosemaus.org\/agenda21\/#\/schema\/person\/image\/","url":"https:\/\/secure.gravatar.com\/avatar\/f12bc98278f0c287f3d13e7634560588?s=96&d=mm&r=g","contentUrl":"https:\/\/secure.gravatar.com\/avatar\/f12bc98278f0c287f3d13e7634560588?s=96&d=mm&r=g","caption":"saragleiznyte"},"sameAs":["https:\/\/blogs.granada.escolapiosemaus.org"],"url":"https:\/\/blogs.granada.escolapiosemaus.org\/agenda21\/author\/saragleiznyte\/"}]}},"jetpack_featured_media_url":"https:\/\/blogs.granada.escolapiosemaus.org\/agenda21\/wp-content\/uploads\/sites\/12\/2014\/02\/New-252520Picture-252520-2525287-252529-25255B3-25255D.png","jetpack_sharing_enabled":true,"jetpack_shortlink":"https:\/\/wp.me\/p4tLm4-6","_links":{"self":[{"href":"https:\/\/blogs.granada.escolapiosemaus.org\/agenda21\/wp-json\/wp\/v2\/posts\/6","targetHints":{"allow":["GET"]}}],"collection":[{"href":"https:\/\/blogs.granada.escolapiosemaus.org\/agenda21\/wp-json\/wp\/v2\/posts"}],"about":[{"href":"https:\/\/blogs.granada.escolapiosemaus.org\/agenda21\/wp-json\/wp\/v2\/types\/post"}],"author":[{"embeddable":true,"href":"https:\/\/blogs.granada.escolapiosemaus.org\/agenda21\/wp-json\/wp\/v2\/users\/14"}],"replies":[{"embeddable":true,"href":"https:\/\/blogs.granada.escolapiosemaus.org\/agenda21\/wp-json\/wp\/v2\/comments?post=6"}],"version-history":[{"count":0,"href":"https:\/\/blogs.granada.escolapiosemaus.org\/agenda21\/wp-json\/wp\/v2\/posts\/6\/revisions"}],"wp:featuredmedia":[{"embeddable":true,"href":"https:\/\/blogs.granada.escolapiosemaus.org\/agenda21\/wp-json\/wp\/v2\/media\/28"}],"wp:attachment":[{"href":"https:\/\/blogs.granada.escolapiosemaus.org\/agenda21\/wp-json\/wp\/v2\/media?parent=6"}],"wp:term":[{"taxonomy":"category","embeddable":true,"href":"https:\/\/blogs.granada.escolapiosemaus.org\/agenda21\/wp-json\/wp\/v2\/categories?post=6"},{"taxonomy":"post_tag","embeddable":true,"href":"https:\/\/blogs.granada.escolapiosemaus.org\/agenda21\/wp-json\/wp\/v2\/tags?post=6"}],"curies":[{"name":"wp","href":"https:\/\/api.w.org\/{rel}","templated":true}]}}