{"id":5,"date":"2014-03-20T17:05:00","date_gmt":"2014-03-20T17:05:00","guid":{"rendered":"http:\/\/blogs.granada.escolapiosemaus.org\/agenda21\/2014\/03\/20\/dia-del-arbol\/"},"modified":"2014-03-26T18:41:33","modified_gmt":"2014-03-26T18:41:33","slug":"dia-del-arbol","status":"publish","type":"post","link":"https:\/\/blogs.granada.escolapiosemaus.org\/agenda21\/2014\/03\/20\/dia-del-arbol\/","title":{"rendered":"D\u00cdA DEL \u00c1RBOL"},"content":{"rendered":"<p align=\"justify\">Ma\u00f1ana, d\u00eda 21 de marzo, se celebra el D\u00eda Internacional del \u00c1rbol.<\/p>\n<p align=\"justify\"><img decoding=\"async\" class=\"aligncenter\" style=\"float: none;margin-left: auto;margin-right: auto\" title=\"\" alt=\"\" src=\"https:\/\/blogs.granada.escolapiosemaus.org\/agenda21\/wp-content\/uploads\/sites\/12\/2014\/03\/306_WVEG_1-300x292.jpg\" width=\"306\" \/><\/p>\n<p align=\"justify\">En 1840 Suecia fue el primer pa\u00eds del mundo que instituy\u00f3 un d\u00eda dedicado al \u00e1rbol. Era la muestra de la toma de conciencia ante la importancia que tienen los recursos forestales, adem\u00e1s de un compromiso por el cuidado de los \u00e1rboles.<\/p>\n<p align=\"justify\">Siguiendo la tradici\u00f3n que importaron los pioneros suecos, en 1872 tambi\u00e9n se adopt\u00f3 el d\u00eda del \u00e1rbol, que fue emulado por otros pa\u00edses. Los \u00e1rboles <strong>regulan la temperatura, purifican el aire, contribuyen a regular las lluvias, protegen el suelo y albergan ecosistemas<\/strong>, sin olvidar su peso econ\u00f3mico. Por ello, esta fiesta es el reconocimiento\u00a0 a los m\u00faltiples servicios que presta el \u00e1rbol a la vida y a la actividad humana, adem\u00e1s del puesto simb\u00f3lico que ocupa en numerosas culturas tradicionales.<\/p>\n<p align=\"justify\">Y t\u00fa, \u00bfc\u00f3mo vas a celebrarlo?<\/p>\n<p align=\"justify\">Fuente: <a title=\"http:\/\/www.ecoticias.com\/eventos\/276\/Dia-Internacional-del-%C3%81rbol\" href=\"http:\/\/www.ecoticias.com\/eventos\/276\/Dia-Internacional-del-%C3%81rbol\">http:\/\/www.ecoticias.com\/eventos\/276\/Dia-Internacional-del-%C3%81rbol<\/a><\/p>\n","protected":false},"excerpt":{"rendered":"<p>Ma\u00f1ana, d\u00eda 21 de marzo, se celebra el D\u00eda Internacional del \u00c1rbol. En 1840 Suecia fue el primer pa\u00eds del mundo que instituy\u00f3 un d\u00eda dedicado al \u00e1rbol. Era la muestra de la toma de conciencia ante la importancia que tienen los recursos forestales, adem\u00e1s de un compromiso por el cuidado de los \u00e1rboles. Siguiendo [&hellip;]<\/p>\n","protected":false},"author":14,"featured_media":27,"comment_status":"open","ping_status":"open","sticky":false,"template":"","format":"standard","meta":{"_monsterinsights_skip_tracking":false,"_monsterinsights_sitenote_active":false,"_monsterinsights_sitenote_note":"","_monsterinsights_sitenote_category":0,"jetpack_post_was_ever_published":false,"footnotes":""},"categories":[2,3],"tags":[],"class_list":["post-5","post","type-post","status-publish","format-standard","has-post-thumbnail","hentry","category-sumate","category-tierra"],"yoast_head":"<!-- This site is optimized with the Yoast SEO plugin v26.8 - https:\/\/yoast.com\/product\/yoast-seo-wordpress\/ -->\n<title>D\u00cdA DEL \u00c1RBOL - Blog de AGENDA 21 en ESCOLAPIOS Granada<\/title>\n<meta name=\"robots\" content=\"index, follow, max-snippet:-1, max-image-preview:large, max-video-preview:-1\" \/>\n<link rel=\"canonical\" href=\"https:\/\/blogs.granada.escolapiosemaus.org\/agenda21\/2014\/03\/20\/dia-del-arbol\/\" \/>\n<meta property=\"og:locale\" content=\"es_ES\" \/>\n<meta property=\"og:type\" content=\"article\" \/>\n<meta property=\"og:title\" content=\"D\u00cdA DEL \u00c1RBOL - Blog de AGENDA 21 en ESCOLAPIOS Granada\" \/>\n<meta property=\"og:description\" content=\"Ma\u00f1ana, d\u00eda 21 de marzo, se celebra el D\u00eda Internacional del \u00c1rbol. En 1840 Suecia fue el primer pa\u00eds del mundo que instituy\u00f3 un d\u00eda dedicado al \u00e1rbol. Era la muestra de la toma de conciencia ante la importancia que tienen los recursos forestales, adem\u00e1s de un compromiso por el cuidado de los \u00e1rboles. Siguiendo [&hellip;]\" \/>\n<meta property=\"og:url\" content=\"https:\/\/blogs.granada.escolapiosemaus.org\/agenda21\/2014\/03\/20\/dia-del-arbol\/\" \/>\n<meta property=\"og:site_name\" content=\"Blog de AGENDA 21 en ESCOLAPIOS Granada\" \/>\n<meta property=\"article:published_time\" content=\"2014-03-20T17:05:00+00:00\" \/>\n<meta property=\"article:modified_time\" content=\"2014-03-26T18:41:33+00:00\" \/>\n<meta property=\"og:image\" content=\"https:\/\/blogs.granada.escolapiosemaus.org\/agenda21\/wp-content\/uploads\/sites\/12\/2014\/03\/306_WVEG_1.jpg\" \/>\n\t<meta property=\"og:image:width\" content=\"306\" \/>\n\t<meta property=\"og:image:height\" content=\"298\" \/>\n\t<meta property=\"og:image:type\" content=\"image\/jpeg\" \/>\n<meta name=\"author\" content=\"saragleiznyte\" \/>\n<meta name=\"twitter:card\" content=\"summary_large_image\" \/>\n<meta name=\"twitter:label1\" content=\"Escrito por\" \/>\n\t<meta name=\"twitter:data1\" content=\"saragleiznyte\" \/>\n\t<meta name=\"twitter:label2\" content=\"Tiempo de lectura\" \/>\n\t<meta name=\"twitter:data2\" content=\"1 minuto\" \/>\n<script type=\"application\/ld+json\" class=\"yoast-schema-graph\">{\"@context\":\"https:\/\/schema.org\",\"@graph\":[{\"@type\":\"Article\",\"@id\":\"https:\/\/blogs.granada.escolapiosemaus.org\/agenda21\/2014\/03\/20\/dia-del-arbol\/#article\",\"isPartOf\":{\"@id\":\"https:\/\/blogs.granada.escolapiosemaus.org\/agenda21\/2014\/03\/20\/dia-del-arbol\/\"},\"author\":{\"name\":\"saragleiznyte\",\"@id\":\"https:\/\/blogs.granada.escolapiosemaus.org\/agenda21\/#\/schema\/person\/786927974728488182d1edd465acd5dc\"},\"headline\":\"D\u00cdA DEL \u00c1RBOL\",\"datePublished\":\"2014-03-20T17:05:00+00:00\",\"dateModified\":\"2014-03-26T18:41:33+00:00\",\"mainEntityOfPage\":{\"@id\":\"https:\/\/blogs.granada.escolapiosemaus.org\/agenda21\/2014\/03\/20\/dia-del-arbol\/\"},\"wordCount\":165,\"commentCount\":0,\"image\":{\"@id\":\"https:\/\/blogs.granada.escolapiosemaus.org\/agenda21\/2014\/03\/20\/dia-del-arbol\/#primaryimage\"},\"thumbnailUrl\":\"https:\/\/blogs.granada.escolapiosemaus.org\/agenda21\/wp-content\/uploads\/sites\/12\/2014\/03\/306_WVEG_1.jpg\",\"articleSection\":[\"S\u00daMATE\",\"Tierra\"],\"inLanguage\":\"es\",\"potentialAction\":[{\"@type\":\"CommentAction\",\"name\":\"Comment\",\"target\":[\"https:\/\/blogs.granada.escolapiosemaus.org\/agenda21\/2014\/03\/20\/dia-del-arbol\/#respond\"]}]},{\"@type\":\"WebPage\",\"@id\":\"https:\/\/blogs.granada.escolapiosemaus.org\/agenda21\/2014\/03\/20\/dia-del-arbol\/\",\"url\":\"https:\/\/blogs.granada.escolapiosemaus.org\/agenda21\/2014\/03\/20\/dia-del-arbol\/\",\"name\":\"D\u00cdA DEL \u00c1RBOL - Blog de AGENDA 21 en ESCOLAPIOS Granada\",\"isPartOf\":{\"@id\":\"https:\/\/blogs.granada.escolapiosemaus.org\/agenda21\/#website\"},\"primaryImageOfPage\":{\"@id\":\"https:\/\/blogs.granada.escolapiosemaus.org\/agenda21\/2014\/03\/20\/dia-del-arbol\/#primaryimage\"},\"image\":{\"@id\":\"https:\/\/blogs.granada.escolapiosemaus.org\/agenda21\/2014\/03\/20\/dia-del-arbol\/#primaryimage\"},\"thumbnailUrl\":\"https:\/\/blogs.granada.escolapiosemaus.org\/agenda21\/wp-content\/uploads\/sites\/12\/2014\/03\/306_WVEG_1.jpg\",\"datePublished\":\"2014-03-20T17:05:00+00:00\",\"dateModified\":\"2014-03-26T18:41:33+00:00\",\"author\":{\"@id\":\"https:\/\/blogs.granada.escolapiosemaus.org\/agenda21\/#\/schema\/person\/786927974728488182d1edd465acd5dc\"},\"breadcrumb\":{\"@id\":\"https:\/\/blogs.granada.escolapiosemaus.org\/agenda21\/2014\/03\/20\/dia-del-arbol\/#breadcrumb\"},\"inLanguage\":\"es\",\"potentialAction\":[{\"@type\":\"ReadAction\",\"target\":[\"https:\/\/blogs.granada.escolapiosemaus.org\/agenda21\/2014\/03\/20\/dia-del-arbol\/\"]}]},{\"@type\":\"ImageObject\",\"inLanguage\":\"es\",\"@id\":\"https:\/\/blogs.granada.escolapiosemaus.org\/agenda21\/2014\/03\/20\/dia-del-arbol\/#primaryimage\",\"url\":\"https:\/\/blogs.granada.escolapiosemaus.org\/agenda21\/wp-content\/uploads\/sites\/12\/2014\/03\/306_WVEG_1.jpg\",\"contentUrl\":\"https:\/\/blogs.granada.escolapiosemaus.org\/agenda21\/wp-content\/uploads\/sites\/12\/2014\/03\/306_WVEG_1.jpg\",\"width\":306,\"height\":298},{\"@type\":\"BreadcrumbList\",\"@id\":\"https:\/\/blogs.granada.escolapiosemaus.org\/agenda21\/2014\/03\/20\/dia-del-arbol\/#breadcrumb\",\"itemListElement\":[{\"@type\":\"ListItem\",\"position\":1,\"name\":\"Portada\",\"item\":\"https:\/\/blogs.granada.escolapiosemaus.org\/agenda21\/\"},{\"@type\":\"ListItem\",\"position\":2,\"name\":\"D\u00cdA DEL \u00c1RBOL\"}]},{\"@type\":\"WebSite\",\"@id\":\"https:\/\/blogs.granada.escolapiosemaus.org\/agenda21\/#website\",\"url\":\"https:\/\/blogs.granada.escolapiosemaus.org\/agenda21\/\",\"name\":\"Blog de AGENDA 21 en ESCOLAPIOS Granada\",\"description\":\"\",\"potentialAction\":[{\"@type\":\"SearchAction\",\"target\":{\"@type\":\"EntryPoint\",\"urlTemplate\":\"https:\/\/blogs.granada.escolapiosemaus.org\/agenda21\/?s={search_term_string}\"},\"query-input\":{\"@type\":\"PropertyValueSpecification\",\"valueRequired\":true,\"valueName\":\"search_term_string\"}}],\"inLanguage\":\"es\"},{\"@type\":\"Person\",\"@id\":\"https:\/\/blogs.granada.escolapiosemaus.org\/agenda21\/#\/schema\/person\/786927974728488182d1edd465acd5dc\",\"name\":\"saragleiznyte\",\"image\":{\"@type\":\"ImageObject\",\"inLanguage\":\"es\",\"@id\":\"https:\/\/blogs.granada.escolapiosemaus.org\/agenda21\/#\/schema\/person\/image\/\",\"url\":\"https:\/\/secure.gravatar.com\/avatar\/f12bc98278f0c287f3d13e7634560588?s=96&d=mm&r=g\",\"contentUrl\":\"https:\/\/secure.gravatar.com\/avatar\/f12bc98278f0c287f3d13e7634560588?s=96&d=mm&r=g\",\"caption\":\"saragleiznyte\"},\"sameAs\":[\"https:\/\/blogs.granada.escolapiosemaus.org\"],\"url\":\"https:\/\/blogs.granada.escolapiosemaus.org\/agenda21\/author\/saragleiznyte\/\"}]}<\/script>\n<!-- \/ Yoast SEO plugin. -->","yoast_head_json":{"title":"D\u00cdA DEL \u00c1RBOL - Blog de AGENDA 21 en ESCOLAPIOS Granada","robots":{"index":"index","follow":"follow","max-snippet":"max-snippet:-1","max-image-preview":"max-image-preview:large","max-video-preview":"max-video-preview:-1"},"canonical":"https:\/\/blogs.granada.escolapiosemaus.org\/agenda21\/2014\/03\/20\/dia-del-arbol\/","og_locale":"es_ES","og_type":"article","og_title":"D\u00cdA DEL \u00c1RBOL - Blog de AGENDA 21 en ESCOLAPIOS Granada","og_description":"Ma\u00f1ana, d\u00eda 21 de marzo, se celebra el D\u00eda Internacional del \u00c1rbol. En 1840 Suecia fue el primer pa\u00eds del mundo que instituy\u00f3 un d\u00eda dedicado al \u00e1rbol. Era la muestra de la toma de conciencia ante la importancia que tienen los recursos forestales, adem\u00e1s de un compromiso por el cuidado de los \u00e1rboles. Siguiendo [&hellip;]","og_url":"https:\/\/blogs.granada.escolapiosemaus.org\/agenda21\/2014\/03\/20\/dia-del-arbol\/","og_site_name":"Blog de AGENDA 21 en ESCOLAPIOS Granada","article_published_time":"2014-03-20T17:05:00+00:00","article_modified_time":"2014-03-26T18:41:33+00:00","og_image":[{"width":306,"height":298,"url":"https:\/\/blogs.granada.escolapiosemaus.org\/agenda21\/wp-content\/uploads\/sites\/12\/2014\/03\/306_WVEG_1.jpg","type":"image\/jpeg"}],"author":"saragleiznyte","twitter_card":"summary_large_image","twitter_misc":{"Escrito por":"saragleiznyte","Tiempo de lectura":"1 minuto"},"schema":{"@context":"https:\/\/schema.org","@graph":[{"@type":"Article","@id":"https:\/\/blogs.granada.escolapiosemaus.org\/agenda21\/2014\/03\/20\/dia-del-arbol\/#article","isPartOf":{"@id":"https:\/\/blogs.granada.escolapiosemaus.org\/agenda21\/2014\/03\/20\/dia-del-arbol\/"},"author":{"name":"saragleiznyte","@id":"https:\/\/blogs.granada.escolapiosemaus.org\/agenda21\/#\/schema\/person\/786927974728488182d1edd465acd5dc"},"headline":"D\u00cdA DEL \u00c1RBOL","datePublished":"2014-03-20T17:05:00+00:00","dateModified":"2014-03-26T18:41:33+00:00","mainEntityOfPage":{"@id":"https:\/\/blogs.granada.escolapiosemaus.org\/agenda21\/2014\/03\/20\/dia-del-arbol\/"},"wordCount":165,"commentCount":0,"image":{"@id":"https:\/\/blogs.granada.escolapiosemaus.org\/agenda21\/2014\/03\/20\/dia-del-arbol\/#primaryimage"},"thumbnailUrl":"https:\/\/blogs.granada.escolapiosemaus.org\/agenda21\/wp-content\/uploads\/sites\/12\/2014\/03\/306_WVEG_1.jpg","articleSection":["S\u00daMATE","Tierra"],"inLanguage":"es","potentialAction":[{"@type":"CommentAction","name":"Comment","target":["https:\/\/blogs.granada.escolapiosemaus.org\/agenda21\/2014\/03\/20\/dia-del-arbol\/#respond"]}]},{"@type":"WebPage","@id":"https:\/\/blogs.granada.escolapiosemaus.org\/agenda21\/2014\/03\/20\/dia-del-arbol\/","url":"https:\/\/blogs.granada.escolapiosemaus.org\/agenda21\/2014\/03\/20\/dia-del-arbol\/","name":"D\u00cdA DEL \u00c1RBOL - Blog de AGENDA 21 en ESCOLAPIOS Granada","isPartOf":{"@id":"https:\/\/blogs.granada.escolapiosemaus.org\/agenda21\/#website"},"primaryImageOfPage":{"@id":"https:\/\/blogs.granada.escolapiosemaus.org\/agenda21\/2014\/03\/20\/dia-del-arbol\/#primaryimage"},"image":{"@id":"https:\/\/blogs.granada.escolapiosemaus.org\/agenda21\/2014\/03\/20\/dia-del-arbol\/#primaryimage"},"thumbnailUrl":"https:\/\/blogs.granada.escolapiosemaus.org\/agenda21\/wp-content\/uploads\/sites\/12\/2014\/03\/306_WVEG_1.jpg","datePublished":"2014-03-20T17:05:00+00:00","dateModified":"2014-03-26T18:41:33+00:00","author":{"@id":"https:\/\/blogs.granada.escolapiosemaus.org\/agenda21\/#\/schema\/person\/786927974728488182d1edd465acd5dc"},"breadcrumb":{"@id":"https:\/\/blogs.granada.escolapiosemaus.org\/agenda21\/2014\/03\/20\/dia-del-arbol\/#breadcrumb"},"inLanguage":"es","potentialAction":[{"@type":"ReadAction","target":["https:\/\/blogs.granada.escolapiosemaus.org\/agenda21\/2014\/03\/20\/dia-del-arbol\/"]}]},{"@type":"ImageObject","inLanguage":"es","@id":"https:\/\/blogs.granada.escolapiosemaus.org\/agenda21\/2014\/03\/20\/dia-del-arbol\/#primaryimage","url":"https:\/\/blogs.granada.escolapiosemaus.org\/agenda21\/wp-content\/uploads\/sites\/12\/2014\/03\/306_WVEG_1.jpg","contentUrl":"https:\/\/blogs.granada.escolapiosemaus.org\/agenda21\/wp-content\/uploads\/sites\/12\/2014\/03\/306_WVEG_1.jpg","width":306,"height":298},{"@type":"BreadcrumbList","@id":"https:\/\/blogs.granada.escolapiosemaus.org\/agenda21\/2014\/03\/20\/dia-del-arbol\/#breadcrumb","itemListElement":[{"@type":"ListItem","position":1,"name":"Portada","item":"https:\/\/blogs.granada.escolapiosemaus.org\/agenda21\/"},{"@type":"ListItem","position":2,"name":"D\u00cdA DEL \u00c1RBOL"}]},{"@type":"WebSite","@id":"https:\/\/blogs.granada.escolapiosemaus.org\/agenda21\/#website","url":"https:\/\/blogs.granada.escolapiosemaus.org\/agenda21\/","name":"Blog de AGENDA 21 en ESCOLAPIOS Granada","description":"","potentialAction":[{"@type":"SearchAction","target":{"@type":"EntryPoint","urlTemplate":"https:\/\/blogs.granada.escolapiosemaus.org\/agenda21\/?s={search_term_string}"},"query-input":{"@type":"PropertyValueSpecification","valueRequired":true,"valueName":"search_term_string"}}],"inLanguage":"es"},{"@type":"Person","@id":"https:\/\/blogs.granada.escolapiosemaus.org\/agenda21\/#\/schema\/person\/786927974728488182d1edd465acd5dc","name":"saragleiznyte","image":{"@type":"ImageObject","inLanguage":"es","@id":"https:\/\/blogs.granada.escolapiosemaus.org\/agenda21\/#\/schema\/person\/image\/","url":"https:\/\/secure.gravatar.com\/avatar\/f12bc98278f0c287f3d13e7634560588?s=96&d=mm&r=g","contentUrl":"https:\/\/secure.gravatar.com\/avatar\/f12bc98278f0c287f3d13e7634560588?s=96&d=mm&r=g","caption":"saragleiznyte"},"sameAs":["https:\/\/blogs.granada.escolapiosemaus.org"],"url":"https:\/\/blogs.granada.escolapiosemaus.org\/agenda21\/author\/saragleiznyte\/"}]}},"jetpack_featured_media_url":"https:\/\/blogs.granada.escolapiosemaus.org\/agenda21\/wp-content\/uploads\/sites\/12\/2014\/03\/306_WVEG_1.jpg","jetpack_sharing_enabled":true,"jetpack_shortlink":"https:\/\/wp.me\/p4tLm4-5","_links":{"self":[{"href":"https:\/\/blogs.granada.escolapiosemaus.org\/agenda21\/wp-json\/wp\/v2\/posts\/5","targetHints":{"allow":["GET"]}}],"collection":[{"href":"https:\/\/blogs.granada.escolapiosemaus.org\/agenda21\/wp-json\/wp\/v2\/posts"}],"about":[{"href":"https:\/\/blogs.granada.escolapiosemaus.org\/agenda21\/wp-json\/wp\/v2\/types\/post"}],"author":[{"embeddable":true,"href":"https:\/\/blogs.granada.escolapiosemaus.org\/agenda21\/wp-json\/wp\/v2\/users\/14"}],"replies":[{"embeddable":true,"href":"https:\/\/blogs.granada.escolapiosemaus.org\/agenda21\/wp-json\/wp\/v2\/comments?post=5"}],"version-history":[{"count":4,"href":"https:\/\/blogs.granada.escolapiosemaus.org\/agenda21\/wp-json\/wp\/v2\/posts\/5\/revisions"}],"predecessor-version":[{"id":67,"href":"https:\/\/blogs.granada.escolapiosemaus.org\/agenda21\/wp-json\/wp\/v2\/posts\/5\/revisions\/67"}],"wp:featuredmedia":[{"embeddable":true,"href":"https:\/\/blogs.granada.escolapiosemaus.org\/agenda21\/wp-json\/wp\/v2\/media\/27"}],"wp:attachment":[{"href":"https:\/\/blogs.granada.escolapiosemaus.org\/agenda21\/wp-json\/wp\/v2\/media?parent=5"}],"wp:term":[{"taxonomy":"category","embeddable":true,"href":"https:\/\/blogs.granada.escolapiosemaus.org\/agenda21\/wp-json\/wp\/v2\/categories?post=5"},{"taxonomy":"post_tag","embeddable":true,"href":"https:\/\/blogs.granada.escolapiosemaus.org\/agenda21\/wp-json\/wp\/v2\/tags?post=5"}],"curies":[{"name":"wp","href":"https:\/\/api.w.org\/{rel}","templated":true}]}}