{"id":26,"date":"2013-04-12T18:21:00","date_gmt":"2013-04-12T18:21:00","guid":{"rendered":"http:\/\/blogs.granada.escolapiosemaus.org\/agenda21\/2013\/04\/12\/nuestro-logo\/"},"modified":"2014-03-25T12:48:53","modified_gmt":"2014-03-25T12:48:53","slug":"nuestro-logo","status":"publish","type":"post","link":"https:\/\/blogs.granada.escolapiosemaus.org\/agenda21\/2013\/04\/12\/nuestro-logo\/","title":{"rendered":"NUESTRO LOGO"},"content":{"rendered":"<p align=\"justify\">Uno de los requisitos para formar parte del proyecto oficial de Agenda 21 Escolar es tener un logotipo propio. El curso pasado organizamos un concurso en el que participaron muchos alumnos, aportando un dibujo relacionado con el tema del medio ambiente. Finalmente, el dibujo ganador fue el de Jos\u00e9 Emilio Chaves. Aqu\u00ed lo pod\u00e9is ver, convertido en el logo de Agenda 21 de Escolapios Granada:<\/p>\n<p align=\"justify\"><a href=\"http:\/\/lh5.ggpht.com\/-YbJhHirwAr8\/UWhQdy4ZJDI\/AAAAAAAADW4\/rMp1EFWaFbg\/s1600-h\/Logo%252520Agenda%25252021%252520Escolapios%25255B2%25255D.png\"><a href=\"https:\/\/blogs.granada.escolapiosemaus.org\/agenda21\/wp-content\/uploads\/sites\/12\/2013\/04\/Logo-252520Agenda-25252021-252520Escolapios_thumb-25255B3-25255D.png\"><img loading=\"lazy\" decoding=\"async\" title=\"Logo Agenda 21 Escolapios\" style=\"border-top: 0px; border-right: 0px; background-image: none; border-bottom: 0px; float: none; padding-top: 0px; padding-left: 0px; margin-left: auto; border-left: 0px; display: block; padding-right: 0px; margin-right: auto\" border=\"0\" alt=\"Logo Agenda 21 Escolapios\" src=\"https:\/\/blogs.granada.escolapiosemaus.org\/agenda21\/wp-content\/uploads\/sites\/12\/2013\/04\/Logo-252520Agenda-25252021-252520Escolapios_thumb-25255B3-25255D-214x300.png\" width=\"296\" height=\"411\" \/><\/a><\/a><\/p>\n<p align=\"justify\">\n","protected":false},"excerpt":{"rendered":"<p>Uno de los requisitos para formar parte del proyecto oficial de Agenda 21 Escolar es tener un logotipo propio. El curso pasado organizamos un concurso en el que participaron muchos alumnos, aportando un dibujo relacionado con el tema del medio ambiente. Finalmente, el dibujo ganador fue el de Jos\u00e9 Emilio Chaves. Aqu\u00ed lo pod\u00e9is ver, [&hellip;]<\/p>\n","protected":false},"author":14,"featured_media":58,"comment_status":"open","ping_status":"open","sticky":false,"template":"","format":"standard","meta":{"_monsterinsights_skip_tracking":false,"_monsterinsights_sitenote_active":false,"_monsterinsights_sitenote_note":"","_monsterinsights_sitenote_category":0,"jetpack_post_was_ever_published":false,"footnotes":""},"categories":[20,19],"tags":[],"class_list":["post-26","post","type-post","status-publish","format-standard","has-post-thumbnail","hentry","category-actividades","category-presentacion"],"yoast_head":"<!-- This site is optimized with the Yoast SEO plugin v26.8 - https:\/\/yoast.com\/product\/yoast-seo-wordpress\/ -->\n<title>NUESTRO LOGO - Blog de AGENDA 21 en ESCOLAPIOS Granada<\/title>\n<meta name=\"robots\" content=\"index, follow, max-snippet:-1, max-image-preview:large, max-video-preview:-1\" \/>\n<link rel=\"canonical\" href=\"https:\/\/blogs.granada.escolapiosemaus.org\/agenda21\/2013\/04\/12\/nuestro-logo\/\" \/>\n<meta property=\"og:locale\" content=\"es_ES\" \/>\n<meta property=\"og:type\" content=\"article\" \/>\n<meta property=\"og:title\" content=\"NUESTRO LOGO - Blog de AGENDA 21 en ESCOLAPIOS Granada\" \/>\n<meta property=\"og:description\" content=\"Uno de los requisitos para formar parte del proyecto oficial de Agenda 21 Escolar es tener un logotipo propio. El curso pasado organizamos un concurso en el que participaron muchos alumnos, aportando un dibujo relacionado con el tema del medio ambiente. Finalmente, el dibujo ganador fue el de Jos\u00e9 Emilio Chaves. Aqu\u00ed lo pod\u00e9is ver, [&hellip;]\" \/>\n<meta property=\"og:url\" content=\"https:\/\/blogs.granada.escolapiosemaus.org\/agenda21\/2013\/04\/12\/nuestro-logo\/\" \/>\n<meta property=\"og:site_name\" content=\"Blog de AGENDA 21 en ESCOLAPIOS Granada\" \/>\n<meta property=\"article:published_time\" content=\"2013-04-12T18:21:00+00:00\" \/>\n<meta property=\"article:modified_time\" content=\"2014-03-25T12:48:53+00:00\" \/>\n<meta property=\"og:image\" content=\"https:\/\/blogs.granada.escolapiosemaus.org\/agenda21\/wp-content\/uploads\/sites\/12\/2013\/04\/Logo-252520Agenda-25252021-252520Escolapios_thumb-25255B3-25255D.png\" \/>\n\t<meta property=\"og:image:width\" content=\"550\" \/>\n\t<meta property=\"og:image:height\" content=\"768\" \/>\n\t<meta property=\"og:image:type\" content=\"image\/png\" \/>\n<meta name=\"author\" content=\"saragleiznyte\" \/>\n<meta name=\"twitter:card\" content=\"summary_large_image\" \/>\n<meta name=\"twitter:label1\" content=\"Escrito por\" \/>\n\t<meta name=\"twitter:data1\" content=\"saragleiznyte\" \/>\n<script type=\"application\/ld+json\" class=\"yoast-schema-graph\">{\"@context\":\"https:\/\/schema.org\",\"@graph\":[{\"@type\":\"Article\",\"@id\":\"https:\/\/blogs.granada.escolapiosemaus.org\/agenda21\/2013\/04\/12\/nuestro-logo\/#article\",\"isPartOf\":{\"@id\":\"https:\/\/blogs.granada.escolapiosemaus.org\/agenda21\/2013\/04\/12\/nuestro-logo\/\"},\"author\":{\"name\":\"saragleiznyte\",\"@id\":\"https:\/\/blogs.granada.escolapiosemaus.org\/agenda21\/#\/schema\/person\/786927974728488182d1edd465acd5dc\"},\"headline\":\"NUESTRO LOGO\",\"datePublished\":\"2013-04-12T18:21:00+00:00\",\"dateModified\":\"2014-03-25T12:48:53+00:00\",\"mainEntityOfPage\":{\"@id\":\"https:\/\/blogs.granada.escolapiosemaus.org\/agenda21\/2013\/04\/12\/nuestro-logo\/\"},\"wordCount\":66,\"commentCount\":0,\"image\":{\"@id\":\"https:\/\/blogs.granada.escolapiosemaus.org\/agenda21\/2013\/04\/12\/nuestro-logo\/#primaryimage\"},\"thumbnailUrl\":\"https:\/\/blogs.granada.escolapiosemaus.org\/agenda21\/wp-content\/uploads\/sites\/12\/2013\/04\/Logo-252520Agenda-25252021-252520Escolapios_thumb-25255B3-25255D.png\",\"articleSection\":[\"Actividades\",\"Presentaci\u00f3n\"],\"inLanguage\":\"es\",\"potentialAction\":[{\"@type\":\"CommentAction\",\"name\":\"Comment\",\"target\":[\"https:\/\/blogs.granada.escolapiosemaus.org\/agenda21\/2013\/04\/12\/nuestro-logo\/#respond\"]}]},{\"@type\":\"WebPage\",\"@id\":\"https:\/\/blogs.granada.escolapiosemaus.org\/agenda21\/2013\/04\/12\/nuestro-logo\/\",\"url\":\"https:\/\/blogs.granada.escolapiosemaus.org\/agenda21\/2013\/04\/12\/nuestro-logo\/\",\"name\":\"NUESTRO LOGO - Blog de AGENDA 21 en ESCOLAPIOS Granada\",\"isPartOf\":{\"@id\":\"https:\/\/blogs.granada.escolapiosemaus.org\/agenda21\/#website\"},\"primaryImageOfPage\":{\"@id\":\"https:\/\/blogs.granada.escolapiosemaus.org\/agenda21\/2013\/04\/12\/nuestro-logo\/#primaryimage\"},\"image\":{\"@id\":\"https:\/\/blogs.granada.escolapiosemaus.org\/agenda21\/2013\/04\/12\/nuestro-logo\/#primaryimage\"},\"thumbnailUrl\":\"https:\/\/blogs.granada.escolapiosemaus.org\/agenda21\/wp-content\/uploads\/sites\/12\/2013\/04\/Logo-252520Agenda-25252021-252520Escolapios_thumb-25255B3-25255D.png\",\"datePublished\":\"2013-04-12T18:21:00+00:00\",\"dateModified\":\"2014-03-25T12:48:53+00:00\",\"author\":{\"@id\":\"https:\/\/blogs.granada.escolapiosemaus.org\/agenda21\/#\/schema\/person\/786927974728488182d1edd465acd5dc\"},\"breadcrumb\":{\"@id\":\"https:\/\/blogs.granada.escolapiosemaus.org\/agenda21\/2013\/04\/12\/nuestro-logo\/#breadcrumb\"},\"inLanguage\":\"es\",\"potentialAction\":[{\"@type\":\"ReadAction\",\"target\":[\"https:\/\/blogs.granada.escolapiosemaus.org\/agenda21\/2013\/04\/12\/nuestro-logo\/\"]}]},{\"@type\":\"ImageObject\",\"inLanguage\":\"es\",\"@id\":\"https:\/\/blogs.granada.escolapiosemaus.org\/agenda21\/2013\/04\/12\/nuestro-logo\/#primaryimage\",\"url\":\"https:\/\/blogs.granada.escolapiosemaus.org\/agenda21\/wp-content\/uploads\/sites\/12\/2013\/04\/Logo-252520Agenda-25252021-252520Escolapios_thumb-25255B3-25255D.png\",\"contentUrl\":\"https:\/\/blogs.granada.escolapiosemaus.org\/agenda21\/wp-content\/uploads\/sites\/12\/2013\/04\/Logo-252520Agenda-25252021-252520Escolapios_thumb-25255B3-25255D.png\",\"width\":550,\"height\":768},{\"@type\":\"BreadcrumbList\",\"@id\":\"https:\/\/blogs.granada.escolapiosemaus.org\/agenda21\/2013\/04\/12\/nuestro-logo\/#breadcrumb\",\"itemListElement\":[{\"@type\":\"ListItem\",\"position\":1,\"name\":\"Portada\",\"item\":\"https:\/\/blogs.granada.escolapiosemaus.org\/agenda21\/\"},{\"@type\":\"ListItem\",\"position\":2,\"name\":\"NUESTRO LOGO\"}]},{\"@type\":\"WebSite\",\"@id\":\"https:\/\/blogs.granada.escolapiosemaus.org\/agenda21\/#website\",\"url\":\"https:\/\/blogs.granada.escolapiosemaus.org\/agenda21\/\",\"name\":\"Blog de AGENDA 21 en ESCOLAPIOS Granada\",\"description\":\"\",\"potentialAction\":[{\"@type\":\"SearchAction\",\"target\":{\"@type\":\"EntryPoint\",\"urlTemplate\":\"https:\/\/blogs.granada.escolapiosemaus.org\/agenda21\/?s={search_term_string}\"},\"query-input\":{\"@type\":\"PropertyValueSpecification\",\"valueRequired\":true,\"valueName\":\"search_term_string\"}}],\"inLanguage\":\"es\"},{\"@type\":\"Person\",\"@id\":\"https:\/\/blogs.granada.escolapiosemaus.org\/agenda21\/#\/schema\/person\/786927974728488182d1edd465acd5dc\",\"name\":\"saragleiznyte\",\"image\":{\"@type\":\"ImageObject\",\"inLanguage\":\"es\",\"@id\":\"https:\/\/blogs.granada.escolapiosemaus.org\/agenda21\/#\/schema\/person\/image\/\",\"url\":\"https:\/\/secure.gravatar.com\/avatar\/f12bc98278f0c287f3d13e7634560588?s=96&d=mm&r=g\",\"contentUrl\":\"https:\/\/secure.gravatar.com\/avatar\/f12bc98278f0c287f3d13e7634560588?s=96&d=mm&r=g\",\"caption\":\"saragleiznyte\"},\"sameAs\":[\"https:\/\/blogs.granada.escolapiosemaus.org\"],\"url\":\"https:\/\/blogs.granada.escolapiosemaus.org\/agenda21\/author\/saragleiznyte\/\"}]}<\/script>\n<!-- \/ Yoast SEO plugin. -->","yoast_head_json":{"title":"NUESTRO LOGO - Blog de AGENDA 21 en ESCOLAPIOS Granada","robots":{"index":"index","follow":"follow","max-snippet":"max-snippet:-1","max-image-preview":"max-image-preview:large","max-video-preview":"max-video-preview:-1"},"canonical":"https:\/\/blogs.granada.escolapiosemaus.org\/agenda21\/2013\/04\/12\/nuestro-logo\/","og_locale":"es_ES","og_type":"article","og_title":"NUESTRO LOGO - Blog de AGENDA 21 en ESCOLAPIOS Granada","og_description":"Uno de los requisitos para formar parte del proyecto oficial de Agenda 21 Escolar es tener un logotipo propio. El curso pasado organizamos un concurso en el que participaron muchos alumnos, aportando un dibujo relacionado con el tema del medio ambiente. Finalmente, el dibujo ganador fue el de Jos\u00e9 Emilio Chaves. Aqu\u00ed lo pod\u00e9is ver, [&hellip;]","og_url":"https:\/\/blogs.granada.escolapiosemaus.org\/agenda21\/2013\/04\/12\/nuestro-logo\/","og_site_name":"Blog de AGENDA 21 en ESCOLAPIOS Granada","article_published_time":"2013-04-12T18:21:00+00:00","article_modified_time":"2014-03-25T12:48:53+00:00","og_image":[{"width":550,"height":768,"url":"https:\/\/blogs.granada.escolapiosemaus.org\/agenda21\/wp-content\/uploads\/sites\/12\/2013\/04\/Logo-252520Agenda-25252021-252520Escolapios_thumb-25255B3-25255D.png","type":"image\/png"}],"author":"saragleiznyte","twitter_card":"summary_large_image","twitter_misc":{"Escrito por":"saragleiznyte"},"schema":{"@context":"https:\/\/schema.org","@graph":[{"@type":"Article","@id":"https:\/\/blogs.granada.escolapiosemaus.org\/agenda21\/2013\/04\/12\/nuestro-logo\/#article","isPartOf":{"@id":"https:\/\/blogs.granada.escolapiosemaus.org\/agenda21\/2013\/04\/12\/nuestro-logo\/"},"author":{"name":"saragleiznyte","@id":"https:\/\/blogs.granada.escolapiosemaus.org\/agenda21\/#\/schema\/person\/786927974728488182d1edd465acd5dc"},"headline":"NUESTRO LOGO","datePublished":"2013-04-12T18:21:00+00:00","dateModified":"2014-03-25T12:48:53+00:00","mainEntityOfPage":{"@id":"https:\/\/blogs.granada.escolapiosemaus.org\/agenda21\/2013\/04\/12\/nuestro-logo\/"},"wordCount":66,"commentCount":0,"image":{"@id":"https:\/\/blogs.granada.escolapiosemaus.org\/agenda21\/2013\/04\/12\/nuestro-logo\/#primaryimage"},"thumbnailUrl":"https:\/\/blogs.granada.escolapiosemaus.org\/agenda21\/wp-content\/uploads\/sites\/12\/2013\/04\/Logo-252520Agenda-25252021-252520Escolapios_thumb-25255B3-25255D.png","articleSection":["Actividades","Presentaci\u00f3n"],"inLanguage":"es","potentialAction":[{"@type":"CommentAction","name":"Comment","target":["https:\/\/blogs.granada.escolapiosemaus.org\/agenda21\/2013\/04\/12\/nuestro-logo\/#respond"]}]},{"@type":"WebPage","@id":"https:\/\/blogs.granada.escolapiosemaus.org\/agenda21\/2013\/04\/12\/nuestro-logo\/","url":"https:\/\/blogs.granada.escolapiosemaus.org\/agenda21\/2013\/04\/12\/nuestro-logo\/","name":"NUESTRO LOGO - Blog de AGENDA 21 en ESCOLAPIOS Granada","isPartOf":{"@id":"https:\/\/blogs.granada.escolapiosemaus.org\/agenda21\/#website"},"primaryImageOfPage":{"@id":"https:\/\/blogs.granada.escolapiosemaus.org\/agenda21\/2013\/04\/12\/nuestro-logo\/#primaryimage"},"image":{"@id":"https:\/\/blogs.granada.escolapiosemaus.org\/agenda21\/2013\/04\/12\/nuestro-logo\/#primaryimage"},"thumbnailUrl":"https:\/\/blogs.granada.escolapiosemaus.org\/agenda21\/wp-content\/uploads\/sites\/12\/2013\/04\/Logo-252520Agenda-25252021-252520Escolapios_thumb-25255B3-25255D.png","datePublished":"2013-04-12T18:21:00+00:00","dateModified":"2014-03-25T12:48:53+00:00","author":{"@id":"https:\/\/blogs.granada.escolapiosemaus.org\/agenda21\/#\/schema\/person\/786927974728488182d1edd465acd5dc"},"breadcrumb":{"@id":"https:\/\/blogs.granada.escolapiosemaus.org\/agenda21\/2013\/04\/12\/nuestro-logo\/#breadcrumb"},"inLanguage":"es","potentialAction":[{"@type":"ReadAction","target":["https:\/\/blogs.granada.escolapiosemaus.org\/agenda21\/2013\/04\/12\/nuestro-logo\/"]}]},{"@type":"ImageObject","inLanguage":"es","@id":"https:\/\/blogs.granada.escolapiosemaus.org\/agenda21\/2013\/04\/12\/nuestro-logo\/#primaryimage","url":"https:\/\/blogs.granada.escolapiosemaus.org\/agenda21\/wp-content\/uploads\/sites\/12\/2013\/04\/Logo-252520Agenda-25252021-252520Escolapios_thumb-25255B3-25255D.png","contentUrl":"https:\/\/blogs.granada.escolapiosemaus.org\/agenda21\/wp-content\/uploads\/sites\/12\/2013\/04\/Logo-252520Agenda-25252021-252520Escolapios_thumb-25255B3-25255D.png","width":550,"height":768},{"@type":"BreadcrumbList","@id":"https:\/\/blogs.granada.escolapiosemaus.org\/agenda21\/2013\/04\/12\/nuestro-logo\/#breadcrumb","itemListElement":[{"@type":"ListItem","position":1,"name":"Portada","item":"https:\/\/blogs.granada.escolapiosemaus.org\/agenda21\/"},{"@type":"ListItem","position":2,"name":"NUESTRO LOGO"}]},{"@type":"WebSite","@id":"https:\/\/blogs.granada.escolapiosemaus.org\/agenda21\/#website","url":"https:\/\/blogs.granada.escolapiosemaus.org\/agenda21\/","name":"Blog de AGENDA 21 en ESCOLAPIOS Granada","description":"","potentialAction":[{"@type":"SearchAction","target":{"@type":"EntryPoint","urlTemplate":"https:\/\/blogs.granada.escolapiosemaus.org\/agenda21\/?s={search_term_string}"},"query-input":{"@type":"PropertyValueSpecification","valueRequired":true,"valueName":"search_term_string"}}],"inLanguage":"es"},{"@type":"Person","@id":"https:\/\/blogs.granada.escolapiosemaus.org\/agenda21\/#\/schema\/person\/786927974728488182d1edd465acd5dc","name":"saragleiznyte","image":{"@type":"ImageObject","inLanguage":"es","@id":"https:\/\/blogs.granada.escolapiosemaus.org\/agenda21\/#\/schema\/person\/image\/","url":"https:\/\/secure.gravatar.com\/avatar\/f12bc98278f0c287f3d13e7634560588?s=96&d=mm&r=g","contentUrl":"https:\/\/secure.gravatar.com\/avatar\/f12bc98278f0c287f3d13e7634560588?s=96&d=mm&r=g","caption":"saragleiznyte"},"sameAs":["https:\/\/blogs.granada.escolapiosemaus.org"],"url":"https:\/\/blogs.granada.escolapiosemaus.org\/agenda21\/author\/saragleiznyte\/"}]}},"jetpack_featured_media_url":"https:\/\/blogs.granada.escolapiosemaus.org\/agenda21\/wp-content\/uploads\/sites\/12\/2013\/04\/Logo-252520Agenda-25252021-252520Escolapios_thumb-25255B3-25255D.png","jetpack_sharing_enabled":true,"jetpack_shortlink":"https:\/\/wp.me\/p4tLm4-q","_links":{"self":[{"href":"https:\/\/blogs.granada.escolapiosemaus.org\/agenda21\/wp-json\/wp\/v2\/posts\/26","targetHints":{"allow":["GET"]}}],"collection":[{"href":"https:\/\/blogs.granada.escolapiosemaus.org\/agenda21\/wp-json\/wp\/v2\/posts"}],"about":[{"href":"https:\/\/blogs.granada.escolapiosemaus.org\/agenda21\/wp-json\/wp\/v2\/types\/post"}],"author":[{"embeddable":true,"href":"https:\/\/blogs.granada.escolapiosemaus.org\/agenda21\/wp-json\/wp\/v2\/users\/14"}],"replies":[{"embeddable":true,"href":"https:\/\/blogs.granada.escolapiosemaus.org\/agenda21\/wp-json\/wp\/v2\/comments?post=26"}],"version-history":[{"count":0,"href":"https:\/\/blogs.granada.escolapiosemaus.org\/agenda21\/wp-json\/wp\/v2\/posts\/26\/revisions"}],"wp:featuredmedia":[{"embeddable":true,"href":"https:\/\/blogs.granada.escolapiosemaus.org\/agenda21\/wp-json\/wp\/v2\/media\/58"}],"wp:attachment":[{"href":"https:\/\/blogs.granada.escolapiosemaus.org\/agenda21\/wp-json\/wp\/v2\/media?parent=26"}],"wp:term":[{"taxonomy":"category","embeddable":true,"href":"https:\/\/blogs.granada.escolapiosemaus.org\/agenda21\/wp-json\/wp\/v2\/categories?post=26"},{"taxonomy":"post_tag","embeddable":true,"href":"https:\/\/blogs.granada.escolapiosemaus.org\/agenda21\/wp-json\/wp\/v2\/tags?post=26"}],"curies":[{"name":"wp","href":"https:\/\/api.w.org\/{rel}","templated":true}]}}