{"id":24,"date":"2013-04-12T19:19:00","date_gmt":"2013-04-12T19:19:00","guid":{"rendered":"http:\/\/blogs.granada.escolapiosemaus.org\/agenda21\/2013\/04\/12\/apaga-la-luz\/"},"modified":"2014-03-25T12:48:47","modified_gmt":"2014-03-25T12:48:47","slug":"apaga-la-luz","status":"publish","type":"post","link":"https:\/\/blogs.granada.escolapiosemaus.org\/agenda21\/2013\/04\/12\/apaga-la-luz\/","title":{"rendered":"APAGA LA LUZ"},"content":{"rendered":"<p align=\"justify\">Muchas veces encendemos la luz por la ma\u00f1ana temprano y, sin darnos cuenta, la dejamos encendida \u00a1todo el d\u00eda! Esto nos pasa en la clase, en los pasillos, en casa\u2026 provocando un derroche innecesario de energ\u00eda y de dinero.&nbsp; <\/p>\n<p align=\"justify\">Los alumnos de Educaci\u00f3n Infantil han hablado sobre la necesidad de ahorrar energ\u00eda el\u00e9ctrica y se han comprometido a recordarles a las se\u00f1os que apaguen la luz cuando no sea necesario tenerla encendida, cuando salgan al patio, etc. <\/p>\n<p align=\"justify\">Los ni\u00f1os de cada clase colorearon un cartel que dec\u00eda \u201cApaga la luz\/Turn off the light\u201d. <\/p>\n<p align=\"justify\"><a href=\"https:\/\/blogs.granada.escolapiosemaus.org\/agenda21\/wp-content\/uploads\/sites\/12\/2013\/04\/DSC04501_thumb-25255B5-25255D.jpg\"><img loading=\"lazy\" decoding=\"async\" title=\"DSC04501\" style=\"border-left-width: 0px; border-right-width: 0px; background-image: none; border-bottom-width: 0px; float: none; padding-top: 0px; padding-left: 0px; margin-left: auto; display: block; padding-right: 0px; border-top-width: 0px; margin-right: auto\" border=\"0\" alt=\"DSC04501\" src=\"https:\/\/blogs.granada.escolapiosemaus.org\/agenda21\/wp-content\/uploads\/sites\/12\/2013\/04\/DSC04501_thumb-25255B5-25255D-219x300.jpg\" width=\"290\" height=\"396\" \/><\/a><\/p>\n<p>&nbsp;<\/p>\n<p>POR FAVOR, si ves que la luz del pasillo est\u00e1 encendida y no sirve de nada, <strong>AP\u00c1GALA<\/strong>.<\/p>\n<p><a href=\"https:\/\/blogs.granada.escolapiosemaus.org\/agenda21\/wp-content\/uploads\/sites\/12\/2013\/04\/DSC04499_thumb-25255B7-25255D.jpg\"><img loading=\"lazy\" decoding=\"async\" title=\"DSC04499\" style=\"border-left-width: 0px; border-right-width: 0px; background-image: none; border-bottom-width: 0px; float: none; padding-top: 0px; padding-left: 0px; margin-left: auto; display: block; padding-right: 0px; border-top-width: 0px; margin-right: auto\" border=\"0\" alt=\"DSC04499\" src=\"https:\/\/blogs.granada.escolapiosemaus.org\/agenda21\/wp-content\/uploads\/sites\/12\/2013\/04\/DSC04499_thumb-25255B7-25255D-224x300.jpg\" width=\"296\" height=\"394\" \/><\/a><\/p>\n<p>Los alumnos de 1er ciclo de Primaria tambi\u00e9n tienen carteles que les recuerdan la necesidad de apagar la luz:<\/p>\n<p><a href=\"https:\/\/blogs.granada.escolapiosemaus.org\/agenda21\/wp-content\/uploads\/sites\/12\/2013\/04\/IMG_1157_thumb-25255B1-25255D.jpg\"><img loading=\"lazy\" decoding=\"async\" title=\"IMG_1157\" style=\"border-top: 0px; border-right: 0px; background-image: none; border-bottom: 0px; float: none; padding-top: 0px; padding-left: 0px; margin-left: auto; border-left: 0px; display: block; padding-right: 0px; margin-right: auto\" border=\"0\" alt=\"IMG_1157\" src=\"https:\/\/blogs.granada.escolapiosemaus.org\/agenda21\/wp-content\/uploads\/sites\/12\/2013\/04\/IMG_1157_thumb-25255B1-25255D-300x188.jpg\" width=\"439\" height=\"278\" \/><\/a><\/p>\n","protected":false},"excerpt":{"rendered":"<p>Muchas veces encendemos la luz por la ma\u00f1ana temprano y, sin darnos cuenta, la dejamos encendida \u00a1todo el d\u00eda! Esto nos pasa en la clase, en los pasillos, en casa\u2026 provocando un derroche innecesario de energ\u00eda y de dinero.&nbsp; Los alumnos de Educaci\u00f3n Infantil han hablado sobre la necesidad de ahorrar energ\u00eda el\u00e9ctrica y se [&hellip;]<\/p>\n","protected":false},"author":14,"featured_media":54,"comment_status":"open","ping_status":"open","sticky":false,"template":"","format":"standard","meta":{"_monsterinsights_skip_tracking":false,"_monsterinsights_sitenote_active":false,"_monsterinsights_sitenote_note":"","_monsterinsights_sitenote_category":0,"jetpack_post_was_ever_published":false,"footnotes":""},"categories":[20,10,2],"tags":[],"class_list":["post-24","post","type-post","status-publish","format-standard","has-post-thumbnail","hentry","category-actividades","category-reducir","category-sumate"],"yoast_head":"<!-- This site is optimized with the Yoast SEO plugin v26.8 - https:\/\/yoast.com\/product\/yoast-seo-wordpress\/ -->\n<title>APAGA LA LUZ - Blog de AGENDA 21 en ESCOLAPIOS Granada<\/title>\n<meta name=\"robots\" content=\"index, follow, max-snippet:-1, max-image-preview:large, max-video-preview:-1\" \/>\n<link rel=\"canonical\" href=\"https:\/\/blogs.granada.escolapiosemaus.org\/agenda21\/2013\/04\/12\/apaga-la-luz\/\" \/>\n<meta property=\"og:locale\" content=\"es_ES\" \/>\n<meta property=\"og:type\" content=\"article\" \/>\n<meta property=\"og:title\" content=\"APAGA LA LUZ - Blog de AGENDA 21 en ESCOLAPIOS Granada\" \/>\n<meta property=\"og:description\" content=\"Muchas veces encendemos la luz por la ma\u00f1ana temprano y, sin darnos cuenta, la dejamos encendida \u00a1todo el d\u00eda! Esto nos pasa en la clase, en los pasillos, en casa\u2026 provocando un derroche innecesario de energ\u00eda y de dinero.&nbsp; Los alumnos de Educaci\u00f3n Infantil han hablado sobre la necesidad de ahorrar energ\u00eda el\u00e9ctrica y se [&hellip;]\" \/>\n<meta property=\"og:url\" content=\"https:\/\/blogs.granada.escolapiosemaus.org\/agenda21\/2013\/04\/12\/apaga-la-luz\/\" \/>\n<meta property=\"og:site_name\" content=\"Blog de AGENDA 21 en ESCOLAPIOS Granada\" \/>\n<meta property=\"article:published_time\" content=\"2013-04-12T19:19:00+00:00\" \/>\n<meta property=\"article:modified_time\" content=\"2014-03-25T12:48:47+00:00\" \/>\n<meta property=\"og:image\" content=\"https:\/\/blogs.granada.escolapiosemaus.org\/agenda21\/wp-content\/uploads\/sites\/12\/2013\/04\/DSC04501_thumb-25255B5-25255D.jpg\" \/>\n\t<meta property=\"og:image:width\" content=\"413\" \/>\n\t<meta property=\"og:image:height\" content=\"565\" \/>\n\t<meta property=\"og:image:type\" content=\"image\/jpeg\" \/>\n<meta name=\"author\" content=\"saragleiznyte\" \/>\n<meta name=\"twitter:card\" content=\"summary_large_image\" \/>\n<meta name=\"twitter:label1\" content=\"Escrito por\" \/>\n\t<meta name=\"twitter:data1\" content=\"saragleiznyte\" \/>\n\t<meta name=\"twitter:label2\" content=\"Tiempo de lectura\" \/>\n\t<meta name=\"twitter:data2\" content=\"1 minuto\" \/>\n<script type=\"application\/ld+json\" class=\"yoast-schema-graph\">{\"@context\":\"https:\/\/schema.org\",\"@graph\":[{\"@type\":\"Article\",\"@id\":\"https:\/\/blogs.granada.escolapiosemaus.org\/agenda21\/2013\/04\/12\/apaga-la-luz\/#article\",\"isPartOf\":{\"@id\":\"https:\/\/blogs.granada.escolapiosemaus.org\/agenda21\/2013\/04\/12\/apaga-la-luz\/\"},\"author\":{\"name\":\"saragleiznyte\",\"@id\":\"https:\/\/blogs.granada.escolapiosemaus.org\/agenda21\/#\/schema\/person\/786927974728488182d1edd465acd5dc\"},\"headline\":\"APAGA LA LUZ\",\"datePublished\":\"2013-04-12T19:19:00+00:00\",\"dateModified\":\"2014-03-25T12:48:47+00:00\",\"mainEntityOfPage\":{\"@id\":\"https:\/\/blogs.granada.escolapiosemaus.org\/agenda21\/2013\/04\/12\/apaga-la-luz\/\"},\"wordCount\":146,\"commentCount\":0,\"image\":{\"@id\":\"https:\/\/blogs.granada.escolapiosemaus.org\/agenda21\/2013\/04\/12\/apaga-la-luz\/#primaryimage\"},\"thumbnailUrl\":\"https:\/\/blogs.granada.escolapiosemaus.org\/agenda21\/wp-content\/uploads\/sites\/12\/2013\/04\/DSC04501_thumb-25255B5-25255D.jpg\",\"articleSection\":[\"Actividades\",\"REducir\",\"S\u00daMATE\"],\"inLanguage\":\"es\",\"potentialAction\":[{\"@type\":\"CommentAction\",\"name\":\"Comment\",\"target\":[\"https:\/\/blogs.granada.escolapiosemaus.org\/agenda21\/2013\/04\/12\/apaga-la-luz\/#respond\"]}]},{\"@type\":\"WebPage\",\"@id\":\"https:\/\/blogs.granada.escolapiosemaus.org\/agenda21\/2013\/04\/12\/apaga-la-luz\/\",\"url\":\"https:\/\/blogs.granada.escolapiosemaus.org\/agenda21\/2013\/04\/12\/apaga-la-luz\/\",\"name\":\"APAGA LA LUZ - Blog de AGENDA 21 en ESCOLAPIOS Granada\",\"isPartOf\":{\"@id\":\"https:\/\/blogs.granada.escolapiosemaus.org\/agenda21\/#website\"},\"primaryImageOfPage\":{\"@id\":\"https:\/\/blogs.granada.escolapiosemaus.org\/agenda21\/2013\/04\/12\/apaga-la-luz\/#primaryimage\"},\"image\":{\"@id\":\"https:\/\/blogs.granada.escolapiosemaus.org\/agenda21\/2013\/04\/12\/apaga-la-luz\/#primaryimage\"},\"thumbnailUrl\":\"https:\/\/blogs.granada.escolapiosemaus.org\/agenda21\/wp-content\/uploads\/sites\/12\/2013\/04\/DSC04501_thumb-25255B5-25255D.jpg\",\"datePublished\":\"2013-04-12T19:19:00+00:00\",\"dateModified\":\"2014-03-25T12:48:47+00:00\",\"author\":{\"@id\":\"https:\/\/blogs.granada.escolapiosemaus.org\/agenda21\/#\/schema\/person\/786927974728488182d1edd465acd5dc\"},\"breadcrumb\":{\"@id\":\"https:\/\/blogs.granada.escolapiosemaus.org\/agenda21\/2013\/04\/12\/apaga-la-luz\/#breadcrumb\"},\"inLanguage\":\"es\",\"potentialAction\":[{\"@type\":\"ReadAction\",\"target\":[\"https:\/\/blogs.granada.escolapiosemaus.org\/agenda21\/2013\/04\/12\/apaga-la-luz\/\"]}]},{\"@type\":\"ImageObject\",\"inLanguage\":\"es\",\"@id\":\"https:\/\/blogs.granada.escolapiosemaus.org\/agenda21\/2013\/04\/12\/apaga-la-luz\/#primaryimage\",\"url\":\"https:\/\/blogs.granada.escolapiosemaus.org\/agenda21\/wp-content\/uploads\/sites\/12\/2013\/04\/DSC04501_thumb-25255B5-25255D.jpg\",\"contentUrl\":\"https:\/\/blogs.granada.escolapiosemaus.org\/agenda21\/wp-content\/uploads\/sites\/12\/2013\/04\/DSC04501_thumb-25255B5-25255D.jpg\",\"width\":413,\"height\":565},{\"@type\":\"BreadcrumbList\",\"@id\":\"https:\/\/blogs.granada.escolapiosemaus.org\/agenda21\/2013\/04\/12\/apaga-la-luz\/#breadcrumb\",\"itemListElement\":[{\"@type\":\"ListItem\",\"position\":1,\"name\":\"Portada\",\"item\":\"https:\/\/blogs.granada.escolapiosemaus.org\/agenda21\/\"},{\"@type\":\"ListItem\",\"position\":2,\"name\":\"APAGA LA LUZ\"}]},{\"@type\":\"WebSite\",\"@id\":\"https:\/\/blogs.granada.escolapiosemaus.org\/agenda21\/#website\",\"url\":\"https:\/\/blogs.granada.escolapiosemaus.org\/agenda21\/\",\"name\":\"Blog de AGENDA 21 en ESCOLAPIOS Granada\",\"description\":\"\",\"potentialAction\":[{\"@type\":\"SearchAction\",\"target\":{\"@type\":\"EntryPoint\",\"urlTemplate\":\"https:\/\/blogs.granada.escolapiosemaus.org\/agenda21\/?s={search_term_string}\"},\"query-input\":{\"@type\":\"PropertyValueSpecification\",\"valueRequired\":true,\"valueName\":\"search_term_string\"}}],\"inLanguage\":\"es\"},{\"@type\":\"Person\",\"@id\":\"https:\/\/blogs.granada.escolapiosemaus.org\/agenda21\/#\/schema\/person\/786927974728488182d1edd465acd5dc\",\"name\":\"saragleiznyte\",\"image\":{\"@type\":\"ImageObject\",\"inLanguage\":\"es\",\"@id\":\"https:\/\/blogs.granada.escolapiosemaus.org\/agenda21\/#\/schema\/person\/image\/\",\"url\":\"https:\/\/secure.gravatar.com\/avatar\/f12bc98278f0c287f3d13e7634560588?s=96&d=mm&r=g\",\"contentUrl\":\"https:\/\/secure.gravatar.com\/avatar\/f12bc98278f0c287f3d13e7634560588?s=96&d=mm&r=g\",\"caption\":\"saragleiznyte\"},\"sameAs\":[\"https:\/\/blogs.granada.escolapiosemaus.org\"],\"url\":\"https:\/\/blogs.granada.escolapiosemaus.org\/agenda21\/author\/saragleiznyte\/\"}]}<\/script>\n<!-- \/ Yoast SEO plugin. -->","yoast_head_json":{"title":"APAGA LA LUZ - Blog de AGENDA 21 en ESCOLAPIOS Granada","robots":{"index":"index","follow":"follow","max-snippet":"max-snippet:-1","max-image-preview":"max-image-preview:large","max-video-preview":"max-video-preview:-1"},"canonical":"https:\/\/blogs.granada.escolapiosemaus.org\/agenda21\/2013\/04\/12\/apaga-la-luz\/","og_locale":"es_ES","og_type":"article","og_title":"APAGA LA LUZ - Blog de AGENDA 21 en ESCOLAPIOS Granada","og_description":"Muchas veces encendemos la luz por la ma\u00f1ana temprano y, sin darnos cuenta, la dejamos encendida \u00a1todo el d\u00eda! Esto nos pasa en la clase, en los pasillos, en casa\u2026 provocando un derroche innecesario de energ\u00eda y de dinero.&nbsp; Los alumnos de Educaci\u00f3n Infantil han hablado sobre la necesidad de ahorrar energ\u00eda el\u00e9ctrica y se [&hellip;]","og_url":"https:\/\/blogs.granada.escolapiosemaus.org\/agenda21\/2013\/04\/12\/apaga-la-luz\/","og_site_name":"Blog de AGENDA 21 en ESCOLAPIOS Granada","article_published_time":"2013-04-12T19:19:00+00:00","article_modified_time":"2014-03-25T12:48:47+00:00","og_image":[{"width":413,"height":565,"url":"https:\/\/blogs.granada.escolapiosemaus.org\/agenda21\/wp-content\/uploads\/sites\/12\/2013\/04\/DSC04501_thumb-25255B5-25255D.jpg","type":"image\/jpeg"}],"author":"saragleiznyte","twitter_card":"summary_large_image","twitter_misc":{"Escrito por":"saragleiznyte","Tiempo de lectura":"1 minuto"},"schema":{"@context":"https:\/\/schema.org","@graph":[{"@type":"Article","@id":"https:\/\/blogs.granada.escolapiosemaus.org\/agenda21\/2013\/04\/12\/apaga-la-luz\/#article","isPartOf":{"@id":"https:\/\/blogs.granada.escolapiosemaus.org\/agenda21\/2013\/04\/12\/apaga-la-luz\/"},"author":{"name":"saragleiznyte","@id":"https:\/\/blogs.granada.escolapiosemaus.org\/agenda21\/#\/schema\/person\/786927974728488182d1edd465acd5dc"},"headline":"APAGA LA LUZ","datePublished":"2013-04-12T19:19:00+00:00","dateModified":"2014-03-25T12:48:47+00:00","mainEntityOfPage":{"@id":"https:\/\/blogs.granada.escolapiosemaus.org\/agenda21\/2013\/04\/12\/apaga-la-luz\/"},"wordCount":146,"commentCount":0,"image":{"@id":"https:\/\/blogs.granada.escolapiosemaus.org\/agenda21\/2013\/04\/12\/apaga-la-luz\/#primaryimage"},"thumbnailUrl":"https:\/\/blogs.granada.escolapiosemaus.org\/agenda21\/wp-content\/uploads\/sites\/12\/2013\/04\/DSC04501_thumb-25255B5-25255D.jpg","articleSection":["Actividades","REducir","S\u00daMATE"],"inLanguage":"es","potentialAction":[{"@type":"CommentAction","name":"Comment","target":["https:\/\/blogs.granada.escolapiosemaus.org\/agenda21\/2013\/04\/12\/apaga-la-luz\/#respond"]}]},{"@type":"WebPage","@id":"https:\/\/blogs.granada.escolapiosemaus.org\/agenda21\/2013\/04\/12\/apaga-la-luz\/","url":"https:\/\/blogs.granada.escolapiosemaus.org\/agenda21\/2013\/04\/12\/apaga-la-luz\/","name":"APAGA LA LUZ - Blog de AGENDA 21 en ESCOLAPIOS Granada","isPartOf":{"@id":"https:\/\/blogs.granada.escolapiosemaus.org\/agenda21\/#website"},"primaryImageOfPage":{"@id":"https:\/\/blogs.granada.escolapiosemaus.org\/agenda21\/2013\/04\/12\/apaga-la-luz\/#primaryimage"},"image":{"@id":"https:\/\/blogs.granada.escolapiosemaus.org\/agenda21\/2013\/04\/12\/apaga-la-luz\/#primaryimage"},"thumbnailUrl":"https:\/\/blogs.granada.escolapiosemaus.org\/agenda21\/wp-content\/uploads\/sites\/12\/2013\/04\/DSC04501_thumb-25255B5-25255D.jpg","datePublished":"2013-04-12T19:19:00+00:00","dateModified":"2014-03-25T12:48:47+00:00","author":{"@id":"https:\/\/blogs.granada.escolapiosemaus.org\/agenda21\/#\/schema\/person\/786927974728488182d1edd465acd5dc"},"breadcrumb":{"@id":"https:\/\/blogs.granada.escolapiosemaus.org\/agenda21\/2013\/04\/12\/apaga-la-luz\/#breadcrumb"},"inLanguage":"es","potentialAction":[{"@type":"ReadAction","target":["https:\/\/blogs.granada.escolapiosemaus.org\/agenda21\/2013\/04\/12\/apaga-la-luz\/"]}]},{"@type":"ImageObject","inLanguage":"es","@id":"https:\/\/blogs.granada.escolapiosemaus.org\/agenda21\/2013\/04\/12\/apaga-la-luz\/#primaryimage","url":"https:\/\/blogs.granada.escolapiosemaus.org\/agenda21\/wp-content\/uploads\/sites\/12\/2013\/04\/DSC04501_thumb-25255B5-25255D.jpg","contentUrl":"https:\/\/blogs.granada.escolapiosemaus.org\/agenda21\/wp-content\/uploads\/sites\/12\/2013\/04\/DSC04501_thumb-25255B5-25255D.jpg","width":413,"height":565},{"@type":"BreadcrumbList","@id":"https:\/\/blogs.granada.escolapiosemaus.org\/agenda21\/2013\/04\/12\/apaga-la-luz\/#breadcrumb","itemListElement":[{"@type":"ListItem","position":1,"name":"Portada","item":"https:\/\/blogs.granada.escolapiosemaus.org\/agenda21\/"},{"@type":"ListItem","position":2,"name":"APAGA LA LUZ"}]},{"@type":"WebSite","@id":"https:\/\/blogs.granada.escolapiosemaus.org\/agenda21\/#website","url":"https:\/\/blogs.granada.escolapiosemaus.org\/agenda21\/","name":"Blog de AGENDA 21 en ESCOLAPIOS Granada","description":"","potentialAction":[{"@type":"SearchAction","target":{"@type":"EntryPoint","urlTemplate":"https:\/\/blogs.granada.escolapiosemaus.org\/agenda21\/?s={search_term_string}"},"query-input":{"@type":"PropertyValueSpecification","valueRequired":true,"valueName":"search_term_string"}}],"inLanguage":"es"},{"@type":"Person","@id":"https:\/\/blogs.granada.escolapiosemaus.org\/agenda21\/#\/schema\/person\/786927974728488182d1edd465acd5dc","name":"saragleiznyte","image":{"@type":"ImageObject","inLanguage":"es","@id":"https:\/\/blogs.granada.escolapiosemaus.org\/agenda21\/#\/schema\/person\/image\/","url":"https:\/\/secure.gravatar.com\/avatar\/f12bc98278f0c287f3d13e7634560588?s=96&d=mm&r=g","contentUrl":"https:\/\/secure.gravatar.com\/avatar\/f12bc98278f0c287f3d13e7634560588?s=96&d=mm&r=g","caption":"saragleiznyte"},"sameAs":["https:\/\/blogs.granada.escolapiosemaus.org"],"url":"https:\/\/blogs.granada.escolapiosemaus.org\/agenda21\/author\/saragleiznyte\/"}]}},"jetpack_featured_media_url":"https:\/\/blogs.granada.escolapiosemaus.org\/agenda21\/wp-content\/uploads\/sites\/12\/2013\/04\/DSC04501_thumb-25255B5-25255D.jpg","jetpack_sharing_enabled":true,"jetpack_shortlink":"https:\/\/wp.me\/p4tLm4-o","_links":{"self":[{"href":"https:\/\/blogs.granada.escolapiosemaus.org\/agenda21\/wp-json\/wp\/v2\/posts\/24","targetHints":{"allow":["GET"]}}],"collection":[{"href":"https:\/\/blogs.granada.escolapiosemaus.org\/agenda21\/wp-json\/wp\/v2\/posts"}],"about":[{"href":"https:\/\/blogs.granada.escolapiosemaus.org\/agenda21\/wp-json\/wp\/v2\/types\/post"}],"author":[{"embeddable":true,"href":"https:\/\/blogs.granada.escolapiosemaus.org\/agenda21\/wp-json\/wp\/v2\/users\/14"}],"replies":[{"embeddable":true,"href":"https:\/\/blogs.granada.escolapiosemaus.org\/agenda21\/wp-json\/wp\/v2\/comments?post=24"}],"version-history":[{"count":0,"href":"https:\/\/blogs.granada.escolapiosemaus.org\/agenda21\/wp-json\/wp\/v2\/posts\/24\/revisions"}],"wp:featuredmedia":[{"embeddable":true,"href":"https:\/\/blogs.granada.escolapiosemaus.org\/agenda21\/wp-json\/wp\/v2\/media\/54"}],"wp:attachment":[{"href":"https:\/\/blogs.granada.escolapiosemaus.org\/agenda21\/wp-json\/wp\/v2\/media?parent=24"}],"wp:term":[{"taxonomy":"category","embeddable":true,"href":"https:\/\/blogs.granada.escolapiosemaus.org\/agenda21\/wp-json\/wp\/v2\/categories?post=24"},{"taxonomy":"post_tag","embeddable":true,"href":"https:\/\/blogs.granada.escolapiosemaus.org\/agenda21\/wp-json\/wp\/v2\/tags?post=24"}],"curies":[{"name":"wp","href":"https:\/\/api.w.org\/{rel}","templated":true}]}}