{"id":136,"date":"2015-04-22T14:39:00","date_gmt":"2015-04-22T14:39:00","guid":{"rendered":"http:\/\/blogs.granada.escolapiosemaus.org\/agenda21\/?p=136"},"modified":"2015-04-23T14:39:26","modified_gmt":"2015-04-23T14:39:26","slug":"la-vida-de-una-botella-de-plstico","status":"publish","type":"post","link":"https:\/\/blogs.granada.escolapiosemaus.org\/agenda21\/2015\/04\/22\/la-vida-de-una-botella-de-plstico\/","title":{"rendered":"La vida de una botella de pl&aacute;stico"},"content":{"rendered":"<p>\u00a1Feliz D\u00eda de la Tierra!<\/p>\n<p>Con este motivos colgamos el siguiente v\u00eddeo que nos muestra las 3 posibles \u201cvidas\u201d que puede tener una botella de pl\u00e1stico. Por ahora est\u00e1 en ingl\u00e9s pero es muy gr\u00e1fico y se entiende perfectamente la idea.<\/p>\n<p><a href=\"https:\/\/www.youtube.com\/watch?v=_6xlNyWPpB8\" target=\"_blank\"><img loading=\"lazy\" decoding=\"async\" title=\"New Picture (14)\" style=\"border-top: 0px;border-right: 0px;border-bottom: 0px;float: none;padding-top: 0px;padding-left: 0px;margin-left: auto;border-left: 0px;padding-right: 0px;margin-right: auto\" border=\"0\" alt=\"New Picture (14)\" src=\"https:\/\/blogs.granada.escolapiosemaus.org\/agenda21\/wp-content\/uploads\/sites\/12\/2015\/04\/New-Picture-14.png\" width=\"487\" height=\"313\" \/><\/a><\/p>\n<p> No olvides de separar para reciclar! La Tierra te lo agradecer\u00e1.<\/p>\n","protected":false},"excerpt":{"rendered":"<p>\u00a1Feliz D\u00eda de la Tierra! Con este motivos colgamos el siguiente v\u00eddeo que nos muestra las 3 posibles \u201cvidas\u201d que puede tener una botella de pl\u00e1stico. Por ahora est\u00e1 en ingl\u00e9s pero es muy gr\u00e1fico y se entiende perfectamente la idea. No olvides de separar para reciclar! La Tierra te lo agradecer\u00e1.<\/p>\n","protected":false},"author":14,"featured_media":0,"comment_status":"open","ping_status":"closed","sticky":false,"template":"","format":"standard","meta":{"_monsterinsights_skip_tracking":false,"_monsterinsights_sitenote_active":false,"_monsterinsights_sitenote_note":"","_monsterinsights_sitenote_category":0,"jetpack_post_was_ever_published":false,"footnotes":""},"categories":[25,4,8,2,3],"tags":[],"class_list":["post-136","post","type-post","status-publish","format-standard","hentry","category-contaminacion","category-reciclar","category-reutilizar","category-sumate","category-tierra"],"yoast_head":"<!-- This site is optimized with the Yoast SEO plugin v26.8 - https:\/\/yoast.com\/product\/yoast-seo-wordpress\/ -->\n<title>La vida de una botella de pl&aacute;stico - Blog de AGENDA 21 en ESCOLAPIOS Granada<\/title>\n<meta name=\"robots\" content=\"index, follow, max-snippet:-1, max-image-preview:large, max-video-preview:-1\" \/>\n<link rel=\"canonical\" href=\"https:\/\/blogs.granada.escolapiosemaus.org\/agenda21\/2015\/04\/22\/la-vida-de-una-botella-de-plstico\/\" \/>\n<meta property=\"og:locale\" content=\"es_ES\" \/>\n<meta property=\"og:type\" content=\"article\" \/>\n<meta property=\"og:title\" content=\"La vida de una botella de pl&aacute;stico - Blog de AGENDA 21 en ESCOLAPIOS Granada\" \/>\n<meta property=\"og:description\" content=\"\u00a1Feliz D\u00eda de la Tierra! Con este motivos colgamos el siguiente v\u00eddeo que nos muestra las 3 posibles \u201cvidas\u201d que puede tener una botella de pl\u00e1stico. Por ahora est\u00e1 en ingl\u00e9s pero es muy gr\u00e1fico y se entiende perfectamente la idea. No olvides de separar para reciclar! La Tierra te lo agradecer\u00e1.\" \/>\n<meta property=\"og:url\" content=\"https:\/\/blogs.granada.escolapiosemaus.org\/agenda21\/2015\/04\/22\/la-vida-de-una-botella-de-plstico\/\" \/>\n<meta property=\"og:site_name\" content=\"Blog de AGENDA 21 en ESCOLAPIOS Granada\" \/>\n<meta property=\"article:published_time\" content=\"2015-04-22T14:39:00+00:00\" \/>\n<meta property=\"article:modified_time\" content=\"2015-04-23T14:39:26+00:00\" \/>\n<meta property=\"og:image\" content=\"https:\/\/blogs.granada.escolapiosemaus.org\/agenda21\/wp-content\/uploads\/sites\/12\/2015\/04\/New-Picture-14.png\" \/>\n<meta name=\"author\" content=\"saragleiznyte\" \/>\n<meta name=\"twitter:card\" content=\"summary_large_image\" \/>\n<meta name=\"twitter:label1\" content=\"Escrito por\" \/>\n\t<meta name=\"twitter:data1\" content=\"saragleiznyte\" \/>\n<script type=\"application\/ld+json\" class=\"yoast-schema-graph\">{\"@context\":\"https:\/\/schema.org\",\"@graph\":[{\"@type\":\"Article\",\"@id\":\"https:\/\/blogs.granada.escolapiosemaus.org\/agenda21\/2015\/04\/22\/la-vida-de-una-botella-de-plstico\/#article\",\"isPartOf\":{\"@id\":\"https:\/\/blogs.granada.escolapiosemaus.org\/agenda21\/2015\/04\/22\/la-vida-de-una-botella-de-plstico\/\"},\"author\":{\"name\":\"saragleiznyte\",\"@id\":\"https:\/\/blogs.granada.escolapiosemaus.org\/agenda21\/#\/schema\/person\/786927974728488182d1edd465acd5dc\"},\"headline\":\"La vida de una botella de pl&aacute;stico\",\"datePublished\":\"2015-04-22T14:39:00+00:00\",\"dateModified\":\"2015-04-23T14:39:26+00:00\",\"mainEntityOfPage\":{\"@id\":\"https:\/\/blogs.granada.escolapiosemaus.org\/agenda21\/2015\/04\/22\/la-vida-de-una-botella-de-plstico\/\"},\"wordCount\":65,\"commentCount\":0,\"image\":{\"@id\":\"https:\/\/blogs.granada.escolapiosemaus.org\/agenda21\/2015\/04\/22\/la-vida-de-una-botella-de-plstico\/#primaryimage\"},\"thumbnailUrl\":\"https:\/\/blogs.granada.escolapiosemaus.org\/agenda21\/wp-content\/uploads\/sites\/12\/2015\/04\/New-Picture-14.png\",\"articleSection\":[\"Contaminaci\u00f3n\",\"REciclar\",\"REutilizar\",\"S\u00daMATE\",\"Tierra\"],\"inLanguage\":\"es\",\"potentialAction\":[{\"@type\":\"CommentAction\",\"name\":\"Comment\",\"target\":[\"https:\/\/blogs.granada.escolapiosemaus.org\/agenda21\/2015\/04\/22\/la-vida-de-una-botella-de-plstico\/#respond\"]}]},{\"@type\":\"WebPage\",\"@id\":\"https:\/\/blogs.granada.escolapiosemaus.org\/agenda21\/2015\/04\/22\/la-vida-de-una-botella-de-plstico\/\",\"url\":\"https:\/\/blogs.granada.escolapiosemaus.org\/agenda21\/2015\/04\/22\/la-vida-de-una-botella-de-plstico\/\",\"name\":\"La vida de una botella de pl&aacute;stico - Blog de AGENDA 21 en ESCOLAPIOS Granada\",\"isPartOf\":{\"@id\":\"https:\/\/blogs.granada.escolapiosemaus.org\/agenda21\/#website\"},\"primaryImageOfPage\":{\"@id\":\"https:\/\/blogs.granada.escolapiosemaus.org\/agenda21\/2015\/04\/22\/la-vida-de-una-botella-de-plstico\/#primaryimage\"},\"image\":{\"@id\":\"https:\/\/blogs.granada.escolapiosemaus.org\/agenda21\/2015\/04\/22\/la-vida-de-una-botella-de-plstico\/#primaryimage\"},\"thumbnailUrl\":\"https:\/\/blogs.granada.escolapiosemaus.org\/agenda21\/wp-content\/uploads\/sites\/12\/2015\/04\/New-Picture-14.png\",\"datePublished\":\"2015-04-22T14:39:00+00:00\",\"dateModified\":\"2015-04-23T14:39:26+00:00\",\"author\":{\"@id\":\"https:\/\/blogs.granada.escolapiosemaus.org\/agenda21\/#\/schema\/person\/786927974728488182d1edd465acd5dc\"},\"breadcrumb\":{\"@id\":\"https:\/\/blogs.granada.escolapiosemaus.org\/agenda21\/2015\/04\/22\/la-vida-de-una-botella-de-plstico\/#breadcrumb\"},\"inLanguage\":\"es\",\"potentialAction\":[{\"@type\":\"ReadAction\",\"target\":[\"https:\/\/blogs.granada.escolapiosemaus.org\/agenda21\/2015\/04\/22\/la-vida-de-una-botella-de-plstico\/\"]}]},{\"@type\":\"ImageObject\",\"inLanguage\":\"es\",\"@id\":\"https:\/\/blogs.granada.escolapiosemaus.org\/agenda21\/2015\/04\/22\/la-vida-de-una-botella-de-plstico\/#primaryimage\",\"url\":\"https:\/\/blogs.granada.escolapiosemaus.org\/agenda21\/wp-content\/uploads\/sites\/12\/2015\/04\/New-Picture-14.png\",\"contentUrl\":\"https:\/\/blogs.granada.escolapiosemaus.org\/agenda21\/wp-content\/uploads\/sites\/12\/2015\/04\/New-Picture-14.png\",\"width\":487,\"height\":313},{\"@type\":\"BreadcrumbList\",\"@id\":\"https:\/\/blogs.granada.escolapiosemaus.org\/agenda21\/2015\/04\/22\/la-vida-de-una-botella-de-plstico\/#breadcrumb\",\"itemListElement\":[{\"@type\":\"ListItem\",\"position\":1,\"name\":\"Portada\",\"item\":\"https:\/\/blogs.granada.escolapiosemaus.org\/agenda21\/\"},{\"@type\":\"ListItem\",\"position\":2,\"name\":\"La vida de una botella de pl&aacute;stico\"}]},{\"@type\":\"WebSite\",\"@id\":\"https:\/\/blogs.granada.escolapiosemaus.org\/agenda21\/#website\",\"url\":\"https:\/\/blogs.granada.escolapiosemaus.org\/agenda21\/\",\"name\":\"Blog de AGENDA 21 en ESCOLAPIOS Granada\",\"description\":\"\",\"potentialAction\":[{\"@type\":\"SearchAction\",\"target\":{\"@type\":\"EntryPoint\",\"urlTemplate\":\"https:\/\/blogs.granada.escolapiosemaus.org\/agenda21\/?s={search_term_string}\"},\"query-input\":{\"@type\":\"PropertyValueSpecification\",\"valueRequired\":true,\"valueName\":\"search_term_string\"}}],\"inLanguage\":\"es\"},{\"@type\":\"Person\",\"@id\":\"https:\/\/blogs.granada.escolapiosemaus.org\/agenda21\/#\/schema\/person\/786927974728488182d1edd465acd5dc\",\"name\":\"saragleiznyte\",\"image\":{\"@type\":\"ImageObject\",\"inLanguage\":\"es\",\"@id\":\"https:\/\/blogs.granada.escolapiosemaus.org\/agenda21\/#\/schema\/person\/image\/\",\"url\":\"https:\/\/secure.gravatar.com\/avatar\/f12bc98278f0c287f3d13e7634560588?s=96&d=mm&r=g\",\"contentUrl\":\"https:\/\/secure.gravatar.com\/avatar\/f12bc98278f0c287f3d13e7634560588?s=96&d=mm&r=g\",\"caption\":\"saragleiznyte\"},\"sameAs\":[\"https:\/\/blogs.granada.escolapiosemaus.org\"],\"url\":\"https:\/\/blogs.granada.escolapiosemaus.org\/agenda21\/author\/saragleiznyte\/\"}]}<\/script>\n<!-- \/ Yoast SEO plugin. -->","yoast_head_json":{"title":"La vida de una botella de pl&aacute;stico - Blog de AGENDA 21 en ESCOLAPIOS Granada","robots":{"index":"index","follow":"follow","max-snippet":"max-snippet:-1","max-image-preview":"max-image-preview:large","max-video-preview":"max-video-preview:-1"},"canonical":"https:\/\/blogs.granada.escolapiosemaus.org\/agenda21\/2015\/04\/22\/la-vida-de-una-botella-de-plstico\/","og_locale":"es_ES","og_type":"article","og_title":"La vida de una botella de pl&aacute;stico - Blog de AGENDA 21 en ESCOLAPIOS Granada","og_description":"\u00a1Feliz D\u00eda de la Tierra! Con este motivos colgamos el siguiente v\u00eddeo que nos muestra las 3 posibles \u201cvidas\u201d que puede tener una botella de pl\u00e1stico. Por ahora est\u00e1 en ingl\u00e9s pero es muy gr\u00e1fico y se entiende perfectamente la idea. No olvides de separar para reciclar! La Tierra te lo agradecer\u00e1.","og_url":"https:\/\/blogs.granada.escolapiosemaus.org\/agenda21\/2015\/04\/22\/la-vida-de-una-botella-de-plstico\/","og_site_name":"Blog de AGENDA 21 en ESCOLAPIOS Granada","article_published_time":"2015-04-22T14:39:00+00:00","article_modified_time":"2015-04-23T14:39:26+00:00","og_image":[{"url":"https:\/\/blogs.granada.escolapiosemaus.org\/agenda21\/wp-content\/uploads\/sites\/12\/2015\/04\/New-Picture-14.png","type":"","width":"","height":""}],"author":"saragleiznyte","twitter_card":"summary_large_image","twitter_misc":{"Escrito por":"saragleiznyte"},"schema":{"@context":"https:\/\/schema.org","@graph":[{"@type":"Article","@id":"https:\/\/blogs.granada.escolapiosemaus.org\/agenda21\/2015\/04\/22\/la-vida-de-una-botella-de-plstico\/#article","isPartOf":{"@id":"https:\/\/blogs.granada.escolapiosemaus.org\/agenda21\/2015\/04\/22\/la-vida-de-una-botella-de-plstico\/"},"author":{"name":"saragleiznyte","@id":"https:\/\/blogs.granada.escolapiosemaus.org\/agenda21\/#\/schema\/person\/786927974728488182d1edd465acd5dc"},"headline":"La vida de una botella de pl&aacute;stico","datePublished":"2015-04-22T14:39:00+00:00","dateModified":"2015-04-23T14:39:26+00:00","mainEntityOfPage":{"@id":"https:\/\/blogs.granada.escolapiosemaus.org\/agenda21\/2015\/04\/22\/la-vida-de-una-botella-de-plstico\/"},"wordCount":65,"commentCount":0,"image":{"@id":"https:\/\/blogs.granada.escolapiosemaus.org\/agenda21\/2015\/04\/22\/la-vida-de-una-botella-de-plstico\/#primaryimage"},"thumbnailUrl":"https:\/\/blogs.granada.escolapiosemaus.org\/agenda21\/wp-content\/uploads\/sites\/12\/2015\/04\/New-Picture-14.png","articleSection":["Contaminaci\u00f3n","REciclar","REutilizar","S\u00daMATE","Tierra"],"inLanguage":"es","potentialAction":[{"@type":"CommentAction","name":"Comment","target":["https:\/\/blogs.granada.escolapiosemaus.org\/agenda21\/2015\/04\/22\/la-vida-de-una-botella-de-plstico\/#respond"]}]},{"@type":"WebPage","@id":"https:\/\/blogs.granada.escolapiosemaus.org\/agenda21\/2015\/04\/22\/la-vida-de-una-botella-de-plstico\/","url":"https:\/\/blogs.granada.escolapiosemaus.org\/agenda21\/2015\/04\/22\/la-vida-de-una-botella-de-plstico\/","name":"La vida de una botella de pl&aacute;stico - Blog de AGENDA 21 en ESCOLAPIOS Granada","isPartOf":{"@id":"https:\/\/blogs.granada.escolapiosemaus.org\/agenda21\/#website"},"primaryImageOfPage":{"@id":"https:\/\/blogs.granada.escolapiosemaus.org\/agenda21\/2015\/04\/22\/la-vida-de-una-botella-de-plstico\/#primaryimage"},"image":{"@id":"https:\/\/blogs.granada.escolapiosemaus.org\/agenda21\/2015\/04\/22\/la-vida-de-una-botella-de-plstico\/#primaryimage"},"thumbnailUrl":"https:\/\/blogs.granada.escolapiosemaus.org\/agenda21\/wp-content\/uploads\/sites\/12\/2015\/04\/New-Picture-14.png","datePublished":"2015-04-22T14:39:00+00:00","dateModified":"2015-04-23T14:39:26+00:00","author":{"@id":"https:\/\/blogs.granada.escolapiosemaus.org\/agenda21\/#\/schema\/person\/786927974728488182d1edd465acd5dc"},"breadcrumb":{"@id":"https:\/\/blogs.granada.escolapiosemaus.org\/agenda21\/2015\/04\/22\/la-vida-de-una-botella-de-plstico\/#breadcrumb"},"inLanguage":"es","potentialAction":[{"@type":"ReadAction","target":["https:\/\/blogs.granada.escolapiosemaus.org\/agenda21\/2015\/04\/22\/la-vida-de-una-botella-de-plstico\/"]}]},{"@type":"ImageObject","inLanguage":"es","@id":"https:\/\/blogs.granada.escolapiosemaus.org\/agenda21\/2015\/04\/22\/la-vida-de-una-botella-de-plstico\/#primaryimage","url":"https:\/\/blogs.granada.escolapiosemaus.org\/agenda21\/wp-content\/uploads\/sites\/12\/2015\/04\/New-Picture-14.png","contentUrl":"https:\/\/blogs.granada.escolapiosemaus.org\/agenda21\/wp-content\/uploads\/sites\/12\/2015\/04\/New-Picture-14.png","width":487,"height":313},{"@type":"BreadcrumbList","@id":"https:\/\/blogs.granada.escolapiosemaus.org\/agenda21\/2015\/04\/22\/la-vida-de-una-botella-de-plstico\/#breadcrumb","itemListElement":[{"@type":"ListItem","position":1,"name":"Portada","item":"https:\/\/blogs.granada.escolapiosemaus.org\/agenda21\/"},{"@type":"ListItem","position":2,"name":"La vida de una botella de pl&aacute;stico"}]},{"@type":"WebSite","@id":"https:\/\/blogs.granada.escolapiosemaus.org\/agenda21\/#website","url":"https:\/\/blogs.granada.escolapiosemaus.org\/agenda21\/","name":"Blog de AGENDA 21 en ESCOLAPIOS Granada","description":"","potentialAction":[{"@type":"SearchAction","target":{"@type":"EntryPoint","urlTemplate":"https:\/\/blogs.granada.escolapiosemaus.org\/agenda21\/?s={search_term_string}"},"query-input":{"@type":"PropertyValueSpecification","valueRequired":true,"valueName":"search_term_string"}}],"inLanguage":"es"},{"@type":"Person","@id":"https:\/\/blogs.granada.escolapiosemaus.org\/agenda21\/#\/schema\/person\/786927974728488182d1edd465acd5dc","name":"saragleiznyte","image":{"@type":"ImageObject","inLanguage":"es","@id":"https:\/\/blogs.granada.escolapiosemaus.org\/agenda21\/#\/schema\/person\/image\/","url":"https:\/\/secure.gravatar.com\/avatar\/f12bc98278f0c287f3d13e7634560588?s=96&d=mm&r=g","contentUrl":"https:\/\/secure.gravatar.com\/avatar\/f12bc98278f0c287f3d13e7634560588?s=96&d=mm&r=g","caption":"saragleiznyte"},"sameAs":["https:\/\/blogs.granada.escolapiosemaus.org"],"url":"https:\/\/blogs.granada.escolapiosemaus.org\/agenda21\/author\/saragleiznyte\/"}]}},"jetpack_featured_media_url":"","jetpack_sharing_enabled":true,"jetpack_shortlink":"https:\/\/wp.me\/p4tLm4-2c","_links":{"self":[{"href":"https:\/\/blogs.granada.escolapiosemaus.org\/agenda21\/wp-json\/wp\/v2\/posts\/136","targetHints":{"allow":["GET"]}}],"collection":[{"href":"https:\/\/blogs.granada.escolapiosemaus.org\/agenda21\/wp-json\/wp\/v2\/posts"}],"about":[{"href":"https:\/\/blogs.granada.escolapiosemaus.org\/agenda21\/wp-json\/wp\/v2\/types\/post"}],"author":[{"embeddable":true,"href":"https:\/\/blogs.granada.escolapiosemaus.org\/agenda21\/wp-json\/wp\/v2\/users\/14"}],"replies":[{"embeddable":true,"href":"https:\/\/blogs.granada.escolapiosemaus.org\/agenda21\/wp-json\/wp\/v2\/comments?post=136"}],"version-history":[{"count":3,"href":"https:\/\/blogs.granada.escolapiosemaus.org\/agenda21\/wp-json\/wp\/v2\/posts\/136\/revisions"}],"predecessor-version":[{"id":140,"href":"https:\/\/blogs.granada.escolapiosemaus.org\/agenda21\/wp-json\/wp\/v2\/posts\/136\/revisions\/140"}],"wp:attachment":[{"href":"https:\/\/blogs.granada.escolapiosemaus.org\/agenda21\/wp-json\/wp\/v2\/media?parent=136"}],"wp:term":[{"taxonomy":"category","embeddable":true,"href":"https:\/\/blogs.granada.escolapiosemaus.org\/agenda21\/wp-json\/wp\/v2\/categories?post=136"},{"taxonomy":"post_tag","embeddable":true,"href":"https:\/\/blogs.granada.escolapiosemaus.org\/agenda21\/wp-json\/wp\/v2\/tags?post=136"}],"curies":[{"name":"wp","href":"https:\/\/api.w.org\/{rel}","templated":true}]}}