{"id":133,"date":"2014-11-26T20:58:15","date_gmt":"2014-11-26T20:58:15","guid":{"rendered":"http:\/\/blogs.granada.escolapiosemaus.org\/agenda21\/?p=133"},"modified":"2014-11-26T20:58:15","modified_gmt":"2014-11-26T20:58:15","slug":"da-sin-compras","status":"publish","type":"post","link":"https:\/\/blogs.granada.escolapiosemaus.org\/agenda21\/2014\/11\/26\/da-sin-compras\/","title":{"rendered":"D&iacute;a sin compras"},"content":{"rendered":"<p align=\"justify\"><font color=\"#000000\">El d\u00eda despu\u00e9s de Acci\u00f3n de Gracias es conocido en todo EEUU y Canad\u00e1 por ser <strong>la fiesta del consumismo<\/strong> debido a las grandes rebajas que preceden a la campa\u00f1a navide\u00f1a conocidas como<strong> Black Friday<\/strong>. Ese viernes (<strong>cuarto viernes del mes de noviembre<\/strong>), millones de ciudadanos de Am\u00e9rica del Norte adelantan sus compras navide\u00f1as y se dan alg\u00fan capricho para aprovechar las jugosas rebajas. Ese mismo d\u00eda, el movimiento anticonsumismo celebra su <\/font><a href=\"https:\/\/www.adbusters.org\/campaigns\/bnd\"><strong><font color=\"#000000\"><u>jornada sin compras<\/u><\/font><\/strong><\/a><font color=\"#000000\"><u>.<\/u><\/font><\/p>\n<p align=\"justify\"><img loading=\"lazy\" decoding=\"async\" style=\"float: none;margin-left: auto;margin-right: auto\" src=\"http:\/\/www.concienciaeco.com\/wp-content\/uploads\/2014\/11\/url.jpg\" width=\"396\" height=\"223\" \/><\/p>\n<p align=\"justify\"><font color=\"#000000\">Puede parecer una autentica locura <strong>celebrar el D\u00eda Sin Compras la misma jornada que el Black Friday,<\/strong> pero as\u00ed se logra un <\/font><a href=\"http:\/\/www.concienciaeco.com\/2013\/11\/29\/puedes-estar-un-dia-sin-comprar\/\"><strong><font color=\"#000000\">verdadero reto<\/font><\/strong><\/a><font color=\"#000000\">: no consumir el d\u00eda del a\u00f1o de mayor consumo. En cualquier otra jornada, permanecer sin realizar ninguna compra, puede pasar desapercibido. Pero hacerlo el d\u00eda de mayor consumo es todo un desaf\u00edo.<\/font><\/p>\n<p align=\"justify\"><font color=\"#000000\">Los promotores del <strong>D\u00eda Sin Compras animan a participar en esta jornada para reflexionar si de verdad es necesario ese consumismo<\/strong> que se adue\u00f1a de nosotros a diario y se dispara en estas fechas por la cercan\u00eda de la Navidad. \u00bfDe verdad es necesario celebrarlo todo consumiendo? No es s\u00f3lo el gasto econ\u00f3mico lo que preocupa a los activistas, sino tambi\u00e9n los <strong>problemas que genera este en el \u00e1mbito social y ambiental<\/strong>.<\/font><\/p>\n<p align=\"justify\"><font color=\"#000000\">Los representantes de la comunidad empresarial no ven con buenos ojos esta iniciativa pues <strong>creen que el consumo es lo que impulsa la econom\u00eda<\/strong> y la estrategia del Black Friday para iniciar la campa\u00f1a navide\u00f1a es lo que les salva en un a\u00f1o de perdidas producido por la crisis econ\u00f3mica. Ante esto, los impulsores y activistas del <strong>D\u00eda Sin Compras<\/strong> responden que no buscan acabar con el consumo sino <strong>hacer que la gente lo haga de manera responsable<\/strong> y no se vea presa de unas necesidades materiales inexistentes.<\/font><\/p>\n<p align=\"justify\"><font color=\"#000000\"><strong>En Espa\u00f1a el D\u00eda sin Compras se celebrar\u00e1 el s\u00e1bado, 29 de noviembre.<\/strong><\/font><\/p>\n<p align=\"justify\">&#160;<\/p>\n<p align=\"justify\"><font size=\"2\">Fuente: <\/font><a title=\"http:\/\/www.concienciaeco.com\/2014\/11\/21\/dia-sin-compras-2014\/\" href=\"http:\/\/www.concienciaeco.com\/2014\/11\/21\/dia-sin-compras-2014\/\"><font size=\"2\">http:\/\/www.concienciaeco.com\/2014\/11\/21\/dia-sin-compras-2014\/<\/font><\/a><\/p>\n","protected":false},"excerpt":{"rendered":"<p>El d\u00eda despu\u00e9s de Acci\u00f3n de Gracias es conocido en todo EEUU y Canad\u00e1 por ser la fiesta del consumismo debido a las grandes rebajas que preceden a la campa\u00f1a navide\u00f1a conocidas como Black Friday. Ese viernes (cuarto viernes del mes de noviembre), millones de ciudadanos de Am\u00e9rica del Norte adelantan sus compras navide\u00f1as y [&hellip;]<\/p>\n","protected":false},"author":14,"featured_media":0,"comment_status":"open","ping_status":"closed","sticky":false,"template":"","format":"standard","meta":{"_monsterinsights_skip_tracking":false,"_monsterinsights_sitenote_active":false,"_monsterinsights_sitenote_note":"","_monsterinsights_sitenote_category":0,"jetpack_post_was_ever_published":false,"footnotes":""},"categories":[1],"tags":[],"class_list":["post-133","post","type-post","status-publish","format-standard","hentry","category-sin-categoria"],"yoast_head":"<!-- This site is optimized with the Yoast SEO plugin v26.8 - https:\/\/yoast.com\/product\/yoast-seo-wordpress\/ -->\n<title>D&iacute;a sin compras - Blog de AGENDA 21 en ESCOLAPIOS Granada<\/title>\n<meta name=\"robots\" content=\"index, follow, max-snippet:-1, max-image-preview:large, max-video-preview:-1\" \/>\n<link rel=\"canonical\" href=\"https:\/\/blogs.granada.escolapiosemaus.org\/agenda21\/2014\/11\/26\/da-sin-compras\/\" \/>\n<meta property=\"og:locale\" content=\"es_ES\" \/>\n<meta property=\"og:type\" content=\"article\" \/>\n<meta property=\"og:title\" content=\"D&iacute;a sin compras - Blog de AGENDA 21 en ESCOLAPIOS Granada\" \/>\n<meta property=\"og:description\" content=\"El d\u00eda despu\u00e9s de Acci\u00f3n de Gracias es conocido en todo EEUU y Canad\u00e1 por ser la fiesta del consumismo debido a las grandes rebajas que preceden a la campa\u00f1a navide\u00f1a conocidas como Black Friday. Ese viernes (cuarto viernes del mes de noviembre), millones de ciudadanos de Am\u00e9rica del Norte adelantan sus compras navide\u00f1as y [&hellip;]\" \/>\n<meta property=\"og:url\" content=\"https:\/\/blogs.granada.escolapiosemaus.org\/agenda21\/2014\/11\/26\/da-sin-compras\/\" \/>\n<meta property=\"og:site_name\" content=\"Blog de AGENDA 21 en ESCOLAPIOS Granada\" \/>\n<meta property=\"article:published_time\" content=\"2014-11-26T20:58:15+00:00\" \/>\n<meta property=\"og:image\" content=\"http:\/\/www.concienciaeco.com\/wp-content\/uploads\/2014\/11\/url.jpg\" \/>\n<meta name=\"author\" content=\"saragleiznyte\" \/>\n<meta name=\"twitter:card\" content=\"summary_large_image\" \/>\n<meta name=\"twitter:label1\" content=\"Escrito por\" \/>\n\t<meta name=\"twitter:data1\" content=\"saragleiznyte\" \/>\n\t<meta name=\"twitter:label2\" content=\"Tiempo de lectura\" \/>\n\t<meta name=\"twitter:data2\" content=\"2 minutos\" \/>\n<script type=\"application\/ld+json\" class=\"yoast-schema-graph\">{\"@context\":\"https:\/\/schema.org\",\"@graph\":[{\"@type\":\"Article\",\"@id\":\"https:\/\/blogs.granada.escolapiosemaus.org\/agenda21\/2014\/11\/26\/da-sin-compras\/#article\",\"isPartOf\":{\"@id\":\"https:\/\/blogs.granada.escolapiosemaus.org\/agenda21\/2014\/11\/26\/da-sin-compras\/\"},\"author\":{\"name\":\"saragleiznyte\",\"@id\":\"https:\/\/blogs.granada.escolapiosemaus.org\/agenda21\/#\/schema\/person\/786927974728488182d1edd465acd5dc\"},\"headline\":\"D&iacute;a sin compras\",\"datePublished\":\"2014-11-26T20:58:15+00:00\",\"mainEntityOfPage\":{\"@id\":\"https:\/\/blogs.granada.escolapiosemaus.org\/agenda21\/2014\/11\/26\/da-sin-compras\/\"},\"wordCount\":343,\"commentCount\":0,\"image\":{\"@id\":\"https:\/\/blogs.granada.escolapiosemaus.org\/agenda21\/2014\/11\/26\/da-sin-compras\/#primaryimage\"},\"thumbnailUrl\":\"http:\/\/www.concienciaeco.com\/wp-content\/uploads\/2014\/11\/url.jpg\",\"inLanguage\":\"es\",\"potentialAction\":[{\"@type\":\"CommentAction\",\"name\":\"Comment\",\"target\":[\"https:\/\/blogs.granada.escolapiosemaus.org\/agenda21\/2014\/11\/26\/da-sin-compras\/#respond\"]}]},{\"@type\":\"WebPage\",\"@id\":\"https:\/\/blogs.granada.escolapiosemaus.org\/agenda21\/2014\/11\/26\/da-sin-compras\/\",\"url\":\"https:\/\/blogs.granada.escolapiosemaus.org\/agenda21\/2014\/11\/26\/da-sin-compras\/\",\"name\":\"D&iacute;a sin compras - Blog de AGENDA 21 en ESCOLAPIOS Granada\",\"isPartOf\":{\"@id\":\"https:\/\/blogs.granada.escolapiosemaus.org\/agenda21\/#website\"},\"primaryImageOfPage\":{\"@id\":\"https:\/\/blogs.granada.escolapiosemaus.org\/agenda21\/2014\/11\/26\/da-sin-compras\/#primaryimage\"},\"image\":{\"@id\":\"https:\/\/blogs.granada.escolapiosemaus.org\/agenda21\/2014\/11\/26\/da-sin-compras\/#primaryimage\"},\"thumbnailUrl\":\"http:\/\/www.concienciaeco.com\/wp-content\/uploads\/2014\/11\/url.jpg\",\"datePublished\":\"2014-11-26T20:58:15+00:00\",\"author\":{\"@id\":\"https:\/\/blogs.granada.escolapiosemaus.org\/agenda21\/#\/schema\/person\/786927974728488182d1edd465acd5dc\"},\"breadcrumb\":{\"@id\":\"https:\/\/blogs.granada.escolapiosemaus.org\/agenda21\/2014\/11\/26\/da-sin-compras\/#breadcrumb\"},\"inLanguage\":\"es\",\"potentialAction\":[{\"@type\":\"ReadAction\",\"target\":[\"https:\/\/blogs.granada.escolapiosemaus.org\/agenda21\/2014\/11\/26\/da-sin-compras\/\"]}]},{\"@type\":\"ImageObject\",\"inLanguage\":\"es\",\"@id\":\"https:\/\/blogs.granada.escolapiosemaus.org\/agenda21\/2014\/11\/26\/da-sin-compras\/#primaryimage\",\"url\":\"http:\/\/www.concienciaeco.com\/wp-content\/uploads\/2014\/11\/url.jpg\",\"contentUrl\":\"http:\/\/www.concienciaeco.com\/wp-content\/uploads\/2014\/11\/url.jpg\"},{\"@type\":\"BreadcrumbList\",\"@id\":\"https:\/\/blogs.granada.escolapiosemaus.org\/agenda21\/2014\/11\/26\/da-sin-compras\/#breadcrumb\",\"itemListElement\":[{\"@type\":\"ListItem\",\"position\":1,\"name\":\"Portada\",\"item\":\"https:\/\/blogs.granada.escolapiosemaus.org\/agenda21\/\"},{\"@type\":\"ListItem\",\"position\":2,\"name\":\"D&iacute;a sin compras\"}]},{\"@type\":\"WebSite\",\"@id\":\"https:\/\/blogs.granada.escolapiosemaus.org\/agenda21\/#website\",\"url\":\"https:\/\/blogs.granada.escolapiosemaus.org\/agenda21\/\",\"name\":\"Blog de AGENDA 21 en ESCOLAPIOS Granada\",\"description\":\"\",\"potentialAction\":[{\"@type\":\"SearchAction\",\"target\":{\"@type\":\"EntryPoint\",\"urlTemplate\":\"https:\/\/blogs.granada.escolapiosemaus.org\/agenda21\/?s={search_term_string}\"},\"query-input\":{\"@type\":\"PropertyValueSpecification\",\"valueRequired\":true,\"valueName\":\"search_term_string\"}}],\"inLanguage\":\"es\"},{\"@type\":\"Person\",\"@id\":\"https:\/\/blogs.granada.escolapiosemaus.org\/agenda21\/#\/schema\/person\/786927974728488182d1edd465acd5dc\",\"name\":\"saragleiznyte\",\"image\":{\"@type\":\"ImageObject\",\"inLanguage\":\"es\",\"@id\":\"https:\/\/blogs.granada.escolapiosemaus.org\/agenda21\/#\/schema\/person\/image\/\",\"url\":\"https:\/\/secure.gravatar.com\/avatar\/f12bc98278f0c287f3d13e7634560588?s=96&d=mm&r=g\",\"contentUrl\":\"https:\/\/secure.gravatar.com\/avatar\/f12bc98278f0c287f3d13e7634560588?s=96&d=mm&r=g\",\"caption\":\"saragleiznyte\"},\"sameAs\":[\"https:\/\/blogs.granada.escolapiosemaus.org\"],\"url\":\"https:\/\/blogs.granada.escolapiosemaus.org\/agenda21\/author\/saragleiznyte\/\"}]}<\/script>\n<!-- \/ Yoast SEO plugin. -->","yoast_head_json":{"title":"D&iacute;a sin compras - Blog de AGENDA 21 en ESCOLAPIOS Granada","robots":{"index":"index","follow":"follow","max-snippet":"max-snippet:-1","max-image-preview":"max-image-preview:large","max-video-preview":"max-video-preview:-1"},"canonical":"https:\/\/blogs.granada.escolapiosemaus.org\/agenda21\/2014\/11\/26\/da-sin-compras\/","og_locale":"es_ES","og_type":"article","og_title":"D&iacute;a sin compras - Blog de AGENDA 21 en ESCOLAPIOS Granada","og_description":"El d\u00eda despu\u00e9s de Acci\u00f3n de Gracias es conocido en todo EEUU y Canad\u00e1 por ser la fiesta del consumismo debido a las grandes rebajas que preceden a la campa\u00f1a navide\u00f1a conocidas como Black Friday. Ese viernes (cuarto viernes del mes de noviembre), millones de ciudadanos de Am\u00e9rica del Norte adelantan sus compras navide\u00f1as y [&hellip;]","og_url":"https:\/\/blogs.granada.escolapiosemaus.org\/agenda21\/2014\/11\/26\/da-sin-compras\/","og_site_name":"Blog de AGENDA 21 en ESCOLAPIOS Granada","article_published_time":"2014-11-26T20:58:15+00:00","og_image":[{"url":"http:\/\/www.concienciaeco.com\/wp-content\/uploads\/2014\/11\/url.jpg","type":"","width":"","height":""}],"author":"saragleiznyte","twitter_card":"summary_large_image","twitter_misc":{"Escrito por":"saragleiznyte","Tiempo de lectura":"2 minutos"},"schema":{"@context":"https:\/\/schema.org","@graph":[{"@type":"Article","@id":"https:\/\/blogs.granada.escolapiosemaus.org\/agenda21\/2014\/11\/26\/da-sin-compras\/#article","isPartOf":{"@id":"https:\/\/blogs.granada.escolapiosemaus.org\/agenda21\/2014\/11\/26\/da-sin-compras\/"},"author":{"name":"saragleiznyte","@id":"https:\/\/blogs.granada.escolapiosemaus.org\/agenda21\/#\/schema\/person\/786927974728488182d1edd465acd5dc"},"headline":"D&iacute;a sin compras","datePublished":"2014-11-26T20:58:15+00:00","mainEntityOfPage":{"@id":"https:\/\/blogs.granada.escolapiosemaus.org\/agenda21\/2014\/11\/26\/da-sin-compras\/"},"wordCount":343,"commentCount":0,"image":{"@id":"https:\/\/blogs.granada.escolapiosemaus.org\/agenda21\/2014\/11\/26\/da-sin-compras\/#primaryimage"},"thumbnailUrl":"http:\/\/www.concienciaeco.com\/wp-content\/uploads\/2014\/11\/url.jpg","inLanguage":"es","potentialAction":[{"@type":"CommentAction","name":"Comment","target":["https:\/\/blogs.granada.escolapiosemaus.org\/agenda21\/2014\/11\/26\/da-sin-compras\/#respond"]}]},{"@type":"WebPage","@id":"https:\/\/blogs.granada.escolapiosemaus.org\/agenda21\/2014\/11\/26\/da-sin-compras\/","url":"https:\/\/blogs.granada.escolapiosemaus.org\/agenda21\/2014\/11\/26\/da-sin-compras\/","name":"D&iacute;a sin compras - Blog de AGENDA 21 en ESCOLAPIOS Granada","isPartOf":{"@id":"https:\/\/blogs.granada.escolapiosemaus.org\/agenda21\/#website"},"primaryImageOfPage":{"@id":"https:\/\/blogs.granada.escolapiosemaus.org\/agenda21\/2014\/11\/26\/da-sin-compras\/#primaryimage"},"image":{"@id":"https:\/\/blogs.granada.escolapiosemaus.org\/agenda21\/2014\/11\/26\/da-sin-compras\/#primaryimage"},"thumbnailUrl":"http:\/\/www.concienciaeco.com\/wp-content\/uploads\/2014\/11\/url.jpg","datePublished":"2014-11-26T20:58:15+00:00","author":{"@id":"https:\/\/blogs.granada.escolapiosemaus.org\/agenda21\/#\/schema\/person\/786927974728488182d1edd465acd5dc"},"breadcrumb":{"@id":"https:\/\/blogs.granada.escolapiosemaus.org\/agenda21\/2014\/11\/26\/da-sin-compras\/#breadcrumb"},"inLanguage":"es","potentialAction":[{"@type":"ReadAction","target":["https:\/\/blogs.granada.escolapiosemaus.org\/agenda21\/2014\/11\/26\/da-sin-compras\/"]}]},{"@type":"ImageObject","inLanguage":"es","@id":"https:\/\/blogs.granada.escolapiosemaus.org\/agenda21\/2014\/11\/26\/da-sin-compras\/#primaryimage","url":"http:\/\/www.concienciaeco.com\/wp-content\/uploads\/2014\/11\/url.jpg","contentUrl":"http:\/\/www.concienciaeco.com\/wp-content\/uploads\/2014\/11\/url.jpg"},{"@type":"BreadcrumbList","@id":"https:\/\/blogs.granada.escolapiosemaus.org\/agenda21\/2014\/11\/26\/da-sin-compras\/#breadcrumb","itemListElement":[{"@type":"ListItem","position":1,"name":"Portada","item":"https:\/\/blogs.granada.escolapiosemaus.org\/agenda21\/"},{"@type":"ListItem","position":2,"name":"D&iacute;a sin compras"}]},{"@type":"WebSite","@id":"https:\/\/blogs.granada.escolapiosemaus.org\/agenda21\/#website","url":"https:\/\/blogs.granada.escolapiosemaus.org\/agenda21\/","name":"Blog de AGENDA 21 en ESCOLAPIOS Granada","description":"","potentialAction":[{"@type":"SearchAction","target":{"@type":"EntryPoint","urlTemplate":"https:\/\/blogs.granada.escolapiosemaus.org\/agenda21\/?s={search_term_string}"},"query-input":{"@type":"PropertyValueSpecification","valueRequired":true,"valueName":"search_term_string"}}],"inLanguage":"es"},{"@type":"Person","@id":"https:\/\/blogs.granada.escolapiosemaus.org\/agenda21\/#\/schema\/person\/786927974728488182d1edd465acd5dc","name":"saragleiznyte","image":{"@type":"ImageObject","inLanguage":"es","@id":"https:\/\/blogs.granada.escolapiosemaus.org\/agenda21\/#\/schema\/person\/image\/","url":"https:\/\/secure.gravatar.com\/avatar\/f12bc98278f0c287f3d13e7634560588?s=96&d=mm&r=g","contentUrl":"https:\/\/secure.gravatar.com\/avatar\/f12bc98278f0c287f3d13e7634560588?s=96&d=mm&r=g","caption":"saragleiznyte"},"sameAs":["https:\/\/blogs.granada.escolapiosemaus.org"],"url":"https:\/\/blogs.granada.escolapiosemaus.org\/agenda21\/author\/saragleiznyte\/"}]}},"jetpack_featured_media_url":"","jetpack_sharing_enabled":true,"jetpack_shortlink":"https:\/\/wp.me\/p4tLm4-29","_links":{"self":[{"href":"https:\/\/blogs.granada.escolapiosemaus.org\/agenda21\/wp-json\/wp\/v2\/posts\/133","targetHints":{"allow":["GET"]}}],"collection":[{"href":"https:\/\/blogs.granada.escolapiosemaus.org\/agenda21\/wp-json\/wp\/v2\/posts"}],"about":[{"href":"https:\/\/blogs.granada.escolapiosemaus.org\/agenda21\/wp-json\/wp\/v2\/types\/post"}],"author":[{"embeddable":true,"href":"https:\/\/blogs.granada.escolapiosemaus.org\/agenda21\/wp-json\/wp\/v2\/users\/14"}],"replies":[{"embeddable":true,"href":"https:\/\/blogs.granada.escolapiosemaus.org\/agenda21\/wp-json\/wp\/v2\/comments?post=133"}],"version-history":[{"count":1,"href":"https:\/\/blogs.granada.escolapiosemaus.org\/agenda21\/wp-json\/wp\/v2\/posts\/133\/revisions"}],"predecessor-version":[{"id":134,"href":"https:\/\/blogs.granada.escolapiosemaus.org\/agenda21\/wp-json\/wp\/v2\/posts\/133\/revisions\/134"}],"wp:attachment":[{"href":"https:\/\/blogs.granada.escolapiosemaus.org\/agenda21\/wp-json\/wp\/v2\/media?parent=133"}],"wp:term":[{"taxonomy":"category","embeddable":true,"href":"https:\/\/blogs.granada.escolapiosemaus.org\/agenda21\/wp-json\/wp\/v2\/categories?post=133"},{"taxonomy":"post_tag","embeddable":true,"href":"https:\/\/blogs.granada.escolapiosemaus.org\/agenda21\/wp-json\/wp\/v2\/tags?post=133"}],"curies":[{"name":"wp","href":"https:\/\/api.w.org\/{rel}","templated":true}]}}