{"id":129,"date":"2014-10-13T10:48:51","date_gmt":"2014-10-13T10:48:51","guid":{"rendered":"http:\/\/blogs.granada.escolapiosemaus.org\/agenda21\/?p=129"},"modified":"2014-10-13T10:51:29","modified_gmt":"2014-10-13T10:51:29","slug":"da-mundial-de-la-alimentacin","status":"publish","type":"post","link":"https:\/\/blogs.granada.escolapiosemaus.org\/agenda21\/2014\/10\/13\/da-mundial-de-la-alimentacin\/","title":{"rendered":"D&iacute;a Mundial de la Alimentaci&oacute;n"},"content":{"rendered":"<p>El 16 de octubre se celebra el D\u00eda Mundial de la Alimentaci\u00f3n. <\/p>\n<p>Este a\u00f1o se ha logrado un hito importante en la lucha contra la malnutrici\u00f3n global. El 12 de octubre en Roma los pa\u00edses acordaron pol\u00edticas destinadas a garantizar que las personas de todo el mundo tengan acceso a una alimentaci\u00f3n m\u00e1s saludable. Tras una serie de intensas negociaciones, los representantes de los pa\u00edses miembros de la FAO y la Organizaci\u00f3n Mundial de la Salud (OMS) alcanzaron consenso sobre una declaraci\u00f3n pol\u00edtica y un marco voluntario de acci\u00f3n que incluye m\u00e1s de 50 recomendaciones. <\/p>\n<p>&quot;El acuerdo sobre el Marco env\u00eda una poderosa se\u00f1al al mundo: los pa\u00edses miembros se toman realmente serio el tema de la nutrici\u00f3n\u201d, asegur\u00f3 el Director General de la FAO, Jos\u00e9 Graziano da Silva, al valorar la iniciativa. <\/p>\n<p>&#160;<\/p>\n<p>Seg\u00fan <a href=\"http:\/\/www.fao.org\/publications\/sofi\/2014\/es\/\">datos recientes<\/a> de la FAO,&#160; alrededor de <strong>805 millones de personas en el mundo pasan hambre<\/strong>, y la mitad de la poblaci\u00f3n mundial est\u00e1 afectada por alg\u00fan tipo de malnutrici\u00f3n.     <br \/><img loading=\"lazy\" decoding=\"async\" style=\"float: none;margin-left: auto;margin-right: auto\" src=\"http:\/\/radioamericahn.net\/imag\/2011\/06\/Merienda-escolar.jpg\" width=\"320\" height=\"214\" \/><\/p>\n<p>En el texto acordado de la Declaraci\u00f3n redactada en Roma, los pa\u00edses &quot;reconocen que la malnutrici\u00f3n en todas sus formas, incluidas la subalimentaci\u00f3n, las deficiencias de micronutrientes, el sobrepeso y la obesidad, no s\u00f3lo afecta a la salud y el bienestar de la gente ... sino que tambi\u00e9n supone una pesada carga en forma de consecuencias sociales y econ\u00f3micas negativas para individuos, familias, comunidades y Estados&quot;. <\/p>\n<p>&#160;<\/p>\n<p><strong><a href=\"http:\/\/www.fao.org\/news\/story\/es\/item\/254433\/icode\/\" target=\"_blank\">LEER ART\u00cdCULO COMPLETO<\/a><\/strong><\/p>\n","protected":false},"excerpt":{"rendered":"<p>El 16 de octubre se celebra el D\u00eda Mundial de la Alimentaci\u00f3n. Este a\u00f1o se ha logrado un hito importante en la lucha contra la malnutrici\u00f3n global. El 12 de octubre en Roma los pa\u00edses acordaron pol\u00edticas destinadas a garantizar que las personas de todo el mundo tengan acceso a una alimentaci\u00f3n m\u00e1s saludable. Tras [&hellip;]<\/p>\n","protected":false},"author":14,"featured_media":0,"comment_status":"open","ping_status":"closed","sticky":false,"template":"","format":"standard","meta":{"_monsterinsights_skip_tracking":false,"_monsterinsights_sitenote_active":false,"_monsterinsights_sitenote_note":"","_monsterinsights_sitenote_category":0,"jetpack_post_was_ever_published":false,"footnotes":""},"categories":[26],"tags":[],"class_list":["post-129","post","type-post","status-publish","format-standard","hentry","category-alimentacion"],"yoast_head":"<!-- This site is optimized with the Yoast SEO plugin v26.8 - https:\/\/yoast.com\/product\/yoast-seo-wordpress\/ -->\n<title>D&iacute;a Mundial de la Alimentaci&oacute;n - Blog de AGENDA 21 en ESCOLAPIOS Granada<\/title>\n<meta name=\"robots\" content=\"index, follow, max-snippet:-1, max-image-preview:large, max-video-preview:-1\" \/>\n<link rel=\"canonical\" href=\"https:\/\/blogs.granada.escolapiosemaus.org\/agenda21\/2014\/10\/13\/da-mundial-de-la-alimentacin\/\" \/>\n<meta property=\"og:locale\" content=\"es_ES\" \/>\n<meta property=\"og:type\" content=\"article\" \/>\n<meta property=\"og:title\" content=\"D&iacute;a Mundial de la Alimentaci&oacute;n - Blog de AGENDA 21 en ESCOLAPIOS Granada\" \/>\n<meta property=\"og:description\" content=\"El 16 de octubre se celebra el D\u00eda Mundial de la Alimentaci\u00f3n. Este a\u00f1o se ha logrado un hito importante en la lucha contra la malnutrici\u00f3n global. El 12 de octubre en Roma los pa\u00edses acordaron pol\u00edticas destinadas a garantizar que las personas de todo el mundo tengan acceso a una alimentaci\u00f3n m\u00e1s saludable. Tras [&hellip;]\" \/>\n<meta property=\"og:url\" content=\"https:\/\/blogs.granada.escolapiosemaus.org\/agenda21\/2014\/10\/13\/da-mundial-de-la-alimentacin\/\" \/>\n<meta property=\"og:site_name\" content=\"Blog de AGENDA 21 en ESCOLAPIOS Granada\" \/>\n<meta property=\"article:published_time\" content=\"2014-10-13T10:48:51+00:00\" \/>\n<meta property=\"article:modified_time\" content=\"2014-10-13T10:51:29+00:00\" \/>\n<meta property=\"og:image\" content=\"http:\/\/radioamericahn.net\/imag\/2011\/06\/Merienda-escolar.jpg\" \/>\n<meta name=\"author\" content=\"saragleiznyte\" \/>\n<meta name=\"twitter:card\" content=\"summary_large_image\" \/>\n<meta name=\"twitter:label1\" content=\"Escrito por\" \/>\n\t<meta name=\"twitter:data1\" content=\"saragleiznyte\" \/>\n\t<meta name=\"twitter:label2\" content=\"Tiempo de lectura\" \/>\n\t<meta name=\"twitter:data2\" content=\"1 minuto\" \/>\n<script type=\"application\/ld+json\" class=\"yoast-schema-graph\">{\"@context\":\"https:\/\/schema.org\",\"@graph\":[{\"@type\":\"Article\",\"@id\":\"https:\/\/blogs.granada.escolapiosemaus.org\/agenda21\/2014\/10\/13\/da-mundial-de-la-alimentacin\/#article\",\"isPartOf\":{\"@id\":\"https:\/\/blogs.granada.escolapiosemaus.org\/agenda21\/2014\/10\/13\/da-mundial-de-la-alimentacin\/\"},\"author\":{\"name\":\"saragleiznyte\",\"@id\":\"https:\/\/blogs.granada.escolapiosemaus.org\/agenda21\/#\/schema\/person\/786927974728488182d1edd465acd5dc\"},\"headline\":\"D&iacute;a Mundial de la Alimentaci&oacute;n\",\"datePublished\":\"2014-10-13T10:48:51+00:00\",\"dateModified\":\"2014-10-13T10:51:29+00:00\",\"mainEntityOfPage\":{\"@id\":\"https:\/\/blogs.granada.escolapiosemaus.org\/agenda21\/2014\/10\/13\/da-mundial-de-la-alimentacin\/\"},\"wordCount\":270,\"commentCount\":0,\"image\":{\"@id\":\"https:\/\/blogs.granada.escolapiosemaus.org\/agenda21\/2014\/10\/13\/da-mundial-de-la-alimentacin\/#primaryimage\"},\"thumbnailUrl\":\"http:\/\/radioamericahn.net\/imag\/2011\/06\/Merienda-escolar.jpg\",\"articleSection\":[\"Alimentaci\u00f3n\"],\"inLanguage\":\"es\",\"potentialAction\":[{\"@type\":\"CommentAction\",\"name\":\"Comment\",\"target\":[\"https:\/\/blogs.granada.escolapiosemaus.org\/agenda21\/2014\/10\/13\/da-mundial-de-la-alimentacin\/#respond\"]}]},{\"@type\":\"WebPage\",\"@id\":\"https:\/\/blogs.granada.escolapiosemaus.org\/agenda21\/2014\/10\/13\/da-mundial-de-la-alimentacin\/\",\"url\":\"https:\/\/blogs.granada.escolapiosemaus.org\/agenda21\/2014\/10\/13\/da-mundial-de-la-alimentacin\/\",\"name\":\"D&iacute;a Mundial de la Alimentaci&oacute;n - Blog de AGENDA 21 en ESCOLAPIOS Granada\",\"isPartOf\":{\"@id\":\"https:\/\/blogs.granada.escolapiosemaus.org\/agenda21\/#website\"},\"primaryImageOfPage\":{\"@id\":\"https:\/\/blogs.granada.escolapiosemaus.org\/agenda21\/2014\/10\/13\/da-mundial-de-la-alimentacin\/#primaryimage\"},\"image\":{\"@id\":\"https:\/\/blogs.granada.escolapiosemaus.org\/agenda21\/2014\/10\/13\/da-mundial-de-la-alimentacin\/#primaryimage\"},\"thumbnailUrl\":\"http:\/\/radioamericahn.net\/imag\/2011\/06\/Merienda-escolar.jpg\",\"datePublished\":\"2014-10-13T10:48:51+00:00\",\"dateModified\":\"2014-10-13T10:51:29+00:00\",\"author\":{\"@id\":\"https:\/\/blogs.granada.escolapiosemaus.org\/agenda21\/#\/schema\/person\/786927974728488182d1edd465acd5dc\"},\"breadcrumb\":{\"@id\":\"https:\/\/blogs.granada.escolapiosemaus.org\/agenda21\/2014\/10\/13\/da-mundial-de-la-alimentacin\/#breadcrumb\"},\"inLanguage\":\"es\",\"potentialAction\":[{\"@type\":\"ReadAction\",\"target\":[\"https:\/\/blogs.granada.escolapiosemaus.org\/agenda21\/2014\/10\/13\/da-mundial-de-la-alimentacin\/\"]}]},{\"@type\":\"ImageObject\",\"inLanguage\":\"es\",\"@id\":\"https:\/\/blogs.granada.escolapiosemaus.org\/agenda21\/2014\/10\/13\/da-mundial-de-la-alimentacin\/#primaryimage\",\"url\":\"http:\/\/radioamericahn.net\/imag\/2011\/06\/Merienda-escolar.jpg\",\"contentUrl\":\"http:\/\/radioamericahn.net\/imag\/2011\/06\/Merienda-escolar.jpg\"},{\"@type\":\"BreadcrumbList\",\"@id\":\"https:\/\/blogs.granada.escolapiosemaus.org\/agenda21\/2014\/10\/13\/da-mundial-de-la-alimentacin\/#breadcrumb\",\"itemListElement\":[{\"@type\":\"ListItem\",\"position\":1,\"name\":\"Portada\",\"item\":\"https:\/\/blogs.granada.escolapiosemaus.org\/agenda21\/\"},{\"@type\":\"ListItem\",\"position\":2,\"name\":\"D&iacute;a Mundial de la Alimentaci&oacute;n\"}]},{\"@type\":\"WebSite\",\"@id\":\"https:\/\/blogs.granada.escolapiosemaus.org\/agenda21\/#website\",\"url\":\"https:\/\/blogs.granada.escolapiosemaus.org\/agenda21\/\",\"name\":\"Blog de AGENDA 21 en ESCOLAPIOS Granada\",\"description\":\"\",\"potentialAction\":[{\"@type\":\"SearchAction\",\"target\":{\"@type\":\"EntryPoint\",\"urlTemplate\":\"https:\/\/blogs.granada.escolapiosemaus.org\/agenda21\/?s={search_term_string}\"},\"query-input\":{\"@type\":\"PropertyValueSpecification\",\"valueRequired\":true,\"valueName\":\"search_term_string\"}}],\"inLanguage\":\"es\"},{\"@type\":\"Person\",\"@id\":\"https:\/\/blogs.granada.escolapiosemaus.org\/agenda21\/#\/schema\/person\/786927974728488182d1edd465acd5dc\",\"name\":\"saragleiznyte\",\"image\":{\"@type\":\"ImageObject\",\"inLanguage\":\"es\",\"@id\":\"https:\/\/blogs.granada.escolapiosemaus.org\/agenda21\/#\/schema\/person\/image\/\",\"url\":\"https:\/\/secure.gravatar.com\/avatar\/f12bc98278f0c287f3d13e7634560588?s=96&d=mm&r=g\",\"contentUrl\":\"https:\/\/secure.gravatar.com\/avatar\/f12bc98278f0c287f3d13e7634560588?s=96&d=mm&r=g\",\"caption\":\"saragleiznyte\"},\"sameAs\":[\"https:\/\/blogs.granada.escolapiosemaus.org\"],\"url\":\"https:\/\/blogs.granada.escolapiosemaus.org\/agenda21\/author\/saragleiznyte\/\"}]}<\/script>\n<!-- \/ Yoast SEO plugin. -->","yoast_head_json":{"title":"D&iacute;a Mundial de la Alimentaci&oacute;n - Blog de AGENDA 21 en ESCOLAPIOS Granada","robots":{"index":"index","follow":"follow","max-snippet":"max-snippet:-1","max-image-preview":"max-image-preview:large","max-video-preview":"max-video-preview:-1"},"canonical":"https:\/\/blogs.granada.escolapiosemaus.org\/agenda21\/2014\/10\/13\/da-mundial-de-la-alimentacin\/","og_locale":"es_ES","og_type":"article","og_title":"D&iacute;a Mundial de la Alimentaci&oacute;n - Blog de AGENDA 21 en ESCOLAPIOS Granada","og_description":"El 16 de octubre se celebra el D\u00eda Mundial de la Alimentaci\u00f3n. Este a\u00f1o se ha logrado un hito importante en la lucha contra la malnutrici\u00f3n global. El 12 de octubre en Roma los pa\u00edses acordaron pol\u00edticas destinadas a garantizar que las personas de todo el mundo tengan acceso a una alimentaci\u00f3n m\u00e1s saludable. Tras [&hellip;]","og_url":"https:\/\/blogs.granada.escolapiosemaus.org\/agenda21\/2014\/10\/13\/da-mundial-de-la-alimentacin\/","og_site_name":"Blog de AGENDA 21 en ESCOLAPIOS Granada","article_published_time":"2014-10-13T10:48:51+00:00","article_modified_time":"2014-10-13T10:51:29+00:00","og_image":[{"url":"http:\/\/radioamericahn.net\/imag\/2011\/06\/Merienda-escolar.jpg","type":"","width":"","height":""}],"author":"saragleiznyte","twitter_card":"summary_large_image","twitter_misc":{"Escrito por":"saragleiznyte","Tiempo de lectura":"1 minuto"},"schema":{"@context":"https:\/\/schema.org","@graph":[{"@type":"Article","@id":"https:\/\/blogs.granada.escolapiosemaus.org\/agenda21\/2014\/10\/13\/da-mundial-de-la-alimentacin\/#article","isPartOf":{"@id":"https:\/\/blogs.granada.escolapiosemaus.org\/agenda21\/2014\/10\/13\/da-mundial-de-la-alimentacin\/"},"author":{"name":"saragleiznyte","@id":"https:\/\/blogs.granada.escolapiosemaus.org\/agenda21\/#\/schema\/person\/786927974728488182d1edd465acd5dc"},"headline":"D&iacute;a Mundial de la Alimentaci&oacute;n","datePublished":"2014-10-13T10:48:51+00:00","dateModified":"2014-10-13T10:51:29+00:00","mainEntityOfPage":{"@id":"https:\/\/blogs.granada.escolapiosemaus.org\/agenda21\/2014\/10\/13\/da-mundial-de-la-alimentacin\/"},"wordCount":270,"commentCount":0,"image":{"@id":"https:\/\/blogs.granada.escolapiosemaus.org\/agenda21\/2014\/10\/13\/da-mundial-de-la-alimentacin\/#primaryimage"},"thumbnailUrl":"http:\/\/radioamericahn.net\/imag\/2011\/06\/Merienda-escolar.jpg","articleSection":["Alimentaci\u00f3n"],"inLanguage":"es","potentialAction":[{"@type":"CommentAction","name":"Comment","target":["https:\/\/blogs.granada.escolapiosemaus.org\/agenda21\/2014\/10\/13\/da-mundial-de-la-alimentacin\/#respond"]}]},{"@type":"WebPage","@id":"https:\/\/blogs.granada.escolapiosemaus.org\/agenda21\/2014\/10\/13\/da-mundial-de-la-alimentacin\/","url":"https:\/\/blogs.granada.escolapiosemaus.org\/agenda21\/2014\/10\/13\/da-mundial-de-la-alimentacin\/","name":"D&iacute;a Mundial de la Alimentaci&oacute;n - Blog de AGENDA 21 en ESCOLAPIOS Granada","isPartOf":{"@id":"https:\/\/blogs.granada.escolapiosemaus.org\/agenda21\/#website"},"primaryImageOfPage":{"@id":"https:\/\/blogs.granada.escolapiosemaus.org\/agenda21\/2014\/10\/13\/da-mundial-de-la-alimentacin\/#primaryimage"},"image":{"@id":"https:\/\/blogs.granada.escolapiosemaus.org\/agenda21\/2014\/10\/13\/da-mundial-de-la-alimentacin\/#primaryimage"},"thumbnailUrl":"http:\/\/radioamericahn.net\/imag\/2011\/06\/Merienda-escolar.jpg","datePublished":"2014-10-13T10:48:51+00:00","dateModified":"2014-10-13T10:51:29+00:00","author":{"@id":"https:\/\/blogs.granada.escolapiosemaus.org\/agenda21\/#\/schema\/person\/786927974728488182d1edd465acd5dc"},"breadcrumb":{"@id":"https:\/\/blogs.granada.escolapiosemaus.org\/agenda21\/2014\/10\/13\/da-mundial-de-la-alimentacin\/#breadcrumb"},"inLanguage":"es","potentialAction":[{"@type":"ReadAction","target":["https:\/\/blogs.granada.escolapiosemaus.org\/agenda21\/2014\/10\/13\/da-mundial-de-la-alimentacin\/"]}]},{"@type":"ImageObject","inLanguage":"es","@id":"https:\/\/blogs.granada.escolapiosemaus.org\/agenda21\/2014\/10\/13\/da-mundial-de-la-alimentacin\/#primaryimage","url":"http:\/\/radioamericahn.net\/imag\/2011\/06\/Merienda-escolar.jpg","contentUrl":"http:\/\/radioamericahn.net\/imag\/2011\/06\/Merienda-escolar.jpg"},{"@type":"BreadcrumbList","@id":"https:\/\/blogs.granada.escolapiosemaus.org\/agenda21\/2014\/10\/13\/da-mundial-de-la-alimentacin\/#breadcrumb","itemListElement":[{"@type":"ListItem","position":1,"name":"Portada","item":"https:\/\/blogs.granada.escolapiosemaus.org\/agenda21\/"},{"@type":"ListItem","position":2,"name":"D&iacute;a Mundial de la Alimentaci&oacute;n"}]},{"@type":"WebSite","@id":"https:\/\/blogs.granada.escolapiosemaus.org\/agenda21\/#website","url":"https:\/\/blogs.granada.escolapiosemaus.org\/agenda21\/","name":"Blog de AGENDA 21 en ESCOLAPIOS Granada","description":"","potentialAction":[{"@type":"SearchAction","target":{"@type":"EntryPoint","urlTemplate":"https:\/\/blogs.granada.escolapiosemaus.org\/agenda21\/?s={search_term_string}"},"query-input":{"@type":"PropertyValueSpecification","valueRequired":true,"valueName":"search_term_string"}}],"inLanguage":"es"},{"@type":"Person","@id":"https:\/\/blogs.granada.escolapiosemaus.org\/agenda21\/#\/schema\/person\/786927974728488182d1edd465acd5dc","name":"saragleiznyte","image":{"@type":"ImageObject","inLanguage":"es","@id":"https:\/\/blogs.granada.escolapiosemaus.org\/agenda21\/#\/schema\/person\/image\/","url":"https:\/\/secure.gravatar.com\/avatar\/f12bc98278f0c287f3d13e7634560588?s=96&d=mm&r=g","contentUrl":"https:\/\/secure.gravatar.com\/avatar\/f12bc98278f0c287f3d13e7634560588?s=96&d=mm&r=g","caption":"saragleiznyte"},"sameAs":["https:\/\/blogs.granada.escolapiosemaus.org"],"url":"https:\/\/blogs.granada.escolapiosemaus.org\/agenda21\/author\/saragleiznyte\/"}]}},"jetpack_featured_media_url":"","jetpack_sharing_enabled":true,"jetpack_shortlink":"https:\/\/wp.me\/p4tLm4-25","_links":{"self":[{"href":"https:\/\/blogs.granada.escolapiosemaus.org\/agenda21\/wp-json\/wp\/v2\/posts\/129","targetHints":{"allow":["GET"]}}],"collection":[{"href":"https:\/\/blogs.granada.escolapiosemaus.org\/agenda21\/wp-json\/wp\/v2\/posts"}],"about":[{"href":"https:\/\/blogs.granada.escolapiosemaus.org\/agenda21\/wp-json\/wp\/v2\/types\/post"}],"author":[{"embeddable":true,"href":"https:\/\/blogs.granada.escolapiosemaus.org\/agenda21\/wp-json\/wp\/v2\/users\/14"}],"replies":[{"embeddable":true,"href":"https:\/\/blogs.granada.escolapiosemaus.org\/agenda21\/wp-json\/wp\/v2\/comments?post=129"}],"version-history":[{"count":2,"href":"https:\/\/blogs.granada.escolapiosemaus.org\/agenda21\/wp-json\/wp\/v2\/posts\/129\/revisions"}],"predecessor-version":[{"id":131,"href":"https:\/\/blogs.granada.escolapiosemaus.org\/agenda21\/wp-json\/wp\/v2\/posts\/129\/revisions\/131"}],"wp:attachment":[{"href":"https:\/\/blogs.granada.escolapiosemaus.org\/agenda21\/wp-json\/wp\/v2\/media?parent=129"}],"wp:term":[{"taxonomy":"category","embeddable":true,"href":"https:\/\/blogs.granada.escolapiosemaus.org\/agenda21\/wp-json\/wp\/v2\/categories?post=129"},{"taxonomy":"post_tag","embeddable":true,"href":"https:\/\/blogs.granada.escolapiosemaus.org\/agenda21\/wp-json\/wp\/v2\/tags?post=129"}],"curies":[{"name":"wp","href":"https:\/\/api.w.org\/{rel}","templated":true}]}}