{"id":126,"date":"2014-09-21T09:32:57","date_gmt":"2014-09-21T09:32:57","guid":{"rendered":"http:\/\/blogs.granada.escolapiosemaus.org\/agenda21\/?p=126"},"modified":"2014-09-21T09:33:42","modified_gmt":"2014-09-21T09:33:42","slug":"da-sin-coches","status":"publish","type":"post","link":"https:\/\/blogs.granada.escolapiosemaus.org\/agenda21\/2014\/09\/21\/da-sin-coches\/","title":{"rendered":"D&Iacute;A SIN COCHES"},"content":{"rendered":"<p align=\"justify\">Cerca de 150 ayuntamientos espa\u00f1oles participar\u00e1n este lunes 22 de septiembre en el \u00b4D\u00eda sin coches\u00b4, que pondr\u00e1 punto y final a la Semana Europea de la Movilidad. <img loading=\"lazy\" decoding=\"async\" style=\"float: none;margin-left: auto;margin-right: auto\" src=\"http:\/\/noticias.coches.com\/wp-content\/uploads\/2011\/09\/Logo-SEMS.jpg\" width=\"358\" height=\"281\" \/><\/p>\n<p align=\"justify\">&#160;<\/p>\n<p align=\"justify\">El objetivo de esta convocatoria es reservar una o varias partes de la ciudad para peatones, ciclistas y transporte p\u00fablico durante una jornada entera, para as\u00ed promover la &quot;reflexi\u00f3n&quot; sobre el uso del autom\u00f3vil.<\/p>\n<p align=\"justify\">Con ello, se busca combatir el deterioro de la calidad de vida en las ciudades debido al aumento del tr\u00e1fico urbano y concienciar a sus habitantes sobre la importancia de h\u00e1bitos de conducci\u00f3n que sean &quot;compatibles&quot; con el medio ambiente, facilitando que &quot;redescubran&quot; el entorno urbano.<\/p>\n","protected":false},"excerpt":{"rendered":"<p>Cerca de 150 ayuntamientos espa\u00f1oles participar\u00e1n este lunes 22 de septiembre en el \u00b4D\u00eda sin coches\u00b4, que pondr\u00e1 punto y final a la Semana Europea de la Movilidad. &#160; El objetivo de esta convocatoria es reservar una o varias partes de la ciudad para peatones, ciclistas y transporte p\u00fablico durante una jornada entera, para as\u00ed [&hellip;]<\/p>\n","protected":false},"author":14,"featured_media":0,"comment_status":"open","ping_status":"closed","sticky":false,"template":"","format":"standard","meta":{"_monsterinsights_skip_tracking":false,"_monsterinsights_sitenote_active":false,"_monsterinsights_sitenote_note":"","_monsterinsights_sitenote_category":0,"jetpack_post_was_ever_published":false,"footnotes":""},"categories":[11,25,10,2],"tags":[],"class_list":["post-126","post","type-post","status-publish","format-standard","hentry","category-campanas","category-contaminacion","category-reducir","category-sumate"],"yoast_head":"<!-- This site is optimized with the Yoast SEO plugin v26.8 - https:\/\/yoast.com\/product\/yoast-seo-wordpress\/ -->\n<title>D&Iacute;A SIN COCHES - Blog de AGENDA 21 en ESCOLAPIOS Granada<\/title>\n<meta name=\"robots\" content=\"index, follow, max-snippet:-1, max-image-preview:large, max-video-preview:-1\" \/>\n<link rel=\"canonical\" href=\"https:\/\/blogs.granada.escolapiosemaus.org\/agenda21\/2014\/09\/21\/da-sin-coches\/\" \/>\n<meta property=\"og:locale\" content=\"es_ES\" \/>\n<meta property=\"og:type\" content=\"article\" \/>\n<meta property=\"og:title\" content=\"D&Iacute;A SIN COCHES - Blog de AGENDA 21 en ESCOLAPIOS Granada\" \/>\n<meta property=\"og:description\" content=\"Cerca de 150 ayuntamientos espa\u00f1oles participar\u00e1n este lunes 22 de septiembre en el \u00b4D\u00eda sin coches\u00b4, que pondr\u00e1 punto y final a la Semana Europea de la Movilidad. &#160; El objetivo de esta convocatoria es reservar una o varias partes de la ciudad para peatones, ciclistas y transporte p\u00fablico durante una jornada entera, para as\u00ed [&hellip;]\" \/>\n<meta property=\"og:url\" content=\"https:\/\/blogs.granada.escolapiosemaus.org\/agenda21\/2014\/09\/21\/da-sin-coches\/\" \/>\n<meta property=\"og:site_name\" content=\"Blog de AGENDA 21 en ESCOLAPIOS Granada\" \/>\n<meta property=\"article:published_time\" content=\"2014-09-21T09:32:57+00:00\" \/>\n<meta property=\"article:modified_time\" content=\"2014-09-21T09:33:42+00:00\" \/>\n<meta property=\"og:image\" content=\"http:\/\/noticias.coches.com\/wp-content\/uploads\/2011\/09\/Logo-SEMS.jpg\" \/>\n<meta name=\"author\" content=\"saragleiznyte\" \/>\n<meta name=\"twitter:card\" content=\"summary_large_image\" \/>\n<meta name=\"twitter:label1\" content=\"Escrito por\" \/>\n\t<meta name=\"twitter:data1\" content=\"saragleiznyte\" \/>\n\t<meta name=\"twitter:label2\" content=\"Tiempo de lectura\" \/>\n\t<meta name=\"twitter:data2\" content=\"1 minuto\" \/>\n<script type=\"application\/ld+json\" class=\"yoast-schema-graph\">{\"@context\":\"https:\/\/schema.org\",\"@graph\":[{\"@type\":\"Article\",\"@id\":\"https:\/\/blogs.granada.escolapiosemaus.org\/agenda21\/2014\/09\/21\/da-sin-coches\/#article\",\"isPartOf\":{\"@id\":\"https:\/\/blogs.granada.escolapiosemaus.org\/agenda21\/2014\/09\/21\/da-sin-coches\/\"},\"author\":{\"name\":\"saragleiznyte\",\"@id\":\"https:\/\/blogs.granada.escolapiosemaus.org\/agenda21\/#\/schema\/person\/786927974728488182d1edd465acd5dc\"},\"headline\":\"D&Iacute;A SIN COCHES\",\"datePublished\":\"2014-09-21T09:32:57+00:00\",\"dateModified\":\"2014-09-21T09:33:42+00:00\",\"mainEntityOfPage\":{\"@id\":\"https:\/\/blogs.granada.escolapiosemaus.org\/agenda21\/2014\/09\/21\/da-sin-coches\/\"},\"wordCount\":126,\"commentCount\":0,\"image\":{\"@id\":\"https:\/\/blogs.granada.escolapiosemaus.org\/agenda21\/2014\/09\/21\/da-sin-coches\/#primaryimage\"},\"thumbnailUrl\":\"http:\/\/noticias.coches.com\/wp-content\/uploads\/2011\/09\/Logo-SEMS.jpg\",\"articleSection\":[\"Campa\u00f1as\",\"Contaminaci\u00f3n\",\"REducir\",\"S\u00daMATE\"],\"inLanguage\":\"es\",\"potentialAction\":[{\"@type\":\"CommentAction\",\"name\":\"Comment\",\"target\":[\"https:\/\/blogs.granada.escolapiosemaus.org\/agenda21\/2014\/09\/21\/da-sin-coches\/#respond\"]}]},{\"@type\":\"WebPage\",\"@id\":\"https:\/\/blogs.granada.escolapiosemaus.org\/agenda21\/2014\/09\/21\/da-sin-coches\/\",\"url\":\"https:\/\/blogs.granada.escolapiosemaus.org\/agenda21\/2014\/09\/21\/da-sin-coches\/\",\"name\":\"D&Iacute;A SIN COCHES - Blog de AGENDA 21 en ESCOLAPIOS Granada\",\"isPartOf\":{\"@id\":\"https:\/\/blogs.granada.escolapiosemaus.org\/agenda21\/#website\"},\"primaryImageOfPage\":{\"@id\":\"https:\/\/blogs.granada.escolapiosemaus.org\/agenda21\/2014\/09\/21\/da-sin-coches\/#primaryimage\"},\"image\":{\"@id\":\"https:\/\/blogs.granada.escolapiosemaus.org\/agenda21\/2014\/09\/21\/da-sin-coches\/#primaryimage\"},\"thumbnailUrl\":\"http:\/\/noticias.coches.com\/wp-content\/uploads\/2011\/09\/Logo-SEMS.jpg\",\"datePublished\":\"2014-09-21T09:32:57+00:00\",\"dateModified\":\"2014-09-21T09:33:42+00:00\",\"author\":{\"@id\":\"https:\/\/blogs.granada.escolapiosemaus.org\/agenda21\/#\/schema\/person\/786927974728488182d1edd465acd5dc\"},\"breadcrumb\":{\"@id\":\"https:\/\/blogs.granada.escolapiosemaus.org\/agenda21\/2014\/09\/21\/da-sin-coches\/#breadcrumb\"},\"inLanguage\":\"es\",\"potentialAction\":[{\"@type\":\"ReadAction\",\"target\":[\"https:\/\/blogs.granada.escolapiosemaus.org\/agenda21\/2014\/09\/21\/da-sin-coches\/\"]}]},{\"@type\":\"ImageObject\",\"inLanguage\":\"es\",\"@id\":\"https:\/\/blogs.granada.escolapiosemaus.org\/agenda21\/2014\/09\/21\/da-sin-coches\/#primaryimage\",\"url\":\"http:\/\/noticias.coches.com\/wp-content\/uploads\/2011\/09\/Logo-SEMS.jpg\",\"contentUrl\":\"http:\/\/noticias.coches.com\/wp-content\/uploads\/2011\/09\/Logo-SEMS.jpg\"},{\"@type\":\"BreadcrumbList\",\"@id\":\"https:\/\/blogs.granada.escolapiosemaus.org\/agenda21\/2014\/09\/21\/da-sin-coches\/#breadcrumb\",\"itemListElement\":[{\"@type\":\"ListItem\",\"position\":1,\"name\":\"Portada\",\"item\":\"https:\/\/blogs.granada.escolapiosemaus.org\/agenda21\/\"},{\"@type\":\"ListItem\",\"position\":2,\"name\":\"D&Iacute;A SIN COCHES\"}]},{\"@type\":\"WebSite\",\"@id\":\"https:\/\/blogs.granada.escolapiosemaus.org\/agenda21\/#website\",\"url\":\"https:\/\/blogs.granada.escolapiosemaus.org\/agenda21\/\",\"name\":\"Blog de AGENDA 21 en ESCOLAPIOS Granada\",\"description\":\"\",\"potentialAction\":[{\"@type\":\"SearchAction\",\"target\":{\"@type\":\"EntryPoint\",\"urlTemplate\":\"https:\/\/blogs.granada.escolapiosemaus.org\/agenda21\/?s={search_term_string}\"},\"query-input\":{\"@type\":\"PropertyValueSpecification\",\"valueRequired\":true,\"valueName\":\"search_term_string\"}}],\"inLanguage\":\"es\"},{\"@type\":\"Person\",\"@id\":\"https:\/\/blogs.granada.escolapiosemaus.org\/agenda21\/#\/schema\/person\/786927974728488182d1edd465acd5dc\",\"name\":\"saragleiznyte\",\"image\":{\"@type\":\"ImageObject\",\"inLanguage\":\"es\",\"@id\":\"https:\/\/blogs.granada.escolapiosemaus.org\/agenda21\/#\/schema\/person\/image\/\",\"url\":\"https:\/\/secure.gravatar.com\/avatar\/f12bc98278f0c287f3d13e7634560588?s=96&d=mm&r=g\",\"contentUrl\":\"https:\/\/secure.gravatar.com\/avatar\/f12bc98278f0c287f3d13e7634560588?s=96&d=mm&r=g\",\"caption\":\"saragleiznyte\"},\"sameAs\":[\"https:\/\/blogs.granada.escolapiosemaus.org\"],\"url\":\"https:\/\/blogs.granada.escolapiosemaus.org\/agenda21\/author\/saragleiznyte\/\"}]}<\/script>\n<!-- \/ Yoast SEO plugin. -->","yoast_head_json":{"title":"D&Iacute;A SIN COCHES - Blog de AGENDA 21 en ESCOLAPIOS Granada","robots":{"index":"index","follow":"follow","max-snippet":"max-snippet:-1","max-image-preview":"max-image-preview:large","max-video-preview":"max-video-preview:-1"},"canonical":"https:\/\/blogs.granada.escolapiosemaus.org\/agenda21\/2014\/09\/21\/da-sin-coches\/","og_locale":"es_ES","og_type":"article","og_title":"D&Iacute;A SIN COCHES - Blog de AGENDA 21 en ESCOLAPIOS Granada","og_description":"Cerca de 150 ayuntamientos espa\u00f1oles participar\u00e1n este lunes 22 de septiembre en el \u00b4D\u00eda sin coches\u00b4, que pondr\u00e1 punto y final a la Semana Europea de la Movilidad. &#160; El objetivo de esta convocatoria es reservar una o varias partes de la ciudad para peatones, ciclistas y transporte p\u00fablico durante una jornada entera, para as\u00ed [&hellip;]","og_url":"https:\/\/blogs.granada.escolapiosemaus.org\/agenda21\/2014\/09\/21\/da-sin-coches\/","og_site_name":"Blog de AGENDA 21 en ESCOLAPIOS Granada","article_published_time":"2014-09-21T09:32:57+00:00","article_modified_time":"2014-09-21T09:33:42+00:00","og_image":[{"url":"http:\/\/noticias.coches.com\/wp-content\/uploads\/2011\/09\/Logo-SEMS.jpg","type":"","width":"","height":""}],"author":"saragleiznyte","twitter_card":"summary_large_image","twitter_misc":{"Escrito por":"saragleiznyte","Tiempo de lectura":"1 minuto"},"schema":{"@context":"https:\/\/schema.org","@graph":[{"@type":"Article","@id":"https:\/\/blogs.granada.escolapiosemaus.org\/agenda21\/2014\/09\/21\/da-sin-coches\/#article","isPartOf":{"@id":"https:\/\/blogs.granada.escolapiosemaus.org\/agenda21\/2014\/09\/21\/da-sin-coches\/"},"author":{"name":"saragleiznyte","@id":"https:\/\/blogs.granada.escolapiosemaus.org\/agenda21\/#\/schema\/person\/786927974728488182d1edd465acd5dc"},"headline":"D&Iacute;A SIN COCHES","datePublished":"2014-09-21T09:32:57+00:00","dateModified":"2014-09-21T09:33:42+00:00","mainEntityOfPage":{"@id":"https:\/\/blogs.granada.escolapiosemaus.org\/agenda21\/2014\/09\/21\/da-sin-coches\/"},"wordCount":126,"commentCount":0,"image":{"@id":"https:\/\/blogs.granada.escolapiosemaus.org\/agenda21\/2014\/09\/21\/da-sin-coches\/#primaryimage"},"thumbnailUrl":"http:\/\/noticias.coches.com\/wp-content\/uploads\/2011\/09\/Logo-SEMS.jpg","articleSection":["Campa\u00f1as","Contaminaci\u00f3n","REducir","S\u00daMATE"],"inLanguage":"es","potentialAction":[{"@type":"CommentAction","name":"Comment","target":["https:\/\/blogs.granada.escolapiosemaus.org\/agenda21\/2014\/09\/21\/da-sin-coches\/#respond"]}]},{"@type":"WebPage","@id":"https:\/\/blogs.granada.escolapiosemaus.org\/agenda21\/2014\/09\/21\/da-sin-coches\/","url":"https:\/\/blogs.granada.escolapiosemaus.org\/agenda21\/2014\/09\/21\/da-sin-coches\/","name":"D&Iacute;A SIN COCHES - Blog de AGENDA 21 en ESCOLAPIOS Granada","isPartOf":{"@id":"https:\/\/blogs.granada.escolapiosemaus.org\/agenda21\/#website"},"primaryImageOfPage":{"@id":"https:\/\/blogs.granada.escolapiosemaus.org\/agenda21\/2014\/09\/21\/da-sin-coches\/#primaryimage"},"image":{"@id":"https:\/\/blogs.granada.escolapiosemaus.org\/agenda21\/2014\/09\/21\/da-sin-coches\/#primaryimage"},"thumbnailUrl":"http:\/\/noticias.coches.com\/wp-content\/uploads\/2011\/09\/Logo-SEMS.jpg","datePublished":"2014-09-21T09:32:57+00:00","dateModified":"2014-09-21T09:33:42+00:00","author":{"@id":"https:\/\/blogs.granada.escolapiosemaus.org\/agenda21\/#\/schema\/person\/786927974728488182d1edd465acd5dc"},"breadcrumb":{"@id":"https:\/\/blogs.granada.escolapiosemaus.org\/agenda21\/2014\/09\/21\/da-sin-coches\/#breadcrumb"},"inLanguage":"es","potentialAction":[{"@type":"ReadAction","target":["https:\/\/blogs.granada.escolapiosemaus.org\/agenda21\/2014\/09\/21\/da-sin-coches\/"]}]},{"@type":"ImageObject","inLanguage":"es","@id":"https:\/\/blogs.granada.escolapiosemaus.org\/agenda21\/2014\/09\/21\/da-sin-coches\/#primaryimage","url":"http:\/\/noticias.coches.com\/wp-content\/uploads\/2011\/09\/Logo-SEMS.jpg","contentUrl":"http:\/\/noticias.coches.com\/wp-content\/uploads\/2011\/09\/Logo-SEMS.jpg"},{"@type":"BreadcrumbList","@id":"https:\/\/blogs.granada.escolapiosemaus.org\/agenda21\/2014\/09\/21\/da-sin-coches\/#breadcrumb","itemListElement":[{"@type":"ListItem","position":1,"name":"Portada","item":"https:\/\/blogs.granada.escolapiosemaus.org\/agenda21\/"},{"@type":"ListItem","position":2,"name":"D&Iacute;A SIN COCHES"}]},{"@type":"WebSite","@id":"https:\/\/blogs.granada.escolapiosemaus.org\/agenda21\/#website","url":"https:\/\/blogs.granada.escolapiosemaus.org\/agenda21\/","name":"Blog de AGENDA 21 en ESCOLAPIOS Granada","description":"","potentialAction":[{"@type":"SearchAction","target":{"@type":"EntryPoint","urlTemplate":"https:\/\/blogs.granada.escolapiosemaus.org\/agenda21\/?s={search_term_string}"},"query-input":{"@type":"PropertyValueSpecification","valueRequired":true,"valueName":"search_term_string"}}],"inLanguage":"es"},{"@type":"Person","@id":"https:\/\/blogs.granada.escolapiosemaus.org\/agenda21\/#\/schema\/person\/786927974728488182d1edd465acd5dc","name":"saragleiznyte","image":{"@type":"ImageObject","inLanguage":"es","@id":"https:\/\/blogs.granada.escolapiosemaus.org\/agenda21\/#\/schema\/person\/image\/","url":"https:\/\/secure.gravatar.com\/avatar\/f12bc98278f0c287f3d13e7634560588?s=96&d=mm&r=g","contentUrl":"https:\/\/secure.gravatar.com\/avatar\/f12bc98278f0c287f3d13e7634560588?s=96&d=mm&r=g","caption":"saragleiznyte"},"sameAs":["https:\/\/blogs.granada.escolapiosemaus.org"],"url":"https:\/\/blogs.granada.escolapiosemaus.org\/agenda21\/author\/saragleiznyte\/"}]}},"jetpack_featured_media_url":"","jetpack_sharing_enabled":true,"jetpack_shortlink":"https:\/\/wp.me\/p4tLm4-22","_links":{"self":[{"href":"https:\/\/blogs.granada.escolapiosemaus.org\/agenda21\/wp-json\/wp\/v2\/posts\/126","targetHints":{"allow":["GET"]}}],"collection":[{"href":"https:\/\/blogs.granada.escolapiosemaus.org\/agenda21\/wp-json\/wp\/v2\/posts"}],"about":[{"href":"https:\/\/blogs.granada.escolapiosemaus.org\/agenda21\/wp-json\/wp\/v2\/types\/post"}],"author":[{"embeddable":true,"href":"https:\/\/blogs.granada.escolapiosemaus.org\/agenda21\/wp-json\/wp\/v2\/users\/14"}],"replies":[{"embeddable":true,"href":"https:\/\/blogs.granada.escolapiosemaus.org\/agenda21\/wp-json\/wp\/v2\/comments?post=126"}],"version-history":[{"count":2,"href":"https:\/\/blogs.granada.escolapiosemaus.org\/agenda21\/wp-json\/wp\/v2\/posts\/126\/revisions"}],"predecessor-version":[{"id":128,"href":"https:\/\/blogs.granada.escolapiosemaus.org\/agenda21\/wp-json\/wp\/v2\/posts\/126\/revisions\/128"}],"wp:attachment":[{"href":"https:\/\/blogs.granada.escolapiosemaus.org\/agenda21\/wp-json\/wp\/v2\/media?parent=126"}],"wp:term":[{"taxonomy":"category","embeddable":true,"href":"https:\/\/blogs.granada.escolapiosemaus.org\/agenda21\/wp-json\/wp\/v2\/categories?post=126"},{"taxonomy":"post_tag","embeddable":true,"href":"https:\/\/blogs.granada.escolapiosemaus.org\/agenda21\/wp-json\/wp\/v2\/tags?post=126"}],"curies":[{"name":"wp","href":"https:\/\/api.w.org\/{rel}","templated":true}]}}