{"id":120,"date":"2014-04-22T20:42:00","date_gmt":"2014-04-22T20:42:00","guid":{"rendered":"http:\/\/blogs.granada.escolapiosemaus.org\/agenda21\/?p=120"},"modified":"2014-09-20T19:53:14","modified_gmt":"2014-09-20T19:53:14","slug":"feliz-da-de-la-tierra","status":"publish","type":"post","link":"https:\/\/blogs.granada.escolapiosemaus.org\/agenda21\/2014\/04\/22\/feliz-da-de-la-tierra\/","title":{"rendered":"FELIZ D&Iacute;A DE LA TIERRA"},"content":{"rendered":"<p><span style=\"font-family: Georgia;font-size: large\"><img loading=\"lazy\" decoding=\"async\" style=\"float: none;margin-left: auto;margin-right: auto\" src=\"http:\/\/www.nocturnar.com\/imagenes\/feliz-dia-de-la-tierra-dia-de-la-tierra_001.jpg\" alt=\"\" width=\"416\" height=\"448\" \/><\/span><\/p>\n<p><span style=\"font-family: Georgia;font-size: large\">\u00bfC\u00f3mo celebras el D\u00eda de la Tierra? Aqu\u00ed tienes algunas sugerencias:<\/span><\/p>\n<p>&nbsp;<\/p>\n<p><a href=\"http:\/\/suite101.net\/article\/20-ideas-para-celebrar-el-dia-de-la-tierra-a14753#axzz2R0eTZwiB\"><span style=\"text-decoration: underline\"><span style=\"font-family: Georgia;font-size: large\">- http:\/\/suite101.net\/article\/20-ideas-para-celebrar-el-dia-de-la-tierra-a14753#axzz2R0eTZwiB<\/span><\/span><\/a><\/p>\n<p><a href=\"http:\/\/www.ehowenespanol.com\/celebrar-dia-tierra-como_43476\/\"><span style=\"text-decoration: underline\"><span style=\"font-family: Georgia;font-size: large\">- http:\/\/www.ehowenespanol.com\/celebrar-dia-tierra-como_43476\/<\/span><\/span><\/a><\/p>\n<p><a href=\"https:\/\/www.facebook.com\/note.php?note_id=386541046287\"><span style=\"text-decoration: underline\"><span style=\"font-family: Georgia;font-size: large\">- https:\/\/www.facebook.com\/note.php?note_id=386541046287<\/span><\/span><\/a><\/p>\n","protected":false},"excerpt":{"rendered":"<p>\u00bfC\u00f3mo celebras el D\u00eda de la Tierra? Aqu\u00ed tienes algunas sugerencias: &nbsp; - http:\/\/suite101.net\/article\/20-ideas-para-celebrar-el-dia-de-la-tierra-a14753#axzz2R0eTZwiB - http:\/\/www.ehowenespanol.com\/celebrar-dia-tierra-como_43476\/ - https:\/\/www.facebook.com\/note.php?note_id=386541046287<\/p>\n","protected":false},"author":14,"featured_media":0,"comment_status":"open","ping_status":"closed","sticky":false,"template":"","format":"standard","meta":{"_monsterinsights_skip_tracking":false,"_monsterinsights_sitenote_active":false,"_monsterinsights_sitenote_note":"","_monsterinsights_sitenote_category":0,"jetpack_post_was_ever_published":false,"footnotes":""},"categories":[2,3],"tags":[],"class_list":["post-120","post","type-post","status-publish","format-standard","hentry","category-sumate","category-tierra"],"yoast_head":"<!-- This site is optimized with the Yoast SEO plugin v26.8 - https:\/\/yoast.com\/product\/yoast-seo-wordpress\/ -->\n<title>FELIZ D&Iacute;A DE LA TIERRA - Blog de AGENDA 21 en ESCOLAPIOS Granada<\/title>\n<meta name=\"robots\" content=\"index, follow, max-snippet:-1, max-image-preview:large, max-video-preview:-1\" \/>\n<link rel=\"canonical\" href=\"https:\/\/blogs.granada.escolapiosemaus.org\/agenda21\/2014\/04\/22\/feliz-da-de-la-tierra\/\" \/>\n<meta property=\"og:locale\" content=\"es_ES\" \/>\n<meta property=\"og:type\" content=\"article\" \/>\n<meta property=\"og:title\" content=\"FELIZ D&Iacute;A DE LA TIERRA - Blog de AGENDA 21 en ESCOLAPIOS Granada\" \/>\n<meta property=\"og:description\" content=\"\u00bfC\u00f3mo celebras el D\u00eda de la Tierra? Aqu\u00ed tienes algunas sugerencias: &nbsp; - http:\/\/suite101.net\/article\/20-ideas-para-celebrar-el-dia-de-la-tierra-a14753#axzz2R0eTZwiB - http:\/\/www.ehowenespanol.com\/celebrar-dia-tierra-como_43476\/ - https:\/\/www.facebook.com\/note.php?note_id=386541046287\" \/>\n<meta property=\"og:url\" content=\"https:\/\/blogs.granada.escolapiosemaus.org\/agenda21\/2014\/04\/22\/feliz-da-de-la-tierra\/\" \/>\n<meta property=\"og:site_name\" content=\"Blog de AGENDA 21 en ESCOLAPIOS Granada\" \/>\n<meta property=\"article:published_time\" content=\"2014-04-22T20:42:00+00:00\" \/>\n<meta property=\"article:modified_time\" content=\"2014-09-20T19:53:14+00:00\" \/>\n<meta property=\"og:image\" content=\"http:\/\/www.nocturnar.com\/imagenes\/feliz-dia-de-la-tierra-dia-de-la-tierra_001.jpg\" \/>\n<meta name=\"author\" content=\"saragleiznyte\" \/>\n<meta name=\"twitter:card\" content=\"summary_large_image\" \/>\n<meta name=\"twitter:label1\" content=\"Escrito por\" \/>\n\t<meta name=\"twitter:data1\" content=\"saragleiznyte\" \/>\n<script type=\"application\/ld+json\" class=\"yoast-schema-graph\">{\"@context\":\"https:\/\/schema.org\",\"@graph\":[{\"@type\":\"Article\",\"@id\":\"https:\/\/blogs.granada.escolapiosemaus.org\/agenda21\/2014\/04\/22\/feliz-da-de-la-tierra\/#article\",\"isPartOf\":{\"@id\":\"https:\/\/blogs.granada.escolapiosemaus.org\/agenda21\/2014\/04\/22\/feliz-da-de-la-tierra\/\"},\"author\":{\"name\":\"saragleiznyte\",\"@id\":\"https:\/\/blogs.granada.escolapiosemaus.org\/agenda21\/#\/schema\/person\/786927974728488182d1edd465acd5dc\"},\"headline\":\"FELIZ D&Iacute;A DE LA TIERRA\",\"datePublished\":\"2014-04-22T20:42:00+00:00\",\"dateModified\":\"2014-09-20T19:53:14+00:00\",\"mainEntityOfPage\":{\"@id\":\"https:\/\/blogs.granada.escolapiosemaus.org\/agenda21\/2014\/04\/22\/feliz-da-de-la-tierra\/\"},\"wordCount\":45,\"commentCount\":0,\"image\":{\"@id\":\"https:\/\/blogs.granada.escolapiosemaus.org\/agenda21\/2014\/04\/22\/feliz-da-de-la-tierra\/#primaryimage\"},\"thumbnailUrl\":\"http:\/\/www.nocturnar.com\/imagenes\/feliz-dia-de-la-tierra-dia-de-la-tierra_001.jpg\",\"articleSection\":[\"S\u00daMATE\",\"Tierra\"],\"inLanguage\":\"es\",\"potentialAction\":[{\"@type\":\"CommentAction\",\"name\":\"Comment\",\"target\":[\"https:\/\/blogs.granada.escolapiosemaus.org\/agenda21\/2014\/04\/22\/feliz-da-de-la-tierra\/#respond\"]}]},{\"@type\":\"WebPage\",\"@id\":\"https:\/\/blogs.granada.escolapiosemaus.org\/agenda21\/2014\/04\/22\/feliz-da-de-la-tierra\/\",\"url\":\"https:\/\/blogs.granada.escolapiosemaus.org\/agenda21\/2014\/04\/22\/feliz-da-de-la-tierra\/\",\"name\":\"FELIZ D&Iacute;A DE LA TIERRA - Blog de AGENDA 21 en ESCOLAPIOS Granada\",\"isPartOf\":{\"@id\":\"https:\/\/blogs.granada.escolapiosemaus.org\/agenda21\/#website\"},\"primaryImageOfPage\":{\"@id\":\"https:\/\/blogs.granada.escolapiosemaus.org\/agenda21\/2014\/04\/22\/feliz-da-de-la-tierra\/#primaryimage\"},\"image\":{\"@id\":\"https:\/\/blogs.granada.escolapiosemaus.org\/agenda21\/2014\/04\/22\/feliz-da-de-la-tierra\/#primaryimage\"},\"thumbnailUrl\":\"http:\/\/www.nocturnar.com\/imagenes\/feliz-dia-de-la-tierra-dia-de-la-tierra_001.jpg\",\"datePublished\":\"2014-04-22T20:42:00+00:00\",\"dateModified\":\"2014-09-20T19:53:14+00:00\",\"author\":{\"@id\":\"https:\/\/blogs.granada.escolapiosemaus.org\/agenda21\/#\/schema\/person\/786927974728488182d1edd465acd5dc\"},\"breadcrumb\":{\"@id\":\"https:\/\/blogs.granada.escolapiosemaus.org\/agenda21\/2014\/04\/22\/feliz-da-de-la-tierra\/#breadcrumb\"},\"inLanguage\":\"es\",\"potentialAction\":[{\"@type\":\"ReadAction\",\"target\":[\"https:\/\/blogs.granada.escolapiosemaus.org\/agenda21\/2014\/04\/22\/feliz-da-de-la-tierra\/\"]}]},{\"@type\":\"ImageObject\",\"inLanguage\":\"es\",\"@id\":\"https:\/\/blogs.granada.escolapiosemaus.org\/agenda21\/2014\/04\/22\/feliz-da-de-la-tierra\/#primaryimage\",\"url\":\"http:\/\/www.nocturnar.com\/imagenes\/feliz-dia-de-la-tierra-dia-de-la-tierra_001.jpg\",\"contentUrl\":\"http:\/\/www.nocturnar.com\/imagenes\/feliz-dia-de-la-tierra-dia-de-la-tierra_001.jpg\"},{\"@type\":\"BreadcrumbList\",\"@id\":\"https:\/\/blogs.granada.escolapiosemaus.org\/agenda21\/2014\/04\/22\/feliz-da-de-la-tierra\/#breadcrumb\",\"itemListElement\":[{\"@type\":\"ListItem\",\"position\":1,\"name\":\"Portada\",\"item\":\"https:\/\/blogs.granada.escolapiosemaus.org\/agenda21\/\"},{\"@type\":\"ListItem\",\"position\":2,\"name\":\"FELIZ D&Iacute;A DE LA TIERRA\"}]},{\"@type\":\"WebSite\",\"@id\":\"https:\/\/blogs.granada.escolapiosemaus.org\/agenda21\/#website\",\"url\":\"https:\/\/blogs.granada.escolapiosemaus.org\/agenda21\/\",\"name\":\"Blog de AGENDA 21 en ESCOLAPIOS Granada\",\"description\":\"\",\"potentialAction\":[{\"@type\":\"SearchAction\",\"target\":{\"@type\":\"EntryPoint\",\"urlTemplate\":\"https:\/\/blogs.granada.escolapiosemaus.org\/agenda21\/?s={search_term_string}\"},\"query-input\":{\"@type\":\"PropertyValueSpecification\",\"valueRequired\":true,\"valueName\":\"search_term_string\"}}],\"inLanguage\":\"es\"},{\"@type\":\"Person\",\"@id\":\"https:\/\/blogs.granada.escolapiosemaus.org\/agenda21\/#\/schema\/person\/786927974728488182d1edd465acd5dc\",\"name\":\"saragleiznyte\",\"image\":{\"@type\":\"ImageObject\",\"inLanguage\":\"es\",\"@id\":\"https:\/\/blogs.granada.escolapiosemaus.org\/agenda21\/#\/schema\/person\/image\/\",\"url\":\"https:\/\/secure.gravatar.com\/avatar\/f12bc98278f0c287f3d13e7634560588?s=96&d=mm&r=g\",\"contentUrl\":\"https:\/\/secure.gravatar.com\/avatar\/f12bc98278f0c287f3d13e7634560588?s=96&d=mm&r=g\",\"caption\":\"saragleiznyte\"},\"sameAs\":[\"https:\/\/blogs.granada.escolapiosemaus.org\"],\"url\":\"https:\/\/blogs.granada.escolapiosemaus.org\/agenda21\/author\/saragleiznyte\/\"}]}<\/script>\n<!-- \/ Yoast SEO plugin. -->","yoast_head_json":{"title":"FELIZ D&Iacute;A DE LA TIERRA - Blog de AGENDA 21 en ESCOLAPIOS Granada","robots":{"index":"index","follow":"follow","max-snippet":"max-snippet:-1","max-image-preview":"max-image-preview:large","max-video-preview":"max-video-preview:-1"},"canonical":"https:\/\/blogs.granada.escolapiosemaus.org\/agenda21\/2014\/04\/22\/feliz-da-de-la-tierra\/","og_locale":"es_ES","og_type":"article","og_title":"FELIZ D&Iacute;A DE LA TIERRA - Blog de AGENDA 21 en ESCOLAPIOS Granada","og_description":"\u00bfC\u00f3mo celebras el D\u00eda de la Tierra? Aqu\u00ed tienes algunas sugerencias: &nbsp; - http:\/\/suite101.net\/article\/20-ideas-para-celebrar-el-dia-de-la-tierra-a14753#axzz2R0eTZwiB - http:\/\/www.ehowenespanol.com\/celebrar-dia-tierra-como_43476\/ - https:\/\/www.facebook.com\/note.php?note_id=386541046287","og_url":"https:\/\/blogs.granada.escolapiosemaus.org\/agenda21\/2014\/04\/22\/feliz-da-de-la-tierra\/","og_site_name":"Blog de AGENDA 21 en ESCOLAPIOS Granada","article_published_time":"2014-04-22T20:42:00+00:00","article_modified_time":"2014-09-20T19:53:14+00:00","og_image":[{"url":"http:\/\/www.nocturnar.com\/imagenes\/feliz-dia-de-la-tierra-dia-de-la-tierra_001.jpg","type":"","width":"","height":""}],"author":"saragleiznyte","twitter_card":"summary_large_image","twitter_misc":{"Escrito por":"saragleiznyte"},"schema":{"@context":"https:\/\/schema.org","@graph":[{"@type":"Article","@id":"https:\/\/blogs.granada.escolapiosemaus.org\/agenda21\/2014\/04\/22\/feliz-da-de-la-tierra\/#article","isPartOf":{"@id":"https:\/\/blogs.granada.escolapiosemaus.org\/agenda21\/2014\/04\/22\/feliz-da-de-la-tierra\/"},"author":{"name":"saragleiznyte","@id":"https:\/\/blogs.granada.escolapiosemaus.org\/agenda21\/#\/schema\/person\/786927974728488182d1edd465acd5dc"},"headline":"FELIZ D&Iacute;A DE LA TIERRA","datePublished":"2014-04-22T20:42:00+00:00","dateModified":"2014-09-20T19:53:14+00:00","mainEntityOfPage":{"@id":"https:\/\/blogs.granada.escolapiosemaus.org\/agenda21\/2014\/04\/22\/feliz-da-de-la-tierra\/"},"wordCount":45,"commentCount":0,"image":{"@id":"https:\/\/blogs.granada.escolapiosemaus.org\/agenda21\/2014\/04\/22\/feliz-da-de-la-tierra\/#primaryimage"},"thumbnailUrl":"http:\/\/www.nocturnar.com\/imagenes\/feliz-dia-de-la-tierra-dia-de-la-tierra_001.jpg","articleSection":["S\u00daMATE","Tierra"],"inLanguage":"es","potentialAction":[{"@type":"CommentAction","name":"Comment","target":["https:\/\/blogs.granada.escolapiosemaus.org\/agenda21\/2014\/04\/22\/feliz-da-de-la-tierra\/#respond"]}]},{"@type":"WebPage","@id":"https:\/\/blogs.granada.escolapiosemaus.org\/agenda21\/2014\/04\/22\/feliz-da-de-la-tierra\/","url":"https:\/\/blogs.granada.escolapiosemaus.org\/agenda21\/2014\/04\/22\/feliz-da-de-la-tierra\/","name":"FELIZ D&Iacute;A DE LA TIERRA - Blog de AGENDA 21 en ESCOLAPIOS Granada","isPartOf":{"@id":"https:\/\/blogs.granada.escolapiosemaus.org\/agenda21\/#website"},"primaryImageOfPage":{"@id":"https:\/\/blogs.granada.escolapiosemaus.org\/agenda21\/2014\/04\/22\/feliz-da-de-la-tierra\/#primaryimage"},"image":{"@id":"https:\/\/blogs.granada.escolapiosemaus.org\/agenda21\/2014\/04\/22\/feliz-da-de-la-tierra\/#primaryimage"},"thumbnailUrl":"http:\/\/www.nocturnar.com\/imagenes\/feliz-dia-de-la-tierra-dia-de-la-tierra_001.jpg","datePublished":"2014-04-22T20:42:00+00:00","dateModified":"2014-09-20T19:53:14+00:00","author":{"@id":"https:\/\/blogs.granada.escolapiosemaus.org\/agenda21\/#\/schema\/person\/786927974728488182d1edd465acd5dc"},"breadcrumb":{"@id":"https:\/\/blogs.granada.escolapiosemaus.org\/agenda21\/2014\/04\/22\/feliz-da-de-la-tierra\/#breadcrumb"},"inLanguage":"es","potentialAction":[{"@type":"ReadAction","target":["https:\/\/blogs.granada.escolapiosemaus.org\/agenda21\/2014\/04\/22\/feliz-da-de-la-tierra\/"]}]},{"@type":"ImageObject","inLanguage":"es","@id":"https:\/\/blogs.granada.escolapiosemaus.org\/agenda21\/2014\/04\/22\/feliz-da-de-la-tierra\/#primaryimage","url":"http:\/\/www.nocturnar.com\/imagenes\/feliz-dia-de-la-tierra-dia-de-la-tierra_001.jpg","contentUrl":"http:\/\/www.nocturnar.com\/imagenes\/feliz-dia-de-la-tierra-dia-de-la-tierra_001.jpg"},{"@type":"BreadcrumbList","@id":"https:\/\/blogs.granada.escolapiosemaus.org\/agenda21\/2014\/04\/22\/feliz-da-de-la-tierra\/#breadcrumb","itemListElement":[{"@type":"ListItem","position":1,"name":"Portada","item":"https:\/\/blogs.granada.escolapiosemaus.org\/agenda21\/"},{"@type":"ListItem","position":2,"name":"FELIZ D&Iacute;A DE LA TIERRA"}]},{"@type":"WebSite","@id":"https:\/\/blogs.granada.escolapiosemaus.org\/agenda21\/#website","url":"https:\/\/blogs.granada.escolapiosemaus.org\/agenda21\/","name":"Blog de AGENDA 21 en ESCOLAPIOS Granada","description":"","potentialAction":[{"@type":"SearchAction","target":{"@type":"EntryPoint","urlTemplate":"https:\/\/blogs.granada.escolapiosemaus.org\/agenda21\/?s={search_term_string}"},"query-input":{"@type":"PropertyValueSpecification","valueRequired":true,"valueName":"search_term_string"}}],"inLanguage":"es"},{"@type":"Person","@id":"https:\/\/blogs.granada.escolapiosemaus.org\/agenda21\/#\/schema\/person\/786927974728488182d1edd465acd5dc","name":"saragleiznyte","image":{"@type":"ImageObject","inLanguage":"es","@id":"https:\/\/blogs.granada.escolapiosemaus.org\/agenda21\/#\/schema\/person\/image\/","url":"https:\/\/secure.gravatar.com\/avatar\/f12bc98278f0c287f3d13e7634560588?s=96&d=mm&r=g","contentUrl":"https:\/\/secure.gravatar.com\/avatar\/f12bc98278f0c287f3d13e7634560588?s=96&d=mm&r=g","caption":"saragleiznyte"},"sameAs":["https:\/\/blogs.granada.escolapiosemaus.org"],"url":"https:\/\/blogs.granada.escolapiosemaus.org\/agenda21\/author\/saragleiznyte\/"}]}},"jetpack_featured_media_url":"","jetpack_sharing_enabled":true,"jetpack_shortlink":"https:\/\/wp.me\/p4tLm4-1W","_links":{"self":[{"href":"https:\/\/blogs.granada.escolapiosemaus.org\/agenda21\/wp-json\/wp\/v2\/posts\/120","targetHints":{"allow":["GET"]}}],"collection":[{"href":"https:\/\/blogs.granada.escolapiosemaus.org\/agenda21\/wp-json\/wp\/v2\/posts"}],"about":[{"href":"https:\/\/blogs.granada.escolapiosemaus.org\/agenda21\/wp-json\/wp\/v2\/types\/post"}],"author":[{"embeddable":true,"href":"https:\/\/blogs.granada.escolapiosemaus.org\/agenda21\/wp-json\/wp\/v2\/users\/14"}],"replies":[{"embeddable":true,"href":"https:\/\/blogs.granada.escolapiosemaus.org\/agenda21\/wp-json\/wp\/v2\/comments?post=120"}],"version-history":[{"count":2,"href":"https:\/\/blogs.granada.escolapiosemaus.org\/agenda21\/wp-json\/wp\/v2\/posts\/120\/revisions"}],"predecessor-version":[{"id":125,"href":"https:\/\/blogs.granada.escolapiosemaus.org\/agenda21\/wp-json\/wp\/v2\/posts\/120\/revisions\/125"}],"wp:attachment":[{"href":"https:\/\/blogs.granada.escolapiosemaus.org\/agenda21\/wp-json\/wp\/v2\/media?parent=120"}],"wp:term":[{"taxonomy":"category","embeddable":true,"href":"https:\/\/blogs.granada.escolapiosemaus.org\/agenda21\/wp-json\/wp\/v2\/categories?post=120"},{"taxonomy":"post_tag","embeddable":true,"href":"https:\/\/blogs.granada.escolapiosemaus.org\/agenda21\/wp-json\/wp\/v2\/tags?post=120"}],"curies":[{"name":"wp","href":"https:\/\/api.w.org\/{rel}","templated":true}]}}